{"id":9862,"date":"2025-02-20T11:49:28","date_gmt":"2025-02-20T14:49:28","guid":{"rendered":"https:\/\/www.panvel.com\/blog\/?p=9862"},"modified":"2025-02-21T14:29:35","modified_gmt":"2025-02-21T17:29:35","slug":"saiba-como-usar-suplementacao-de-forma-segura-e-eficiente","status":"publish","type":"post","link":"https:\/\/www.panvel.com\/blog\/dicas-de-saude\/saiba-como-usar-suplementacao-de-forma-segura-e-eficiente\/","title":{"rendered":"Saiba como usar suplementa\u00e7\u00e3o de forma segura e eficiente"},"content":{"rendered":"\n<p><\/p>\n\n\n\n<p>A busca por uma vida mais saud\u00e1vel tem levado muitas pessoas a adotarem a suplementa\u00e7\u00e3o alimentar como parte da rotina. No entanto, o uso indiscriminado pode trazer riscos. A <a href=\"https:\/\/www.instagram.com\/genaina.nutricionista\/\">nutricionista funcional Genaina Bebiano<\/a> explica que \u201ca suplementa\u00e7\u00e3o \u00e9 indicada quando o paciente n\u00e3o consegue fazer essa reposi\u00e7\u00e3o atrav\u00e9s da alimenta\u00e7\u00e3o ou quando exames de sangue apontam defici\u00eancias\u201d.<\/p>\n\n\n\n<h3 class=\"wp-block-heading\"><strong>Quando a suplementa\u00e7\u00e3o \u00e9 necess\u00e1ria?<\/strong><\/h3>\n\n\n\n<p><\/p>\n\n\n\n<p>Suplementos s\u00e3o essenciais em casos de defici\u00eancias nutricionais diagnosticadas. Pessoas com car\u00eancia de vitamina D, por exemplo, podem precisar de suplementa\u00e7\u00e3o para melhorar sua absor\u00e7\u00e3o e suprir a defici\u00eancia.Grupos espec\u00edficos tamb\u00e9m podem precisar de suplementa\u00e7\u00e3o, como:<\/p>\n\n\n\n<ul>\n<li>Idosos<\/li>\n\n\n\n<li>Gestantes<\/li>\n\n\n\n<li>Vegetarianos<\/li>\n\n\n\n<li>Veganos<\/li>\n\n\n\n<li>Pessoas com doen\u00e7as inflamat\u00f3rias intestinais, que podem ter dificuldade na absor\u00e7\u00e3o de nutrientes<\/li>\n<\/ul>\n\n\n\n<h3 class=\"wp-block-heading\"><strong>Suplementos para cada perfil?<\/strong><\/h3>\n\n\n\n<p><\/p>\n\n\n\n<p>Quando se trata de suplementa\u00e7\u00e3o, cada grupo tem necessidades espec\u00edficas. Conhe\u00e7a algumas das mais comuns:<\/p>\n\n\n\n<ul>\n<li><strong>Atletas:<\/strong> suplementos proteicos, como vody protein, whey protein ou prote\u00ednas vegetais, ajudam na recupera\u00e7\u00e3o muscular. \"Eu gosto muito de trabalhar com prote\u00ednas do col\u00e1geno, que agregam \u00e0 sa\u00fade intestinal\", explica Genaina Bebiano.<br><\/li>\n\n\n\n<li><strong>Idosos:<\/strong> suplementa\u00e7\u00e3o de vitamina B12 \u00e9 recomendada, j\u00e1 que a absor\u00e7\u00e3o pode ser reduzida devido ao uso prolongado de medicamentos como omeprazol.<br><\/li>\n\n\n\n<li><strong>Veganos:<\/strong> suplementa\u00e7\u00e3o de ferro e prote\u00ednas vegetais \u00e9 indicada, especialmente atrav\u00e9s de alternativas como prote\u00edna de ervilha, lentilha e arroz.<\/li>\n<\/ul>\n\n\n\n<h3 class=\"wp-block-heading\"><strong>Os riscos do consumo sem orienta\u00e7\u00e3o profissional<\/strong><\/h3>\n\n\n\n<p><\/p>\n\n\n\n<p>O uso indiscriminado de suplementos pode ser perigoso. \"Vitaminas e fitoter\u00e1picos podem ser hepatot\u00f3xicos, causando sobrecarga hep\u00e1tica e renal\", alerta a especialista. Megadoses de vitaminas tamb\u00e9m podem prejudicar a tireoide, tornando essencial a consulta com um profissional para uma dosagem adequada.<\/p>\n\n\n\n<h3 class=\"wp-block-heading\"><strong>Como escolher um suplemento de qualidade?<\/strong><\/h3>\n\n\n\n<p><\/p>\n\n\n\n<p>Na hora de comprar um suplemento, \u00e9 importante avaliar o r\u00f3tulo. Conhe\u00e7a algumas recomenda\u00e7\u00f5es da nutricionista:<\/p>\n\n\n\n<ul>\n<li>Para <strong>\u00f4mega 3<\/strong>: procure certifica\u00e7\u00e3o IFOS, que garante a pureza do \u00f3leo de peixe.<\/li>\n\n\n\n<li>Para <strong>col\u00e1geno<\/strong>: evite maltodextrina, um tipo de a\u00e7\u00facar que pode reduzir a efic\u00e1cia do produto.<\/li>\n\n\n\n<li>Para <strong>body protein ou prote\u00ednas vegetais<\/strong>: escolha produtos com poucos ingredientes e sem aditivos artificiais, como corantes e conservantes.<\/li>\n<\/ul>\n\n\n\n<p>\"Quanto menor a lista de ingredientes, melhor \u00e9 o produto\", recomenda Genaina.<\/p>\n\n\n\n<h3 class=\"wp-block-heading\"><strong>Qual o momento ideal para consumir suplementos?<\/strong><\/h3>\n\n\n\n<p><\/p>\n\n\n\n<p>O momento do consumo influencia a absor\u00e7\u00e3o e a efic\u00e1cia dos suplementos:<\/p>\n\n\n\n<ul>\n<li><strong>Vitamina D:<\/strong> \u00e9 melhor absorvida no almo\u00e7o.<\/li>\n\n\n\n<li><strong>C\u00e1lcio:<\/strong> deve ser preferencialmente consumida no caf\u00e9 da manh\u00e3, pois compete com o ferro pela absor\u00e7\u00e3o.<\/li>\n\n\n\n<li><strong>Ferro:<\/strong> deve ser ingerida no almo\u00e7o, pois a presen\u00e7a de prote\u00ednas animais potencializa sua absor\u00e7\u00e3o.<\/li>\n\n\n\n<li><strong>Magn\u00e9sio:<\/strong> recomendado \u00e0 noite, ajudando no relaxamento muscular.<\/li>\n<\/ul>\n\n\n\n<p><strong>Col\u00e1geno:<\/strong> indicado antes de dormir para melhor absor\u00e7\u00e3o pelo organismo.<\/p>\n\n\n\n<h3 class=\"wp-block-heading\"><strong>A import\u00e2ncia da individualiza\u00e7\u00e3o<\/strong><\/h3>\n\n\n\n<p><\/p>\n\n\n\n<p>Cada pessoa tem necessidades espec\u00edficas, e \u00e9 por isso mesmo que a suplementa\u00e7\u00e3o deve ser personalizada e sempre acompanhada por um profissional.<\/p>\n\n\n\n<p>Al\u00e9m disso, a base da sa\u00fade est\u00e1 na alimenta\u00e7\u00e3o equilibrada. \"O suplemento n\u00e3o tem efeito se voc\u00ea n\u00e3o tiver uma dieta com comida de verdade. Quanto mais colorido seu prato, mais saud\u00e1vel ele ser\u00e1\", refor\u00e7a a nutricionista.<\/p>\n\n\n\n<p>A suplementa\u00e7\u00e3o alimentar \u00e9 uma ferramenta valiosa para a sa\u00fade, desde que usada de forma consciente e sob orienta\u00e7\u00e3o profissional. Antes de consumir qualquer suplemento, consulte um especialista para garantir um plano adequado \u00e0s suas necessidades.<\/p>\n\n\n<div class=\"wp-block-image\">\n<figure class=\"alignleft size-large is-resized\"><img decoding=\"async\" loading=\"lazy\" src=\"https:\/\/www.panvel.com\/blog\/wp-content\/uploads\/2025\/02\/Genaina-e1740062505870-867x1024.jpg\" alt=\"\" class=\"wp-image-9863\" width=\"205\" height=\"243\" srcset=\"https:\/\/www.panvel.com\/blog\/wp-content\/uploads\/2025\/02\/Genaina-e1740062505870-867x1024.jpg 867w, https:\/\/www.panvel.com\/blog\/wp-content\/uploads\/2025\/02\/Genaina-e1740062505870-254x300.jpg 254w, https:\/\/www.panvel.com\/blog\/wp-content\/uploads\/2025\/02\/Genaina-e1740062505870-768x907.jpg 768w, https:\/\/www.panvel.com\/blog\/wp-content\/uploads\/2025\/02\/Genaina-e1740062505870.jpg 1108w\" sizes=\"(max-width: 205px) 100vw, 205px\" \/><\/figure><\/div>\n\n\n<h2 class=\"wp-block-heading\">Nutricionista. Genaina Bibiano<\/h2>\n\n\n\n<p><\/p>\n\n\n\n<p>Nutricionista funcional, especialista em Modula\u00e7\u00e3o Intestinal.<\/p>\n","protected":false},"excerpt":{"rendered":"<p>Suplementa\u00e7\u00e3o alimentar \u00e9 aliada da sa\u00fade, mas deve ser usada de maneira correta<\/p>\n","protected":false},"author":3,"featured_media":9865,"comment_status":"open","ping_status":"open","sticky":false,"template":"","format":"standard","meta":[],"categories":[5],"tags":[41,179,15,2634,53,2633,2178,419,2632,2635,105],"sponsor":[],"acf":[],"yoast_head":"<!-- This site is optimized with the Yoast SEO plugin v20.7 - https:\/\/yoast.com\/wordpress\/plugins\/seo\/ -->\n<title>Saiba como usar suplementa\u00e7\u00e3o de forma segura e eficiente<\/title>\n<meta name=\"description\" content=\"Suplementa\u00e7\u00e3o alimentar \u00e9 aliada da sa\u00fade, mas deve ser usada de maneira correta. | Leia mais no Blog Panvel.\" \/>\n<meta name=\"robots\" content=\"index, follow, max-snippet:-1, max-image-preview:large, max-video-preview:-1\" \/>\n<link rel=\"canonical\" href=\"https:\/\/www.panvel.com\/blog\/dicas-de-saude\/saiba-como-usar-suplementacao-de-forma-segura-e-eficiente\/\" \/>\n<meta property=\"og:locale\" content=\"pt_BR\" \/>\n<meta property=\"og:type\" content=\"article\" \/>\n<meta property=\"og:title\" content=\"Saiba como usar suplementa\u00e7\u00e3o de forma segura e eficiente\" \/>\n<meta property=\"og:description\" content=\"Suplementa\u00e7\u00e3o alimentar \u00e9 aliada da sa\u00fade, mas deve ser usada de maneira correta. | Leia mais no Blog Panvel.\" \/>\n<meta property=\"og:url\" content=\"https:\/\/www.panvel.com\/blog\/dicas-de-saude\/saiba-como-usar-suplementacao-de-forma-segura-e-eficiente\/\" \/>\n<meta property=\"og:site_name\" content=\"Blog Bem Panvel\" \/>\n<meta property=\"article:published_time\" content=\"2025-02-20T14:49:28+00:00\" \/>\n<meta property=\"article:modified_time\" content=\"2025-02-21T17:29:35+00:00\" \/>\n<meta property=\"og:image\" content=\"https:\/\/www.panvel.com\/blog\/wp-content\/uploads\/2025\/02\/iStock-1371348207-scaled-e1740062953976.jpg\" \/>\n\t<meta property=\"og:image:width\" content=\"2560\" \/>\n\t<meta property=\"og:image:height\" content=\"1369\" \/>\n\t<meta property=\"og:image:type\" content=\"image\/jpeg\" \/>\n<meta name=\"author\" content=\"Equipe Panvel\" \/>\n<meta name=\"twitter:card\" content=\"summary_large_image\" \/>\n<meta name=\"twitter:label1\" content=\"Escrito por\" \/>\n\t<meta name=\"twitter:data1\" content=\"Equipe Panvel\" \/>\n\t<meta name=\"twitter:label2\" content=\"Est. tempo de leitura\" \/>\n\t<meta name=\"twitter:data2\" content=\"4 minutos\" \/>\n<script type=\"application\/ld+json\" class=\"yoast-schema-graph\">{\"@context\":\"https:\/\/schema.org\",\"@graph\":[{\"@type\":\"Article\",\"@id\":\"https:\/\/www.panvel.com\/blog\/dicas-de-saude\/saiba-como-usar-suplementacao-de-forma-segura-e-eficiente\/#article\",\"isPartOf\":{\"@id\":\"https:\/\/www.panvel.com\/blog\/dicas-de-saude\/saiba-como-usar-suplementacao-de-forma-segura-e-eficiente\/\"},\"author\":{\"name\":\"Equipe Panvel\",\"@id\":\"https:\/\/www.panvel.com\/blog\/#\/schema\/person\/79f5c113f9621ed83897942f6e7501e3\"},\"headline\":\"Saiba como usar suplementa\u00e7\u00e3o de forma segura e eficiente\",\"datePublished\":\"2025-02-20T14:49:28+00:00\",\"dateModified\":\"2025-02-21T17:29:35+00:00\",\"mainEntityOfPage\":{\"@id\":\"https:\/\/www.panvel.com\/blog\/dicas-de-saude\/saiba-como-usar-suplementacao-de-forma-segura-e-eficiente\/\"},\"wordCount\":596,\"commentCount\":0,\"publisher\":{\"@id\":\"https:\/\/www.panvel.com\/blog\/#organization\"},\"keywords\":[\"Alimenta\u00e7\u00e3o\",\"Cuidados com a sa\u00fade\",\"Dicas\",\"esportistas\",\"Idosos\",\"nutri\u00e7\u00e3o funcional\",\"prote\u00ednas\",\"sa\u00fade\",\"suplementa\u00e7\u00e3o alimentar\",\"veganos\",\"Vitaminas\"],\"articleSection\":[\"Rotina de Sa\u00fade\"],\"inLanguage\":\"pt-BR\",\"potentialAction\":[{\"@type\":\"CommentAction\",\"name\":\"Comment\",\"target\":[\"https:\/\/www.panvel.com\/blog\/dicas-de-saude\/saiba-como-usar-suplementacao-de-forma-segura-e-eficiente\/#respond\"]}]},{\"@type\":\"WebPage\",\"@id\":\"https:\/\/www.panvel.com\/blog\/dicas-de-saude\/saiba-como-usar-suplementacao-de-forma-segura-e-eficiente\/\",\"url\":\"https:\/\/www.panvel.com\/blog\/dicas-de-saude\/saiba-como-usar-suplementacao-de-forma-segura-e-eficiente\/\",\"name\":\"Saiba como usar suplementa\u00e7\u00e3o de forma segura e eficiente\",\"isPartOf\":{\"@id\":\"https:\/\/www.panvel.com\/blog\/#website\"},\"datePublished\":\"2025-02-20T14:49:28+00:00\",\"dateModified\":\"2025-02-21T17:29:35+00:00\",\"description\":\"Suplementa\u00e7\u00e3o alimentar \u00e9 aliada da sa\u00fade, mas deve ser usada de maneira correta. | Leia mais no Blog Panvel.\",\"breadcrumb\":{\"@id\":\"https:\/\/www.panvel.com\/blog\/dicas-de-saude\/saiba-como-usar-suplementacao-de-forma-segura-e-eficiente\/#breadcrumb\"},\"inLanguage\":\"pt-BR\",\"potentialAction\":[{\"@type\":\"ReadAction\",\"target\":[\"https:\/\/www.panvel.com\/blog\/dicas-de-saude\/saiba-como-usar-suplementacao-de-forma-segura-e-eficiente\/\"]}]},{\"@type\":\"BreadcrumbList\",\"@id\":\"https:\/\/www.panvel.com\/blog\/dicas-de-saude\/saiba-como-usar-suplementacao-de-forma-segura-e-eficiente\/#breadcrumb\",\"itemListElement\":[{\"@type\":\"ListItem\",\"position\":1,\"name\":\"Home\",\"item\":\"https:\/\/www.panvel.com\/blog\/\"},{\"@type\":\"ListItem\",\"position\":2,\"name\":\"Rotina de Sa\u00fade\",\"item\":\"https:\/\/www.panvel.com\/blog\/dicas-de-saude\/\"},{\"@type\":\"ListItem\",\"position\":3,\"name\":\"Saiba como usar suplementa\u00e7\u00e3o de forma segura e eficiente\"}]},{\"@type\":\"WebSite\",\"@id\":\"https:\/\/www.panvel.com\/blog\/#website\",\"url\":\"https:\/\/www.panvel.com\/blog\/\",\"name\":\"Blog Bem Panvel\",\"description\":\"Aqui voc\u00ea encontra conte\u00fados e dicas de sa\u00fade, beleza, bem-estar e muito mais.\",\"publisher\":{\"@id\":\"https:\/\/www.panvel.com\/blog\/#organization\"},\"potentialAction\":[{\"@type\":\"SearchAction\",\"target\":{\"@type\":\"EntryPoint\",\"urlTemplate\":\"https:\/\/www.panvel.com\/blog\/?s={search_term_string}\"},\"query-input\":\"required name=search_term_string\"}],\"inLanguage\":\"pt-BR\"},{\"@type\":\"Organization\",\"@id\":\"https:\/\/www.panvel.com\/blog\/#organization\",\"name\":\"Panvel Farm\u00e1cias\",\"url\":\"https:\/\/www.panvel.com\/blog\/\",\"logo\":{\"@type\":\"ImageObject\",\"inLanguage\":\"pt-BR\",\"@id\":\"https:\/\/www.panvel.com\/blog\/#\/schema\/logo\/image\/\",\"url\":\"https:\/\/www.panvel.com\/blog\/wp-content\/uploads\/2020\/10\/logo.png\",\"contentUrl\":\"https:\/\/www.panvel.com\/blog\/wp-content\/uploads\/2020\/10\/logo.png\",\"width\":402,\"height\":53,\"caption\":\"Panvel Farm\u00e1cias\"},\"image\":{\"@id\":\"https:\/\/www.panvel.com\/blog\/#\/schema\/logo\/image\/\"}},{\"@type\":\"Person\",\"@id\":\"https:\/\/www.panvel.com\/blog\/#\/schema\/person\/79f5c113f9621ed83897942f6e7501e3\",\"name\":\"Equipe Panvel\",\"image\":{\"@type\":\"ImageObject\",\"inLanguage\":\"pt-BR\",\"@id\":\"https:\/\/www.panvel.com\/blog\/#\/schema\/person\/image\/\",\"url\":\"https:\/\/www.panvel.com\/blog\/wp-content\/uploads\/2022\/09\/blog-panvel-1.jpg\",\"contentUrl\":\"https:\/\/www.panvel.com\/blog\/wp-content\/uploads\/2022\/09\/blog-panvel-1.jpg\",\"caption\":\"Equipe Panvel\"},\"description\":\"O Blog Bem Panvel conta com uma equipe formada por especialistas e traz para seus leitores conte\u00fados relevantes e de qualidade sobre sa\u00fade, beleza e bem-estar.\",\"url\":\"https:\/\/www.panvel.com\/blog\/author\/dimedmkt\/\"}]}<\/script>\n<!-- \/ Yoast SEO plugin. -->","yoast_head_json":{"title":"Saiba como usar suplementa\u00e7\u00e3o de forma segura e eficiente","description":"Suplementa\u00e7\u00e3o alimentar \u00e9 aliada da sa\u00fade, mas deve ser usada de maneira correta. | Leia mais no Blog Panvel.","robots":{"index":"index","follow":"follow","max-snippet":"max-snippet:-1","max-image-preview":"max-image-preview:large","max-video-preview":"max-video-preview:-1"},"canonical":"https:\/\/www.panvel.com\/blog\/dicas-de-saude\/saiba-como-usar-suplementacao-de-forma-segura-e-eficiente\/","og_locale":"pt_BR","og_type":"article","og_title":"Saiba como usar suplementa\u00e7\u00e3o de forma segura e eficiente","og_description":"Suplementa\u00e7\u00e3o alimentar \u00e9 aliada da sa\u00fade, mas deve ser usada de maneira correta. | Leia mais no Blog Panvel.","og_url":"https:\/\/www.panvel.com\/blog\/dicas-de-saude\/saiba-como-usar-suplementacao-de-forma-segura-e-eficiente\/","og_site_name":"Blog Bem Panvel","article_published_time":"2025-02-20T14:49:28+00:00","article_modified_time":"2025-02-21T17:29:35+00:00","og_image":[{"width":2560,"height":1369,"url":"https:\/\/www.panvel.com\/blog\/wp-content\/uploads\/2025\/02\/iStock-1371348207-scaled-e1740062953976.jpg","type":"image\/jpeg"}],"author":"Equipe Panvel","twitter_card":"summary_large_image","twitter_misc":{"Escrito por":"Equipe Panvel","Est. tempo de leitura":"4 minutos"},"schema":{"@context":"https:\/\/schema.org","@graph":[{"@type":"Article","@id":"https:\/\/www.panvel.com\/blog\/dicas-de-saude\/saiba-como-usar-suplementacao-de-forma-segura-e-eficiente\/#article","isPartOf":{"@id":"https:\/\/www.panvel.com\/blog\/dicas-de-saude\/saiba-como-usar-suplementacao-de-forma-segura-e-eficiente\/"},"author":{"name":"Equipe Panvel","@id":"https:\/\/www.panvel.com\/blog\/#\/schema\/person\/79f5c113f9621ed83897942f6e7501e3"},"headline":"Saiba como usar suplementa\u00e7\u00e3o de forma segura e eficiente","datePublished":"2025-02-20T14:49:28+00:00","dateModified":"2025-02-21T17:29:35+00:00","mainEntityOfPage":{"@id":"https:\/\/www.panvel.com\/blog\/dicas-de-saude\/saiba-como-usar-suplementacao-de-forma-segura-e-eficiente\/"},"wordCount":596,"commentCount":0,"publisher":{"@id":"https:\/\/www.panvel.com\/blog\/#organization"},"keywords":["Alimenta\u00e7\u00e3o","Cuidados com a sa\u00fade","Dicas","esportistas","Idosos","nutri\u00e7\u00e3o funcional","prote\u00ednas","sa\u00fade","suplementa\u00e7\u00e3o alimentar","veganos","Vitaminas"],"articleSection":["Rotina de Sa\u00fade"],"inLanguage":"pt-BR","potentialAction":[{"@type":"CommentAction","name":"Comment","target":["https:\/\/www.panvel.com\/blog\/dicas-de-saude\/saiba-como-usar-suplementacao-de-forma-segura-e-eficiente\/#respond"]}]},{"@type":"WebPage","@id":"https:\/\/www.panvel.com\/blog\/dicas-de-saude\/saiba-como-usar-suplementacao-de-forma-segura-e-eficiente\/","url":"https:\/\/www.panvel.com\/blog\/dicas-de-saude\/saiba-como-usar-suplementacao-de-forma-segura-e-eficiente\/","name":"Saiba como usar suplementa\u00e7\u00e3o de forma segura e eficiente","isPartOf":{"@id":"https:\/\/www.panvel.com\/blog\/#website"},"datePublished":"2025-02-20T14:49:28+00:00","dateModified":"2025-02-21T17:29:35+00:00","description":"Suplementa\u00e7\u00e3o alimentar \u00e9 aliada da sa\u00fade, mas deve ser usada de maneira correta. | Leia mais no Blog Panvel.","breadcrumb":{"@id":"https:\/\/www.panvel.com\/blog\/dicas-de-saude\/saiba-como-usar-suplementacao-de-forma-segura-e-eficiente\/#breadcrumb"},"inLanguage":"pt-BR","potentialAction":[{"@type":"ReadAction","target":["https:\/\/www.panvel.com\/blog\/dicas-de-saude\/saiba-como-usar-suplementacao-de-forma-segura-e-eficiente\/"]}]},{"@type":"BreadcrumbList","@id":"https:\/\/www.panvel.com\/blog\/dicas-de-saude\/saiba-como-usar-suplementacao-de-forma-segura-e-eficiente\/#breadcrumb","itemListElement":[{"@type":"ListItem","position":1,"name":"Home","item":"https:\/\/www.panvel.com\/blog\/"},{"@type":"ListItem","position":2,"name":"Rotina de Sa\u00fade","item":"https:\/\/www.panvel.com\/blog\/dicas-de-saude\/"},{"@type":"ListItem","position":3,"name":"Saiba como usar suplementa\u00e7\u00e3o de forma segura e eficiente"}]},{"@type":"WebSite","@id":"https:\/\/www.panvel.com\/blog\/#website","url":"https:\/\/www.panvel.com\/blog\/","name":"Blog Bem Panvel","description":"Aqui voc\u00ea encontra conte\u00fados e dicas de sa\u00fade, beleza, bem-estar e muito mais.","publisher":{"@id":"https:\/\/www.panvel.com\/blog\/#organization"},"potentialAction":[{"@type":"SearchAction","target":{"@type":"EntryPoint","urlTemplate":"https:\/\/www.panvel.com\/blog\/?s={search_term_string}"},"query-input":"required name=search_term_string"}],"inLanguage":"pt-BR"},{"@type":"Organization","@id":"https:\/\/www.panvel.com\/blog\/#organization","name":"Panvel Farm\u00e1cias","url":"https:\/\/www.panvel.com\/blog\/","logo":{"@type":"ImageObject","inLanguage":"pt-BR","@id":"https:\/\/www.panvel.com\/blog\/#\/schema\/logo\/image\/","url":"https:\/\/www.panvel.com\/blog\/wp-content\/uploads\/2020\/10\/logo.png","contentUrl":"https:\/\/www.panvel.com\/blog\/wp-content\/uploads\/2020\/10\/logo.png","width":402,"height":53,"caption":"Panvel Farm\u00e1cias"},"image":{"@id":"https:\/\/www.panvel.com\/blog\/#\/schema\/logo\/image\/"}},{"@type":"Person","@id":"https:\/\/www.panvel.com\/blog\/#\/schema\/person\/79f5c113f9621ed83897942f6e7501e3","name":"Equipe Panvel","image":{"@type":"ImageObject","inLanguage":"pt-BR","@id":"https:\/\/www.panvel.com\/blog\/#\/schema\/person\/image\/","url":"https:\/\/www.panvel.com\/blog\/wp-content\/uploads\/2022\/09\/blog-panvel-1.jpg","contentUrl":"https:\/\/www.panvel.com\/blog\/wp-content\/uploads\/2022\/09\/blog-panvel-1.jpg","caption":"Equipe Panvel"},"description":"O Blog Bem Panvel conta com uma equipe formada por especialistas e traz para seus leitores conte\u00fados relevantes e de qualidade sobre sa\u00fade, beleza e bem-estar.","url":"https:\/\/www.panvel.com\/blog\/author\/dimedmkt\/"}]}},"_links":{"self":[{"href":"https:\/\/www.panvel.com\/blog\/wp-json\/wp\/v2\/posts\/9862"}],"collection":[{"href":"https:\/\/www.panvel.com\/blog\/wp-json\/wp\/v2\/posts"}],"about":[{"href":"https:\/\/www.panvel.com\/blog\/wp-json\/wp\/v2\/types\/post"}],"author":[{"embeddable":true,"href":"https:\/\/www.panvel.com\/blog\/wp-json\/wp\/v2\/users\/3"}],"replies":[{"embeddable":true,"href":"https:\/\/www.panvel.com\/blog\/wp-json\/wp\/v2\/comments?post=9862"}],"version-history":[{"count":2,"href":"https:\/\/www.panvel.com\/blog\/wp-json\/wp\/v2\/posts\/9862\/revisions"}],"predecessor-version":[{"id":9877,"href":"https:\/\/www.panvel.com\/blog\/wp-json\/wp\/v2\/posts\/9862\/revisions\/9877"}],"wp:featuredmedia":[{"embeddable":true,"href":"https:\/\/www.panvel.com\/blog\/wp-json\/wp\/v2\/media\/9865"}],"wp:attachment":[{"href":"https:\/\/www.panvel.com\/blog\/wp-json\/wp\/v2\/media?parent=9862"}],"wp:term":[{"taxonomy":"category","embeddable":true,"href":"https:\/\/www.panvel.com\/blog\/wp-json\/wp\/v2\/categories?post=9862"},{"taxonomy":"post_tag","embeddable":true,"href":"https:\/\/www.panvel.com\/blog\/wp-json\/wp\/v2\/tags?post=9862"},{"taxonomy":"sponsor","embeddable":true,"href":"https:\/\/www.panvel.com\/blog\/wp-json\/wp\/v2\/sponsor?post=9862"}],"curies":[{"name":"wp","href":"https:\/\/api.w.org\/{rel}","templated":true}]}}