{"id":9642,"date":"2025-02-03T10:19:36","date_gmt":"2025-02-03T13:19:36","guid":{"rendered":"https:\/\/www.panvel.com\/blog\/?p=9642"},"modified":"2025-02-12T17:24:12","modified_gmt":"2025-02-12T20:24:12","slug":"dicas-para-manter-o-cabelo-hidratado-no-verao","status":"publish","type":"post","link":"https:\/\/www.panvel.com\/blog\/dicas-de-beleza\/dicas-para-manter-o-cabelo-hidratado-no-verao\/","title":{"rendered":"7 dicas e cuidados para evitar o frizz e manter os cabelos hidratados no ver\u00e3o"},"content":{"rendered":"\n<p><\/p>\n\n\n\n<p>O ver\u00e3o \u00e9 uma \u00e9poca que traz dias mais longos, muito sol, piscina e mar. No entanto, essas del\u00edcias tamb\u00e9m podem se transformar em desafios para quem quer manter os <strong>cabelos bonitos e saud\u00e1veis<\/strong>. O calor, a umidade e os agentes externos, como cloro e sal, s\u00e3o alguns dos vil\u00f5es que causam o temido frizz e o ressecamento. Por isso, \u00e9 fundamental adotar uma rotina de cuidados espec\u00edfica para a esta\u00e7\u00e3o. Conversamos com a <a href=\"https:\/\/www.instagram.com\/dragisellemartinsdermatologia\/\">dermatologista Giselle Martins<\/a> para entender as melhores estrat\u00e9gias.<\/p>\n\n\n\n<p><strong>1. Hidrate sempre!<\/strong><strong><br><\/strong>\u201cA <strong>hidrata\u00e7\u00e3o<\/strong> \u00e9 a chave para manter os fios saud\u00e1veis durante o ver\u00e3o\u201d, afirma a dermatologista Giselle Martins. Isso porque a exposi\u00e7\u00e3o ao sol e o contato com \u00e1gua do mar ou piscina fazem com que os <strong>cabelos<\/strong> percam \u00e1gua e nutrientes, ficando mais propensos ao ressecamento.<\/p>\n\n\n\n<p>Invista em <strong>m\u00e1scaras de hidrata\u00e7\u00e3o<\/strong> profunda pelo menos uma vez por semana e escolha produtos ricos em \u00f3leos vegetais, como coco e argan, ou em ativos como a queratina e a ceramida. Tamb\u00e9m \u00e9 importante usar um condicionador adequado ao seu tipo de cabelo para selar as cut\u00edculas ap\u00f3s a lavagem.<\/p>\n\n\n\n<p><strong>2. Use protetor t\u00e9rmico e solar<\/strong><strong><br><\/strong>\u201cAssim como protegemos a pele, precisamos proteger os <strong>cabelos<\/strong> dos raios solares\u201d, alerta Giselle Martins. Os danos causados pelos raios UV incluem desde o enfraquecimento dos fios at\u00e9 a oxida\u00e7\u00e3o da cor, especialmente para quem tem cabelos tingidos.<\/p>\n\n\n\n<p>Opte por produtos capilares com prote\u00e7\u00e3o UV e n\u00e3o abra m\u00e3o de usar protetor t\u00e9rmico antes de ferramentas como secador ou chapinha. O calor em excesso potencializa o frizz e o desgaste capilar, por isso, use esses aparelhos com modera\u00e7\u00e3o.<\/p>\n\n\n\n<p><strong>3. Controle o frizz com finalizadores<\/strong><strong><br><\/strong>O frizz \u00e9 uma resposta dos fios \u00e0 falta de umidade e \u00e0 porosidade. Para control\u00e1-lo, aposte em \u00f3leos capilares ou leave-ins com fun\u00e7\u00e3o anti-frizz. \u201cProdutos que ajudam a alinhar as cut\u00edculas dos fios s\u00e3o excelentes para evitar o arrepiado, principalmente em dias \u00famidos\u201d, explica a dermatologista.<\/p>\n\n\n\n<p>Outro truque \u00e9 substituir a toalha tradicional por uma de microfibra ou uma camiseta de algod\u00e3o para secar os cabelos. Isso reduz a fric\u00e7\u00e3o e evita que os fios fiquem mais arrepiados.<\/p>\n\n\n\n<p><strong>4. Precau\u00e7\u00f5es no mar e na piscinas<\/strong><strong><br><\/strong>Piscinas e praias s\u00e3o sin\u00f4nimos de divers\u00e3o, mas tamb\u00e9m de estragos nos <strong>cabelos<\/strong>. Para uma prote\u00e7\u00e3o extra, aplique um creme ou \u00f3leo capilar antes de entrar na \u00e1gua. Eles criam uma barreira que minimiza os danos causados por esses agentes externos, recomenda a Dra Giselle Martins, \u201cOutra&nbsp; boa dica \u00e9 enxaguar os <strong>cabelos<\/strong> com \u00e1gua doce logo ap\u00f3s o banho de mar ou piscina\u201d, recomenda Giselle Martins.<\/p>\n\n\n\n<p>Para uma prote\u00e7\u00e3o extra, aplique um creme ou \u00f3leo capilar antes de entrar na \u00e1gua. Eles criam uma barreira que minimiza os danos causados por esses agentes externos.<\/p>\n\n\n\n<p><strong>5. Aposte em penteados pr\u00e1ticos<\/strong><strong><br><\/strong>Os penteados tamb\u00e9m podem ser aliados na prote\u00e7\u00e3o dos <strong>cabelos<\/strong>. Tran\u00e7as, coques e rabos de cavalo evitam que os fios fiquem em contato constante com o sol, o vento e a umidade.<\/p>\n\n\n\n<p>Evite prender os <strong>cabelos<\/strong> quando eles ainda estiverem molhados, pois isso pode deix\u00e1-los mais suscet\u00edveis \u00e0 quebra. Use el\u00e1sticos revestidos ou de tecido para evitar danos \u00e0 estrutura capilar.<\/p>\n\n\n\n<p><strong>6. Invista em alimenta\u00e7\u00e3o e hidrata\u00e7\u00e3o 5nterna<\/strong><strong><br><\/strong>A <strong>sa\u00fade dos cabelos<\/strong> tamb\u00e9m reflete o que consumimos. Manter uma alimenta\u00e7\u00e3o equilibrada, rica em vitaminas e minerais, \u00e9 essencial. \u201cA <strong>hidrata\u00e7\u00e3o<\/strong> n\u00e3o vem apenas de fora. Beber \u00e1gua regularmente \u00e9 indispens\u00e1vel para que os fios permane\u00e7am nutridos e fortes\u201d, refor\u00e7a Giselle Martins.<\/p>\n\n\n\n<p>Alimentos como peixes, nozes, abacate e vegetais verdes escuros s\u00e3o ricos em nutrientes que fortalecem os cabelos de dentro para fora.<\/p>\n\n\n\n<p><strong>7. Aten\u00e7\u00e3o ao n\u00famero de lavagens<\/strong><strong><br><\/strong>Lavar os <strong>cabelos<\/strong> todos os dias \u00e9 melhor que reduzir as lavagens, mas sempre escolha xampus e condicionadores adequados aos seus fios. use apenas xampus a secos para minimizar eventualmente o aspecto oleosos dos fios, mas nunca para substituir as lavagens di\u00e1rias.<\/p>\n\n\n\n<p>Com essas dicas, \u00e9 poss\u00edvel aproveitar o melhor do ver\u00e3o sem abrir m\u00e3o de <strong>cabelos saud\u00e1veis<\/strong> e bem cuidados. Lembre-se de que pequenos h\u00e1bitos, como proteger os fios do sol e investir em hidrata\u00e7\u00e3o, fazem toda a diferen\u00e7a. Que tal adotar essas pr\u00e1ticas no seu dia a dia e ficar pronta para brilhar nesta esta\u00e7\u00e3o?<\/p>\n\n\n<div class=\"wp-block-image\">\n<figure class=\"alignleft size-large is-resized\"><img decoding=\"async\" loading=\"lazy\" src=\"https:\/\/www.panvel.com\/blog\/wp-content\/uploads\/2025\/02\/WhatsApp-Image-2025-02-11-at-16.23.37-976x1024.jpeg\" alt=\"\" class=\"wp-image-9792\" width=\"201\" height=\"211\" srcset=\"https:\/\/www.panvel.com\/blog\/wp-content\/uploads\/2025\/02\/WhatsApp-Image-2025-02-11-at-16.23.37-976x1024.jpeg 976w, https:\/\/www.panvel.com\/blog\/wp-content\/uploads\/2025\/02\/WhatsApp-Image-2025-02-11-at-16.23.37-286x300.jpeg 286w, https:\/\/www.panvel.com\/blog\/wp-content\/uploads\/2025\/02\/WhatsApp-Image-2025-02-11-at-16.23.37-768x806.jpeg 768w, https:\/\/www.panvel.com\/blog\/wp-content\/uploads\/2025\/02\/WhatsApp-Image-2025-02-11-at-16.23.37.jpeg 1220w\" sizes=\"(max-width: 201px) 100vw, 201px\" \/><\/figure><\/div>\n\n\n<h3 class=\"wp-block-heading\">Dra. Giselle Martins<\/h3>\n\n\n\n<p><\/p>\n\n\n\n<p>M\u00e9dica dermatologista, especialista em doenc\u0327as de cabelo e transplante Capilar. CRM 29177.<\/p>\n","protected":false},"excerpt":{"rendered":"<p>Calor e agentes externos s\u00e3o alguns dos vil\u00f5es que danificam os fios na esta\u00e7\u00e3o mais quente.<\/p>\n","protected":false},"author":3,"featured_media":9657,"comment_status":"open","ping_status":"open","sticky":false,"template":"","format":"standard","meta":[],"categories":[11],"tags":[31,2537,2538,2539,2535,179,15,2536,1403,419],"sponsor":[],"acf":[],"yoast_head":"<!-- This site is optimized with the Yoast SEO plugin v20.7 - https:\/\/yoast.com\/wordpress\/plugins\/seo\/ -->\n<title>Dicas e cuidados para evitar o frizz e manter os cabelos hidratados<\/title>\n<meta name=\"description\" content=\"Calor e agentes externos s\u00e3o alguns dos vil\u00f5es que danificam os fios na esta\u00e7\u00e3o mais quente. | Leia mais no Blog Panvel.\" \/>\n<meta name=\"robots\" content=\"index, follow, max-snippet:-1, max-image-preview:large, max-video-preview:-1\" \/>\n<link rel=\"canonical\" href=\"https:\/\/www.panvel.com\/blog\/dicas-de-beleza\/dicas-para-manter-o-cabelo-hidratado-no-verao\/\" \/>\n<meta property=\"og:locale\" content=\"pt_BR\" \/>\n<meta property=\"og:type\" content=\"article\" \/>\n<meta property=\"og:title\" content=\"Dicas e cuidados para evitar o frizz e manter os cabelos hidratados\" \/>\n<meta property=\"og:description\" content=\"Calor e agentes externos s\u00e3o alguns dos vil\u00f5es que danificam os fios na esta\u00e7\u00e3o mais quente. | Leia mais no Blog Panvel.\" \/>\n<meta property=\"og:url\" content=\"https:\/\/www.panvel.com\/blog\/dicas-de-beleza\/dicas-para-manter-o-cabelo-hidratado-no-verao\/\" \/>\n<meta property=\"og:site_name\" content=\"Blog Bem Panvel\" \/>\n<meta property=\"article:published_time\" content=\"2025-02-03T13:19:36+00:00\" \/>\n<meta property=\"article:modified_time\" content=\"2025-02-12T20:24:12+00:00\" \/>\n<meta property=\"og:image\" content=\"https:\/\/www.panvel.com\/blog\/wp-content\/uploads\/2025\/02\/Blog-1024x496-Cabelos.jpg\" \/>\n\t<meta property=\"og:image:width\" content=\"1024\" \/>\n\t<meta property=\"og:image:height\" content=\"496\" \/>\n\t<meta property=\"og:image:type\" content=\"image\/jpeg\" \/>\n<meta name=\"author\" content=\"Equipe Panvel\" \/>\n<meta name=\"twitter:card\" content=\"summary_large_image\" \/>\n<meta name=\"twitter:label1\" content=\"Escrito por\" \/>\n\t<meta name=\"twitter:data1\" content=\"Equipe Panvel\" \/>\n\t<meta name=\"twitter:label2\" content=\"Est. tempo de leitura\" \/>\n\t<meta name=\"twitter:data2\" content=\"5 minutos\" \/>\n<script type=\"application\/ld+json\" class=\"yoast-schema-graph\">{\"@context\":\"https:\/\/schema.org\",\"@graph\":[{\"@type\":\"Article\",\"@id\":\"https:\/\/www.panvel.com\/blog\/dicas-de-beleza\/dicas-para-manter-o-cabelo-hidratado-no-verao\/#article\",\"isPartOf\":{\"@id\":\"https:\/\/www.panvel.com\/blog\/dicas-de-beleza\/dicas-para-manter-o-cabelo-hidratado-no-verao\/\"},\"author\":{\"name\":\"Equipe Panvel\",\"@id\":\"https:\/\/www.panvel.com\/blog\/#\/schema\/person\/79f5c113f9621ed83897942f6e7501e3\"},\"headline\":\"7 dicas e cuidados para evitar o frizz e manter os cabelos hidratados no ver\u00e3o\",\"datePublished\":\"2025-02-03T13:19:36+00:00\",\"dateModified\":\"2025-02-12T20:24:12+00:00\",\"mainEntityOfPage\":{\"@id\":\"https:\/\/www.panvel.com\/blog\/dicas-de-beleza\/dicas-para-manter-o-cabelo-hidratado-no-verao\/\"},\"wordCount\":773,\"commentCount\":0,\"publisher\":{\"@id\":\"https:\/\/www.panvel.com\/blog\/#organization\"},\"keywords\":[\"Bem Estar\",\"cabelos piscina\",\"cabelos praia\",\"cabelos sol\",\"cabelos ver\u00e3o\",\"Cuidados com a sa\u00fade\",\"Dicas\",\"hidrata\u00e7\u00e3o cabelos\",\"hidrata\u00e7\u00e3o capilar\",\"sa\u00fade\"],\"articleSection\":[\"Rotina de Beleza\"],\"inLanguage\":\"pt-BR\",\"potentialAction\":[{\"@type\":\"CommentAction\",\"name\":\"Comment\",\"target\":[\"https:\/\/www.panvel.com\/blog\/dicas-de-beleza\/dicas-para-manter-o-cabelo-hidratado-no-verao\/#respond\"]}]},{\"@type\":\"WebPage\",\"@id\":\"https:\/\/www.panvel.com\/blog\/dicas-de-beleza\/dicas-para-manter-o-cabelo-hidratado-no-verao\/\",\"url\":\"https:\/\/www.panvel.com\/blog\/dicas-de-beleza\/dicas-para-manter-o-cabelo-hidratado-no-verao\/\",\"name\":\"Dicas e cuidados para evitar o frizz e manter os cabelos hidratados\",\"isPartOf\":{\"@id\":\"https:\/\/www.panvel.com\/blog\/#website\"},\"datePublished\":\"2025-02-03T13:19:36+00:00\",\"dateModified\":\"2025-02-12T20:24:12+00:00\",\"description\":\"Calor e agentes externos s\u00e3o alguns dos vil\u00f5es que danificam os fios na esta\u00e7\u00e3o mais quente. | Leia mais no Blog Panvel.\",\"breadcrumb\":{\"@id\":\"https:\/\/www.panvel.com\/blog\/dicas-de-beleza\/dicas-para-manter-o-cabelo-hidratado-no-verao\/#breadcrumb\"},\"inLanguage\":\"pt-BR\",\"potentialAction\":[{\"@type\":\"ReadAction\",\"target\":[\"https:\/\/www.panvel.com\/blog\/dicas-de-beleza\/dicas-para-manter-o-cabelo-hidratado-no-verao\/\"]}]},{\"@type\":\"BreadcrumbList\",\"@id\":\"https:\/\/www.panvel.com\/blog\/dicas-de-beleza\/dicas-para-manter-o-cabelo-hidratado-no-verao\/#breadcrumb\",\"itemListElement\":[{\"@type\":\"ListItem\",\"position\":1,\"name\":\"Home\",\"item\":\"https:\/\/www.panvel.com\/blog\/\"},{\"@type\":\"ListItem\",\"position\":2,\"name\":\"Rotina de Beleza\",\"item\":\"https:\/\/www.panvel.com\/blog\/dicas-de-beleza\/\"},{\"@type\":\"ListItem\",\"position\":3,\"name\":\"7 dicas e cuidados para evitar o frizz e manter os cabelos hidratados no ver\u00e3o\"}]},{\"@type\":\"WebSite\",\"@id\":\"https:\/\/www.panvel.com\/blog\/#website\",\"url\":\"https:\/\/www.panvel.com\/blog\/\",\"name\":\"Blog Bem Panvel\",\"description\":\"Aqui voc\u00ea encontra conte\u00fados e dicas de sa\u00fade, beleza, bem-estar e muito mais.\",\"publisher\":{\"@id\":\"https:\/\/www.panvel.com\/blog\/#organization\"},\"potentialAction\":[{\"@type\":\"SearchAction\",\"target\":{\"@type\":\"EntryPoint\",\"urlTemplate\":\"https:\/\/www.panvel.com\/blog\/?s={search_term_string}\"},\"query-input\":\"required name=search_term_string\"}],\"inLanguage\":\"pt-BR\"},{\"@type\":\"Organization\",\"@id\":\"https:\/\/www.panvel.com\/blog\/#organization\",\"name\":\"Panvel Farm\u00e1cias\",\"url\":\"https:\/\/www.panvel.com\/blog\/\",\"logo\":{\"@type\":\"ImageObject\",\"inLanguage\":\"pt-BR\",\"@id\":\"https:\/\/www.panvel.com\/blog\/#\/schema\/logo\/image\/\",\"url\":\"https:\/\/www.panvel.com\/blog\/wp-content\/uploads\/2020\/10\/logo.png\",\"contentUrl\":\"https:\/\/www.panvel.com\/blog\/wp-content\/uploads\/2020\/10\/logo.png\",\"width\":402,\"height\":53,\"caption\":\"Panvel Farm\u00e1cias\"},\"image\":{\"@id\":\"https:\/\/www.panvel.com\/blog\/#\/schema\/logo\/image\/\"}},{\"@type\":\"Person\",\"@id\":\"https:\/\/www.panvel.com\/blog\/#\/schema\/person\/79f5c113f9621ed83897942f6e7501e3\",\"name\":\"Equipe Panvel\",\"image\":{\"@type\":\"ImageObject\",\"inLanguage\":\"pt-BR\",\"@id\":\"https:\/\/www.panvel.com\/blog\/#\/schema\/person\/image\/\",\"url\":\"https:\/\/www.panvel.com\/blog\/wp-content\/uploads\/2022\/09\/blog-panvel-1.jpg\",\"contentUrl\":\"https:\/\/www.panvel.com\/blog\/wp-content\/uploads\/2022\/09\/blog-panvel-1.jpg\",\"caption\":\"Equipe Panvel\"},\"description\":\"O Blog Bem Panvel conta com uma equipe formada por especialistas e traz para seus leitores conte\u00fados relevantes e de qualidade sobre sa\u00fade, beleza e bem-estar.\",\"url\":\"https:\/\/www.panvel.com\/blog\/author\/dimedmkt\/\"}]}<\/script>\n<!-- \/ Yoast SEO plugin. -->","yoast_head_json":{"title":"Dicas e cuidados para evitar o frizz e manter os cabelos hidratados","description":"Calor e agentes externos s\u00e3o alguns dos vil\u00f5es que danificam os fios na esta\u00e7\u00e3o mais quente. | Leia mais no Blog Panvel.","robots":{"index":"index","follow":"follow","max-snippet":"max-snippet:-1","max-image-preview":"max-image-preview:large","max-video-preview":"max-video-preview:-1"},"canonical":"https:\/\/www.panvel.com\/blog\/dicas-de-beleza\/dicas-para-manter-o-cabelo-hidratado-no-verao\/","og_locale":"pt_BR","og_type":"article","og_title":"Dicas e cuidados para evitar o frizz e manter os cabelos hidratados","og_description":"Calor e agentes externos s\u00e3o alguns dos vil\u00f5es que danificam os fios na esta\u00e7\u00e3o mais quente. | Leia mais no Blog Panvel.","og_url":"https:\/\/www.panvel.com\/blog\/dicas-de-beleza\/dicas-para-manter-o-cabelo-hidratado-no-verao\/","og_site_name":"Blog Bem Panvel","article_published_time":"2025-02-03T13:19:36+00:00","article_modified_time":"2025-02-12T20:24:12+00:00","og_image":[{"width":1024,"height":496,"url":"https:\/\/www.panvel.com\/blog\/wp-content\/uploads\/2025\/02\/Blog-1024x496-Cabelos.jpg","type":"image\/jpeg"}],"author":"Equipe Panvel","twitter_card":"summary_large_image","twitter_misc":{"Escrito por":"Equipe Panvel","Est. tempo de leitura":"5 minutos"},"schema":{"@context":"https:\/\/schema.org","@graph":[{"@type":"Article","@id":"https:\/\/www.panvel.com\/blog\/dicas-de-beleza\/dicas-para-manter-o-cabelo-hidratado-no-verao\/#article","isPartOf":{"@id":"https:\/\/www.panvel.com\/blog\/dicas-de-beleza\/dicas-para-manter-o-cabelo-hidratado-no-verao\/"},"author":{"name":"Equipe Panvel","@id":"https:\/\/www.panvel.com\/blog\/#\/schema\/person\/79f5c113f9621ed83897942f6e7501e3"},"headline":"7 dicas e cuidados para evitar o frizz e manter os cabelos hidratados no ver\u00e3o","datePublished":"2025-02-03T13:19:36+00:00","dateModified":"2025-02-12T20:24:12+00:00","mainEntityOfPage":{"@id":"https:\/\/www.panvel.com\/blog\/dicas-de-beleza\/dicas-para-manter-o-cabelo-hidratado-no-verao\/"},"wordCount":773,"commentCount":0,"publisher":{"@id":"https:\/\/www.panvel.com\/blog\/#organization"},"keywords":["Bem Estar","cabelos piscina","cabelos praia","cabelos sol","cabelos ver\u00e3o","Cuidados com a sa\u00fade","Dicas","hidrata\u00e7\u00e3o cabelos","hidrata\u00e7\u00e3o capilar","sa\u00fade"],"articleSection":["Rotina de Beleza"],"inLanguage":"pt-BR","potentialAction":[{"@type":"CommentAction","name":"Comment","target":["https:\/\/www.panvel.com\/blog\/dicas-de-beleza\/dicas-para-manter-o-cabelo-hidratado-no-verao\/#respond"]}]},{"@type":"WebPage","@id":"https:\/\/www.panvel.com\/blog\/dicas-de-beleza\/dicas-para-manter-o-cabelo-hidratado-no-verao\/","url":"https:\/\/www.panvel.com\/blog\/dicas-de-beleza\/dicas-para-manter-o-cabelo-hidratado-no-verao\/","name":"Dicas e cuidados para evitar o frizz e manter os cabelos hidratados","isPartOf":{"@id":"https:\/\/www.panvel.com\/blog\/#website"},"datePublished":"2025-02-03T13:19:36+00:00","dateModified":"2025-02-12T20:24:12+00:00","description":"Calor e agentes externos s\u00e3o alguns dos vil\u00f5es que danificam os fios na esta\u00e7\u00e3o mais quente. | Leia mais no Blog Panvel.","breadcrumb":{"@id":"https:\/\/www.panvel.com\/blog\/dicas-de-beleza\/dicas-para-manter-o-cabelo-hidratado-no-verao\/#breadcrumb"},"inLanguage":"pt-BR","potentialAction":[{"@type":"ReadAction","target":["https:\/\/www.panvel.com\/blog\/dicas-de-beleza\/dicas-para-manter-o-cabelo-hidratado-no-verao\/"]}]},{"@type":"BreadcrumbList","@id":"https:\/\/www.panvel.com\/blog\/dicas-de-beleza\/dicas-para-manter-o-cabelo-hidratado-no-verao\/#breadcrumb","itemListElement":[{"@type":"ListItem","position":1,"name":"Home","item":"https:\/\/www.panvel.com\/blog\/"},{"@type":"ListItem","position":2,"name":"Rotina de Beleza","item":"https:\/\/www.panvel.com\/blog\/dicas-de-beleza\/"},{"@type":"ListItem","position":3,"name":"7 dicas e cuidados para evitar o frizz e manter os cabelos hidratados no ver\u00e3o"}]},{"@type":"WebSite","@id":"https:\/\/www.panvel.com\/blog\/#website","url":"https:\/\/www.panvel.com\/blog\/","name":"Blog Bem Panvel","description":"Aqui voc\u00ea encontra conte\u00fados e dicas de sa\u00fade, beleza, bem-estar e muito mais.","publisher":{"@id":"https:\/\/www.panvel.com\/blog\/#organization"},"potentialAction":[{"@type":"SearchAction","target":{"@type":"EntryPoint","urlTemplate":"https:\/\/www.panvel.com\/blog\/?s={search_term_string}"},"query-input":"required name=search_term_string"}],"inLanguage":"pt-BR"},{"@type":"Organization","@id":"https:\/\/www.panvel.com\/blog\/#organization","name":"Panvel Farm\u00e1cias","url":"https:\/\/www.panvel.com\/blog\/","logo":{"@type":"ImageObject","inLanguage":"pt-BR","@id":"https:\/\/www.panvel.com\/blog\/#\/schema\/logo\/image\/","url":"https:\/\/www.panvel.com\/blog\/wp-content\/uploads\/2020\/10\/logo.png","contentUrl":"https:\/\/www.panvel.com\/blog\/wp-content\/uploads\/2020\/10\/logo.png","width":402,"height":53,"caption":"Panvel Farm\u00e1cias"},"image":{"@id":"https:\/\/www.panvel.com\/blog\/#\/schema\/logo\/image\/"}},{"@type":"Person","@id":"https:\/\/www.panvel.com\/blog\/#\/schema\/person\/79f5c113f9621ed83897942f6e7501e3","name":"Equipe Panvel","image":{"@type":"ImageObject","inLanguage":"pt-BR","@id":"https:\/\/www.panvel.com\/blog\/#\/schema\/person\/image\/","url":"https:\/\/www.panvel.com\/blog\/wp-content\/uploads\/2022\/09\/blog-panvel-1.jpg","contentUrl":"https:\/\/www.panvel.com\/blog\/wp-content\/uploads\/2022\/09\/blog-panvel-1.jpg","caption":"Equipe Panvel"},"description":"O Blog Bem Panvel conta com uma equipe formada por especialistas e traz para seus leitores conte\u00fados relevantes e de qualidade sobre sa\u00fade, beleza e bem-estar.","url":"https:\/\/www.panvel.com\/blog\/author\/dimedmkt\/"}]}},"_links":{"self":[{"href":"https:\/\/www.panvel.com\/blog\/wp-json\/wp\/v2\/posts\/9642"}],"collection":[{"href":"https:\/\/www.panvel.com\/blog\/wp-json\/wp\/v2\/posts"}],"about":[{"href":"https:\/\/www.panvel.com\/blog\/wp-json\/wp\/v2\/types\/post"}],"author":[{"embeddable":true,"href":"https:\/\/www.panvel.com\/blog\/wp-json\/wp\/v2\/users\/3"}],"replies":[{"embeddable":true,"href":"https:\/\/www.panvel.com\/blog\/wp-json\/wp\/v2\/comments?post=9642"}],"version-history":[{"count":5,"href":"https:\/\/www.panvel.com\/blog\/wp-json\/wp\/v2\/posts\/9642\/revisions"}],"predecessor-version":[{"id":9794,"href":"https:\/\/www.panvel.com\/blog\/wp-json\/wp\/v2\/posts\/9642\/revisions\/9794"}],"wp:featuredmedia":[{"embeddable":true,"href":"https:\/\/www.panvel.com\/blog\/wp-json\/wp\/v2\/media\/9657"}],"wp:attachment":[{"href":"https:\/\/www.panvel.com\/blog\/wp-json\/wp\/v2\/media?parent=9642"}],"wp:term":[{"taxonomy":"category","embeddable":true,"href":"https:\/\/www.panvel.com\/blog\/wp-json\/wp\/v2\/categories?post=9642"},{"taxonomy":"post_tag","embeddable":true,"href":"https:\/\/www.panvel.com\/blog\/wp-json\/wp\/v2\/tags?post=9642"},{"taxonomy":"sponsor","embeddable":true,"href":"https:\/\/www.panvel.com\/blog\/wp-json\/wp\/v2\/sponsor?post=9642"}],"curies":[{"name":"wp","href":"https:\/\/api.w.org\/{rel}","templated":true}]}}