{"id":9543,"date":"2025-01-16T11:25:04","date_gmt":"2025-01-16T14:25:04","guid":{"rendered":"https:\/\/www.panvel.com\/blog\/?p=9543"},"modified":"2025-01-16T11:25:05","modified_gmt":"2025-01-16T14:25:05","slug":"conheca-os-sinais-de-desidratacao","status":"publish","type":"post","link":"https:\/\/www.panvel.com\/blog\/dicas-de-saude\/conheca-os-sinais-de-desidratacao\/","title":{"rendered":"Reconhe\u00e7a os sinais da desidrata\u00e7\u00e3o e proteja sua sa\u00fade nos dias mais quentes"},"content":{"rendered":"\n<p><\/p>\n\n\n\n<p>Com as <strong>altas temperaturas<\/strong> dominando o clima no Brasil, \u00e9 essencial aumentar os cuidados com a sa\u00fade. Um estudo realizado por cientistas brasileiros e portugueses vinculados a institui\u00e7\u00f5es como a Universidade Federal do Rio de Janeiro (UFRJ), a Funda\u00e7\u00e3o Oswaldo Cruz (Fiocruz) e a Universidade de Lisboa apontou que as ondas de calor provocaram mais de 48 mil pessoas no Brasil entre 2000 e 2018.<\/p>\n\n\n\n<p>Al\u00e9m do desconforto, o <strong>calor extremo<\/strong> pode trazer s\u00e9rias consequ\u00eancias \u00e0 sa\u00fade, como desidrata\u00e7\u00e3o, insola\u00e7\u00e3o e dist\u00farbios digestivos. A nutr\u00f3loga N\u00e1dia Haubert, professora do curso de Medicina do <a href=\"https:\/\/www.uniceub.br\/\">Centro Universit\u00e1rio de Bras\u00edlia (CEUB)<\/a>, alerta que esses riscos s\u00e3o ainda maiores para idosos, gestantes e crian\u00e7as.<\/p>\n\n\n\n<h3 class=\"wp-block-heading\"><strong>Os riscos das altas temperaturas<\/strong><\/h3>\n\n\n\n<p><\/p>\n\n\n\n<p>Durante <strong>ondas de calor<\/strong>, o organismo humano enfrenta um estresse t\u00e9rmico que pode resultar em sintomas leves, como dores de cabe\u00e7a e mal-estar, ou condi\u00e7\u00f5es mais graves, como hipertermia e perda de consci\u00eancia. Em casos extremos, o calor pode provocar parada card\u00edaca devido ao esgotamento dos sistemas nervoso central e circulat\u00f3rio.<\/p>\n\n\n\n<p>Os sinais de <strong>desidrata\u00e7\u00e3o<\/strong> incluem:<\/p>\n\n\n\n<ul>\n<li>Boca seca<\/li>\n\n\n\n<li>Urina escura<\/li>\n\n\n\n<li>Fadiga<\/li>\n\n\n\n<li>Tontura<\/li>\n\n\n\n<li>Confus\u00e3o mental<\/li>\n<\/ul>\n\n\n\n<p>Se esses sintomas forem acompanhados de dor no peito ou falta de ar, \u00e9 imprescind\u00edvel buscar ajuda m\u00e9dica imediatamente.<\/p>\n\n\n\n<h3 class=\"wp-block-heading\"><strong>Como prevenir a desidrata\u00e7\u00e3o<\/strong><\/h3>\n\n\n\n<p><\/p>\n\n\n\n<p>Para enfrentar o calor intenso, a hidrata\u00e7\u00e3o e a escolha de alimentos leves s\u00e3o fundamentais. Veja as dicas da professora N\u00e1dia Haubert:<\/p>\n\n\n\n<ul>\n<li><strong>Beba l\u00edquidos frequentemente:<\/strong> a \u00e1gua \u00e9 essencial, mas sucos naturais e \u00e1gua de coco tamb\u00e9m ajudam a repor sais minerais.<\/li>\n\n\n\n<li><strong>Evite a exposi\u00e7\u00e3o direta ao sol:<\/strong> especialmente nos hor\u00e1rios de maior intensidade, entre 10h e 16h.<\/li>\n\n\n\n<li><strong>Use protetor solar:<\/strong> proteja sua pele contra queimaduras e reduza os riscos de c\u00e2ncer de pele.<\/li>\n\n\n\n<li><strong>Escolha roupas leves:<\/strong> prefira tecidos frescos e de cores claras, e use bon\u00e9s ou chap\u00e9us com prote\u00e7\u00e3o UV.<\/li>\n\n\n\n<li><strong>Adote uma alimenta\u00e7\u00e3o leve:<\/strong> inclua frutas ricas em \u00e1gua, como mel\u00e3o, melancia e laranja, e consuma alimentos frescos, como verduras e legumes<\/li>\n\n\n\n<li><strong>Evite alimentos gordurosos:<\/strong> eles tornam a digest\u00e3o mais lenta e aumentam o desconforto t\u00e9rmico.<\/li>\n\n\n\n<li><strong>Pratique atividades f\u00edsicas em hor\u00e1rios adequados:<\/strong> o ideal \u00e9 se exercitar no in\u00edcio da manh\u00e3 ou \u00e0 noite, quando as temperaturas est\u00e3o mais amenas.<\/li>\n\n\n\n<li><strong>Evite bebidas alco\u00f3licas:<\/strong> elas aumentam a desidrata\u00e7\u00e3o e o risco de exaust\u00e3o t\u00e9rmica.<\/li>\n<\/ul>\n\n\n\n<h3 class=\"wp-block-heading\"><strong>A import\u00e2ncia da hidrata\u00e7\u00e3o<\/strong><\/h3>\n\n\n\n<p><\/p>\n\n\n\n<p>Manter-se <strong>hidratado<\/strong> nos dias mais quentes \u00e9 fundamental para o bom funcionamento do organismo. A \u00e1gua desempenha papel vital na regula\u00e7\u00e3o da temperatura corporal, transporte de nutrientes e elimina\u00e7\u00e3o de toxinas. Durante os dias de <strong>calor extremo<\/strong>, o corpo perde mais l\u00edquidos devido \u00e0 transpira\u00e7\u00e3o, exigindo uma reposi\u00e7\u00e3o constante.<\/p>\n\n\n\n<p>Frutas como melancia, mel\u00e3o e abacaxi n\u00e3o apenas hidratam, mas tamb\u00e9m fornecem vitaminas e minerais que auxiliam no funcionamento do organismo. Al\u00e9m disso, alimentos leves e frescos ajudam a evitar sobrecarga no sistema digestivo, reduzindo sintomas como mal-estar e indisposi\u00e7\u00e3o.<\/p>\n\n\n\n<h3 class=\"wp-block-heading\"><strong>Cuidados especiais para grupos vulner\u00e1veis<\/strong><\/h3>\n\n\n\n<p><\/p>\n\n\n\n<p>Gestantes, crian\u00e7as e idosos precisam de aten\u00e7\u00e3o redobrada sob altas temperaturas. Esses grupos t\u00eam menor capacidade de regular a temperatura corporal, o que os torna mais suscet\u00edveis \u00e0 <strong>desidrata\u00e7\u00e3o<\/strong> e a outros efeitos do calor. Garantir a hidrata\u00e7\u00e3o adequada e proteger essas pessoas do calor excessivo \u00e9 essencial para evitar complica\u00e7\u00f5es graves.<\/p>\n\n\n\n<p>Priorizar a hidrata\u00e7\u00e3o, consumir alimentos leves e proteger-se do sol s\u00e3o atitudes simples que fazem toda a diferen\u00e7a nos dias mais quentes. Esteja atento aos sinais do corpo e procure adotar medidas preventivas para ajudar a evitar complica\u00e7\u00f5es e garantir o bem-estar no ver\u00e3o.<\/p>\n\n\n\n<p><\/p>\n","protected":false},"excerpt":{"rendered":"<p>Alimentos leves e ingest\u00e3o de \u00e1gua ajudam a enfrentar as altas temperaturas do ver\u00e3o.<\/p>\n","protected":false},"author":3,"featured_media":9557,"comment_status":"open","ping_status":"open","sticky":false,"template":"","format":"standard","meta":[],"categories":[5],"tags":[1866,2489,31,2491,179,2493,15,2492,2490,20,2494,418,419,2488],"sponsor":[],"acf":[],"yoast_head":"<!-- This site is optimized with the Yoast SEO plugin v20.7 - https:\/\/yoast.com\/wordpress\/plugins\/seo\/ -->\n<title>Saiba quais s\u00e3o os sinais da desidrata\u00e7\u00e3o e proteja sua sa\u00fade<\/title>\n<meta name=\"description\" content=\"Alimentos leves e ingest\u00e3o de \u00e1gua ajudam a enfrentar as altas temperaturas do ver\u00e3o. | Leia mais no Blog Panvel.\" \/>\n<meta name=\"robots\" content=\"index, follow, max-snippet:-1, max-image-preview:large, max-video-preview:-1\" \/>\n<link rel=\"canonical\" href=\"https:\/\/www.panvel.com\/blog\/dicas-de-saude\/conheca-os-sinais-de-desidratacao\/\" \/>\n<meta property=\"og:locale\" content=\"pt_BR\" \/>\n<meta property=\"og:type\" content=\"article\" \/>\n<meta property=\"og:title\" content=\"Saiba quais s\u00e3o os sinais da desidrata\u00e7\u00e3o e proteja sua sa\u00fade\" \/>\n<meta property=\"og:description\" content=\"Alimentos leves e ingest\u00e3o de \u00e1gua ajudam a enfrentar as altas temperaturas do ver\u00e3o. | Leia mais no Blog Panvel.\" \/>\n<meta property=\"og:url\" content=\"https:\/\/www.panvel.com\/blog\/dicas-de-saude\/conheca-os-sinais-de-desidratacao\/\" \/>\n<meta property=\"og:site_name\" content=\"Blog Bem Panvel\" \/>\n<meta property=\"article:published_time\" content=\"2025-01-16T14:25:04+00:00\" \/>\n<meta property=\"article:modified_time\" content=\"2025-01-16T14:25:05+00:00\" \/>\n<meta property=\"og:image\" content=\"https:\/\/www.panvel.com\/blog\/wp-content\/uploads\/2025\/01\/Blog-1024x496-bebendo-agua.png\" \/>\n\t<meta property=\"og:image:width\" content=\"1024\" \/>\n\t<meta property=\"og:image:height\" content=\"496\" \/>\n\t<meta property=\"og:image:type\" content=\"image\/png\" \/>\n<meta name=\"author\" content=\"Equipe Panvel\" \/>\n<meta name=\"twitter:card\" content=\"summary_large_image\" \/>\n<meta name=\"twitter:label1\" content=\"Escrito por\" \/>\n\t<meta name=\"twitter:data1\" content=\"Equipe Panvel\" \/>\n\t<meta name=\"twitter:label2\" content=\"Est. tempo de leitura\" \/>\n\t<meta name=\"twitter:data2\" content=\"4 minutos\" \/>\n<script type=\"application\/ld+json\" class=\"yoast-schema-graph\">{\"@context\":\"https:\/\/schema.org\",\"@graph\":[{\"@type\":\"Article\",\"@id\":\"https:\/\/www.panvel.com\/blog\/dicas-de-saude\/conheca-os-sinais-de-desidratacao\/#article\",\"isPartOf\":{\"@id\":\"https:\/\/www.panvel.com\/blog\/dicas-de-saude\/conheca-os-sinais-de-desidratacao\/\"},\"author\":{\"name\":\"Equipe Panvel\",\"@id\":\"https:\/\/www.panvel.com\/blog\/#\/schema\/person\/79f5c113f9621ed83897942f6e7501e3\"},\"headline\":\"Reconhe\u00e7a os sinais da desidrata\u00e7\u00e3o e proteja sua sa\u00fade nos dias mais quentes\",\"datePublished\":\"2025-01-16T14:25:04+00:00\",\"dateModified\":\"2025-01-16T14:25:05+00:00\",\"mainEntityOfPage\":{\"@id\":\"https:\/\/www.panvel.com\/blog\/dicas-de-saude\/conheca-os-sinais-de-desidratacao\/\"},\"wordCount\":639,\"commentCount\":0,\"publisher\":{\"@id\":\"https:\/\/www.panvel.com\/blog\/#organization\"},\"keywords\":[\"alimentos leves\",\"altas temperaturas\",\"Bem Estar\",\"como se proteger do calor\",\"Cuidados com a sa\u00fade\",\"cuidados com idosos e crian\u00e7as no calor\",\"Dicas\",\"frutas que hidratam\",\"hidrata\u00e7\u00e3o no calor\",\"Preven\u00e7\u00e3o\",\"preven\u00e7\u00e3o contra insola\u00e7\u00e3o\",\"saude\",\"sa\u00fade\",\"sinais de desidrata\u00e7\u00e3o\"],\"articleSection\":[\"Rotina de Sa\u00fade\"],\"inLanguage\":\"pt-BR\",\"potentialAction\":[{\"@type\":\"CommentAction\",\"name\":\"Comment\",\"target\":[\"https:\/\/www.panvel.com\/blog\/dicas-de-saude\/conheca-os-sinais-de-desidratacao\/#respond\"]}]},{\"@type\":\"WebPage\",\"@id\":\"https:\/\/www.panvel.com\/blog\/dicas-de-saude\/conheca-os-sinais-de-desidratacao\/\",\"url\":\"https:\/\/www.panvel.com\/blog\/dicas-de-saude\/conheca-os-sinais-de-desidratacao\/\",\"name\":\"Saiba quais s\u00e3o os sinais da desidrata\u00e7\u00e3o e proteja sua sa\u00fade\",\"isPartOf\":{\"@id\":\"https:\/\/www.panvel.com\/blog\/#website\"},\"datePublished\":\"2025-01-16T14:25:04+00:00\",\"dateModified\":\"2025-01-16T14:25:05+00:00\",\"description\":\"Alimentos leves e ingest\u00e3o de \u00e1gua ajudam a enfrentar as altas temperaturas do ver\u00e3o. | Leia mais no Blog Panvel.\",\"breadcrumb\":{\"@id\":\"https:\/\/www.panvel.com\/blog\/dicas-de-saude\/conheca-os-sinais-de-desidratacao\/#breadcrumb\"},\"inLanguage\":\"pt-BR\",\"potentialAction\":[{\"@type\":\"ReadAction\",\"target\":[\"https:\/\/www.panvel.com\/blog\/dicas-de-saude\/conheca-os-sinais-de-desidratacao\/\"]}]},{\"@type\":\"BreadcrumbList\",\"@id\":\"https:\/\/www.panvel.com\/blog\/dicas-de-saude\/conheca-os-sinais-de-desidratacao\/#breadcrumb\",\"itemListElement\":[{\"@type\":\"ListItem\",\"position\":1,\"name\":\"Home\",\"item\":\"https:\/\/www.panvel.com\/blog\/\"},{\"@type\":\"ListItem\",\"position\":2,\"name\":\"Rotina de Sa\u00fade\",\"item\":\"https:\/\/www.panvel.com\/blog\/dicas-de-saude\/\"},{\"@type\":\"ListItem\",\"position\":3,\"name\":\"Reconhe\u00e7a os sinais da desidrata\u00e7\u00e3o e proteja sua sa\u00fade nos dias mais quentes\"}]},{\"@type\":\"WebSite\",\"@id\":\"https:\/\/www.panvel.com\/blog\/#website\",\"url\":\"https:\/\/www.panvel.com\/blog\/\",\"name\":\"Blog Bem Panvel\",\"description\":\"Aqui voc\u00ea encontra conte\u00fados e dicas de sa\u00fade, beleza, bem-estar e muito mais.\",\"publisher\":{\"@id\":\"https:\/\/www.panvel.com\/blog\/#organization\"},\"potentialAction\":[{\"@type\":\"SearchAction\",\"target\":{\"@type\":\"EntryPoint\",\"urlTemplate\":\"https:\/\/www.panvel.com\/blog\/?s={search_term_string}\"},\"query-input\":\"required name=search_term_string\"}],\"inLanguage\":\"pt-BR\"},{\"@type\":\"Organization\",\"@id\":\"https:\/\/www.panvel.com\/blog\/#organization\",\"name\":\"Panvel Farm\u00e1cias\",\"url\":\"https:\/\/www.panvel.com\/blog\/\",\"logo\":{\"@type\":\"ImageObject\",\"inLanguage\":\"pt-BR\",\"@id\":\"https:\/\/www.panvel.com\/blog\/#\/schema\/logo\/image\/\",\"url\":\"https:\/\/www.panvel.com\/blog\/wp-content\/uploads\/2020\/10\/logo.png\",\"contentUrl\":\"https:\/\/www.panvel.com\/blog\/wp-content\/uploads\/2020\/10\/logo.png\",\"width\":402,\"height\":53,\"caption\":\"Panvel Farm\u00e1cias\"},\"image\":{\"@id\":\"https:\/\/www.panvel.com\/blog\/#\/schema\/logo\/image\/\"}},{\"@type\":\"Person\",\"@id\":\"https:\/\/www.panvel.com\/blog\/#\/schema\/person\/79f5c113f9621ed83897942f6e7501e3\",\"name\":\"Equipe Panvel\",\"image\":{\"@type\":\"ImageObject\",\"inLanguage\":\"pt-BR\",\"@id\":\"https:\/\/www.panvel.com\/blog\/#\/schema\/person\/image\/\",\"url\":\"https:\/\/www.panvel.com\/blog\/wp-content\/uploads\/2022\/09\/blog-panvel-1.jpg\",\"contentUrl\":\"https:\/\/www.panvel.com\/blog\/wp-content\/uploads\/2022\/09\/blog-panvel-1.jpg\",\"caption\":\"Equipe Panvel\"},\"description\":\"O Blog Bem Panvel conta com uma equipe formada por especialistas e traz para seus leitores conte\u00fados relevantes e de qualidade sobre sa\u00fade, beleza e bem-estar.\",\"url\":\"https:\/\/www.panvel.com\/blog\/author\/dimedmkt\/\"}]}<\/script>\n<!-- \/ Yoast SEO plugin. -->","yoast_head_json":{"title":"Saiba quais s\u00e3o os sinais da desidrata\u00e7\u00e3o e proteja sua sa\u00fade","description":"Alimentos leves e ingest\u00e3o de \u00e1gua ajudam a enfrentar as altas temperaturas do ver\u00e3o. | Leia mais no Blog Panvel.","robots":{"index":"index","follow":"follow","max-snippet":"max-snippet:-1","max-image-preview":"max-image-preview:large","max-video-preview":"max-video-preview:-1"},"canonical":"https:\/\/www.panvel.com\/blog\/dicas-de-saude\/conheca-os-sinais-de-desidratacao\/","og_locale":"pt_BR","og_type":"article","og_title":"Saiba quais s\u00e3o os sinais da desidrata\u00e7\u00e3o e proteja sua sa\u00fade","og_description":"Alimentos leves e ingest\u00e3o de \u00e1gua ajudam a enfrentar as altas temperaturas do ver\u00e3o. | Leia mais no Blog Panvel.","og_url":"https:\/\/www.panvel.com\/blog\/dicas-de-saude\/conheca-os-sinais-de-desidratacao\/","og_site_name":"Blog Bem Panvel","article_published_time":"2025-01-16T14:25:04+00:00","article_modified_time":"2025-01-16T14:25:05+00:00","og_image":[{"width":1024,"height":496,"url":"https:\/\/www.panvel.com\/blog\/wp-content\/uploads\/2025\/01\/Blog-1024x496-bebendo-agua.png","type":"image\/png"}],"author":"Equipe Panvel","twitter_card":"summary_large_image","twitter_misc":{"Escrito por":"Equipe Panvel","Est. tempo de leitura":"4 minutos"},"schema":{"@context":"https:\/\/schema.org","@graph":[{"@type":"Article","@id":"https:\/\/www.panvel.com\/blog\/dicas-de-saude\/conheca-os-sinais-de-desidratacao\/#article","isPartOf":{"@id":"https:\/\/www.panvel.com\/blog\/dicas-de-saude\/conheca-os-sinais-de-desidratacao\/"},"author":{"name":"Equipe Panvel","@id":"https:\/\/www.panvel.com\/blog\/#\/schema\/person\/79f5c113f9621ed83897942f6e7501e3"},"headline":"Reconhe\u00e7a os sinais da desidrata\u00e7\u00e3o e proteja sua sa\u00fade nos dias mais quentes","datePublished":"2025-01-16T14:25:04+00:00","dateModified":"2025-01-16T14:25:05+00:00","mainEntityOfPage":{"@id":"https:\/\/www.panvel.com\/blog\/dicas-de-saude\/conheca-os-sinais-de-desidratacao\/"},"wordCount":639,"commentCount":0,"publisher":{"@id":"https:\/\/www.panvel.com\/blog\/#organization"},"keywords":["alimentos leves","altas temperaturas","Bem Estar","como se proteger do calor","Cuidados com a sa\u00fade","cuidados com idosos e crian\u00e7as no calor","Dicas","frutas que hidratam","hidrata\u00e7\u00e3o no calor","Preven\u00e7\u00e3o","preven\u00e7\u00e3o contra insola\u00e7\u00e3o","saude","sa\u00fade","sinais de desidrata\u00e7\u00e3o"],"articleSection":["Rotina de Sa\u00fade"],"inLanguage":"pt-BR","potentialAction":[{"@type":"CommentAction","name":"Comment","target":["https:\/\/www.panvel.com\/blog\/dicas-de-saude\/conheca-os-sinais-de-desidratacao\/#respond"]}]},{"@type":"WebPage","@id":"https:\/\/www.panvel.com\/blog\/dicas-de-saude\/conheca-os-sinais-de-desidratacao\/","url":"https:\/\/www.panvel.com\/blog\/dicas-de-saude\/conheca-os-sinais-de-desidratacao\/","name":"Saiba quais s\u00e3o os sinais da desidrata\u00e7\u00e3o e proteja sua sa\u00fade","isPartOf":{"@id":"https:\/\/www.panvel.com\/blog\/#website"},"datePublished":"2025-01-16T14:25:04+00:00","dateModified":"2025-01-16T14:25:05+00:00","description":"Alimentos leves e ingest\u00e3o de \u00e1gua ajudam a enfrentar as altas temperaturas do ver\u00e3o. | Leia mais no Blog Panvel.","breadcrumb":{"@id":"https:\/\/www.panvel.com\/blog\/dicas-de-saude\/conheca-os-sinais-de-desidratacao\/#breadcrumb"},"inLanguage":"pt-BR","potentialAction":[{"@type":"ReadAction","target":["https:\/\/www.panvel.com\/blog\/dicas-de-saude\/conheca-os-sinais-de-desidratacao\/"]}]},{"@type":"BreadcrumbList","@id":"https:\/\/www.panvel.com\/blog\/dicas-de-saude\/conheca-os-sinais-de-desidratacao\/#breadcrumb","itemListElement":[{"@type":"ListItem","position":1,"name":"Home","item":"https:\/\/www.panvel.com\/blog\/"},{"@type":"ListItem","position":2,"name":"Rotina de Sa\u00fade","item":"https:\/\/www.panvel.com\/blog\/dicas-de-saude\/"},{"@type":"ListItem","position":3,"name":"Reconhe\u00e7a os sinais da desidrata\u00e7\u00e3o e proteja sua sa\u00fade nos dias mais quentes"}]},{"@type":"WebSite","@id":"https:\/\/www.panvel.com\/blog\/#website","url":"https:\/\/www.panvel.com\/blog\/","name":"Blog Bem Panvel","description":"Aqui voc\u00ea encontra conte\u00fados e dicas de sa\u00fade, beleza, bem-estar e muito mais.","publisher":{"@id":"https:\/\/www.panvel.com\/blog\/#organization"},"potentialAction":[{"@type":"SearchAction","target":{"@type":"EntryPoint","urlTemplate":"https:\/\/www.panvel.com\/blog\/?s={search_term_string}"},"query-input":"required name=search_term_string"}],"inLanguage":"pt-BR"},{"@type":"Organization","@id":"https:\/\/www.panvel.com\/blog\/#organization","name":"Panvel Farm\u00e1cias","url":"https:\/\/www.panvel.com\/blog\/","logo":{"@type":"ImageObject","inLanguage":"pt-BR","@id":"https:\/\/www.panvel.com\/blog\/#\/schema\/logo\/image\/","url":"https:\/\/www.panvel.com\/blog\/wp-content\/uploads\/2020\/10\/logo.png","contentUrl":"https:\/\/www.panvel.com\/blog\/wp-content\/uploads\/2020\/10\/logo.png","width":402,"height":53,"caption":"Panvel Farm\u00e1cias"},"image":{"@id":"https:\/\/www.panvel.com\/blog\/#\/schema\/logo\/image\/"}},{"@type":"Person","@id":"https:\/\/www.panvel.com\/blog\/#\/schema\/person\/79f5c113f9621ed83897942f6e7501e3","name":"Equipe Panvel","image":{"@type":"ImageObject","inLanguage":"pt-BR","@id":"https:\/\/www.panvel.com\/blog\/#\/schema\/person\/image\/","url":"https:\/\/www.panvel.com\/blog\/wp-content\/uploads\/2022\/09\/blog-panvel-1.jpg","contentUrl":"https:\/\/www.panvel.com\/blog\/wp-content\/uploads\/2022\/09\/blog-panvel-1.jpg","caption":"Equipe Panvel"},"description":"O Blog Bem Panvel conta com uma equipe formada por especialistas e traz para seus leitores conte\u00fados relevantes e de qualidade sobre sa\u00fade, beleza e bem-estar.","url":"https:\/\/www.panvel.com\/blog\/author\/dimedmkt\/"}]}},"_links":{"self":[{"href":"https:\/\/www.panvel.com\/blog\/wp-json\/wp\/v2\/posts\/9543"}],"collection":[{"href":"https:\/\/www.panvel.com\/blog\/wp-json\/wp\/v2\/posts"}],"about":[{"href":"https:\/\/www.panvel.com\/blog\/wp-json\/wp\/v2\/types\/post"}],"author":[{"embeddable":true,"href":"https:\/\/www.panvel.com\/blog\/wp-json\/wp\/v2\/users\/3"}],"replies":[{"embeddable":true,"href":"https:\/\/www.panvel.com\/blog\/wp-json\/wp\/v2\/comments?post=9543"}],"version-history":[{"count":1,"href":"https:\/\/www.panvel.com\/blog\/wp-json\/wp\/v2\/posts\/9543\/revisions"}],"predecessor-version":[{"id":9544,"href":"https:\/\/www.panvel.com\/blog\/wp-json\/wp\/v2\/posts\/9543\/revisions\/9544"}],"wp:featuredmedia":[{"embeddable":true,"href":"https:\/\/www.panvel.com\/blog\/wp-json\/wp\/v2\/media\/9557"}],"wp:attachment":[{"href":"https:\/\/www.panvel.com\/blog\/wp-json\/wp\/v2\/media?parent=9543"}],"wp:term":[{"taxonomy":"category","embeddable":true,"href":"https:\/\/www.panvel.com\/blog\/wp-json\/wp\/v2\/categories?post=9543"},{"taxonomy":"post_tag","embeddable":true,"href":"https:\/\/www.panvel.com\/blog\/wp-json\/wp\/v2\/tags?post=9543"},{"taxonomy":"sponsor","embeddable":true,"href":"https:\/\/www.panvel.com\/blog\/wp-json\/wp\/v2\/sponsor?post=9543"}],"curies":[{"name":"wp","href":"https:\/\/api.w.org\/{rel}","templated":true}]}}