{"id":9532,"date":"2025-01-14T14:56:50","date_gmt":"2025-01-14T17:56:50","guid":{"rendered":"https:\/\/www.panvel.com\/blog\/?p=9532"},"modified":"2025-01-14T14:56:51","modified_gmt":"2025-01-14T17:56:51","slug":"janeiro-branco-importancia-do-autocuidado","status":"publish","type":"post","link":"https:\/\/www.panvel.com\/blog\/dicas-de-saude\/janeiro-branco-importancia-do-autocuidado\/","title":{"rendered":"Janeiro Branco: a import\u00e2ncia do autocuidado mental e emocional"},"content":{"rendered":"\n<p><\/p>\n\n\n\n<p>Quando o calend\u00e1rio de um novo ano se inaugura, \u00e9 comum fazermos balan\u00e7os e tra\u00e7armos metas para os pr\u00f3ximos meses. Em meio a tantos objetivos relacionados \u00e0 carreira, \u00e0s finan\u00e7as e \u00e0 sa\u00fade f\u00edsica, \u00e9 importante dedicar aten\u00e7\u00e3o tamb\u00e9m \u00e0 nossa <strong>sa\u00fade mental<\/strong>. O <strong>Janeiro Branco<\/strong> surge para chamar a aten\u00e7\u00e3o para essa quest\u00e3o que, apesar de importante, muitas vezes \u00e9 negligenciada.<\/p>\n\n\n\n<p>\u201cA defini\u00e7\u00e3o de <strong>sa\u00fade mental<\/strong> da Organiza\u00e7\u00e3o Mundial da Sa\u00fade (OMS) \u00e9 muito mais do que a aus\u00eancia de doen\u00e7as, e sim um estado de bem-estar formado por diversos elementos. Estar com a <strong>sa\u00fade mental<\/strong> \u2018em dia\u2019 \u00e9 sin\u00f4nimo de uma vida mais leve e com mais prop\u00f3sito\u201d, explica <a href=\"https:\/\/www.instagram.com\/psi.joanasenger\/\">a psic\u00f3loga Joana Senger<\/a>.<\/p>\n\n\n\n<h3 class=\"wp-block-heading\"><strong>O que \u00e9 o Janeiro Branco?<\/strong><\/h3>\n\n\n\n<p><\/p>\n\n\n\n<p>O <strong>Janeiro Branco<\/strong> \u00e9 uma campanha dedicada \u00e0 conscientiza\u00e7\u00e3o sobre a import\u00e2ncia da <strong>sa\u00fade mental<\/strong>. Criada em 2014 por psic\u00f3logos brasileiros, a iniciativa utiliza o simbolismo de recome\u00e7os associado ao m\u00eas de janeiro para incentivar reflex\u00f5es e mudan\u00e7as que promovam o bem-estar emocional. Assim como muitas pessoas come\u00e7am o ano estabelecendo novas metas, a campanha convida a colocar a <strong>sa\u00fade mental<\/strong> como prioridade ao longo do ano.<\/p>\n\n\n\n<h3 class=\"wp-block-heading\"><strong>A import\u00e2ncia da sa\u00fade mental<\/strong><\/h3>\n\n\n\n<p><\/p>\n\n\n\n<p>Apesar de ser um pilar fundamental para o bem-estar geral, a <strong>sa\u00fade mental<\/strong> \u00e9 cercada por estigmas e preconceitos. Muitas vezes, os transtornos psicol\u00f3gicos s\u00e3o vistos como fraqueza ou algo que pode ser ignorado, o que dificulta o diagn\u00f3stico e o tratamento adequado. Dados da OMS mostram que a <strong>depress\u00e3o<\/strong> \u00e9 uma das principais causas de incapacidade no mundo, afetando mais de 280 milh\u00f5es de pessoas globalmente.<\/p>\n\n\n\n<p>Ao promover o debate e a conscientiza\u00e7\u00e3o, o <strong>Janeiro Branc<\/strong>o ajuda a reduzir o estigma, encoraja as pessoas a buscarem ajuda e refor\u00e7a a import\u00e2ncia de pol\u00edticas p\u00fablicas voltadas \u00e0 sa\u00fade mental.<\/p>\n\n\n\n<h3 class=\"wp-block-heading\"><strong>Rela\u00e7\u00e3o entre o in\u00edcio do ano e a sa\u00fade mental<\/strong><\/h3>\n\n\n\n<p><\/p>\n\n\n\n<p>O m\u00eas de janeiro costuma ser um per\u00edodo de grande press\u00e3o emocional. Muitas pessoas sentem a necessidade de recome\u00e7ar, tra\u00e7ar metas ambiciosas e lidar com as cobran\u00e7as internas ou externas. Essa combina\u00e7\u00e3o pode gerar ansiedade, des\u00e2nimo ou mesmo sensa\u00e7\u00e3o de fracasso.<\/p>\n\n\n\n<p>Em meio a essa mistura de sensa\u00e7\u00f5es, o <strong>Janeiro Branco<\/strong> nos lembra que \u00e9 fundamental cuidar do bem-estar emocional durante esse per\u00edodo. Afinal, n\u00e3o \u00e9 preciso abra\u00e7ar todas as metas de uma vez, e priorizar a<strong> sa\u00fade mental<\/strong> deve ser o ponto de partida para qualquer planejamento.<\/p>\n\n\n\n<h3 class=\"wp-block-heading\"><strong>A import\u00e2ncia do psic\u00f3logo<\/strong><\/h3>\n\n\n\n<p><\/p>\n\n\n\n<p>Quando falamos em sa\u00fade mental, o <strong>psic\u00f3logo<\/strong> desempenha um papel essencial na promo\u00e7\u00e3o do bem-estar emocional e na ressignifica\u00e7\u00e3o de experi\u00eancias que causam sofrimento. Ele atua como um facilitador, ajudando o paciente a compreender como interpreta os acontecimentos e como essas percep\u00e7\u00f5es influenciam sua vida. Assim, auxilia na constru\u00e7\u00e3o de novos repert\u00f3rios, permitindo ao paciente lidar com os desafios de maneira mais saud\u00e1vel e alcan\u00e7ar um estado de equil\u00edbrio emocional.<br><br>\u201cMuitas pessoas falam que sabem o que fazer ou que podem conversar com um amigo, mas cabe ressaltar, que al\u00e9m de o <strong>psic\u00f3logo<\/strong> ser um profissional formado e que possui t\u00e9cnica, o espa\u00e7o terap\u00eautico tamb\u00e9m \u00e9 um lugar seguro e sem julgamento para que o sujeito possa se sentir \u00e0 vontade para trazer toda e qualquer demanda\u201d, explica Joana Senger.<br><br>A psic\u00f3loga explica que muitas pessoas deixam situa\u00e7\u00f5es chegarem no limite do sofrimento para buscar ajuda ou fazer mudan\u00e7as. Isso ocorre especialmente devido ao estigma envolvido na busca da terapia. \u201cAdiar o momento de procurar apoio profissional \u00e9 perigoso pois pode levar ao desenvolvimento de algum transtorno como <strong>depress\u00e3o<\/strong> e <strong>ansiedade<\/strong>. Portanto, um dos grandes pilares da <strong>sa\u00fade mental<\/strong> \u00e9 estarmos atentos a n\u00f3s mesmos e \u00e0s nossas necessidades. Podemos procurar ajuda frente a alguma situa\u00e7\u00e3o dif\u00edcil ou para fortalecer o nosso autoconhecimento. Terapia \u00e9 para todos\u201d, afirma.<\/p>\n\n\n\n<h3 class=\"wp-block-heading\"><strong>Como participar do Janeiro Branco<\/strong><\/h3>\n\n\n\n<p><\/p>\n\n\n\n<p>Em 2025, o tema do <a href=\"https:\/\/janeirobranco.org.br\/\"><strong>Janeiro Branco<\/strong><\/a> \u00e9 \u201cO que fazer pela sa\u00fade mental agora e sempre?\u201d. A campanha incentiva cada pessoa a refletir sobre a pr\u00f3pria sa\u00fade emocional e a buscar apoio, se necess\u00e1rio. Confira algumas maneiras de se engajar:<\/p>\n\n\n\n<ul>\n<li><strong>Divulgue a campanha:<\/strong> compartilhe informa\u00e7\u00f5es sobre o<strong> Janeiro Branco<\/strong> em suas redes sociais ou em sua comunidade.<br><\/li>\n\n\n\n<li><strong>Organize eventos:<\/strong> promova rodas de conversa ou palestras sobre temas como ansiedade, depress\u00e3o e autocuidado.<br><\/li>\n\n\n\n<li><strong>Pratique o autocuidado:<\/strong> reserve um tempo para refletir sobre suas emo\u00e7\u00f5es, identificar necessidades e buscar formas de relaxar e recarregar as energias.<br><\/li>\n\n\n\n<li><strong>Busque ajuda profissional:<\/strong> se sentir que precisa de suporte, n\u00e3o hesite em procurar um psic\u00f3logo ou psiquiatra.<\/li>\n<\/ul>\n\n\n\n<h3 class=\"wp-block-heading\"><strong>Dicas para manter a sa\u00fade mental em dia<\/strong><\/h3>\n\n\n\n<p><\/p>\n\n\n\n<p>J\u00e1 que o <strong>Janeiro Branco<\/strong> \u00e9 um convite para colocar o bem-estar emocional no topo de nossas prioridades, conhe\u00e7a uma lista de a\u00e7\u00f5es pr\u00e1ticas que voc\u00ea pode adotar no seu dia a dia:<\/p>\n\n\n\n<ul>\n<li><strong>Estabele\u00e7a metas realistas:<\/strong> planeje objetivos alcan\u00e7\u00e1veis e celebre cada conquista.<br><\/li>\n\n\n\n<li><strong>Pratique atividade f\u00edsica:<\/strong> exerc\u00edcios ajudam a liberar endorfinas, que melhoram o humor.<br><\/li>\n\n\n\n<li><strong>Tenha momentos de lazer:<\/strong> dedique-se a hobbies ou atividades que tragam prazer no dia a dia.<br><\/li>\n\n\n\n<li><strong>Conecte-se com outras pessoas:<\/strong> cultive rela\u00e7\u00f5es saud\u00e1veis e compartilhe suas experi\u00eancias com amigos ou familiares.<br><\/li>\n\n\n\n<li><strong>Descanse:<\/strong> d\u00ea aten\u00e7\u00e3o \u00e0 qualidade do seu sono e respeite os limites do seu corpo e mente.<\/li>\n<\/ul>\n\n\n\n<p>Ao nos conscientizarmos sobre a <strong>sa\u00fade mental<\/strong>, contribu\u00edmos para uma sociedade mais acolhedora, emp\u00e1tica e preparada para enfrentar os desafios do dia a dia.<\/p>\n\n\n<div class=\"wp-block-image\">\n<figure class=\"alignleft size-full is-resized\"><img decoding=\"async\" loading=\"lazy\" src=\"https:\/\/www.panvel.com\/blog\/wp-content\/uploads\/2025\/01\/medicaa-edited.jpg\" alt=\"\" class=\"wp-image-9534\" width=\"151\" height=\"233\"\/><\/figure><\/div>\n\n\n<h3 class=\"wp-block-heading\">Psic\u00f3loga <em>Joana Senger<\/em>.<\/h3>\n\n\n\n<p><\/p>\n\n\n\n<p><em>Especialista em Terapia Cognitivo comportamental e doutoranda na UFRGS. CRP 07\/27583<\/em>.<\/p>\n","protected":false},"excerpt":{"rendered":"<p>Simbolismo do in\u00edcio do ano pode incentivar reflex\u00f5es e mudan\u00e7as que promovam o bem-estar emocional.<\/p>\n","protected":false},"author":3,"featured_media":9536,"comment_status":"open","ping_status":"open","sticky":false,"template":"","format":"standard","meta":[],"categories":[5],"tags":[76,2483,2485,827,2487,75,30,2486,2484],"sponsor":[],"acf":[],"yoast_head":"<!-- This site is optimized with the Yoast SEO plugin v20.7 - https:\/\/yoast.com\/wordpress\/plugins\/seo\/ -->\n<title>Janeiro Branco: a import\u00e2ncia do autocuidado mental e emocional<\/title>\n<meta name=\"description\" content=\"Simbolismo do in\u00edcio do ano pode incentivar reflex\u00f5es e mudan\u00e7as que promovam o bem-estar emocional. | Leia mais no Blog Panvel.\" \/>\n<meta name=\"robots\" content=\"index, follow, max-snippet:-1, max-image-preview:large, max-video-preview:-1\" \/>\n<link rel=\"canonical\" href=\"https:\/\/www.panvel.com\/blog\/dicas-de-saude\/janeiro-branco-importancia-do-autocuidado\/\" \/>\n<meta property=\"og:locale\" content=\"pt_BR\" \/>\n<meta property=\"og:type\" content=\"article\" \/>\n<meta property=\"og:title\" content=\"Janeiro Branco: a import\u00e2ncia do autocuidado mental e emocional\" \/>\n<meta property=\"og:description\" content=\"Simbolismo do in\u00edcio do ano pode incentivar reflex\u00f5es e mudan\u00e7as que promovam o bem-estar emocional. | Leia mais no Blog Panvel.\" \/>\n<meta property=\"og:url\" content=\"https:\/\/www.panvel.com\/blog\/dicas-de-saude\/janeiro-branco-importancia-do-autocuidado\/\" \/>\n<meta property=\"og:site_name\" content=\"Blog Bem Panvel\" \/>\n<meta property=\"article:published_time\" content=\"2025-01-14T17:56:50+00:00\" \/>\n<meta property=\"article:modified_time\" content=\"2025-01-14T17:56:51+00:00\" \/>\n<meta property=\"og:image\" content=\"https:\/\/www.panvel.com\/blog\/wp-content\/uploads\/2025\/01\/Blog-1024x496-Sorrindo.png\" \/>\n\t<meta property=\"og:image:width\" content=\"1024\" \/>\n\t<meta property=\"og:image:height\" content=\"496\" \/>\n\t<meta property=\"og:image:type\" content=\"image\/png\" \/>\n<meta name=\"author\" content=\"Equipe Panvel\" \/>\n<meta name=\"twitter:card\" content=\"summary_large_image\" \/>\n<meta name=\"twitter:label1\" content=\"Escrito por\" \/>\n\t<meta name=\"twitter:data1\" content=\"Equipe Panvel\" \/>\n\t<meta name=\"twitter:label2\" content=\"Est. tempo de leitura\" \/>\n\t<meta name=\"twitter:data2\" content=\"6 minutos\" \/>\n<script type=\"application\/ld+json\" class=\"yoast-schema-graph\">{\"@context\":\"https:\/\/schema.org\",\"@graph\":[{\"@type\":\"Article\",\"@id\":\"https:\/\/www.panvel.com\/blog\/dicas-de-saude\/janeiro-branco-importancia-do-autocuidado\/#article\",\"isPartOf\":{\"@id\":\"https:\/\/www.panvel.com\/blog\/dicas-de-saude\/janeiro-branco-importancia-do-autocuidado\/\"},\"author\":{\"name\":\"Equipe Panvel\",\"@id\":\"https:\/\/www.panvel.com\/blog\/#\/schema\/person\/79f5c113f9621ed83897942f6e7501e3\"},\"headline\":\"Janeiro Branco: a import\u00e2ncia do autocuidado mental e emocional\",\"datePublished\":\"2025-01-14T17:56:50+00:00\",\"dateModified\":\"2025-01-14T17:56:51+00:00\",\"mainEntityOfPage\":{\"@id\":\"https:\/\/www.panvel.com\/blog\/dicas-de-saude\/janeiro-branco-importancia-do-autocuidado\/\"},\"wordCount\":975,\"commentCount\":0,\"publisher\":{\"@id\":\"https:\/\/www.panvel.com\/blog\/#organization\"},\"keywords\":[\"Autocuidado\",\"bem-estar emocional\",\"campanha Janeiro Branco\",\"conscientiza\u00e7\u00e3o\",\"dicas de sa\u00fade emocional\",\"janeiro branco\",\"Sa\u00fade Mental\",\"sa\u00fade mental no Brasil\",\"transtornos psicol\u00f3gicos\"],\"articleSection\":[\"Rotina de Sa\u00fade\"],\"inLanguage\":\"pt-BR\",\"potentialAction\":[{\"@type\":\"CommentAction\",\"name\":\"Comment\",\"target\":[\"https:\/\/www.panvel.com\/blog\/dicas-de-saude\/janeiro-branco-importancia-do-autocuidado\/#respond\"]}]},{\"@type\":\"WebPage\",\"@id\":\"https:\/\/www.panvel.com\/blog\/dicas-de-saude\/janeiro-branco-importancia-do-autocuidado\/\",\"url\":\"https:\/\/www.panvel.com\/blog\/dicas-de-saude\/janeiro-branco-importancia-do-autocuidado\/\",\"name\":\"Janeiro Branco: a import\u00e2ncia do autocuidado mental e emocional\",\"isPartOf\":{\"@id\":\"https:\/\/www.panvel.com\/blog\/#website\"},\"datePublished\":\"2025-01-14T17:56:50+00:00\",\"dateModified\":\"2025-01-14T17:56:51+00:00\",\"description\":\"Simbolismo do in\u00edcio do ano pode incentivar reflex\u00f5es e mudan\u00e7as que promovam o bem-estar emocional. | Leia mais no Blog Panvel.\",\"breadcrumb\":{\"@id\":\"https:\/\/www.panvel.com\/blog\/dicas-de-saude\/janeiro-branco-importancia-do-autocuidado\/#breadcrumb\"},\"inLanguage\":\"pt-BR\",\"potentialAction\":[{\"@type\":\"ReadAction\",\"target\":[\"https:\/\/www.panvel.com\/blog\/dicas-de-saude\/janeiro-branco-importancia-do-autocuidado\/\"]}]},{\"@type\":\"BreadcrumbList\",\"@id\":\"https:\/\/www.panvel.com\/blog\/dicas-de-saude\/janeiro-branco-importancia-do-autocuidado\/#breadcrumb\",\"itemListElement\":[{\"@type\":\"ListItem\",\"position\":1,\"name\":\"Home\",\"item\":\"https:\/\/www.panvel.com\/blog\/\"},{\"@type\":\"ListItem\",\"position\":2,\"name\":\"Rotina de Sa\u00fade\",\"item\":\"https:\/\/www.panvel.com\/blog\/dicas-de-saude\/\"},{\"@type\":\"ListItem\",\"position\":3,\"name\":\"Janeiro Branco: a import\u00e2ncia do autocuidado mental e emocional\"}]},{\"@type\":\"WebSite\",\"@id\":\"https:\/\/www.panvel.com\/blog\/#website\",\"url\":\"https:\/\/www.panvel.com\/blog\/\",\"name\":\"Blog Bem Panvel\",\"description\":\"Aqui voc\u00ea encontra conte\u00fados e dicas de sa\u00fade, beleza, bem-estar e muito mais.\",\"publisher\":{\"@id\":\"https:\/\/www.panvel.com\/blog\/#organization\"},\"potentialAction\":[{\"@type\":\"SearchAction\",\"target\":{\"@type\":\"EntryPoint\",\"urlTemplate\":\"https:\/\/www.panvel.com\/blog\/?s={search_term_string}\"},\"query-input\":\"required name=search_term_string\"}],\"inLanguage\":\"pt-BR\"},{\"@type\":\"Organization\",\"@id\":\"https:\/\/www.panvel.com\/blog\/#organization\",\"name\":\"Panvel Farm\u00e1cias\",\"url\":\"https:\/\/www.panvel.com\/blog\/\",\"logo\":{\"@type\":\"ImageObject\",\"inLanguage\":\"pt-BR\",\"@id\":\"https:\/\/www.panvel.com\/blog\/#\/schema\/logo\/image\/\",\"url\":\"https:\/\/www.panvel.com\/blog\/wp-content\/uploads\/2020\/10\/logo.png\",\"contentUrl\":\"https:\/\/www.panvel.com\/blog\/wp-content\/uploads\/2020\/10\/logo.png\",\"width\":402,\"height\":53,\"caption\":\"Panvel Farm\u00e1cias\"},\"image\":{\"@id\":\"https:\/\/www.panvel.com\/blog\/#\/schema\/logo\/image\/\"}},{\"@type\":\"Person\",\"@id\":\"https:\/\/www.panvel.com\/blog\/#\/schema\/person\/79f5c113f9621ed83897942f6e7501e3\",\"name\":\"Equipe Panvel\",\"image\":{\"@type\":\"ImageObject\",\"inLanguage\":\"pt-BR\",\"@id\":\"https:\/\/www.panvel.com\/blog\/#\/schema\/person\/image\/\",\"url\":\"https:\/\/www.panvel.com\/blog\/wp-content\/uploads\/2022\/09\/blog-panvel-1.jpg\",\"contentUrl\":\"https:\/\/www.panvel.com\/blog\/wp-content\/uploads\/2022\/09\/blog-panvel-1.jpg\",\"caption\":\"Equipe Panvel\"},\"description\":\"O Blog Bem Panvel conta com uma equipe formada por especialistas e traz para seus leitores conte\u00fados relevantes e de qualidade sobre sa\u00fade, beleza e bem-estar.\",\"url\":\"https:\/\/www.panvel.com\/blog\/author\/dimedmkt\/\"}]}<\/script>\n<!-- \/ Yoast SEO plugin. -->","yoast_head_json":{"title":"Janeiro Branco: a import\u00e2ncia do autocuidado mental e emocional","description":"Simbolismo do in\u00edcio do ano pode incentivar reflex\u00f5es e mudan\u00e7as que promovam o bem-estar emocional. | Leia mais no Blog Panvel.","robots":{"index":"index","follow":"follow","max-snippet":"max-snippet:-1","max-image-preview":"max-image-preview:large","max-video-preview":"max-video-preview:-1"},"canonical":"https:\/\/www.panvel.com\/blog\/dicas-de-saude\/janeiro-branco-importancia-do-autocuidado\/","og_locale":"pt_BR","og_type":"article","og_title":"Janeiro Branco: a import\u00e2ncia do autocuidado mental e emocional","og_description":"Simbolismo do in\u00edcio do ano pode incentivar reflex\u00f5es e mudan\u00e7as que promovam o bem-estar emocional. | Leia mais no Blog Panvel.","og_url":"https:\/\/www.panvel.com\/blog\/dicas-de-saude\/janeiro-branco-importancia-do-autocuidado\/","og_site_name":"Blog Bem Panvel","article_published_time":"2025-01-14T17:56:50+00:00","article_modified_time":"2025-01-14T17:56:51+00:00","og_image":[{"width":1024,"height":496,"url":"https:\/\/www.panvel.com\/blog\/wp-content\/uploads\/2025\/01\/Blog-1024x496-Sorrindo.png","type":"image\/png"}],"author":"Equipe Panvel","twitter_card":"summary_large_image","twitter_misc":{"Escrito por":"Equipe Panvel","Est. tempo de leitura":"6 minutos"},"schema":{"@context":"https:\/\/schema.org","@graph":[{"@type":"Article","@id":"https:\/\/www.panvel.com\/blog\/dicas-de-saude\/janeiro-branco-importancia-do-autocuidado\/#article","isPartOf":{"@id":"https:\/\/www.panvel.com\/blog\/dicas-de-saude\/janeiro-branco-importancia-do-autocuidado\/"},"author":{"name":"Equipe Panvel","@id":"https:\/\/www.panvel.com\/blog\/#\/schema\/person\/79f5c113f9621ed83897942f6e7501e3"},"headline":"Janeiro Branco: a import\u00e2ncia do autocuidado mental e emocional","datePublished":"2025-01-14T17:56:50+00:00","dateModified":"2025-01-14T17:56:51+00:00","mainEntityOfPage":{"@id":"https:\/\/www.panvel.com\/blog\/dicas-de-saude\/janeiro-branco-importancia-do-autocuidado\/"},"wordCount":975,"commentCount":0,"publisher":{"@id":"https:\/\/www.panvel.com\/blog\/#organization"},"keywords":["Autocuidado","bem-estar emocional","campanha Janeiro Branco","conscientiza\u00e7\u00e3o","dicas de sa\u00fade emocional","janeiro branco","Sa\u00fade Mental","sa\u00fade mental no Brasil","transtornos psicol\u00f3gicos"],"articleSection":["Rotina de Sa\u00fade"],"inLanguage":"pt-BR","potentialAction":[{"@type":"CommentAction","name":"Comment","target":["https:\/\/www.panvel.com\/blog\/dicas-de-saude\/janeiro-branco-importancia-do-autocuidado\/#respond"]}]},{"@type":"WebPage","@id":"https:\/\/www.panvel.com\/blog\/dicas-de-saude\/janeiro-branco-importancia-do-autocuidado\/","url":"https:\/\/www.panvel.com\/blog\/dicas-de-saude\/janeiro-branco-importancia-do-autocuidado\/","name":"Janeiro Branco: a import\u00e2ncia do autocuidado mental e emocional","isPartOf":{"@id":"https:\/\/www.panvel.com\/blog\/#website"},"datePublished":"2025-01-14T17:56:50+00:00","dateModified":"2025-01-14T17:56:51+00:00","description":"Simbolismo do in\u00edcio do ano pode incentivar reflex\u00f5es e mudan\u00e7as que promovam o bem-estar emocional. | Leia mais no Blog Panvel.","breadcrumb":{"@id":"https:\/\/www.panvel.com\/blog\/dicas-de-saude\/janeiro-branco-importancia-do-autocuidado\/#breadcrumb"},"inLanguage":"pt-BR","potentialAction":[{"@type":"ReadAction","target":["https:\/\/www.panvel.com\/blog\/dicas-de-saude\/janeiro-branco-importancia-do-autocuidado\/"]}]},{"@type":"BreadcrumbList","@id":"https:\/\/www.panvel.com\/blog\/dicas-de-saude\/janeiro-branco-importancia-do-autocuidado\/#breadcrumb","itemListElement":[{"@type":"ListItem","position":1,"name":"Home","item":"https:\/\/www.panvel.com\/blog\/"},{"@type":"ListItem","position":2,"name":"Rotina de Sa\u00fade","item":"https:\/\/www.panvel.com\/blog\/dicas-de-saude\/"},{"@type":"ListItem","position":3,"name":"Janeiro Branco: a import\u00e2ncia do autocuidado mental e emocional"}]},{"@type":"WebSite","@id":"https:\/\/www.panvel.com\/blog\/#website","url":"https:\/\/www.panvel.com\/blog\/","name":"Blog Bem Panvel","description":"Aqui voc\u00ea encontra conte\u00fados e dicas de sa\u00fade, beleza, bem-estar e muito mais.","publisher":{"@id":"https:\/\/www.panvel.com\/blog\/#organization"},"potentialAction":[{"@type":"SearchAction","target":{"@type":"EntryPoint","urlTemplate":"https:\/\/www.panvel.com\/blog\/?s={search_term_string}"},"query-input":"required name=search_term_string"}],"inLanguage":"pt-BR"},{"@type":"Organization","@id":"https:\/\/www.panvel.com\/blog\/#organization","name":"Panvel Farm\u00e1cias","url":"https:\/\/www.panvel.com\/blog\/","logo":{"@type":"ImageObject","inLanguage":"pt-BR","@id":"https:\/\/www.panvel.com\/blog\/#\/schema\/logo\/image\/","url":"https:\/\/www.panvel.com\/blog\/wp-content\/uploads\/2020\/10\/logo.png","contentUrl":"https:\/\/www.panvel.com\/blog\/wp-content\/uploads\/2020\/10\/logo.png","width":402,"height":53,"caption":"Panvel Farm\u00e1cias"},"image":{"@id":"https:\/\/www.panvel.com\/blog\/#\/schema\/logo\/image\/"}},{"@type":"Person","@id":"https:\/\/www.panvel.com\/blog\/#\/schema\/person\/79f5c113f9621ed83897942f6e7501e3","name":"Equipe Panvel","image":{"@type":"ImageObject","inLanguage":"pt-BR","@id":"https:\/\/www.panvel.com\/blog\/#\/schema\/person\/image\/","url":"https:\/\/www.panvel.com\/blog\/wp-content\/uploads\/2022\/09\/blog-panvel-1.jpg","contentUrl":"https:\/\/www.panvel.com\/blog\/wp-content\/uploads\/2022\/09\/blog-panvel-1.jpg","caption":"Equipe Panvel"},"description":"O Blog Bem Panvel conta com uma equipe formada por especialistas e traz para seus leitores conte\u00fados relevantes e de qualidade sobre sa\u00fade, beleza e bem-estar.","url":"https:\/\/www.panvel.com\/blog\/author\/dimedmkt\/"}]}},"_links":{"self":[{"href":"https:\/\/www.panvel.com\/blog\/wp-json\/wp\/v2\/posts\/9532"}],"collection":[{"href":"https:\/\/www.panvel.com\/blog\/wp-json\/wp\/v2\/posts"}],"about":[{"href":"https:\/\/www.panvel.com\/blog\/wp-json\/wp\/v2\/types\/post"}],"author":[{"embeddable":true,"href":"https:\/\/www.panvel.com\/blog\/wp-json\/wp\/v2\/users\/3"}],"replies":[{"embeddable":true,"href":"https:\/\/www.panvel.com\/blog\/wp-json\/wp\/v2\/comments?post=9532"}],"version-history":[{"count":5,"href":"https:\/\/www.panvel.com\/blog\/wp-json\/wp\/v2\/posts\/9532\/revisions"}],"predecessor-version":[{"id":9540,"href":"https:\/\/www.panvel.com\/blog\/wp-json\/wp\/v2\/posts\/9532\/revisions\/9540"}],"wp:featuredmedia":[{"embeddable":true,"href":"https:\/\/www.panvel.com\/blog\/wp-json\/wp\/v2\/media\/9536"}],"wp:attachment":[{"href":"https:\/\/www.panvel.com\/blog\/wp-json\/wp\/v2\/media?parent=9532"}],"wp:term":[{"taxonomy":"category","embeddable":true,"href":"https:\/\/www.panvel.com\/blog\/wp-json\/wp\/v2\/categories?post=9532"},{"taxonomy":"post_tag","embeddable":true,"href":"https:\/\/www.panvel.com\/blog\/wp-json\/wp\/v2\/tags?post=9532"},{"taxonomy":"sponsor","embeddable":true,"href":"https:\/\/www.panvel.com\/blog\/wp-json\/wp\/v2\/sponsor?post=9532"}],"curies":[{"name":"wp","href":"https:\/\/api.w.org\/{rel}","templated":true}]}}