{"id":9453,"date":"2024-12-19T15:47:50","date_gmt":"2024-12-19T18:47:50","guid":{"rendered":"https:\/\/www.panvel.com\/blog\/?p=9453"},"modified":"2024-12-19T15:47:51","modified_gmt":"2024-12-19T18:47:51","slug":"oito-dicas-para-evitar-indisposicao-nos-dias-quentes","status":"publish","type":"post","link":"https:\/\/www.panvel.com\/blog\/dicas-de-saude\/oito-dicas-para-evitar-indisposicao-nos-dias-quentes\/","title":{"rendered":"Oito dicas para evitar indisposi\u00e7\u00e3o nos dias quentes do ver\u00e3o"},"content":{"rendered":"\n<p><\/p>\n\n\n\n<p>Com a chegada do <strong>ver\u00e3o<\/strong>, os dias ensolarados e as altas temperaturas s\u00e3o um convite para aproveitar momentos ao ar livre. Por\u00e9m, o calor intenso tamb\u00e9m exige cuidados extras com a sa\u00fade. O<a href=\"https:\/\/www.instagram.com\/dr.minozzogeriatra\/\"> geriatra e nutr\u00f3logo Leandro Minozzo<\/a>, professor do curso de Medicina da Universidade Feevale, explica que as mudan\u00e7as sazonais impactam o organismo de v\u00e1rias formas, como a press\u00e3o arterial e a hidrata\u00e7\u00e3o.<\/p>\n\n\n\n<p>\u201cNo <strong>ver\u00e3o<\/strong> e nos dias mais quentes, quando podemos chegar de tr\u00eas a cinco dias com temperaturas acima dos 35 graus, o organismo de quem \u00e9 mais fr\u00e1gil, como as crian\u00e7as e os idosos, fica em risco\u201d, explica.<\/p>\n\n\n\n<p>Manter o corpo hidratado, adotar uma alimenta\u00e7\u00e3o leve e proteger-se do sol s\u00e3o apenas algumas das medidas que podem fazer a diferen\u00e7a para evitar a <strong>indisposi\u00e7\u00e3o no ver\u00e3o<\/strong>. O m\u00e9dico destaca que, especialmente entre os idosos, o risco de desidrata\u00e7\u00e3o \u00e9 maior devido \u00e0 diminui\u00e7\u00e3o da sensa\u00e7\u00e3o de sede. \u201c\u00c9 muito comum e esperado que idosos sintam menos sede e, nessas situa\u00e7\u00f5es, essa caracter\u00edstica os torna ainda mais vulner\u00e1veis \u00e0 desidrata\u00e7\u00e3o\u201d, refor\u00e7a.<\/p>\n\n\n\n<p>Pensando nisso, reunimos dicas essenciais para voc\u00ea e sua fam\u00edlia passarem pelo <strong>ver\u00e3o com sa\u00fade<\/strong> e bem-estar, evitando a indisposi\u00e7\u00e3o que muitas vezes pode ser caracter\u00edstica da esta\u00e7\u00e3o.<\/p>\n\n\n\n<h3 class=\"wp-block-heading\"><strong>1. Hidrate-se regularmente<\/strong><\/h3>\n\n\n\n<p><\/p>\n\n\n\n<p>O calor acelera a perda de l\u00edquidos pelo suor, aumentando o risco de desidrata\u00e7\u00e3o. Priorize o consumo de \u00e1gua, sucos naturais e ch\u00e1s ao longo do dia, mesmo que voc\u00ea n\u00e3o sinta sede.<\/p>\n\n\n\n<h3 class=\"wp-block-heading\"><strong>2. Adote uma alimenta\u00e7\u00e3o leve<\/strong><\/h3>\n\n\n\n<p><\/p>\n\n\n\n<p>Evite refei\u00e7\u00f5es pesadas, como frituras e pratos com molhos gordurosos. Prefira frutas, vegetais e alimentos de f\u00e1cil digest\u00e3o, que ajudam o corpo a enfrentar as altas temperaturas sem sobrecarreg\u00e1-lo.<\/p>\n\n\n\n<h3 class=\"wp-block-heading\"><strong>3. Proteja-se do sol<\/strong><\/h3>\n\n\n\n<p><\/p>\n\n\n\n<p>Roupas leves, protetor solar e chap\u00e9us s\u00e3o essenciais para evitar queimaduras solares e desconforto. Evite a exposi\u00e7\u00e3o ao sol entre 10h e 16h, quando os raios UV s\u00e3o mais intensos.<\/p>\n\n\n\n<h3 class=\"wp-block-heading\"><strong>4. Fique em locais frescos<\/strong><\/h3>\n\n\n\n<p><\/p>\n\n\n\n<p>Procure ambientes ventilados ou com ar-condicionado nos hor\u00e1rios de maior calor. Se for sair, prefira atividades ao ar livre durante a manh\u00e3 ou no final da tarde, quando as temperaturas s\u00e3o mais amenas.<\/p>\n\n\n\n<h3 class=\"wp-block-heading\"><strong>5. Cuidado com a alimenta\u00e7\u00e3o fora de casa<\/strong><\/h3>\n\n\n\n<p><\/p>\n\n\n\n<p>Alimentos mal armazenados podem se deteriorar rapidamente no calor, aumentando o risco de intoxica\u00e7\u00f5es alimentares. Prefira locais de confian\u00e7a e evite alimentos crus em situa\u00e7\u00f5es de risco.<\/p>\n\n\n\n<h3 class=\"wp-block-heading\"><strong>6. Monitore a press\u00e3o arterial<\/strong><\/h3>\n\n\n\n<p><\/p>\n\n\n\n<p>No calor, a press\u00e3o arterial pode cair, causando sintomas como tontura e sensa\u00e7\u00e3o de fraqueza. O doutor Minozzo alerta: \u201cfiquem atentos \u00e0 press\u00e3o mais baixa, que pode se manifestar como uma tontura ao ficar em p\u00e9. Esse sintoma \u00e9 um sinal de que o corpo pode necessitar de aten\u00e7\u00e3o m\u00e9dica.\u201d<\/p>\n\n\n\n<h3 class=\"wp-block-heading\"><strong>7. Aten\u00e7\u00e3o especial para crian\u00e7as e idosos<\/strong><\/h3>\n\n\n\n<p><\/p>\n\n\n\n<p>As crian\u00e7as, por serem mais ativas, perdem l\u00edquidos rapidamente e muitas vezes n\u00e3o percebem a necessidade de hidrata\u00e7\u00e3o. J\u00e1 os idosos, como mencionado por Minozzo, frequentemente n\u00e3o sentem sede, o que os torna ainda mais suscet\u00edveis \u00e0 desidrata\u00e7\u00e3o.<\/p>\n\n\n\n<h3 class=\"wp-block-heading\"><strong>8. Fique atento \u00e0 medica\u00e7\u00e3o<\/strong><\/h3>\n\n\n\n<p><\/p>\n\n\n\n<p>Se voc\u00ea utiliza medicamentos de uso cont\u00ednuo, como os para controle da press\u00e3o arterial, mantenha os hor\u00e1rios regulares e consulte seu m\u00e9dico sobre poss\u00edveis ajustes na dosagem durante o <strong>ver\u00e3o<\/strong>.<\/p>\n\n\n\n<p>Com aten\u00e7\u00e3o \u00e0s necessidades do corpo e medidas preventivas, voc\u00ea pode aproveitar o melhor da esta\u00e7\u00e3o sem comprometer a sa\u00fade. \u201cCompreender as mudan\u00e7as que a esta\u00e7\u00e3o quente traz e tomar medidas preventivas \u00e9 essencial para preservar o bem-estar, especialmente para os grupos mais vulner\u00e1veis\u201d, explica Minozzo. Cuide-se e tenha um<strong> ver\u00e3o<\/strong> tranquilo!<\/p>\n\n\n<div class=\"wp-block-image\">\n<figure class=\"alignleft size-full is-resized\"><img decoding=\"async\" loading=\"lazy\" src=\"https:\/\/www.panvel.com\/blog\/wp-content\/uploads\/2024\/12\/LeandroMinozzo.jpg\" alt=\"\" class=\"wp-image-9454\" width=\"233\" height=\"233\" srcset=\"https:\/\/www.panvel.com\/blog\/wp-content\/uploads\/2024\/12\/LeandroMinozzo.jpg 613w, https:\/\/www.panvel.com\/blog\/wp-content\/uploads\/2024\/12\/LeandroMinozzo-300x300.jpg 300w, https:\/\/www.panvel.com\/blog\/wp-content\/uploads\/2024\/12\/LeandroMinozzo-150x150.jpg 150w\" sizes=\"(max-width: 233px) 100vw, 233px\" \/><\/figure><\/div>\n\n\n<p>Dr. Leandro Minozzo<\/p>\n\n\n\n<p><\/p>\n\n\n\n<p>\u00c9 m\u00e9dico geriatra e nutr\u00f3logo, professor da Universidade Feevale e especialista no Cuidado Integral de Alzheimer e na Promo\u00e7\u00e3o de Longevidade.<br><\/p>\n","protected":false},"excerpt":{"rendered":"<p>Risco de desidrata\u00e7\u00e3o na esta\u00e7\u00e3o mais quente \u00e9 maior devido \u00e0 diminui\u00e7\u00e3o da sensa\u00e7\u00e3o de sede, sobretudo para idosos.<\/p>\n","protected":false},"author":3,"featured_media":9460,"comment_status":"open","ping_status":"open","sticky":false,"template":"","format":"standard","meta":[],"categories":[5],"tags":[31,377,179,2442,15,2443,20,2444],"sponsor":[],"acf":[],"yoast_head":"<!-- This site is optimized with the Yoast SEO plugin v20.7 - https:\/\/yoast.com\/wordpress\/plugins\/seo\/ -->\n<title>Oito dicas para evitar indisposi\u00e7\u00e3o nos dias quentes do ver\u00e3o<\/title>\n<meta name=\"description\" content=\"Risco de desidrata\u00e7\u00e3o na esta\u00e7\u00e3o mais quente \u00e9 maior devido \u00e0 diminui\u00e7\u00e3o da sensa\u00e7\u00e3o de sede, mais para idosos. | Leia mais no Blog Panvel.\" \/>\n<meta name=\"robots\" content=\"index, follow, max-snippet:-1, max-image-preview:large, max-video-preview:-1\" \/>\n<link rel=\"canonical\" href=\"https:\/\/www.panvel.com\/blog\/dicas-de-saude\/oito-dicas-para-evitar-indisposicao-nos-dias-quentes\/\" \/>\n<meta property=\"og:locale\" content=\"pt_BR\" \/>\n<meta property=\"og:type\" content=\"article\" \/>\n<meta property=\"og:title\" content=\"Oito dicas para evitar indisposi\u00e7\u00e3o nos dias quentes do ver\u00e3o\" \/>\n<meta property=\"og:description\" content=\"Risco de desidrata\u00e7\u00e3o na esta\u00e7\u00e3o mais quente \u00e9 maior devido \u00e0 diminui\u00e7\u00e3o da sensa\u00e7\u00e3o de sede, mais para idosos. | Leia mais no Blog Panvel.\" \/>\n<meta property=\"og:url\" content=\"https:\/\/www.panvel.com\/blog\/dicas-de-saude\/oito-dicas-para-evitar-indisposicao-nos-dias-quentes\/\" \/>\n<meta property=\"og:site_name\" content=\"Blog Bem Panvel\" \/>\n<meta property=\"article:published_time\" content=\"2024-12-19T18:47:50+00:00\" \/>\n<meta property=\"article:modified_time\" content=\"2024-12-19T18:47:51+00:00\" \/>\n<meta property=\"og:image\" content=\"https:\/\/www.panvel.com\/blog\/wp-content\/uploads\/2024\/12\/resized_image_max_quality_1.jpg\" \/>\n\t<meta property=\"og:image:width\" content=\"1024\" \/>\n\t<meta property=\"og:image:height\" content=\"496\" \/>\n\t<meta property=\"og:image:type\" content=\"image\/jpeg\" \/>\n<meta name=\"author\" content=\"Equipe Panvel\" \/>\n<meta name=\"twitter:card\" content=\"summary_large_image\" \/>\n<meta name=\"twitter:label1\" content=\"Escrito por\" \/>\n\t<meta name=\"twitter:data1\" content=\"Equipe Panvel\" \/>\n\t<meta name=\"twitter:label2\" content=\"Est. tempo de leitura\" \/>\n\t<meta name=\"twitter:data2\" content=\"4 minutos\" \/>\n<script type=\"application\/ld+json\" class=\"yoast-schema-graph\">{\"@context\":\"https:\/\/schema.org\",\"@graph\":[{\"@type\":\"Article\",\"@id\":\"https:\/\/www.panvel.com\/blog\/dicas-de-saude\/oito-dicas-para-evitar-indisposicao-nos-dias-quentes\/#article\",\"isPartOf\":{\"@id\":\"https:\/\/www.panvel.com\/blog\/dicas-de-saude\/oito-dicas-para-evitar-indisposicao-nos-dias-quentes\/\"},\"author\":{\"name\":\"Equipe Panvel\",\"@id\":\"https:\/\/www.panvel.com\/blog\/#\/schema\/person\/79f5c113f9621ed83897942f6e7501e3\"},\"headline\":\"Oito dicas para evitar indisposi\u00e7\u00e3o nos dias quentes do ver\u00e3o\",\"datePublished\":\"2024-12-19T18:47:50+00:00\",\"dateModified\":\"2024-12-19T18:47:51+00:00\",\"mainEntityOfPage\":{\"@id\":\"https:\/\/www.panvel.com\/blog\/dicas-de-saude\/oito-dicas-para-evitar-indisposicao-nos-dias-quentes\/\"},\"wordCount\":667,\"commentCount\":0,\"publisher\":{\"@id\":\"https:\/\/www.panvel.com\/blog\/#organization\"},\"keywords\":[\"Bem Estar\",\"calor\",\"Cuidados com a sa\u00fade\",\"cuidados ver\u00e3o\",\"Dicas\",\"indisposi\u00e7\u00e3o ver\u00e3o\",\"Preven\u00e7\u00e3o\",\"ver\u00e3o organismo\"],\"articleSection\":[\"Rotina de Sa\u00fade\"],\"inLanguage\":\"pt-BR\",\"potentialAction\":[{\"@type\":\"CommentAction\",\"name\":\"Comment\",\"target\":[\"https:\/\/www.panvel.com\/blog\/dicas-de-saude\/oito-dicas-para-evitar-indisposicao-nos-dias-quentes\/#respond\"]}]},{\"@type\":\"WebPage\",\"@id\":\"https:\/\/www.panvel.com\/blog\/dicas-de-saude\/oito-dicas-para-evitar-indisposicao-nos-dias-quentes\/\",\"url\":\"https:\/\/www.panvel.com\/blog\/dicas-de-saude\/oito-dicas-para-evitar-indisposicao-nos-dias-quentes\/\",\"name\":\"Oito dicas para evitar indisposi\u00e7\u00e3o nos dias quentes do ver\u00e3o\",\"isPartOf\":{\"@id\":\"https:\/\/www.panvel.com\/blog\/#website\"},\"datePublished\":\"2024-12-19T18:47:50+00:00\",\"dateModified\":\"2024-12-19T18:47:51+00:00\",\"description\":\"Risco de desidrata\u00e7\u00e3o na esta\u00e7\u00e3o mais quente \u00e9 maior devido \u00e0 diminui\u00e7\u00e3o da sensa\u00e7\u00e3o de sede, mais para idosos. | Leia mais no Blog Panvel.\",\"breadcrumb\":{\"@id\":\"https:\/\/www.panvel.com\/blog\/dicas-de-saude\/oito-dicas-para-evitar-indisposicao-nos-dias-quentes\/#breadcrumb\"},\"inLanguage\":\"pt-BR\",\"potentialAction\":[{\"@type\":\"ReadAction\",\"target\":[\"https:\/\/www.panvel.com\/blog\/dicas-de-saude\/oito-dicas-para-evitar-indisposicao-nos-dias-quentes\/\"]}]},{\"@type\":\"BreadcrumbList\",\"@id\":\"https:\/\/www.panvel.com\/blog\/dicas-de-saude\/oito-dicas-para-evitar-indisposicao-nos-dias-quentes\/#breadcrumb\",\"itemListElement\":[{\"@type\":\"ListItem\",\"position\":1,\"name\":\"Home\",\"item\":\"https:\/\/www.panvel.com\/blog\/\"},{\"@type\":\"ListItem\",\"position\":2,\"name\":\"Rotina de Sa\u00fade\",\"item\":\"https:\/\/www.panvel.com\/blog\/dicas-de-saude\/\"},{\"@type\":\"ListItem\",\"position\":3,\"name\":\"Oito dicas para evitar indisposi\u00e7\u00e3o nos dias quentes do ver\u00e3o\"}]},{\"@type\":\"WebSite\",\"@id\":\"https:\/\/www.panvel.com\/blog\/#website\",\"url\":\"https:\/\/www.panvel.com\/blog\/\",\"name\":\"Blog Bem Panvel\",\"description\":\"Aqui voc\u00ea encontra conte\u00fados e dicas de sa\u00fade, beleza, bem-estar e muito mais.\",\"publisher\":{\"@id\":\"https:\/\/www.panvel.com\/blog\/#organization\"},\"potentialAction\":[{\"@type\":\"SearchAction\",\"target\":{\"@type\":\"EntryPoint\",\"urlTemplate\":\"https:\/\/www.panvel.com\/blog\/?s={search_term_string}\"},\"query-input\":\"required name=search_term_string\"}],\"inLanguage\":\"pt-BR\"},{\"@type\":\"Organization\",\"@id\":\"https:\/\/www.panvel.com\/blog\/#organization\",\"name\":\"Panvel Farm\u00e1cias\",\"url\":\"https:\/\/www.panvel.com\/blog\/\",\"logo\":{\"@type\":\"ImageObject\",\"inLanguage\":\"pt-BR\",\"@id\":\"https:\/\/www.panvel.com\/blog\/#\/schema\/logo\/image\/\",\"url\":\"https:\/\/www.panvel.com\/blog\/wp-content\/uploads\/2020\/10\/logo.png\",\"contentUrl\":\"https:\/\/www.panvel.com\/blog\/wp-content\/uploads\/2020\/10\/logo.png\",\"width\":402,\"height\":53,\"caption\":\"Panvel Farm\u00e1cias\"},\"image\":{\"@id\":\"https:\/\/www.panvel.com\/blog\/#\/schema\/logo\/image\/\"}},{\"@type\":\"Person\",\"@id\":\"https:\/\/www.panvel.com\/blog\/#\/schema\/person\/79f5c113f9621ed83897942f6e7501e3\",\"name\":\"Equipe Panvel\",\"image\":{\"@type\":\"ImageObject\",\"inLanguage\":\"pt-BR\",\"@id\":\"https:\/\/www.panvel.com\/blog\/#\/schema\/person\/image\/\",\"url\":\"https:\/\/www.panvel.com\/blog\/wp-content\/uploads\/2022\/09\/blog-panvel-1.jpg\",\"contentUrl\":\"https:\/\/www.panvel.com\/blog\/wp-content\/uploads\/2022\/09\/blog-panvel-1.jpg\",\"caption\":\"Equipe Panvel\"},\"description\":\"O Blog Bem Panvel conta com uma equipe formada por especialistas e traz para seus leitores conte\u00fados relevantes e de qualidade sobre sa\u00fade, beleza e bem-estar.\",\"url\":\"https:\/\/www.panvel.com\/blog\/author\/dimedmkt\/\"}]}<\/script>\n<!-- \/ Yoast SEO plugin. -->","yoast_head_json":{"title":"Oito dicas para evitar indisposi\u00e7\u00e3o nos dias quentes do ver\u00e3o","description":"Risco de desidrata\u00e7\u00e3o na esta\u00e7\u00e3o mais quente \u00e9 maior devido \u00e0 diminui\u00e7\u00e3o da sensa\u00e7\u00e3o de sede, mais para idosos. | Leia mais no Blog Panvel.","robots":{"index":"index","follow":"follow","max-snippet":"max-snippet:-1","max-image-preview":"max-image-preview:large","max-video-preview":"max-video-preview:-1"},"canonical":"https:\/\/www.panvel.com\/blog\/dicas-de-saude\/oito-dicas-para-evitar-indisposicao-nos-dias-quentes\/","og_locale":"pt_BR","og_type":"article","og_title":"Oito dicas para evitar indisposi\u00e7\u00e3o nos dias quentes do ver\u00e3o","og_description":"Risco de desidrata\u00e7\u00e3o na esta\u00e7\u00e3o mais quente \u00e9 maior devido \u00e0 diminui\u00e7\u00e3o da sensa\u00e7\u00e3o de sede, mais para idosos. | Leia mais no Blog Panvel.","og_url":"https:\/\/www.panvel.com\/blog\/dicas-de-saude\/oito-dicas-para-evitar-indisposicao-nos-dias-quentes\/","og_site_name":"Blog Bem Panvel","article_published_time":"2024-12-19T18:47:50+00:00","article_modified_time":"2024-12-19T18:47:51+00:00","og_image":[{"width":1024,"height":496,"url":"https:\/\/www.panvel.com\/blog\/wp-content\/uploads\/2024\/12\/resized_image_max_quality_1.jpg","type":"image\/jpeg"}],"author":"Equipe Panvel","twitter_card":"summary_large_image","twitter_misc":{"Escrito por":"Equipe Panvel","Est. tempo de leitura":"4 minutos"},"schema":{"@context":"https:\/\/schema.org","@graph":[{"@type":"Article","@id":"https:\/\/www.panvel.com\/blog\/dicas-de-saude\/oito-dicas-para-evitar-indisposicao-nos-dias-quentes\/#article","isPartOf":{"@id":"https:\/\/www.panvel.com\/blog\/dicas-de-saude\/oito-dicas-para-evitar-indisposicao-nos-dias-quentes\/"},"author":{"name":"Equipe Panvel","@id":"https:\/\/www.panvel.com\/blog\/#\/schema\/person\/79f5c113f9621ed83897942f6e7501e3"},"headline":"Oito dicas para evitar indisposi\u00e7\u00e3o nos dias quentes do ver\u00e3o","datePublished":"2024-12-19T18:47:50+00:00","dateModified":"2024-12-19T18:47:51+00:00","mainEntityOfPage":{"@id":"https:\/\/www.panvel.com\/blog\/dicas-de-saude\/oito-dicas-para-evitar-indisposicao-nos-dias-quentes\/"},"wordCount":667,"commentCount":0,"publisher":{"@id":"https:\/\/www.panvel.com\/blog\/#organization"},"keywords":["Bem Estar","calor","Cuidados com a sa\u00fade","cuidados ver\u00e3o","Dicas","indisposi\u00e7\u00e3o ver\u00e3o","Preven\u00e7\u00e3o","ver\u00e3o organismo"],"articleSection":["Rotina de Sa\u00fade"],"inLanguage":"pt-BR","potentialAction":[{"@type":"CommentAction","name":"Comment","target":["https:\/\/www.panvel.com\/blog\/dicas-de-saude\/oito-dicas-para-evitar-indisposicao-nos-dias-quentes\/#respond"]}]},{"@type":"WebPage","@id":"https:\/\/www.panvel.com\/blog\/dicas-de-saude\/oito-dicas-para-evitar-indisposicao-nos-dias-quentes\/","url":"https:\/\/www.panvel.com\/blog\/dicas-de-saude\/oito-dicas-para-evitar-indisposicao-nos-dias-quentes\/","name":"Oito dicas para evitar indisposi\u00e7\u00e3o nos dias quentes do ver\u00e3o","isPartOf":{"@id":"https:\/\/www.panvel.com\/blog\/#website"},"datePublished":"2024-12-19T18:47:50+00:00","dateModified":"2024-12-19T18:47:51+00:00","description":"Risco de desidrata\u00e7\u00e3o na esta\u00e7\u00e3o mais quente \u00e9 maior devido \u00e0 diminui\u00e7\u00e3o da sensa\u00e7\u00e3o de sede, mais para idosos. | Leia mais no Blog Panvel.","breadcrumb":{"@id":"https:\/\/www.panvel.com\/blog\/dicas-de-saude\/oito-dicas-para-evitar-indisposicao-nos-dias-quentes\/#breadcrumb"},"inLanguage":"pt-BR","potentialAction":[{"@type":"ReadAction","target":["https:\/\/www.panvel.com\/blog\/dicas-de-saude\/oito-dicas-para-evitar-indisposicao-nos-dias-quentes\/"]}]},{"@type":"BreadcrumbList","@id":"https:\/\/www.panvel.com\/blog\/dicas-de-saude\/oito-dicas-para-evitar-indisposicao-nos-dias-quentes\/#breadcrumb","itemListElement":[{"@type":"ListItem","position":1,"name":"Home","item":"https:\/\/www.panvel.com\/blog\/"},{"@type":"ListItem","position":2,"name":"Rotina de Sa\u00fade","item":"https:\/\/www.panvel.com\/blog\/dicas-de-saude\/"},{"@type":"ListItem","position":3,"name":"Oito dicas para evitar indisposi\u00e7\u00e3o nos dias quentes do ver\u00e3o"}]},{"@type":"WebSite","@id":"https:\/\/www.panvel.com\/blog\/#website","url":"https:\/\/www.panvel.com\/blog\/","name":"Blog Bem Panvel","description":"Aqui voc\u00ea encontra conte\u00fados e dicas de sa\u00fade, beleza, bem-estar e muito mais.","publisher":{"@id":"https:\/\/www.panvel.com\/blog\/#organization"},"potentialAction":[{"@type":"SearchAction","target":{"@type":"EntryPoint","urlTemplate":"https:\/\/www.panvel.com\/blog\/?s={search_term_string}"},"query-input":"required name=search_term_string"}],"inLanguage":"pt-BR"},{"@type":"Organization","@id":"https:\/\/www.panvel.com\/blog\/#organization","name":"Panvel Farm\u00e1cias","url":"https:\/\/www.panvel.com\/blog\/","logo":{"@type":"ImageObject","inLanguage":"pt-BR","@id":"https:\/\/www.panvel.com\/blog\/#\/schema\/logo\/image\/","url":"https:\/\/www.panvel.com\/blog\/wp-content\/uploads\/2020\/10\/logo.png","contentUrl":"https:\/\/www.panvel.com\/blog\/wp-content\/uploads\/2020\/10\/logo.png","width":402,"height":53,"caption":"Panvel Farm\u00e1cias"},"image":{"@id":"https:\/\/www.panvel.com\/blog\/#\/schema\/logo\/image\/"}},{"@type":"Person","@id":"https:\/\/www.panvel.com\/blog\/#\/schema\/person\/79f5c113f9621ed83897942f6e7501e3","name":"Equipe Panvel","image":{"@type":"ImageObject","inLanguage":"pt-BR","@id":"https:\/\/www.panvel.com\/blog\/#\/schema\/person\/image\/","url":"https:\/\/www.panvel.com\/blog\/wp-content\/uploads\/2022\/09\/blog-panvel-1.jpg","contentUrl":"https:\/\/www.panvel.com\/blog\/wp-content\/uploads\/2022\/09\/blog-panvel-1.jpg","caption":"Equipe Panvel"},"description":"O Blog Bem Panvel conta com uma equipe formada por especialistas e traz para seus leitores conte\u00fados relevantes e de qualidade sobre sa\u00fade, beleza e bem-estar.","url":"https:\/\/www.panvel.com\/blog\/author\/dimedmkt\/"}]}},"_links":{"self":[{"href":"https:\/\/www.panvel.com\/blog\/wp-json\/wp\/v2\/posts\/9453"}],"collection":[{"href":"https:\/\/www.panvel.com\/blog\/wp-json\/wp\/v2\/posts"}],"about":[{"href":"https:\/\/www.panvel.com\/blog\/wp-json\/wp\/v2\/types\/post"}],"author":[{"embeddable":true,"href":"https:\/\/www.panvel.com\/blog\/wp-json\/wp\/v2\/users\/3"}],"replies":[{"embeddable":true,"href":"https:\/\/www.panvel.com\/blog\/wp-json\/wp\/v2\/comments?post=9453"}],"version-history":[{"count":2,"href":"https:\/\/www.panvel.com\/blog\/wp-json\/wp\/v2\/posts\/9453\/revisions"}],"predecessor-version":[{"id":9456,"href":"https:\/\/www.panvel.com\/blog\/wp-json\/wp\/v2\/posts\/9453\/revisions\/9456"}],"wp:featuredmedia":[{"embeddable":true,"href":"https:\/\/www.panvel.com\/blog\/wp-json\/wp\/v2\/media\/9460"}],"wp:attachment":[{"href":"https:\/\/www.panvel.com\/blog\/wp-json\/wp\/v2\/media?parent=9453"}],"wp:term":[{"taxonomy":"category","embeddable":true,"href":"https:\/\/www.panvel.com\/blog\/wp-json\/wp\/v2\/categories?post=9453"},{"taxonomy":"post_tag","embeddable":true,"href":"https:\/\/www.panvel.com\/blog\/wp-json\/wp\/v2\/tags?post=9453"},{"taxonomy":"sponsor","embeddable":true,"href":"https:\/\/www.panvel.com\/blog\/wp-json\/wp\/v2\/sponsor?post=9453"}],"curies":[{"name":"wp","href":"https:\/\/api.w.org\/{rel}","templated":true}]}}