{"id":9444,"date":"2024-12-17T17:51:56","date_gmt":"2024-12-17T20:51:56","guid":{"rendered":"https:\/\/www.panvel.com\/blog\/?p=9444"},"modified":"2024-12-17T17:51:56","modified_gmt":"2024-12-17T20:51:56","slug":"urticaria","status":"publish","type":"post","link":"https:\/\/www.panvel.com\/blog\/panvel-explica\/urticaria\/","title":{"rendered":"Urtic\u00e1ria: causas, sintomas e como tratar\u00a0"},"content":{"rendered":"\n<p>A urtic\u00e1ria (CID L50) \u00e9 uma condi\u00e7\u00e3o de pele caracterizada pelo aparecimento de manchas ou verg\u00f5es avermelhados que causam coceira e podem surgir em diferentes partes do corpo.&nbsp;<\/p>\n\n\n\n<p>Esse problema, que pode ser agudo ou cr\u00f4nico, ocorre devido a uma rea\u00e7\u00e3o al\u00e9rgica ou a outros fatores que estimulam a libera\u00e7\u00e3o de histamina, uma subst\u00e2ncia que provoca a inflama\u00e7\u00e3o na pele.<\/p>\n\n\n\n<p>Embora na maioria das vezes a urtic\u00e1ria desapare\u00e7a sozinha ou com tratamentos simples, entender suas causas e sintomas \u00e9 fundamental para lidar com os epis\u00f3dios e evitar complica\u00e7\u00f5es. Neste artigo, voc\u00ea vai saber mais sobre os tipos de urtic\u00e1ria, como identificar os sintomas, os tratamentos dispon\u00edveis e dicas para prevenir novas crises. Vamos l\u00e1!<\/p>\n\n\n\n<h2 class=\"wp-block-heading\">O que \u00e9 a urtic\u00e1ria?<\/h2>\n\n\n\n<p>A urtic\u00e1ria \u00e9 uma condi\u00e7\u00e3o inflamat\u00f3ria da pele que pode aparecer de forma s\u00fabita e causar bastante desconforto. As manchas e verg\u00f5es caracter\u00edsticos podem variar em tamanho e at\u00e9 mudar de localiza\u00e7\u00e3o rapidamente, \u00e0s vezes desaparecendo em uma parte do corpo e surgindo em outra.<\/p>\n\n\n\n<p>Existem dois tipos principais de urtic\u00e1ria. A <strong>urtic\u00e1ria aguda <\/strong>dura menos de seis semanas e, geralmente, \u00e9 desencadeada por fatores como alimentos, medicamentos, picadas de insetos ou infec\u00e7\u00f5es. J\u00e1 a <strong>urtic\u00e1ria cr\u00f4nica<\/strong> persiste por mais de seis semanas e pode estar associada a doen\u00e7as autoimunes ou outros problemas de sa\u00fade.<\/p>\n\n\n\n<p>Embora possa parecer uma condi\u00e7\u00e3o simples, a urtic\u00e1ria pode afetar a qualidade de vida, especialmente em casos mais graves, onde as les\u00f5es s\u00e3o extensas ou acompanhadas de incha\u00e7o em \u00e1reas como rosto e garganta.<\/p>\n\n\n\n<h2 class=\"wp-block-heading\">Quais s\u00e3o as causas da urtic\u00e1ria?<\/h2>\n\n\n\n<p>A urtic\u00e1ria \u00e9 causada por uma rea\u00e7\u00e3o do sistema imunol\u00f3gico que leva \u00e0 libera\u00e7\u00e3o de histamina, provocando o incha\u00e7o e a vermelhid\u00e3o da pele. Entre os principais fatores desencadeantes est\u00e3o:<\/p>\n\n\n\n<ul>\n<li><strong>alimentos: <\/strong>algumas pessoas podem ter rea\u00e7\u00f5es al\u00e9rgicas a alimentos como frutos do mar, nozes, leite ou ovo;<\/li>\n\n\n\n<li><strong>medicamentos:<\/strong> antibi\u00f3ticos, anti-inflamat\u00f3rios e outros medicamentos podem causar urtic\u00e1ria em pessoas sens\u00edveis;<\/li>\n\n\n\n<li><strong>picadas de insetos:<\/strong> veneno de insetos, como abelhas e mosquitos, pode desencadear a condi\u00e7\u00e3o;<\/li>\n\n\n\n<li><strong>infec\u00e7\u00f5es:<\/strong> virais ou bacterianas tamb\u00e9m podem provocar epis\u00f3dios de urtic\u00e1ria;<\/li>\n\n\n\n<li><strong>fatores f\u00edsicos:<\/strong> frio, calor, press\u00e3o sobre a pele e at\u00e9 exerc\u00edcios f\u00edsicos intensos podem desencadear os sintomas;<\/li>\n\n\n\n<li><strong>doen\u00e7as autoimunes:<\/strong> em alguns casos, a urtic\u00e1ria est\u00e1 relacionada a condi\u00e7\u00f5es como l\u00fapus ou problemas na tireoide.<\/li>\n<\/ul>\n\n\n\n<p>Assim, identificar o gatilho da urtic\u00e1ria \u00e9 um passo importante para evitar novos epis\u00f3dios e direcionar o tratamento correto contra a condi\u00e7\u00e3o.<\/p>\n\n\n\n<h2 class=\"wp-block-heading\">Quais s\u00e3o os sintomas da urtic\u00e1ria?<\/h2>\n\n\n\n<p>Os sintomas mais comuns da urtic\u00e1ria incluem manchas ou verg\u00f5es avermelhados na pele, que podem co\u00e7ar intensamente. Essas les\u00f5es podem aparecer em qualquer parte do corpo e variar em tamanho, indo de pequenos pontos at\u00e9 grandes \u00e1reas avermelhadas. Al\u00e9m disso, a condi\u00e7\u00e3o pode causar:<\/p>\n\n\n\n<ul>\n<li><strong>incha\u00e7o: <\/strong>principalmente nas p\u00e1lpebras, l\u00e1bios, m\u00e3os ou p\u00e9s;<\/li>\n\n\n\n<li><strong>sensa\u00e7\u00e3o de queima\u00e7\u00e3o:<\/strong> em casos mais graves, os verg\u00f5es podem causar desconforto al\u00e9m da coceira;<\/li>\n\n\n\n<li><strong>mudan\u00e7a r\u00e1pida nas les\u00f5es:<\/strong> as manchas podem desaparecer de uma \u00e1rea do corpo e surgir em outra em quest\u00e3o de horas.<\/li>\n<\/ul>\n\n\n\n<p>Nos casos mais graves, conhecidos como angioedema, o incha\u00e7o pode atingir camadas mais profundas da pele, <strong>afetando \u00e1reas como rosto e garganta<\/strong>, o que pode representar um risco \u00e0 sa\u00fade. Nesses casos, \u00e9 importante procurar atendimento m\u00e9dico imediatamente.<\/p>\n\n\n\n<h2 class=\"wp-block-heading\">Como \u00e9 feito o diagn\u00f3stico de urtic\u00e1ria?<\/h2>\n\n\n\n<p>O diagn\u00f3stico da urtic\u00e1ria \u00e9 baseado principalmente na avalia\u00e7\u00e3o cl\u00ednica. O m\u00e9dico analisa as les\u00f5es na pele e conversa com o paciente para identificar poss\u00edveis gatilhos, como o consumo recente de alimentos ou <a href=\"https:\/\/www.panvel.com\/panvel\/dermocosmeticos\/tratamento-para-pele\/c-36248\">medicamentos de tratamento para pele<\/a>, por exemplo.<\/p>\n\n\n\n<p>Em casos de urtic\u00e1ria cr\u00f4nica ou recorrente, exames adicionais podem ser solicitados para investigar causas subjacentes. Testes cut\u00e2neos, exames de sangue e at\u00e9 bi\u00f3psias tamb\u00e9m podem ajudar a identificar o fator desencadeante e guiar o tratamento.<\/p>\n\n\n\n<h2 class=\"wp-block-heading\">Como \u00e9 feito o tratamento contra urtic\u00e1ria?<\/h2>\n\n\n\n<p>O tratamento da urtic\u00e1ria varia conforme a gravidade dos sintomas. Em casos leves, a condi\u00e7\u00e3o pode desaparecer sozinha em algumas horas ou dias, sem necessidade de interven\u00e7\u00e3o m\u00e9dica. No entanto, quando os sintomas s\u00e3o mais intensos ou persistentes, o uso de medicamentos pode ser necess\u00e1rio para aliviar o desconforto.<\/p>\n\n\n\n<p>Os anti-histam\u00ednicos, como loratadina, cetirizina e fexofenadina (<a href=\"https:\/\/www.panvel.com\/panvel\/dermocosmeticos\/tratamento-para-pele\/c-36248\">medicamentos para alergia e infec\u00e7\u00f5es<\/a>), s\u00e3o os rem\u00e9dios mais indicados, pois bloqueiam a a\u00e7\u00e3o da histamina, subst\u00e2ncia que provoca os sintomas de coceira e vermelhid\u00e3o.&nbsp;<\/p>\n\n\n\n<p>Para casos mais graves, o m\u00e9dico pode prescrever corticosteroides, como a prednisona, que ajudam a controlar a inflama\u00e7\u00e3o de forma mais eficaz. Em situa\u00e7\u00f5es de emerg\u00eancia, como quando h\u00e1 angioedema (incha\u00e7o profundo) ou risco de choque anafil\u00e1tico, a aplica\u00e7\u00e3o de adrenalina pode ser necess\u00e1ria, mas isso deve ser feito em ambiente hospitalar.<\/p>\n\n\n\n<h2 class=\"wp-block-heading\">Como prevenir a urtic\u00e1ria?<\/h2>\n\n\n\n<p>Prevenir a urtic\u00e1ria nem sempre \u00e9 f\u00e1cil, especialmente quando o gatilho n\u00e3o \u00e9 conhecido. No entanto, algumas pr\u00e1ticas podem ajudar a reduzir o risco de novos epis\u00f3dios. Evitar alimentos e medicamentos que j\u00e1 causaram rea\u00e7\u00f5es no passado \u00e9 essencial. Al\u00e9m disso, \u00e9 importante proteger a pele contra fatores f\u00edsicos, como calor, frio intenso ou press\u00e3o.<\/p>\n\n\n\n<p>Manter o sistema imunol\u00f3gico fortalecido, por meio de uma alimenta\u00e7\u00e3o equilibrada e cuidados gerais com a sa\u00fade, tamb\u00e9m pode ser \u00fatil. Em casos de urtic\u00e1ria cr\u00f4nica, o acompanhamento m\u00e9dico regular \u00e9 fundamental para controlar a condi\u00e7\u00e3o.<\/p>\n\n\n\n<h2 class=\"wp-block-heading\">Perguntas frequentes sobre urtic\u00e1ria<\/h2>\n\n\n\n<h3 class=\"wp-block-heading\">O que pode causar urtic\u00e1ria?<\/h3>\n\n\n\n<p>A urtic\u00e1ria pode ser causada por diversos fatores, como rea\u00e7\u00f5es al\u00e9rgicas a alimentos, medicamentos, picadas de insetos ou at\u00e9 produtos qu\u00edmicos. Al\u00e9m disso, condi\u00e7\u00f5es como infec\u00e7\u00f5es, doen\u00e7as autoimunes e fatores f\u00edsicos, como exposi\u00e7\u00e3o ao frio ou calor.<\/p>\n\n\n\n<h3 class=\"wp-block-heading\">O que \u00e9 bom para aliviar a urtic\u00e1ria?<\/h3>\n\n\n\n<p>Para aliviar os sintomas da urtic\u00e1ria, \u00e9 indicado o uso de medicamentos como anti-histam\u00ednicos, que ajudam a reduzir a coceira e a vermelhid\u00e3o. Manter a pele hidratada, evitar roupas apertadas e n\u00e3o co\u00e7ar as les\u00f5es tamb\u00e9m s\u00e3o medidas importantes.&nbsp;<\/p>\n\n\n\n<h3 class=\"wp-block-heading\">Como saber se a urtic\u00e1ria \u00e9 emocional?<\/h3>\n\n\n\n<p>A urtic\u00e1ria emocional est\u00e1 geralmente relacionada a situa\u00e7\u00f5es de estresse, ansiedade ou altera\u00e7\u00f5es emocionais intensas. Se os sintomas aparecem repetidamente em momentos de grande tens\u00e3o ou preocupa\u00e7\u00f5es, \u00e9 poss\u00edvel que seja emocional.&nbsp;<\/p>\n\n\n\n<h3 class=\"wp-block-heading\">Qual \u00e9 a diferen\u00e7a entre alergia e urtic\u00e1ria?<\/h3>\n\n\n\n<p>A alergia \u00e9 uma rea\u00e7\u00e3o exagerada do sistema imunol\u00f3gico a uma subst\u00e2ncia espec\u00edfica, como p\u00f3len, alimentos ou medicamentos. J\u00e1 a urtic\u00e1ria \u00e9 uma manifesta\u00e7\u00e3o na pele que pode ser causada por uma alergia, mas tamb\u00e9m pode ter outras origens, como fatores f\u00edsicos, infec\u00e7\u00f5es ou at\u00e9 estresse.<\/p>\n\n\n\n<p>Agora que voc\u00ea j\u00e1 sabe tudo sobre urtic\u00e1ria, lembre-se de que cuidar da sa\u00fade \u00e9 essencial. Confira a categoria de <a href=\"https:\/\/www.panvel.com\/panvel\/medicamentos\/pele-e-mucosas\/c-35219\">medicamentos para pele e mucosas<\/a> no site da Panvel e encontre produtos que podem ajudar a aliviar os sintomas e trazer mais conforto para o seu dia a dia!<\/p>\n","protected":false},"excerpt":{"rendered":"<p>A urtic\u00e1ria (CID L50) \u00e9 uma condi\u00e7\u00e3o de pele caracterizada pelo aparecimento de manchas ou verg\u00f5es avermelhados que causam coceira e podem surgir em diferentes partes do corpo.&nbsp; Esse problema, que pode ser agudo ou cr\u00f4nico, ocorre devido a uma rea\u00e7\u00e3o al\u00e9rgica ou a outros fatores que estimulam a libera\u00e7\u00e3o de histamina, uma subst\u00e2ncia que [&hellip;]<\/p>\n","protected":false},"author":3,"featured_media":9445,"comment_status":"open","ping_status":"open","sticky":false,"template":"","format":"standard","meta":[],"categories":[1985],"tags":[],"sponsor":[],"acf":[],"yoast_head":"<!-- This site is optimized with the Yoast SEO plugin v20.7 - https:\/\/yoast.com\/wordpress\/plugins\/seo\/ -->\n<title>Urtic\u00e1ria: causas, sintomas e como tratar\u00a0 | Panvel<\/title>\n<meta name=\"description\" content=\"A urtic\u00e1ria \u00e9 caracterizada por manchas vermelhas e coceira na pele, causada por infec\u00e7\u00f5es ou outros fatores. Descubra sintomas, causas e tratamento!\" \/>\n<meta name=\"robots\" content=\"index, follow, max-snippet:-1, max-image-preview:large, max-video-preview:-1\" \/>\n<link rel=\"canonical\" href=\"https:\/\/www.panvel.com\/blog\/panvel-explica\/urticaria\/\" \/>\n<meta property=\"og:locale\" content=\"pt_BR\" \/>\n<meta property=\"og:type\" content=\"article\" \/>\n<meta property=\"og:title\" content=\"Urtic\u00e1ria: causas, sintomas e como tratar\u00a0 | Panvel\" \/>\n<meta property=\"og:description\" content=\"A urtic\u00e1ria \u00e9 caracterizada por manchas vermelhas e coceira na pele, causada por infec\u00e7\u00f5es ou outros fatores. Descubra sintomas, causas e tratamento!\" \/>\n<meta property=\"og:url\" content=\"https:\/\/www.panvel.com\/blog\/panvel-explica\/urticaria\/\" \/>\n<meta property=\"og:site_name\" content=\"Blog Bem Panvel\" \/>\n<meta property=\"article:published_time\" content=\"2024-12-17T20:51:56+00:00\" \/>\n<meta property=\"og:image\" content=\"https:\/\/www.panvel.com\/blog\/wp-content\/uploads\/2024\/12\/urticaria.jpg\" \/>\n\t<meta property=\"og:image:width\" content=\"1200\" \/>\n\t<meta property=\"og:image:height\" content=\"800\" \/>\n\t<meta property=\"og:image:type\" content=\"image\/jpeg\" \/>\n<meta name=\"author\" content=\"Equipe Panvel\" \/>\n<meta name=\"twitter:card\" content=\"summary_large_image\" \/>\n<meta name=\"twitter:label1\" content=\"Escrito por\" \/>\n\t<meta name=\"twitter:data1\" content=\"Equipe Panvel\" \/>\n\t<meta name=\"twitter:label2\" content=\"Est. tempo de leitura\" \/>\n\t<meta name=\"twitter:data2\" content=\"6 minutos\" \/>\n<script type=\"application\/ld+json\" class=\"yoast-schema-graph\">{\"@context\":\"https:\/\/schema.org\",\"@graph\":[{\"@type\":\"Article\",\"@id\":\"https:\/\/www.panvel.com\/blog\/panvel-explica\/urticaria\/#article\",\"isPartOf\":{\"@id\":\"https:\/\/www.panvel.com\/blog\/panvel-explica\/urticaria\/\"},\"author\":{\"name\":\"Equipe Panvel\",\"@id\":\"https:\/\/www.panvel.com\/blog\/#\/schema\/person\/79f5c113f9621ed83897942f6e7501e3\"},\"headline\":\"Urtic\u00e1ria: causas, sintomas e como tratar\u00a0\",\"datePublished\":\"2024-12-17T20:51:56+00:00\",\"dateModified\":\"2024-12-17T20:51:56+00:00\",\"mainEntityOfPage\":{\"@id\":\"https:\/\/www.panvel.com\/blog\/panvel-explica\/urticaria\/\"},\"wordCount\":1249,\"commentCount\":0,\"publisher\":{\"@id\":\"https:\/\/www.panvel.com\/blog\/#organization\"},\"articleSection\":[\"Panvel Explica\"],\"inLanguage\":\"pt-BR\",\"potentialAction\":[{\"@type\":\"CommentAction\",\"name\":\"Comment\",\"target\":[\"https:\/\/www.panvel.com\/blog\/panvel-explica\/urticaria\/#respond\"]}]},{\"@type\":\"WebPage\",\"@id\":\"https:\/\/www.panvel.com\/blog\/panvel-explica\/urticaria\/\",\"url\":\"https:\/\/www.panvel.com\/blog\/panvel-explica\/urticaria\/\",\"name\":\"Urtic\u00e1ria: causas, sintomas e como tratar\u00a0 | Panvel\",\"isPartOf\":{\"@id\":\"https:\/\/www.panvel.com\/blog\/#website\"},\"datePublished\":\"2024-12-17T20:51:56+00:00\",\"dateModified\":\"2024-12-17T20:51:56+00:00\",\"description\":\"A urtic\u00e1ria \u00e9 caracterizada por manchas vermelhas e coceira na pele, causada por infec\u00e7\u00f5es ou outros fatores. Descubra sintomas, causas e tratamento!\",\"breadcrumb\":{\"@id\":\"https:\/\/www.panvel.com\/blog\/panvel-explica\/urticaria\/#breadcrumb\"},\"inLanguage\":\"pt-BR\",\"potentialAction\":[{\"@type\":\"ReadAction\",\"target\":[\"https:\/\/www.panvel.com\/blog\/panvel-explica\/urticaria\/\"]}]},{\"@type\":\"BreadcrumbList\",\"@id\":\"https:\/\/www.panvel.com\/blog\/panvel-explica\/urticaria\/#breadcrumb\",\"itemListElement\":[{\"@type\":\"ListItem\",\"position\":1,\"name\":\"Home\",\"item\":\"https:\/\/www.panvel.com\/blog\/\"},{\"@type\":\"ListItem\",\"position\":2,\"name\":\"Panvel Explica\",\"item\":\"https:\/\/www.panvel.com\/blog\/panvel-explica\/\"},{\"@type\":\"ListItem\",\"position\":3,\"name\":\"Urtic\u00e1ria: causas, sintomas e como tratar\u00a0\"}]},{\"@type\":\"WebSite\",\"@id\":\"https:\/\/www.panvel.com\/blog\/#website\",\"url\":\"https:\/\/www.panvel.com\/blog\/\",\"name\":\"Blog Bem Panvel\",\"description\":\"Aqui voc\u00ea encontra conte\u00fados e dicas de sa\u00fade, beleza, bem-estar e muito mais.\",\"publisher\":{\"@id\":\"https:\/\/www.panvel.com\/blog\/#organization\"},\"potentialAction\":[{\"@type\":\"SearchAction\",\"target\":{\"@type\":\"EntryPoint\",\"urlTemplate\":\"https:\/\/www.panvel.com\/blog\/?s={search_term_string}\"},\"query-input\":\"required name=search_term_string\"}],\"inLanguage\":\"pt-BR\"},{\"@type\":\"Organization\",\"@id\":\"https:\/\/www.panvel.com\/blog\/#organization\",\"name\":\"Panvel Farm\u00e1cias\",\"url\":\"https:\/\/www.panvel.com\/blog\/\",\"logo\":{\"@type\":\"ImageObject\",\"inLanguage\":\"pt-BR\",\"@id\":\"https:\/\/www.panvel.com\/blog\/#\/schema\/logo\/image\/\",\"url\":\"https:\/\/www.panvel.com\/blog\/wp-content\/uploads\/2020\/10\/logo.png\",\"contentUrl\":\"https:\/\/www.panvel.com\/blog\/wp-content\/uploads\/2020\/10\/logo.png\",\"width\":402,\"height\":53,\"caption\":\"Panvel Farm\u00e1cias\"},\"image\":{\"@id\":\"https:\/\/www.panvel.com\/blog\/#\/schema\/logo\/image\/\"}},{\"@type\":\"Person\",\"@id\":\"https:\/\/www.panvel.com\/blog\/#\/schema\/person\/79f5c113f9621ed83897942f6e7501e3\",\"name\":\"Equipe Panvel\",\"image\":{\"@type\":\"ImageObject\",\"inLanguage\":\"pt-BR\",\"@id\":\"https:\/\/www.panvel.com\/blog\/#\/schema\/person\/image\/\",\"url\":\"https:\/\/www.panvel.com\/blog\/wp-content\/uploads\/2022\/09\/blog-panvel-1.jpg\",\"contentUrl\":\"https:\/\/www.panvel.com\/blog\/wp-content\/uploads\/2022\/09\/blog-panvel-1.jpg\",\"caption\":\"Equipe Panvel\"},\"description\":\"O Blog Bem Panvel conta com uma equipe formada por especialistas e traz para seus leitores conte\u00fados relevantes e de qualidade sobre sa\u00fade, beleza e bem-estar.\",\"url\":\"https:\/\/www.panvel.com\/blog\/author\/dimedmkt\/\"}]}<\/script>\n<!-- \/ Yoast SEO plugin. -->","yoast_head_json":{"title":"Urtic\u00e1ria: causas, sintomas e como tratar\u00a0 | Panvel","description":"A urtic\u00e1ria \u00e9 caracterizada por manchas vermelhas e coceira na pele, causada por infec\u00e7\u00f5es ou outros fatores. Descubra sintomas, causas e tratamento!","robots":{"index":"index","follow":"follow","max-snippet":"max-snippet:-1","max-image-preview":"max-image-preview:large","max-video-preview":"max-video-preview:-1"},"canonical":"https:\/\/www.panvel.com\/blog\/panvel-explica\/urticaria\/","og_locale":"pt_BR","og_type":"article","og_title":"Urtic\u00e1ria: causas, sintomas e como tratar\u00a0 | Panvel","og_description":"A urtic\u00e1ria \u00e9 caracterizada por manchas vermelhas e coceira na pele, causada por infec\u00e7\u00f5es ou outros fatores. Descubra sintomas, causas e tratamento!","og_url":"https:\/\/www.panvel.com\/blog\/panvel-explica\/urticaria\/","og_site_name":"Blog Bem Panvel","article_published_time":"2024-12-17T20:51:56+00:00","og_image":[{"width":1200,"height":800,"url":"https:\/\/www.panvel.com\/blog\/wp-content\/uploads\/2024\/12\/urticaria.jpg","type":"image\/jpeg"}],"author":"Equipe Panvel","twitter_card":"summary_large_image","twitter_misc":{"Escrito por":"Equipe Panvel","Est. tempo de leitura":"6 minutos"},"schema":{"@context":"https:\/\/schema.org","@graph":[{"@type":"Article","@id":"https:\/\/www.panvel.com\/blog\/panvel-explica\/urticaria\/#article","isPartOf":{"@id":"https:\/\/www.panvel.com\/blog\/panvel-explica\/urticaria\/"},"author":{"name":"Equipe Panvel","@id":"https:\/\/www.panvel.com\/blog\/#\/schema\/person\/79f5c113f9621ed83897942f6e7501e3"},"headline":"Urtic\u00e1ria: causas, sintomas e como tratar\u00a0","datePublished":"2024-12-17T20:51:56+00:00","dateModified":"2024-12-17T20:51:56+00:00","mainEntityOfPage":{"@id":"https:\/\/www.panvel.com\/blog\/panvel-explica\/urticaria\/"},"wordCount":1249,"commentCount":0,"publisher":{"@id":"https:\/\/www.panvel.com\/blog\/#organization"},"articleSection":["Panvel Explica"],"inLanguage":"pt-BR","potentialAction":[{"@type":"CommentAction","name":"Comment","target":["https:\/\/www.panvel.com\/blog\/panvel-explica\/urticaria\/#respond"]}]},{"@type":"WebPage","@id":"https:\/\/www.panvel.com\/blog\/panvel-explica\/urticaria\/","url":"https:\/\/www.panvel.com\/blog\/panvel-explica\/urticaria\/","name":"Urtic\u00e1ria: causas, sintomas e como tratar\u00a0 | Panvel","isPartOf":{"@id":"https:\/\/www.panvel.com\/blog\/#website"},"datePublished":"2024-12-17T20:51:56+00:00","dateModified":"2024-12-17T20:51:56+00:00","description":"A urtic\u00e1ria \u00e9 caracterizada por manchas vermelhas e coceira na pele, causada por infec\u00e7\u00f5es ou outros fatores. Descubra sintomas, causas e tratamento!","breadcrumb":{"@id":"https:\/\/www.panvel.com\/blog\/panvel-explica\/urticaria\/#breadcrumb"},"inLanguage":"pt-BR","potentialAction":[{"@type":"ReadAction","target":["https:\/\/www.panvel.com\/blog\/panvel-explica\/urticaria\/"]}]},{"@type":"BreadcrumbList","@id":"https:\/\/www.panvel.com\/blog\/panvel-explica\/urticaria\/#breadcrumb","itemListElement":[{"@type":"ListItem","position":1,"name":"Home","item":"https:\/\/www.panvel.com\/blog\/"},{"@type":"ListItem","position":2,"name":"Panvel Explica","item":"https:\/\/www.panvel.com\/blog\/panvel-explica\/"},{"@type":"ListItem","position":3,"name":"Urtic\u00e1ria: causas, sintomas e como tratar\u00a0"}]},{"@type":"WebSite","@id":"https:\/\/www.panvel.com\/blog\/#website","url":"https:\/\/www.panvel.com\/blog\/","name":"Blog Bem Panvel","description":"Aqui voc\u00ea encontra conte\u00fados e dicas de sa\u00fade, beleza, bem-estar e muito mais.","publisher":{"@id":"https:\/\/www.panvel.com\/blog\/#organization"},"potentialAction":[{"@type":"SearchAction","target":{"@type":"EntryPoint","urlTemplate":"https:\/\/www.panvel.com\/blog\/?s={search_term_string}"},"query-input":"required name=search_term_string"}],"inLanguage":"pt-BR"},{"@type":"Organization","@id":"https:\/\/www.panvel.com\/blog\/#organization","name":"Panvel Farm\u00e1cias","url":"https:\/\/www.panvel.com\/blog\/","logo":{"@type":"ImageObject","inLanguage":"pt-BR","@id":"https:\/\/www.panvel.com\/blog\/#\/schema\/logo\/image\/","url":"https:\/\/www.panvel.com\/blog\/wp-content\/uploads\/2020\/10\/logo.png","contentUrl":"https:\/\/www.panvel.com\/blog\/wp-content\/uploads\/2020\/10\/logo.png","width":402,"height":53,"caption":"Panvel Farm\u00e1cias"},"image":{"@id":"https:\/\/www.panvel.com\/blog\/#\/schema\/logo\/image\/"}},{"@type":"Person","@id":"https:\/\/www.panvel.com\/blog\/#\/schema\/person\/79f5c113f9621ed83897942f6e7501e3","name":"Equipe Panvel","image":{"@type":"ImageObject","inLanguage":"pt-BR","@id":"https:\/\/www.panvel.com\/blog\/#\/schema\/person\/image\/","url":"https:\/\/www.panvel.com\/blog\/wp-content\/uploads\/2022\/09\/blog-panvel-1.jpg","contentUrl":"https:\/\/www.panvel.com\/blog\/wp-content\/uploads\/2022\/09\/blog-panvel-1.jpg","caption":"Equipe Panvel"},"description":"O Blog Bem Panvel conta com uma equipe formada por especialistas e traz para seus leitores conte\u00fados relevantes e de qualidade sobre sa\u00fade, beleza e bem-estar.","url":"https:\/\/www.panvel.com\/blog\/author\/dimedmkt\/"}]}},"_links":{"self":[{"href":"https:\/\/www.panvel.com\/blog\/wp-json\/wp\/v2\/posts\/9444"}],"collection":[{"href":"https:\/\/www.panvel.com\/blog\/wp-json\/wp\/v2\/posts"}],"about":[{"href":"https:\/\/www.panvel.com\/blog\/wp-json\/wp\/v2\/types\/post"}],"author":[{"embeddable":true,"href":"https:\/\/www.panvel.com\/blog\/wp-json\/wp\/v2\/users\/3"}],"replies":[{"embeddable":true,"href":"https:\/\/www.panvel.com\/blog\/wp-json\/wp\/v2\/comments?post=9444"}],"version-history":[{"count":1,"href":"https:\/\/www.panvel.com\/blog\/wp-json\/wp\/v2\/posts\/9444\/revisions"}],"predecessor-version":[{"id":9446,"href":"https:\/\/www.panvel.com\/blog\/wp-json\/wp\/v2\/posts\/9444\/revisions\/9446"}],"wp:featuredmedia":[{"embeddable":true,"href":"https:\/\/www.panvel.com\/blog\/wp-json\/wp\/v2\/media\/9445"}],"wp:attachment":[{"href":"https:\/\/www.panvel.com\/blog\/wp-json\/wp\/v2\/media?parent=9444"}],"wp:term":[{"taxonomy":"category","embeddable":true,"href":"https:\/\/www.panvel.com\/blog\/wp-json\/wp\/v2\/categories?post=9444"},{"taxonomy":"post_tag","embeddable":true,"href":"https:\/\/www.panvel.com\/blog\/wp-json\/wp\/v2\/tags?post=9444"},{"taxonomy":"sponsor","embeddable":true,"href":"https:\/\/www.panvel.com\/blog\/wp-json\/wp\/v2\/sponsor?post=9444"}],"curies":[{"name":"wp","href":"https:\/\/api.w.org\/{rel}","templated":true}]}}