{"id":9263,"date":"2024-11-17T16:48:48","date_gmt":"2024-11-17T19:48:48","guid":{"rendered":"https:\/\/www.panvel.com\/blog\/?p=9263"},"modified":"2024-11-18T15:52:21","modified_gmt":"2024-11-18T18:52:21","slug":"saiba-mais-sobre-a-prematuridade","status":"publish","type":"post","link":"https:\/\/www.panvel.com\/blog\/dicas-de-saude\/saiba-mais-sobre-a-prematuridade\/","title":{"rendered":"Saiba mais sobre a prematuridade, uma das principais causas de interna\u00e7\u00e3o de beb\u00eas rec\u00e9m-nascidos"},"content":{"rendered":"\n<p><\/p>\n\n\n\n<p>A cada ano, milhares de beb\u00eas nascem <strong>prematuros<\/strong> em todo o mundo, e cada um deles representa uma luta precoce pela vida. O <strong>nascimento prematuro<\/strong> \u00e9 caracterizado pela chegada ao mundo antes das 37 semanas de gesta\u00e7\u00e3o e exige aten\u00e7\u00e3o redobrada para o beb\u00ea e sua fam\u00edlia.<br><br>Beb\u00eas prematuros, especialmente os que nascem antes das 34 semanas, necessitam de cuidados hospitalares mais complexos, incluindo oxigenoterapia e, em muitos casos, ventila\u00e7\u00e3o assistida para auxiliar na respira\u00e7\u00e3o. \"Hoje, felizmente, a maioria dos beb\u00eas que nascem com menos de um quilo fica sem sequelas. Ainda assim, os riscos iniciais podem ser graves\", afirma o pediatra neonatologista Davi de Paula, professor do curso de Medicina da Universidade Feevale,.<\/p>\n\n\n\n<h3 class=\"wp-block-heading\"><strong>A import\u00e2ncia de um pr\u00e9-natal cuidadoso<\/strong><\/h3>\n\n\n\n<p><\/p>\n\n\n\n<p>Para evitar um parto prematuro, De Paula enfatiza a necessidade de um acompanhamento <strong>pr\u00e9-natal<\/strong> rigoroso. Ele recomenda que as gestantes realizem pelo menos sete consultas pr\u00e9-natais e destaca alguns fatores que podem desencadear o trabalho de parto antes do tempo, como infec\u00e7\u00f5es, press\u00e3o alta, diabetes gestacional e o uso de drogas. Caso o risco de <strong>parto prematuro<\/strong> seja detectado, a gestante pode precisar de interna\u00e7\u00e3o e, em alguns casos, de um tratamento com corticoides, que ajudam a amadurecer o pulm\u00e3o do beb\u00ea antes do nascimento.<\/p>\n\n\n\n<h3 class=\"wp-block-heading\"><strong>Cuidados com o beb\u00ea prematuro<\/strong><\/h3>\n\n\n\n<p><\/p>\n\n\n\n<p>A presen\u00e7a dos pais \u00e9 essencial nas unidades de terapia intensiva neonatal. Al\u00e9m do suporte emocional de ambos, a m\u00e3e pode contribuir com a alimenta\u00e7\u00e3o por meio do leite materno, que, quando necess\u00e1rio, \u00e9 administrado por sonda. \u201cHoje em dia, cada vez mais se sabe a import\u00e2ncia do afeto e do carinho no desenvolvimento f\u00edsico e mental do beb\u00ea,\u201d observa De Paula, ressaltando o esfor\u00e7o para humanizar as unidades neonatais e criar um ambiente que simule, tanto quanto poss\u00edvel, o ventre materno.<\/p>\n\n\n\n<p>A prematuridade \u00e9 uma das principais causas de interna\u00e7\u00e3o de <strong>rec\u00e9m-nascidos<\/strong>, de acordo com o m\u00e9dico. Ele explica a import\u00e2ncia de a sociedade entender que, mesmo com todos os cuidados adequados, a <strong>prematuridade<\/strong> pode acontecer, e isso n\u00e3o \u00e9 culpa dos pais. \"Toda a comunidade tem que estar ciente da import\u00e2ncia desse afeto e desses cuidados\", destaca. Para al\u00e9m dos avan\u00e7os m\u00e9dicos, o envolvimento e o v\u00ednculo afetivo da fam\u00edlia s\u00e3o elementos-chave no processo de recupera\u00e7\u00e3o dos <strong>beb\u00eas prematuros<\/strong>.<\/p>\n\n\n\n<h3 class=\"wp-block-heading\"><strong>Uma nova vida, um novo come\u00e7o<\/strong><\/h3>\n\n\n\n<p><\/p>\n\n\n\n<p>O m\u00e9dico neonatologista relata ter acompanhado a melhora de muitos beb\u00eas pequeninos e se orgulha de ter visto a evolu\u00e7\u00e3o dessa \u00e1rea da medicina. \u201cQuando a prematuridade acontece, \u00e9 um momento assustador para a fam\u00edlia, mas, com a ajuda da equipe multidisciplinar, tudo vai ficando mais tranquilo\u201d, afirma. Esse time, que inclui m\u00e9dicos, enfermeiros, t\u00e9cnicos e fisioterapeutas, trabalha incansavelmente para garantir a melhor chance de um come\u00e7o saud\u00e1vel e seguro para esses beb\u00eas.Sensibilizar-se para as necessidades dos <strong>beb\u00eas prematuros<\/strong> e apoiar suas fam\u00edlias s\u00e3o passos fundamentais para garantir que esses pequenos guerreiros tenham a oportunidade de crescer e desenvolver-se com sa\u00fade e dignidade.<\/p>\n\n\n<div class=\"wp-block-image\">\n<figure class=\"alignleft size-large is-resized\"><img decoding=\"async\" loading=\"lazy\" src=\"https:\/\/www.panvel.com\/blog\/wp-content\/uploads\/2024\/11\/Davi_de_Paula_2-DR-768x1024.jpg\" alt=\"\" class=\"wp-image-9264\" width=\"160\" height=\"214\"\/><\/figure><\/div>\n\n\n<h3 class=\"wp-block-heading\">Dr. David de Paula<\/h3>\n\n\n\n<p><\/p>\n\n\n\n<p><strong>M\u00e9dico pediatra e neonatologista, doutor em sa\u00fade da crian\u00e7a e professor da Universidade Feevale.<\/strong><\/p>\n","protected":false},"excerpt":{"rendered":"<p>O nascimento prematuro \u00e9 caracterizado pela chegada ao mundo antes das 37 semanas de gesta\u00e7\u00e3o.<\/p>\n","protected":false},"author":3,"featured_media":9265,"comment_status":"open","ping_status":"open","sticky":false,"template":"","format":"standard","meta":[],"categories":[5],"tags":[2326,179,2325,2327,2324,419],"sponsor":[],"acf":[],"yoast_head":"<!-- This site is optimized with the Yoast SEO plugin v20.7 - https:\/\/yoast.com\/wordpress\/plugins\/seo\/ -->\n<title>Prematuridade: principal causa de interna\u00e7\u00e3o de rec\u00e9m-nascidos<\/title>\n<meta name=\"description\" content=\"O nascimento prematuro \u00e9 caracterizado pela chegada ao mundo antes das 37 semanas de gesta\u00e7\u00e3o. | Leia mais no Blog Panvel.\" \/>\n<meta name=\"robots\" content=\"index, follow, max-snippet:-1, max-image-preview:large, max-video-preview:-1\" \/>\n<link rel=\"canonical\" href=\"https:\/\/www.panvel.com\/blog\/dicas-de-saude\/saiba-mais-sobre-a-prematuridade\/\" \/>\n<meta property=\"og:locale\" content=\"pt_BR\" \/>\n<meta property=\"og:type\" content=\"article\" \/>\n<meta property=\"og:title\" content=\"Prematuridade: principal causa de interna\u00e7\u00e3o de rec\u00e9m-nascidos\" \/>\n<meta property=\"og:description\" content=\"O nascimento prematuro \u00e9 caracterizado pela chegada ao mundo antes das 37 semanas de gesta\u00e7\u00e3o. | Leia mais no Blog Panvel.\" \/>\n<meta property=\"og:url\" content=\"https:\/\/www.panvel.com\/blog\/dicas-de-saude\/saiba-mais-sobre-a-prematuridade\/\" \/>\n<meta property=\"og:site_name\" content=\"Blog Bem Panvel\" \/>\n<meta property=\"article:published_time\" content=\"2024-11-17T19:48:48+00:00\" \/>\n<meta property=\"article:modified_time\" content=\"2024-11-18T18:52:21+00:00\" \/>\n<meta property=\"og:image\" content=\"https:\/\/www.panvel.com\/blog\/wp-content\/uploads\/2024\/11\/iStock-1462996351.jpg\" \/>\n\t<meta property=\"og:image:width\" content=\"2121\" \/>\n\t<meta property=\"og:image:height\" content=\"1414\" \/>\n\t<meta property=\"og:image:type\" content=\"image\/jpeg\" \/>\n<meta name=\"author\" content=\"Equipe Panvel\" \/>\n<meta name=\"twitter:card\" content=\"summary_large_image\" \/>\n<meta name=\"twitter:label1\" content=\"Escrito por\" \/>\n\t<meta name=\"twitter:data1\" content=\"Equipe Panvel\" \/>\n<script type=\"application\/ld+json\" class=\"yoast-schema-graph\">{\"@context\":\"https:\/\/schema.org\",\"@graph\":[{\"@type\":\"Article\",\"@id\":\"https:\/\/www.panvel.com\/blog\/dicas-de-saude\/saiba-mais-sobre-a-prematuridade\/#article\",\"isPartOf\":{\"@id\":\"https:\/\/www.panvel.com\/blog\/dicas-de-saude\/saiba-mais-sobre-a-prematuridade\/\"},\"author\":{\"name\":\"Equipe Panvel\",\"@id\":\"https:\/\/www.panvel.com\/blog\/#\/schema\/person\/79f5c113f9621ed83897942f6e7501e3\"},\"headline\":\"Saiba mais sobre a prematuridade, uma das principais causas de interna\u00e7\u00e3o de beb\u00eas rec\u00e9m-nascidos\",\"datePublished\":\"2024-11-17T19:48:48+00:00\",\"dateModified\":\"2024-11-18T18:52:21+00:00\",\"mainEntityOfPage\":{\"@id\":\"https:\/\/www.panvel.com\/blog\/dicas-de-saude\/saiba-mais-sobre-a-prematuridade\/\"},\"wordCount\":564,\"commentCount\":0,\"publisher\":{\"@id\":\"https:\/\/www.panvel.com\/blog\/#organization\"},\"keywords\":[\"beb\u00ea prematuro\",\"Cuidados com a sa\u00fade\",\"dia da prematuridade\",\"nascimento prematuro\",\"prematuridade\",\"sa\u00fade\"],\"articleSection\":[\"Rotina de Sa\u00fade\"],\"inLanguage\":\"pt-BR\",\"potentialAction\":[{\"@type\":\"CommentAction\",\"name\":\"Comment\",\"target\":[\"https:\/\/www.panvel.com\/blog\/dicas-de-saude\/saiba-mais-sobre-a-prematuridade\/#respond\"]}]},{\"@type\":\"WebPage\",\"@id\":\"https:\/\/www.panvel.com\/blog\/dicas-de-saude\/saiba-mais-sobre-a-prematuridade\/\",\"url\":\"https:\/\/www.panvel.com\/blog\/dicas-de-saude\/saiba-mais-sobre-a-prematuridade\/\",\"name\":\"Prematuridade: principal causa de interna\u00e7\u00e3o de rec\u00e9m-nascidos\",\"isPartOf\":{\"@id\":\"https:\/\/www.panvel.com\/blog\/#website\"},\"datePublished\":\"2024-11-17T19:48:48+00:00\",\"dateModified\":\"2024-11-18T18:52:21+00:00\",\"description\":\"O nascimento prematuro \u00e9 caracterizado pela chegada ao mundo antes das 37 semanas de gesta\u00e7\u00e3o. | Leia mais no Blog Panvel.\",\"breadcrumb\":{\"@id\":\"https:\/\/www.panvel.com\/blog\/dicas-de-saude\/saiba-mais-sobre-a-prematuridade\/#breadcrumb\"},\"inLanguage\":\"pt-BR\",\"potentialAction\":[{\"@type\":\"ReadAction\",\"target\":[\"https:\/\/www.panvel.com\/blog\/dicas-de-saude\/saiba-mais-sobre-a-prematuridade\/\"]}]},{\"@type\":\"BreadcrumbList\",\"@id\":\"https:\/\/www.panvel.com\/blog\/dicas-de-saude\/saiba-mais-sobre-a-prematuridade\/#breadcrumb\",\"itemListElement\":[{\"@type\":\"ListItem\",\"position\":1,\"name\":\"Home\",\"item\":\"https:\/\/www.panvel.com\/blog\/\"},{\"@type\":\"ListItem\",\"position\":2,\"name\":\"Rotina de Sa\u00fade\",\"item\":\"https:\/\/www.panvel.com\/blog\/dicas-de-saude\/\"},{\"@type\":\"ListItem\",\"position\":3,\"name\":\"Saiba mais sobre a prematuridade, uma das principais causas de interna\u00e7\u00e3o de beb\u00eas rec\u00e9m-nascidos\"}]},{\"@type\":\"WebSite\",\"@id\":\"https:\/\/www.panvel.com\/blog\/#website\",\"url\":\"https:\/\/www.panvel.com\/blog\/\",\"name\":\"Blog Bem Panvel\",\"description\":\"Aqui voc\u00ea encontra conte\u00fados e dicas de sa\u00fade, beleza, bem-estar e muito mais.\",\"publisher\":{\"@id\":\"https:\/\/www.panvel.com\/blog\/#organization\"},\"potentialAction\":[{\"@type\":\"SearchAction\",\"target\":{\"@type\":\"EntryPoint\",\"urlTemplate\":\"https:\/\/www.panvel.com\/blog\/?s={search_term_string}\"},\"query-input\":\"required name=search_term_string\"}],\"inLanguage\":\"pt-BR\"},{\"@type\":\"Organization\",\"@id\":\"https:\/\/www.panvel.com\/blog\/#organization\",\"name\":\"Panvel Farm\u00e1cias\",\"url\":\"https:\/\/www.panvel.com\/blog\/\",\"logo\":{\"@type\":\"ImageObject\",\"inLanguage\":\"pt-BR\",\"@id\":\"https:\/\/www.panvel.com\/blog\/#\/schema\/logo\/image\/\",\"url\":\"https:\/\/www.panvel.com\/blog\/wp-content\/uploads\/2020\/10\/logo.png\",\"contentUrl\":\"https:\/\/www.panvel.com\/blog\/wp-content\/uploads\/2020\/10\/logo.png\",\"width\":402,\"height\":53,\"caption\":\"Panvel Farm\u00e1cias\"},\"image\":{\"@id\":\"https:\/\/www.panvel.com\/blog\/#\/schema\/logo\/image\/\"}},{\"@type\":\"Person\",\"@id\":\"https:\/\/www.panvel.com\/blog\/#\/schema\/person\/79f5c113f9621ed83897942f6e7501e3\",\"name\":\"Equipe Panvel\",\"image\":{\"@type\":\"ImageObject\",\"inLanguage\":\"pt-BR\",\"@id\":\"https:\/\/www.panvel.com\/blog\/#\/schema\/person\/image\/\",\"url\":\"https:\/\/www.panvel.com\/blog\/wp-content\/uploads\/2022\/09\/blog-panvel-1.jpg\",\"contentUrl\":\"https:\/\/www.panvel.com\/blog\/wp-content\/uploads\/2022\/09\/blog-panvel-1.jpg\",\"caption\":\"Equipe Panvel\"},\"description\":\"O Blog Bem Panvel conta com uma equipe formada por especialistas e traz para seus leitores conte\u00fados relevantes e de qualidade sobre sa\u00fade, beleza e bem-estar.\",\"url\":\"https:\/\/www.panvel.com\/blog\/author\/dimedmkt\/\"}]}<\/script>\n<!-- \/ Yoast SEO plugin. -->","yoast_head_json":{"title":"Prematuridade: principal causa de interna\u00e7\u00e3o de rec\u00e9m-nascidos","description":"O nascimento prematuro \u00e9 caracterizado pela chegada ao mundo antes das 37 semanas de gesta\u00e7\u00e3o. | Leia mais no Blog Panvel.","robots":{"index":"index","follow":"follow","max-snippet":"max-snippet:-1","max-image-preview":"max-image-preview:large","max-video-preview":"max-video-preview:-1"},"canonical":"https:\/\/www.panvel.com\/blog\/dicas-de-saude\/saiba-mais-sobre-a-prematuridade\/","og_locale":"pt_BR","og_type":"article","og_title":"Prematuridade: principal causa de interna\u00e7\u00e3o de rec\u00e9m-nascidos","og_description":"O nascimento prematuro \u00e9 caracterizado pela chegada ao mundo antes das 37 semanas de gesta\u00e7\u00e3o. | Leia mais no Blog Panvel.","og_url":"https:\/\/www.panvel.com\/blog\/dicas-de-saude\/saiba-mais-sobre-a-prematuridade\/","og_site_name":"Blog Bem Panvel","article_published_time":"2024-11-17T19:48:48+00:00","article_modified_time":"2024-11-18T18:52:21+00:00","og_image":[{"width":2121,"height":1414,"url":"https:\/\/www.panvel.com\/blog\/wp-content\/uploads\/2024\/11\/iStock-1462996351.jpg","type":"image\/jpeg"}],"author":"Equipe Panvel","twitter_card":"summary_large_image","twitter_misc":{"Escrito por":"Equipe Panvel"},"schema":{"@context":"https:\/\/schema.org","@graph":[{"@type":"Article","@id":"https:\/\/www.panvel.com\/blog\/dicas-de-saude\/saiba-mais-sobre-a-prematuridade\/#article","isPartOf":{"@id":"https:\/\/www.panvel.com\/blog\/dicas-de-saude\/saiba-mais-sobre-a-prematuridade\/"},"author":{"name":"Equipe Panvel","@id":"https:\/\/www.panvel.com\/blog\/#\/schema\/person\/79f5c113f9621ed83897942f6e7501e3"},"headline":"Saiba mais sobre a prematuridade, uma das principais causas de interna\u00e7\u00e3o de beb\u00eas rec\u00e9m-nascidos","datePublished":"2024-11-17T19:48:48+00:00","dateModified":"2024-11-18T18:52:21+00:00","mainEntityOfPage":{"@id":"https:\/\/www.panvel.com\/blog\/dicas-de-saude\/saiba-mais-sobre-a-prematuridade\/"},"wordCount":564,"commentCount":0,"publisher":{"@id":"https:\/\/www.panvel.com\/blog\/#organization"},"keywords":["beb\u00ea prematuro","Cuidados com a sa\u00fade","dia da prematuridade","nascimento prematuro","prematuridade","sa\u00fade"],"articleSection":["Rotina de Sa\u00fade"],"inLanguage":"pt-BR","potentialAction":[{"@type":"CommentAction","name":"Comment","target":["https:\/\/www.panvel.com\/blog\/dicas-de-saude\/saiba-mais-sobre-a-prematuridade\/#respond"]}]},{"@type":"WebPage","@id":"https:\/\/www.panvel.com\/blog\/dicas-de-saude\/saiba-mais-sobre-a-prematuridade\/","url":"https:\/\/www.panvel.com\/blog\/dicas-de-saude\/saiba-mais-sobre-a-prematuridade\/","name":"Prematuridade: principal causa de interna\u00e7\u00e3o de rec\u00e9m-nascidos","isPartOf":{"@id":"https:\/\/www.panvel.com\/blog\/#website"},"datePublished":"2024-11-17T19:48:48+00:00","dateModified":"2024-11-18T18:52:21+00:00","description":"O nascimento prematuro \u00e9 caracterizado pela chegada ao mundo antes das 37 semanas de gesta\u00e7\u00e3o. | Leia mais no Blog Panvel.","breadcrumb":{"@id":"https:\/\/www.panvel.com\/blog\/dicas-de-saude\/saiba-mais-sobre-a-prematuridade\/#breadcrumb"},"inLanguage":"pt-BR","potentialAction":[{"@type":"ReadAction","target":["https:\/\/www.panvel.com\/blog\/dicas-de-saude\/saiba-mais-sobre-a-prematuridade\/"]}]},{"@type":"BreadcrumbList","@id":"https:\/\/www.panvel.com\/blog\/dicas-de-saude\/saiba-mais-sobre-a-prematuridade\/#breadcrumb","itemListElement":[{"@type":"ListItem","position":1,"name":"Home","item":"https:\/\/www.panvel.com\/blog\/"},{"@type":"ListItem","position":2,"name":"Rotina de Sa\u00fade","item":"https:\/\/www.panvel.com\/blog\/dicas-de-saude\/"},{"@type":"ListItem","position":3,"name":"Saiba mais sobre a prematuridade, uma das principais causas de interna\u00e7\u00e3o de beb\u00eas rec\u00e9m-nascidos"}]},{"@type":"WebSite","@id":"https:\/\/www.panvel.com\/blog\/#website","url":"https:\/\/www.panvel.com\/blog\/","name":"Blog Bem Panvel","description":"Aqui voc\u00ea encontra conte\u00fados e dicas de sa\u00fade, beleza, bem-estar e muito mais.","publisher":{"@id":"https:\/\/www.panvel.com\/blog\/#organization"},"potentialAction":[{"@type":"SearchAction","target":{"@type":"EntryPoint","urlTemplate":"https:\/\/www.panvel.com\/blog\/?s={search_term_string}"},"query-input":"required name=search_term_string"}],"inLanguage":"pt-BR"},{"@type":"Organization","@id":"https:\/\/www.panvel.com\/blog\/#organization","name":"Panvel Farm\u00e1cias","url":"https:\/\/www.panvel.com\/blog\/","logo":{"@type":"ImageObject","inLanguage":"pt-BR","@id":"https:\/\/www.panvel.com\/blog\/#\/schema\/logo\/image\/","url":"https:\/\/www.panvel.com\/blog\/wp-content\/uploads\/2020\/10\/logo.png","contentUrl":"https:\/\/www.panvel.com\/blog\/wp-content\/uploads\/2020\/10\/logo.png","width":402,"height":53,"caption":"Panvel Farm\u00e1cias"},"image":{"@id":"https:\/\/www.panvel.com\/blog\/#\/schema\/logo\/image\/"}},{"@type":"Person","@id":"https:\/\/www.panvel.com\/blog\/#\/schema\/person\/79f5c113f9621ed83897942f6e7501e3","name":"Equipe Panvel","image":{"@type":"ImageObject","inLanguage":"pt-BR","@id":"https:\/\/www.panvel.com\/blog\/#\/schema\/person\/image\/","url":"https:\/\/www.panvel.com\/blog\/wp-content\/uploads\/2022\/09\/blog-panvel-1.jpg","contentUrl":"https:\/\/www.panvel.com\/blog\/wp-content\/uploads\/2022\/09\/blog-panvel-1.jpg","caption":"Equipe Panvel"},"description":"O Blog Bem Panvel conta com uma equipe formada por especialistas e traz para seus leitores conte\u00fados relevantes e de qualidade sobre sa\u00fade, beleza e bem-estar.","url":"https:\/\/www.panvel.com\/blog\/author\/dimedmkt\/"}]}},"_links":{"self":[{"href":"https:\/\/www.panvel.com\/blog\/wp-json\/wp\/v2\/posts\/9263"}],"collection":[{"href":"https:\/\/www.panvel.com\/blog\/wp-json\/wp\/v2\/posts"}],"about":[{"href":"https:\/\/www.panvel.com\/blog\/wp-json\/wp\/v2\/types\/post"}],"author":[{"embeddable":true,"href":"https:\/\/www.panvel.com\/blog\/wp-json\/wp\/v2\/users\/3"}],"replies":[{"embeddable":true,"href":"https:\/\/www.panvel.com\/blog\/wp-json\/wp\/v2\/comments?post=9263"}],"version-history":[{"count":5,"href":"https:\/\/www.panvel.com\/blog\/wp-json\/wp\/v2\/posts\/9263\/revisions"}],"predecessor-version":[{"id":9270,"href":"https:\/\/www.panvel.com\/blog\/wp-json\/wp\/v2\/posts\/9263\/revisions\/9270"}],"wp:featuredmedia":[{"embeddable":true,"href":"https:\/\/www.panvel.com\/blog\/wp-json\/wp\/v2\/media\/9265"}],"wp:attachment":[{"href":"https:\/\/www.panvel.com\/blog\/wp-json\/wp\/v2\/media?parent=9263"}],"wp:term":[{"taxonomy":"category","embeddable":true,"href":"https:\/\/www.panvel.com\/blog\/wp-json\/wp\/v2\/categories?post=9263"},{"taxonomy":"post_tag","embeddable":true,"href":"https:\/\/www.panvel.com\/blog\/wp-json\/wp\/v2\/tags?post=9263"},{"taxonomy":"sponsor","embeddable":true,"href":"https:\/\/www.panvel.com\/blog\/wp-json\/wp\/v2\/sponsor?post=9263"}],"curies":[{"name":"wp","href":"https:\/\/api.w.org\/{rel}","templated":true}]}}