{"id":9149,"date":"2024-10-17T10:59:08","date_gmt":"2024-10-17T13:59:08","guid":{"rendered":"https:\/\/www.panvel.com\/blog\/?p=9149"},"modified":"2024-10-17T10:59:08","modified_gmt":"2024-10-17T13:59:08","slug":"enxaqueca","status":"publish","type":"post","link":"https:\/\/www.panvel.com\/blog\/panvel-explica\/enxaqueca\/","title":{"rendered":"Enxaqueca: causas, sintomas e como tratar"},"content":{"rendered":"\n<p>A enxaqueca (CID G43) \u00e9 uma condi\u00e7\u00e3o neurol\u00f3gica que se caracteriza por epis\u00f3dios recorrentes de dor de cabe\u00e7a intensa e pulsante, geralmente acompanhada de outros sintomas debilitantes.&nbsp;<\/p>\n\n\n\n<p>Devido \u00e0s suas caracter\u00edsticas e <strong>impacto no sistema nervoso central<\/strong>, a enxaqueca pode causar, al\u00e9m da dor, uma s\u00e9rie de sintomas associados, como n\u00e1usea, v\u00f4mito, sensibilidade \u00e0 luz e ao som, al\u00e9m de dist\u00farbios visuais, que variam conforme cada pessoa.<\/p>\n\n\n\n<p>Mas, como identificar os sinais de uma crise de enxaqueca e o que pode ser feito para prevenir ou reduzir a frequ\u00eancia e intensidade dessas crises? Neste artigo, falaremos sobre os principais sintomas, causas, tratamentos e outras dicas essenciais para quem sofre com enxaquecas. Vamos l\u00e1!<\/p>\n\n\n\n<h2 class=\"wp-block-heading\">O que \u00e9 enxaqueca?<\/h2>\n\n\n\n<p>A enxaqueca \u00e9 um dist\u00farbio neurol\u00f3gico caracterizado por epis\u00f3dios recorrentes de dor de cabe\u00e7a intensa, muitas vezes acompanhada por outros sintomas incapacitantes. Ela \u00e9 diferente de uma dor de cabe\u00e7a comum (<strong>como a cefaleia tensional<\/strong>) por sua intensidade e pelos fatores que a desencadeiam.<\/p>\n\n\n\n<p>Essa dor <strong>costuma afetar apenas um lado da cabe\u00e7a<\/strong> e pode durar de 4 a 72 horas se n\u00e3o for tratada. As crises podem ser imprevis\u00edveis, mas h\u00e1 alguns gatilhos conhecidos que aumentam a probabilidade de sua ocorr\u00eancia, como estresse, mudan\u00e7as hormonais, certos alimentos e altera\u00e7\u00f5es nos padr\u00f5es de sono.<\/p>\n\n\n\n<h2 class=\"wp-block-heading\">CID da enxaqueca<\/h2>\n\n\n\n<p>Na <strong>Classifica\u00e7\u00e3o Internacional de Doen\u00e7as (CID)<\/strong>, a enxaqueca \u00e9 classificada com o c\u00f3digo G43. Esse c\u00f3digo \u00e9 usado pelos m\u00e9dicos para identificar a condi\u00e7\u00e3o e fornecer o tratamento adequado para cada condi\u00e7\u00e3o de sa\u00fade.<\/p>\n\n\n\n<h2 class=\"wp-block-heading\">O que causa a enxaqueca?<\/h2>\n\n\n\n<p>A enxaqueca \u00e9 uma condi\u00e7\u00e3o complexa e suas causas ainda n\u00e3o s\u00e3o totalmente compreendidas. No entanto, acredita-se que seja resultado de uma combina\u00e7\u00e3o de fatores gen\u00e9ticos e ambientais. Entre as principais causas e fatores que podem desencadear crises de enxaqueca est\u00e3o:<\/p>\n\n\n\n<h3 class=\"wp-block-heading\">Fatores gen\u00e9ticos<\/h3>\n\n\n\n<p>A predisposi\u00e7\u00e3o para desenvolver enxaqueca pode ser herdada. Estudos mostram que pessoas com familiares que sofrem de enxaqueca t\u00eam uma chance maior de tamb\u00e9m desenvolver a condi\u00e7\u00e3o. Se ambos os pais t\u00eam enxaqueca, a probabilidade de que seus filhos tamb\u00e9m tenham \u00e9 significativamente maior.<\/p>\n\n\n\n<h3 class=\"wp-block-heading\">Altera\u00e7\u00f5es no c\u00e9rebro<\/h3>\n\n\n\n<p>Acredita-se que a enxaqueca esteja relacionada a altera\u00e7\u00f5es tempor\u00e1rias na atividade dos neurotransmissores no c\u00e9rebro, especialmente a serotonina, uma subst\u00e2ncia que regula o humor e a percep\u00e7\u00e3o da dor. Essas altera\u00e7\u00f5es podem causar a dilata\u00e7\u00e3o dos vasos sangu\u00edneos no c\u00e9rebro, o que contribui para a dor intensa.<\/p>\n\n\n\n<h2 class=\"wp-block-heading\">Quais s\u00e3o os principais sintomas da enxaqueca?<\/h2>\n\n\n\n<p>Ao contr\u00e1rio do que muitos pensam, a enxaqueca \u00e9 mais do que uma simples dor de cabe\u00e7a comum. Os sintomas podem variar de acordo com cada pessoa, mas os mais comuns incluem:<\/p>\n\n\n\n<ul>\n<li><strong>dor de cabe\u00e7a latejante:<\/strong> a dor geralmente ocorre em um dos lados da cabe\u00e7a, mas pode mudar de lado ou ser sentida em ambos;<\/li>\n\n\n\n<li><strong>n\u00e1useas e v\u00f4mitos:<\/strong> muitas pessoas que sofrem de enxaqueca relatam desconforto gastrointestinal, com sensa\u00e7\u00e3o de n\u00e1usea e, em alguns casos, v\u00f4mitos;<\/li>\n\n\n\n<li><strong>sensibilidade \u00e0 luz e ao som:<\/strong> conhecida como fotofobia (sensibilidade \u00e0 luz) e fonofobia (sensibilidade ao som), esses sintomas s\u00e3o muito comuns durante uma crise de enxaqueca;<\/li>\n\n\n\n<li><strong>aura: <\/strong>algumas pessoas t\u00eam o que \u00e9 chamado de aura antes da dor de cabe\u00e7a. Essa fase inclui dist\u00farbios visuais, como ver luzes piscantes ou manchas cegas, e pode durar de 20 minutos a uma hora antes da dor de cabe\u00e7a come\u00e7ar.<\/li>\n<\/ul>\n\n\n\n<p>Al\u00e9m dos sintomas acima, <strong>a enxaqueca pode causar tontura<\/strong>, fadiga extrema e at\u00e9 mesmo confus\u00e3o mental durante ou ap\u00f3s uma crise. \u00c9 importante lembrar que esses sinais podem variar em intensidade e dura\u00e7\u00e3o de uma crise para outra.<\/p>\n\n\n\n<h2 class=\"wp-block-heading\">Como tratar a enxaqueca?<\/h2>\n\n\n\n<p>O tratamento da enxaqueca pode variar dependendo da gravidade das crises e da frequ\u00eancia com que elas ocorrem. Existem tratamentos que podem aliviar a dor durante uma crise, e outros que ajudam a prevenir o aparecimento de novas crises.<\/p>\n\n\n\n<h3 class=\"wp-block-heading\">Medicamentos para al\u00edvio da enxaqueca<\/h3>\n\n\n\n<p>Durante uma crise de enxaqueca, o objetivo principal \u00e9 aliviar a dor e reduzir os outros sintomas. Alguns dos medicamentos mais comuns para tratar uma crise incluem:<\/p>\n\n\n\n<ul>\n<li><strong>Analg\u00e9sicos:<\/strong> medicamentos como <a href=\"https:\/\/www.panvel.com\/panvel\/advil-alivio-rapido-da-dor-de-cabeca-e-enxaqueca-com-ibuprofeno-400mg-8-capsulas\/p-113553\">Advil<\/a> (ibuprofeno) e dipirona, como o <a href=\"https:\/\/www.panvel.com\/panvel\/analgesico-dorflex-uno-enxaqueca-dipirona-monoidratada-1g-20-comprimidos\/p-111948\">Dorflex Uno<\/a>, costumam ser usados para aliviar a dor durante uma crise de enxaqueca;<\/li>\n\n\n\n<li><strong>Triptanos:<\/strong> esses medicamentos, como o sumatriptano, s\u00e3o espec\u00edficos para o tratamento da enxaqueca e ajudam a reduzir a dilata\u00e7\u00e3o dos vasos sangu\u00edneos no c\u00e9rebro;<\/li>\n\n\n\n<li><strong>Antiem\u00e9ticos:<\/strong> esses s\u00e3o medicamentos que ajudam a controlar as n\u00e1useas e os v\u00f4mitos associados \u00e0 enxaqueca.<\/li>\n<\/ul>\n\n\n\n<h2 class=\"wp-block-heading\">A enxaqueca tem cura?<\/h2>\n\n\n\n<p>Infelizmente, a enxaqueca n\u00e3o tem cura, mas os tratamentos dispon\u00edveis s\u00e3o eficazes para controlar os sintomas e reduzir a frequ\u00eancia das crises. Muitas pessoas conseguem levar uma vida normal com o tratamento adequado.<\/p>\n\n\n\n<p>Agora que voc\u00ea sabe mais sobre a enxaqueca e como trat\u00e1-la, que tal conferir a categoria de<a href=\"https:\/\/www.panvel.com\/panvel\/medicamentos\/dor-e-febre\/c-35213\"> medicamentos para dor e febre<\/a> da Panvel? L\u00e1, voc\u00ea encontra as melhores op\u00e7\u00f5es para aliviar suas crises de forma eficaz e segura.<\/p>\n\n\n\n<h2 class=\"wp-block-heading\">Perguntas frequentes sobre enxaqueca<\/h2>\n\n\n\n<h3 class=\"wp-block-heading\">O que leva a pessoa a ter enxaqueca?<\/h3>\n\n\n\n<p>Fatores gen\u00e9ticos, estresse, altera\u00e7\u00f5es hormonais, certos alimentos e padr\u00f5es irregulares de sono s\u00e3o os principais gatilhos da enxaqueca.<\/p>\n\n\n\n<h3 class=\"wp-block-heading\">Quais s\u00e3o os 3 tipos de enxaqueca?<\/h3>\n\n\n\n<p>Os tr\u00eas tipos s\u00e3o: enxaqueca com aura, enxaqueca sem aura e enxaqueca cr\u00f4nica.<\/p>\n\n\n\n<h3 class=\"wp-block-heading\">O que ajuda a aliviar a enxaqueca?<\/h3>\n\n\n\n<p>Analg\u00e9sicos, triptanos, repouso em um ambiente tranquilo e evitar gatilhos comuns podem ajudar a aliviar a dor.<\/p>\n\n\n\n<h3 class=\"wp-block-heading\">Como saber se minha dor de cabe\u00e7a \u00e9 enxaqueca?<\/h3>\n\n\n\n<p>A enxaqueca \u00e9 muito mais do que uma dor de cabe\u00e7a comum, tendo em vista que ela \u00e9 caracterizada por dor latejante em um dos lados da cabe\u00e7a, acompanhada de n\u00e1usea, sensibilidade \u00e0 luz e ao som, e pode durar horas ou dias.<\/p>\n","protected":false},"excerpt":{"rendered":"<p>A enxaqueca (CID G43) \u00e9 uma condi\u00e7\u00e3o neurol\u00f3gica que se caracteriza por epis\u00f3dios recorrentes de dor de cabe\u00e7a intensa e pulsante, geralmente acompanhada de outros sintomas debilitantes.&nbsp; Devido \u00e0s suas caracter\u00edsticas e impacto no sistema nervoso central, a enxaqueca pode causar, al\u00e9m da dor, uma s\u00e9rie de sintomas associados, como n\u00e1usea, v\u00f4mito, sensibilidade \u00e0 luz [&hellip;]<\/p>\n","protected":false},"author":3,"featured_media":9150,"comment_status":"open","ping_status":"open","sticky":false,"template":"","format":"standard","meta":[],"categories":[1985],"tags":[],"sponsor":[],"acf":[],"yoast_head":"<!-- This site is optimized with the Yoast SEO plugin v20.7 - https:\/\/yoast.com\/wordpress\/plugins\/seo\/ -->\n<title>Enxaqueca: causas, sintomas e como tratar | Panvel<\/title>\n<meta name=\"description\" content=\"A enxaqueca \u00e9 uma condi\u00e7\u00e3o que causa dores intensas, n\u00e1useas e sensibilidade \u00e0 luz. Descubra os sintomas e tratamentos para aliviar as crises\" \/>\n<meta name=\"robots\" content=\"index, follow, max-snippet:-1, max-image-preview:large, max-video-preview:-1\" \/>\n<link rel=\"canonical\" href=\"https:\/\/www.panvel.com\/blog\/panvel-explica\/enxaqueca\/\" \/>\n<meta property=\"og:locale\" content=\"pt_BR\" \/>\n<meta property=\"og:type\" content=\"article\" \/>\n<meta property=\"og:title\" content=\"Enxaqueca: causas, sintomas e como tratar | Panvel\" \/>\n<meta property=\"og:description\" content=\"A enxaqueca \u00e9 uma condi\u00e7\u00e3o que causa dores intensas, n\u00e1useas e sensibilidade \u00e0 luz. Descubra os sintomas e tratamentos para aliviar as crises\" \/>\n<meta property=\"og:url\" content=\"https:\/\/www.panvel.com\/blog\/panvel-explica\/enxaqueca\/\" \/>\n<meta property=\"og:site_name\" content=\"Blog Bem Panvel\" \/>\n<meta property=\"article:published_time\" content=\"2024-10-17T13:59:08+00:00\" \/>\n<meta property=\"og:image\" content=\"https:\/\/www.panvel.com\/blog\/wp-content\/uploads\/2024\/10\/enxaqueca.jpg\" \/>\n\t<meta property=\"og:image:width\" content=\"1200\" \/>\n\t<meta property=\"og:image:height\" content=\"633\" \/>\n\t<meta property=\"og:image:type\" content=\"image\/jpeg\" \/>\n<meta name=\"author\" content=\"Equipe Panvel\" \/>\n<meta name=\"twitter:card\" content=\"summary_large_image\" \/>\n<meta name=\"twitter:label1\" content=\"Escrito por\" \/>\n\t<meta name=\"twitter:data1\" content=\"Equipe Panvel\" \/>\n\t<meta name=\"twitter:label2\" content=\"Est. tempo de leitura\" \/>\n\t<meta name=\"twitter:data2\" content=\"6 minutos\" \/>\n<script type=\"application\/ld+json\" class=\"yoast-schema-graph\">{\"@context\":\"https:\/\/schema.org\",\"@graph\":[{\"@type\":\"Article\",\"@id\":\"https:\/\/www.panvel.com\/blog\/panvel-explica\/enxaqueca\/#article\",\"isPartOf\":{\"@id\":\"https:\/\/www.panvel.com\/blog\/panvel-explica\/enxaqueca\/\"},\"author\":{\"name\":\"Equipe Panvel\",\"@id\":\"https:\/\/www.panvel.com\/blog\/#\/schema\/person\/79f5c113f9621ed83897942f6e7501e3\"},\"headline\":\"Enxaqueca: causas, sintomas e como tratar\",\"datePublished\":\"2024-10-17T13:59:08+00:00\",\"dateModified\":\"2024-10-17T13:59:08+00:00\",\"mainEntityOfPage\":{\"@id\":\"https:\/\/www.panvel.com\/blog\/panvel-explica\/enxaqueca\/\"},\"wordCount\":1011,\"commentCount\":0,\"publisher\":{\"@id\":\"https:\/\/www.panvel.com\/blog\/#organization\"},\"articleSection\":[\"Panvel Explica\"],\"inLanguage\":\"pt-BR\",\"potentialAction\":[{\"@type\":\"CommentAction\",\"name\":\"Comment\",\"target\":[\"https:\/\/www.panvel.com\/blog\/panvel-explica\/enxaqueca\/#respond\"]}]},{\"@type\":\"WebPage\",\"@id\":\"https:\/\/www.panvel.com\/blog\/panvel-explica\/enxaqueca\/\",\"url\":\"https:\/\/www.panvel.com\/blog\/panvel-explica\/enxaqueca\/\",\"name\":\"Enxaqueca: causas, sintomas e como tratar | Panvel\",\"isPartOf\":{\"@id\":\"https:\/\/www.panvel.com\/blog\/#website\"},\"datePublished\":\"2024-10-17T13:59:08+00:00\",\"dateModified\":\"2024-10-17T13:59:08+00:00\",\"description\":\"A enxaqueca \u00e9 uma condi\u00e7\u00e3o que causa dores intensas, n\u00e1useas e sensibilidade \u00e0 luz. Descubra os sintomas e tratamentos para aliviar as crises\",\"breadcrumb\":{\"@id\":\"https:\/\/www.panvel.com\/blog\/panvel-explica\/enxaqueca\/#breadcrumb\"},\"inLanguage\":\"pt-BR\",\"potentialAction\":[{\"@type\":\"ReadAction\",\"target\":[\"https:\/\/www.panvel.com\/blog\/panvel-explica\/enxaqueca\/\"]}]},{\"@type\":\"BreadcrumbList\",\"@id\":\"https:\/\/www.panvel.com\/blog\/panvel-explica\/enxaqueca\/#breadcrumb\",\"itemListElement\":[{\"@type\":\"ListItem\",\"position\":1,\"name\":\"Home\",\"item\":\"https:\/\/www.panvel.com\/blog\/\"},{\"@type\":\"ListItem\",\"position\":2,\"name\":\"Panvel Explica\",\"item\":\"https:\/\/www.panvel.com\/blog\/panvel-explica\/\"},{\"@type\":\"ListItem\",\"position\":3,\"name\":\"Enxaqueca: causas, sintomas e como tratar\"}]},{\"@type\":\"WebSite\",\"@id\":\"https:\/\/www.panvel.com\/blog\/#website\",\"url\":\"https:\/\/www.panvel.com\/blog\/\",\"name\":\"Blog Bem Panvel\",\"description\":\"Aqui voc\u00ea encontra conte\u00fados e dicas de sa\u00fade, beleza, bem-estar e muito mais.\",\"publisher\":{\"@id\":\"https:\/\/www.panvel.com\/blog\/#organization\"},\"potentialAction\":[{\"@type\":\"SearchAction\",\"target\":{\"@type\":\"EntryPoint\",\"urlTemplate\":\"https:\/\/www.panvel.com\/blog\/?s={search_term_string}\"},\"query-input\":\"required name=search_term_string\"}],\"inLanguage\":\"pt-BR\"},{\"@type\":\"Organization\",\"@id\":\"https:\/\/www.panvel.com\/blog\/#organization\",\"name\":\"Panvel Farm\u00e1cias\",\"url\":\"https:\/\/www.panvel.com\/blog\/\",\"logo\":{\"@type\":\"ImageObject\",\"inLanguage\":\"pt-BR\",\"@id\":\"https:\/\/www.panvel.com\/blog\/#\/schema\/logo\/image\/\",\"url\":\"https:\/\/www.panvel.com\/blog\/wp-content\/uploads\/2020\/10\/logo.png\",\"contentUrl\":\"https:\/\/www.panvel.com\/blog\/wp-content\/uploads\/2020\/10\/logo.png\",\"width\":402,\"height\":53,\"caption\":\"Panvel Farm\u00e1cias\"},\"image\":{\"@id\":\"https:\/\/www.panvel.com\/blog\/#\/schema\/logo\/image\/\"}},{\"@type\":\"Person\",\"@id\":\"https:\/\/www.panvel.com\/blog\/#\/schema\/person\/79f5c113f9621ed83897942f6e7501e3\",\"name\":\"Equipe Panvel\",\"image\":{\"@type\":\"ImageObject\",\"inLanguage\":\"pt-BR\",\"@id\":\"https:\/\/www.panvel.com\/blog\/#\/schema\/person\/image\/\",\"url\":\"https:\/\/www.panvel.com\/blog\/wp-content\/uploads\/2022\/09\/blog-panvel-1.jpg\",\"contentUrl\":\"https:\/\/www.panvel.com\/blog\/wp-content\/uploads\/2022\/09\/blog-panvel-1.jpg\",\"caption\":\"Equipe Panvel\"},\"description\":\"O Blog Bem Panvel conta com uma equipe formada por especialistas e traz para seus leitores conte\u00fados relevantes e de qualidade sobre sa\u00fade, beleza e bem-estar.\",\"url\":\"https:\/\/www.panvel.com\/blog\/author\/dimedmkt\/\"}]}<\/script>\n<!-- \/ Yoast SEO plugin. -->","yoast_head_json":{"title":"Enxaqueca: causas, sintomas e como tratar | Panvel","description":"A enxaqueca \u00e9 uma condi\u00e7\u00e3o que causa dores intensas, n\u00e1useas e sensibilidade \u00e0 luz. Descubra os sintomas e tratamentos para aliviar as crises","robots":{"index":"index","follow":"follow","max-snippet":"max-snippet:-1","max-image-preview":"max-image-preview:large","max-video-preview":"max-video-preview:-1"},"canonical":"https:\/\/www.panvel.com\/blog\/panvel-explica\/enxaqueca\/","og_locale":"pt_BR","og_type":"article","og_title":"Enxaqueca: causas, sintomas e como tratar | Panvel","og_description":"A enxaqueca \u00e9 uma condi\u00e7\u00e3o que causa dores intensas, n\u00e1useas e sensibilidade \u00e0 luz. Descubra os sintomas e tratamentos para aliviar as crises","og_url":"https:\/\/www.panvel.com\/blog\/panvel-explica\/enxaqueca\/","og_site_name":"Blog Bem Panvel","article_published_time":"2024-10-17T13:59:08+00:00","og_image":[{"width":1200,"height":633,"url":"https:\/\/www.panvel.com\/blog\/wp-content\/uploads\/2024\/10\/enxaqueca.jpg","type":"image\/jpeg"}],"author":"Equipe Panvel","twitter_card":"summary_large_image","twitter_misc":{"Escrito por":"Equipe Panvel","Est. tempo de leitura":"6 minutos"},"schema":{"@context":"https:\/\/schema.org","@graph":[{"@type":"Article","@id":"https:\/\/www.panvel.com\/blog\/panvel-explica\/enxaqueca\/#article","isPartOf":{"@id":"https:\/\/www.panvel.com\/blog\/panvel-explica\/enxaqueca\/"},"author":{"name":"Equipe Panvel","@id":"https:\/\/www.panvel.com\/blog\/#\/schema\/person\/79f5c113f9621ed83897942f6e7501e3"},"headline":"Enxaqueca: causas, sintomas e como tratar","datePublished":"2024-10-17T13:59:08+00:00","dateModified":"2024-10-17T13:59:08+00:00","mainEntityOfPage":{"@id":"https:\/\/www.panvel.com\/blog\/panvel-explica\/enxaqueca\/"},"wordCount":1011,"commentCount":0,"publisher":{"@id":"https:\/\/www.panvel.com\/blog\/#organization"},"articleSection":["Panvel Explica"],"inLanguage":"pt-BR","potentialAction":[{"@type":"CommentAction","name":"Comment","target":["https:\/\/www.panvel.com\/blog\/panvel-explica\/enxaqueca\/#respond"]}]},{"@type":"WebPage","@id":"https:\/\/www.panvel.com\/blog\/panvel-explica\/enxaqueca\/","url":"https:\/\/www.panvel.com\/blog\/panvel-explica\/enxaqueca\/","name":"Enxaqueca: causas, sintomas e como tratar | Panvel","isPartOf":{"@id":"https:\/\/www.panvel.com\/blog\/#website"},"datePublished":"2024-10-17T13:59:08+00:00","dateModified":"2024-10-17T13:59:08+00:00","description":"A enxaqueca \u00e9 uma condi\u00e7\u00e3o que causa dores intensas, n\u00e1useas e sensibilidade \u00e0 luz. Descubra os sintomas e tratamentos para aliviar as crises","breadcrumb":{"@id":"https:\/\/www.panvel.com\/blog\/panvel-explica\/enxaqueca\/#breadcrumb"},"inLanguage":"pt-BR","potentialAction":[{"@type":"ReadAction","target":["https:\/\/www.panvel.com\/blog\/panvel-explica\/enxaqueca\/"]}]},{"@type":"BreadcrumbList","@id":"https:\/\/www.panvel.com\/blog\/panvel-explica\/enxaqueca\/#breadcrumb","itemListElement":[{"@type":"ListItem","position":1,"name":"Home","item":"https:\/\/www.panvel.com\/blog\/"},{"@type":"ListItem","position":2,"name":"Panvel Explica","item":"https:\/\/www.panvel.com\/blog\/panvel-explica\/"},{"@type":"ListItem","position":3,"name":"Enxaqueca: causas, sintomas e como tratar"}]},{"@type":"WebSite","@id":"https:\/\/www.panvel.com\/blog\/#website","url":"https:\/\/www.panvel.com\/blog\/","name":"Blog Bem Panvel","description":"Aqui voc\u00ea encontra conte\u00fados e dicas de sa\u00fade, beleza, bem-estar e muito mais.","publisher":{"@id":"https:\/\/www.panvel.com\/blog\/#organization"},"potentialAction":[{"@type":"SearchAction","target":{"@type":"EntryPoint","urlTemplate":"https:\/\/www.panvel.com\/blog\/?s={search_term_string}"},"query-input":"required name=search_term_string"}],"inLanguage":"pt-BR"},{"@type":"Organization","@id":"https:\/\/www.panvel.com\/blog\/#organization","name":"Panvel Farm\u00e1cias","url":"https:\/\/www.panvel.com\/blog\/","logo":{"@type":"ImageObject","inLanguage":"pt-BR","@id":"https:\/\/www.panvel.com\/blog\/#\/schema\/logo\/image\/","url":"https:\/\/www.panvel.com\/blog\/wp-content\/uploads\/2020\/10\/logo.png","contentUrl":"https:\/\/www.panvel.com\/blog\/wp-content\/uploads\/2020\/10\/logo.png","width":402,"height":53,"caption":"Panvel Farm\u00e1cias"},"image":{"@id":"https:\/\/www.panvel.com\/blog\/#\/schema\/logo\/image\/"}},{"@type":"Person","@id":"https:\/\/www.panvel.com\/blog\/#\/schema\/person\/79f5c113f9621ed83897942f6e7501e3","name":"Equipe Panvel","image":{"@type":"ImageObject","inLanguage":"pt-BR","@id":"https:\/\/www.panvel.com\/blog\/#\/schema\/person\/image\/","url":"https:\/\/www.panvel.com\/blog\/wp-content\/uploads\/2022\/09\/blog-panvel-1.jpg","contentUrl":"https:\/\/www.panvel.com\/blog\/wp-content\/uploads\/2022\/09\/blog-panvel-1.jpg","caption":"Equipe Panvel"},"description":"O Blog Bem Panvel conta com uma equipe formada por especialistas e traz para seus leitores conte\u00fados relevantes e de qualidade sobre sa\u00fade, beleza e bem-estar.","url":"https:\/\/www.panvel.com\/blog\/author\/dimedmkt\/"}]}},"_links":{"self":[{"href":"https:\/\/www.panvel.com\/blog\/wp-json\/wp\/v2\/posts\/9149"}],"collection":[{"href":"https:\/\/www.panvel.com\/blog\/wp-json\/wp\/v2\/posts"}],"about":[{"href":"https:\/\/www.panvel.com\/blog\/wp-json\/wp\/v2\/types\/post"}],"author":[{"embeddable":true,"href":"https:\/\/www.panvel.com\/blog\/wp-json\/wp\/v2\/users\/3"}],"replies":[{"embeddable":true,"href":"https:\/\/www.panvel.com\/blog\/wp-json\/wp\/v2\/comments?post=9149"}],"version-history":[{"count":1,"href":"https:\/\/www.panvel.com\/blog\/wp-json\/wp\/v2\/posts\/9149\/revisions"}],"predecessor-version":[{"id":9151,"href":"https:\/\/www.panvel.com\/blog\/wp-json\/wp\/v2\/posts\/9149\/revisions\/9151"}],"wp:featuredmedia":[{"embeddable":true,"href":"https:\/\/www.panvel.com\/blog\/wp-json\/wp\/v2\/media\/9150"}],"wp:attachment":[{"href":"https:\/\/www.panvel.com\/blog\/wp-json\/wp\/v2\/media?parent=9149"}],"wp:term":[{"taxonomy":"category","embeddable":true,"href":"https:\/\/www.panvel.com\/blog\/wp-json\/wp\/v2\/categories?post=9149"},{"taxonomy":"post_tag","embeddable":true,"href":"https:\/\/www.panvel.com\/blog\/wp-json\/wp\/v2\/tags?post=9149"},{"taxonomy":"sponsor","embeddable":true,"href":"https:\/\/www.panvel.com\/blog\/wp-json\/wp\/v2\/sponsor?post=9149"}],"curies":[{"name":"wp","href":"https:\/\/api.w.org\/{rel}","templated":true}]}}