{"id":9090,"date":"2024-10-11T10:05:30","date_gmt":"2024-10-11T13:05:30","guid":{"rendered":"https:\/\/www.panvel.com\/blog\/?p=9090"},"modified":"2024-10-11T10:05:31","modified_gmt":"2024-10-11T13:05:31","slug":"saiba-mais-sobre-a-otosclerose","status":"publish","type":"post","link":"https:\/\/www.panvel.com\/blog\/dicas-de-saude\/saiba-mais-sobre-a-otosclerose\/","title":{"rendered":"Saiba mais sobre a otosclerose, doen\u00e7a que pode levar \u00e0 perda gradativa da audi\u00e7\u00e3o"},"content":{"rendered":"\n<p><\/p>\n\n\n\n<p>Uma condi\u00e7\u00e3o ainda pouco conhecida, que afeta o ouvido e pode causar perda auditiva, chamou a aten\u00e7\u00e3o nas redes sociais ap\u00f3s a apresentadora Adriane Galisteu falar sobre seu diagn\u00f3stico e conv\u00edvio com a doen\u00e7a.<br><br>Trata-se da <strong>otosclerose<\/strong>, que levou \u00e0 perda de 60% da audi\u00e7\u00e3o da apresentadora de TV. Para entender como a doen\u00e7a ocorre, a otorrinolaringologista Daniela Dall'Igna, do Hospital Moinhos de Vento, explica que o nosso ouvido \u00e9 dividido em tr\u00eas partes: a orelha externa, m\u00e9dia e interna. O som que escutamos passa por essas tr\u00eas partes at\u00e9 chegar ao c\u00e9rebro, onde \u00e9 interpretado. Na orelha m\u00e9dia, existem tr\u00eas pequenos ossos (martelo, bigorna e estribo) que vibram para transmitir o som para a orelha interna, onde ele \u00e9 convertido em sinais para o c\u00e9rebro.<br><br>\u201cA <strong>otosclerose<\/strong> pode interferir justamente nesse processo de transmiss\u00e3o do som, na orelha m\u00e9dia, com crescimento anormal do osso causando uma diminui\u00e7\u00e3o da mobilidade ou at\u00e9 fixa\u00e7\u00e3o do estribo, levando a uma perda de audi\u00e7\u00e3o que chamamos de condutiva\u201d, diz a m\u00e9dica.<br><br>Em alguns casos, pode ocorrer o crescimento anormal de osso ao redor da c\u00f3clea, levando tamb\u00e9m \u00e0 perda auditiva neurossensorial. Diferentemente da perda auditiva condutiva, que ocorre quando o som n\u00e3o consegue chegar \u00e0 orelha interna, a perda neurossensorial est\u00e1 relacionada a danos nas c\u00e9lulas da c\u00f3clea, que convertem as vibra\u00e7\u00f5es sonoras em sinais el\u00e9tricos para o c\u00e9rebro, condi\u00e7\u00e3o chamada de <strong>otosclerose coclear<\/strong>.<br><br>\u201cA <strong>otosclerose<\/strong> tem um componente gen\u00e9tico, sendo comum em pessoas com hist\u00f3rico familiar da doen\u00e7a. Fatores hormonais, como gravidez, podem agravar o quadro. Embora seja comum em mulheres jovens, homens tamb\u00e9m s\u00e3o afetados\u201d, complementa a otorrinolaringologista.<\/p>\n\n\n\n<h3 class=\"wp-block-heading\"><strong>Sintomas da otosclerose<\/strong><\/h3>\n\n\n\n<p><\/p>\n\n\n\n<p>Daniela explica os principais sintomas da otosclerose:<br><br><strong>Perda auditiva gradual<\/strong>: sintoma mais comum, em que a pessoa come\u00e7a a perceber que n\u00e3o ouve t\u00e3o bem quanto antes. A perda auditiva tende a come\u00e7ar em um ouvido e, com o tempo, pode afetar o outro.<br><br>Zumbido no ouvido, dificuldade para ouvir e entender as conversas, principalmente em ambientes ruidosos, sensa\u00e7\u00e3o de press\u00e3o ou desconforto nos ouvidos e at\u00e9 tontura ou uma sensa\u00e7\u00e3o leve de desequil\u00edbrio s\u00e3o outros sintomas que podem ser apresentados.<\/p>\n\n\n\n<h3 class=\"wp-block-heading\"><strong>Diagn\u00f3stico da otosclerose<\/strong><\/h3>\n\n\n\n<p><\/p>\n\n\n\n<p>O <strong>diagn\u00f3stico da otosclerose<\/strong> \u00e9 baseado em uma combina\u00e7\u00e3o da hist\u00f3ria da perda auditiva, exames auditivos e de imagem. O otorrinolaringologista far\u00e1 perguntas sobre os sintomas e examinar\u00e1 os ouvidos do paciente para verificar se h\u00e1 sinais vis\u00edveis de problemas. A audiometria \u00e9 o exame mais comum, pois avalia o grau de perda auditiva e ajuda a diferenciar a perda auditiva condutiva da perda auditiva neurossensorial.<br><br>Se a <strong>otosclerose<\/strong> for detectada, geralmente \u00e9 recomendada a realiza\u00e7\u00e3o de tomografia computadorizada para observar o crescimento \u00f3sseo anormal na orelha m\u00e9dia e interna. A tomografia \u00e9 especialmente \u00fatil para confirmar o diagn\u00f3stico e avaliar se a presen\u00e7a de otosclerose coclear e ajudar no planejamento do tratamento.<br><br>Por isso, se voc\u00ea tem um dos sintomas descritos acima, procure um m\u00e9dico otorrinolaringologista para avaliar a situa\u00e7\u00e3o e lhe ajudar a entender o que pode estar acontecendo.<\/p>\n\n\n\n<h3 class=\"wp-block-heading\"><strong>Tratamento da otosclerose<\/strong><\/h3>\n\n\n\n<p><\/p>\n\n\n\n<p>Existem diversas op\u00e7\u00f5es de <strong>tratamento da otosclerose<\/strong>. Eles ser\u00e3o oferecidos para o paciente conforme o tipo de perda auditiva (condutiva, neurossensorial ou mista) e o grau dessa perda. O tratamento pode incluir:<br><br><strong>Aparelhos auditivos<\/strong>: que amplificam o som, melhorando a capacidade de ouvir e compreender a fala.<\/p>\n\n\n\n<p><strong>Estapedotomia<\/strong>: cirurgia que substitui o estribo por uma pr\u00f3tese, permitindo que o som volte a ser transmitido corretamente.<br><br><strong>Pr\u00f3teses auditivas implant\u00e1veis<\/strong>: o implante coclear (para as perdas auditivas profundas) e as pr\u00f3teses auditivas ancoradas no osso tamb\u00e9m s\u00e3o op\u00e7\u00f5es para alguns pacientes.<br><br>A decis\u00e3o sobre qual tratamento seguir deve ser tomada entre m\u00e9dico e paciente, de maneira individualizada, com base no quadro cl\u00ednico e no resultado dos exames.<br>No caso de Adriane Galisteu, os sintomas come\u00e7aram no terceiro ano de vida de seu filho Vittorio, hoje com 11 anos. O <strong>diagn\u00f3stico de otosclerose<\/strong> influenciou a decis\u00e3o de n\u00e3o ter mais um filho, j\u00e1 que os n\u00edveis de horm\u00f4nios femininos aumentam durante a gesta\u00e7\u00e3o, o que pode agravar o problema.<\/p>\n\n\n\n<p>Como a perda auditiva tende a ser progressiva e pode impactar significativamente a qualidade de vida, a otosclerose requer acompanhamento especializado. \u201cO diagn\u00f3stico precoce permite boas op\u00e7\u00f5es de tratamento e melhora da qualidade de vida. A perda auditiva, se n\u00e3o tratada, pode afetar a intera\u00e7\u00e3o social, capacidade de trabalho e at\u00e9 a sa\u00fade mental, com aumento de depress\u00e3o, isolamento e at\u00e9 decl\u00ednio cognitivo\u201d, alerta a doutora Daniela.<\/p>\n\n\n\n<p><\/p>\n","protected":false},"excerpt":{"rendered":"<p>Onze anos ap\u00f3s os primeiros sintomas, apresentadora Adriane Galisteu perdeu 60% da audi\u00e7\u00e3o devido \u00e0 doen\u00e7a.<\/p>\n","protected":false},"author":3,"featured_media":9106,"comment_status":"open","ping_status":"open","sticky":false,"template":"","format":"standard","meta":[],"categories":[5],"tags":[31,179,15,2209,2210,2211,20,419],"sponsor":[],"acf":[],"yoast_head":"<!-- This site is optimized with the Yoast SEO plugin v20.7 - https:\/\/yoast.com\/wordpress\/plugins\/seo\/ -->\n<title>Otosclerose: doen\u00e7a que pode levar \u00e0 perda gradativa da audi\u00e7\u00e3o<\/title>\n<meta name=\"description\" content=\"Onze anos ap\u00f3s os primeiros sintomas, apresentadora Adriane Galisteu perdeu 60% da audi\u00e7\u00e3o devido \u00e0 doen\u00e7a. | Leia mais no Blog Panvel.\" \/>\n<meta name=\"robots\" content=\"index, follow, max-snippet:-1, max-image-preview:large, max-video-preview:-1\" \/>\n<link rel=\"canonical\" href=\"https:\/\/www.panvel.com\/blog\/dicas-de-saude\/saiba-mais-sobre-a-otosclerose\/\" \/>\n<meta property=\"og:locale\" content=\"pt_BR\" \/>\n<meta property=\"og:type\" content=\"article\" \/>\n<meta property=\"og:title\" content=\"Otosclerose: doen\u00e7a que pode levar \u00e0 perda gradativa da audi\u00e7\u00e3o\" \/>\n<meta property=\"og:description\" content=\"Onze anos ap\u00f3s os primeiros sintomas, apresentadora Adriane Galisteu perdeu 60% da audi\u00e7\u00e3o devido \u00e0 doen\u00e7a. | Leia mais no Blog Panvel.\" \/>\n<meta property=\"og:url\" content=\"https:\/\/www.panvel.com\/blog\/dicas-de-saude\/saiba-mais-sobre-a-otosclerose\/\" \/>\n<meta property=\"og:site_name\" content=\"Blog Bem Panvel\" \/>\n<meta property=\"article:published_time\" content=\"2024-10-11T13:05:30+00:00\" \/>\n<meta property=\"article:modified_time\" content=\"2024-10-11T13:05:31+00:00\" \/>\n<meta property=\"og:image\" content=\"https:\/\/www.panvel.com\/blog\/wp-content\/uploads\/2024\/10\/iStock-1952267056-e1728651694515.jpg\" \/>\n\t<meta property=\"og:image:width\" content=\"2120\" \/>\n\t<meta property=\"og:image:height\" content=\"1176\" \/>\n\t<meta property=\"og:image:type\" content=\"image\/jpeg\" \/>\n<meta name=\"author\" content=\"Equipe Panvel\" \/>\n<meta name=\"twitter:card\" content=\"summary_large_image\" \/>\n<meta name=\"twitter:label1\" content=\"Escrito por\" \/>\n\t<meta name=\"twitter:data1\" content=\"Equipe Panvel\" \/>\n\t<meta name=\"twitter:label2\" content=\"Est. tempo de leitura\" \/>\n\t<meta name=\"twitter:data2\" content=\"5 minutos\" \/>\n<script type=\"application\/ld+json\" class=\"yoast-schema-graph\">{\"@context\":\"https:\/\/schema.org\",\"@graph\":[{\"@type\":\"Article\",\"@id\":\"https:\/\/www.panvel.com\/blog\/dicas-de-saude\/saiba-mais-sobre-a-otosclerose\/#article\",\"isPartOf\":{\"@id\":\"https:\/\/www.panvel.com\/blog\/dicas-de-saude\/saiba-mais-sobre-a-otosclerose\/\"},\"author\":{\"name\":\"Equipe Panvel\",\"@id\":\"https:\/\/www.panvel.com\/blog\/#\/schema\/person\/79f5c113f9621ed83897942f6e7501e3\"},\"headline\":\"Saiba mais sobre a otosclerose, doen\u00e7a que pode levar \u00e0 perda gradativa da audi\u00e7\u00e3o\",\"datePublished\":\"2024-10-11T13:05:30+00:00\",\"dateModified\":\"2024-10-11T13:05:31+00:00\",\"mainEntityOfPage\":{\"@id\":\"https:\/\/www.panvel.com\/blog\/dicas-de-saude\/saiba-mais-sobre-a-otosclerose\/\"},\"wordCount\":815,\"commentCount\":0,\"publisher\":{\"@id\":\"https:\/\/www.panvel.com\/blog\/#organization\"},\"keywords\":[\"Bem Estar\",\"Cuidados com a sa\u00fade\",\"Dicas\",\"otosclerose\",\"otosclerose sintomas\",\"otosclerose tratamento\",\"Preven\u00e7\u00e3o\",\"sa\u00fade\"],\"articleSection\":[\"Rotina de Sa\u00fade\"],\"inLanguage\":\"pt-BR\",\"potentialAction\":[{\"@type\":\"CommentAction\",\"name\":\"Comment\",\"target\":[\"https:\/\/www.panvel.com\/blog\/dicas-de-saude\/saiba-mais-sobre-a-otosclerose\/#respond\"]}]},{\"@type\":\"WebPage\",\"@id\":\"https:\/\/www.panvel.com\/blog\/dicas-de-saude\/saiba-mais-sobre-a-otosclerose\/\",\"url\":\"https:\/\/www.panvel.com\/blog\/dicas-de-saude\/saiba-mais-sobre-a-otosclerose\/\",\"name\":\"Otosclerose: doen\u00e7a que pode levar \u00e0 perda gradativa da audi\u00e7\u00e3o\",\"isPartOf\":{\"@id\":\"https:\/\/www.panvel.com\/blog\/#website\"},\"datePublished\":\"2024-10-11T13:05:30+00:00\",\"dateModified\":\"2024-10-11T13:05:31+00:00\",\"description\":\"Onze anos ap\u00f3s os primeiros sintomas, apresentadora Adriane Galisteu perdeu 60% da audi\u00e7\u00e3o devido \u00e0 doen\u00e7a. | Leia mais no Blog Panvel.\",\"breadcrumb\":{\"@id\":\"https:\/\/www.panvel.com\/blog\/dicas-de-saude\/saiba-mais-sobre-a-otosclerose\/#breadcrumb\"},\"inLanguage\":\"pt-BR\",\"potentialAction\":[{\"@type\":\"ReadAction\",\"target\":[\"https:\/\/www.panvel.com\/blog\/dicas-de-saude\/saiba-mais-sobre-a-otosclerose\/\"]}]},{\"@type\":\"BreadcrumbList\",\"@id\":\"https:\/\/www.panvel.com\/blog\/dicas-de-saude\/saiba-mais-sobre-a-otosclerose\/#breadcrumb\",\"itemListElement\":[{\"@type\":\"ListItem\",\"position\":1,\"name\":\"Home\",\"item\":\"https:\/\/www.panvel.com\/blog\/\"},{\"@type\":\"ListItem\",\"position\":2,\"name\":\"Rotina de Sa\u00fade\",\"item\":\"https:\/\/www.panvel.com\/blog\/dicas-de-saude\/\"},{\"@type\":\"ListItem\",\"position\":3,\"name\":\"Saiba mais sobre a otosclerose, doen\u00e7a que pode levar \u00e0 perda gradativa da audi\u00e7\u00e3o\"}]},{\"@type\":\"WebSite\",\"@id\":\"https:\/\/www.panvel.com\/blog\/#website\",\"url\":\"https:\/\/www.panvel.com\/blog\/\",\"name\":\"Blog Bem Panvel\",\"description\":\"Aqui voc\u00ea encontra conte\u00fados e dicas de sa\u00fade, beleza, bem-estar e muito mais.\",\"publisher\":{\"@id\":\"https:\/\/www.panvel.com\/blog\/#organization\"},\"potentialAction\":[{\"@type\":\"SearchAction\",\"target\":{\"@type\":\"EntryPoint\",\"urlTemplate\":\"https:\/\/www.panvel.com\/blog\/?s={search_term_string}\"},\"query-input\":\"required name=search_term_string\"}],\"inLanguage\":\"pt-BR\"},{\"@type\":\"Organization\",\"@id\":\"https:\/\/www.panvel.com\/blog\/#organization\",\"name\":\"Panvel Farm\u00e1cias\",\"url\":\"https:\/\/www.panvel.com\/blog\/\",\"logo\":{\"@type\":\"ImageObject\",\"inLanguage\":\"pt-BR\",\"@id\":\"https:\/\/www.panvel.com\/blog\/#\/schema\/logo\/image\/\",\"url\":\"https:\/\/www.panvel.com\/blog\/wp-content\/uploads\/2020\/10\/logo.png\",\"contentUrl\":\"https:\/\/www.panvel.com\/blog\/wp-content\/uploads\/2020\/10\/logo.png\",\"width\":402,\"height\":53,\"caption\":\"Panvel Farm\u00e1cias\"},\"image\":{\"@id\":\"https:\/\/www.panvel.com\/blog\/#\/schema\/logo\/image\/\"}},{\"@type\":\"Person\",\"@id\":\"https:\/\/www.panvel.com\/blog\/#\/schema\/person\/79f5c113f9621ed83897942f6e7501e3\",\"name\":\"Equipe Panvel\",\"image\":{\"@type\":\"ImageObject\",\"inLanguage\":\"pt-BR\",\"@id\":\"https:\/\/www.panvel.com\/blog\/#\/schema\/person\/image\/\",\"url\":\"https:\/\/www.panvel.com\/blog\/wp-content\/uploads\/2022\/09\/blog-panvel-1.jpg\",\"contentUrl\":\"https:\/\/www.panvel.com\/blog\/wp-content\/uploads\/2022\/09\/blog-panvel-1.jpg\",\"caption\":\"Equipe Panvel\"},\"description\":\"O Blog Bem Panvel conta com uma equipe formada por especialistas e traz para seus leitores conte\u00fados relevantes e de qualidade sobre sa\u00fade, beleza e bem-estar.\",\"url\":\"https:\/\/www.panvel.com\/blog\/author\/dimedmkt\/\"}]}<\/script>\n<!-- \/ Yoast SEO plugin. -->","yoast_head_json":{"title":"Otosclerose: doen\u00e7a que pode levar \u00e0 perda gradativa da audi\u00e7\u00e3o","description":"Onze anos ap\u00f3s os primeiros sintomas, apresentadora Adriane Galisteu perdeu 60% da audi\u00e7\u00e3o devido \u00e0 doen\u00e7a. | Leia mais no Blog Panvel.","robots":{"index":"index","follow":"follow","max-snippet":"max-snippet:-1","max-image-preview":"max-image-preview:large","max-video-preview":"max-video-preview:-1"},"canonical":"https:\/\/www.panvel.com\/blog\/dicas-de-saude\/saiba-mais-sobre-a-otosclerose\/","og_locale":"pt_BR","og_type":"article","og_title":"Otosclerose: doen\u00e7a que pode levar \u00e0 perda gradativa da audi\u00e7\u00e3o","og_description":"Onze anos ap\u00f3s os primeiros sintomas, apresentadora Adriane Galisteu perdeu 60% da audi\u00e7\u00e3o devido \u00e0 doen\u00e7a. | Leia mais no Blog Panvel.","og_url":"https:\/\/www.panvel.com\/blog\/dicas-de-saude\/saiba-mais-sobre-a-otosclerose\/","og_site_name":"Blog Bem Panvel","article_published_time":"2024-10-11T13:05:30+00:00","article_modified_time":"2024-10-11T13:05:31+00:00","og_image":[{"width":2120,"height":1176,"url":"https:\/\/www.panvel.com\/blog\/wp-content\/uploads\/2024\/10\/iStock-1952267056-e1728651694515.jpg","type":"image\/jpeg"}],"author":"Equipe Panvel","twitter_card":"summary_large_image","twitter_misc":{"Escrito por":"Equipe Panvel","Est. tempo de leitura":"5 minutos"},"schema":{"@context":"https:\/\/schema.org","@graph":[{"@type":"Article","@id":"https:\/\/www.panvel.com\/blog\/dicas-de-saude\/saiba-mais-sobre-a-otosclerose\/#article","isPartOf":{"@id":"https:\/\/www.panvel.com\/blog\/dicas-de-saude\/saiba-mais-sobre-a-otosclerose\/"},"author":{"name":"Equipe Panvel","@id":"https:\/\/www.panvel.com\/blog\/#\/schema\/person\/79f5c113f9621ed83897942f6e7501e3"},"headline":"Saiba mais sobre a otosclerose, doen\u00e7a que pode levar \u00e0 perda gradativa da audi\u00e7\u00e3o","datePublished":"2024-10-11T13:05:30+00:00","dateModified":"2024-10-11T13:05:31+00:00","mainEntityOfPage":{"@id":"https:\/\/www.panvel.com\/blog\/dicas-de-saude\/saiba-mais-sobre-a-otosclerose\/"},"wordCount":815,"commentCount":0,"publisher":{"@id":"https:\/\/www.panvel.com\/blog\/#organization"},"keywords":["Bem Estar","Cuidados com a sa\u00fade","Dicas","otosclerose","otosclerose sintomas","otosclerose tratamento","Preven\u00e7\u00e3o","sa\u00fade"],"articleSection":["Rotina de Sa\u00fade"],"inLanguage":"pt-BR","potentialAction":[{"@type":"CommentAction","name":"Comment","target":["https:\/\/www.panvel.com\/blog\/dicas-de-saude\/saiba-mais-sobre-a-otosclerose\/#respond"]}]},{"@type":"WebPage","@id":"https:\/\/www.panvel.com\/blog\/dicas-de-saude\/saiba-mais-sobre-a-otosclerose\/","url":"https:\/\/www.panvel.com\/blog\/dicas-de-saude\/saiba-mais-sobre-a-otosclerose\/","name":"Otosclerose: doen\u00e7a que pode levar \u00e0 perda gradativa da audi\u00e7\u00e3o","isPartOf":{"@id":"https:\/\/www.panvel.com\/blog\/#website"},"datePublished":"2024-10-11T13:05:30+00:00","dateModified":"2024-10-11T13:05:31+00:00","description":"Onze anos ap\u00f3s os primeiros sintomas, apresentadora Adriane Galisteu perdeu 60% da audi\u00e7\u00e3o devido \u00e0 doen\u00e7a. | Leia mais no Blog Panvel.","breadcrumb":{"@id":"https:\/\/www.panvel.com\/blog\/dicas-de-saude\/saiba-mais-sobre-a-otosclerose\/#breadcrumb"},"inLanguage":"pt-BR","potentialAction":[{"@type":"ReadAction","target":["https:\/\/www.panvel.com\/blog\/dicas-de-saude\/saiba-mais-sobre-a-otosclerose\/"]}]},{"@type":"BreadcrumbList","@id":"https:\/\/www.panvel.com\/blog\/dicas-de-saude\/saiba-mais-sobre-a-otosclerose\/#breadcrumb","itemListElement":[{"@type":"ListItem","position":1,"name":"Home","item":"https:\/\/www.panvel.com\/blog\/"},{"@type":"ListItem","position":2,"name":"Rotina de Sa\u00fade","item":"https:\/\/www.panvel.com\/blog\/dicas-de-saude\/"},{"@type":"ListItem","position":3,"name":"Saiba mais sobre a otosclerose, doen\u00e7a que pode levar \u00e0 perda gradativa da audi\u00e7\u00e3o"}]},{"@type":"WebSite","@id":"https:\/\/www.panvel.com\/blog\/#website","url":"https:\/\/www.panvel.com\/blog\/","name":"Blog Bem Panvel","description":"Aqui voc\u00ea encontra conte\u00fados e dicas de sa\u00fade, beleza, bem-estar e muito mais.","publisher":{"@id":"https:\/\/www.panvel.com\/blog\/#organization"},"potentialAction":[{"@type":"SearchAction","target":{"@type":"EntryPoint","urlTemplate":"https:\/\/www.panvel.com\/blog\/?s={search_term_string}"},"query-input":"required name=search_term_string"}],"inLanguage":"pt-BR"},{"@type":"Organization","@id":"https:\/\/www.panvel.com\/blog\/#organization","name":"Panvel Farm\u00e1cias","url":"https:\/\/www.panvel.com\/blog\/","logo":{"@type":"ImageObject","inLanguage":"pt-BR","@id":"https:\/\/www.panvel.com\/blog\/#\/schema\/logo\/image\/","url":"https:\/\/www.panvel.com\/blog\/wp-content\/uploads\/2020\/10\/logo.png","contentUrl":"https:\/\/www.panvel.com\/blog\/wp-content\/uploads\/2020\/10\/logo.png","width":402,"height":53,"caption":"Panvel Farm\u00e1cias"},"image":{"@id":"https:\/\/www.panvel.com\/blog\/#\/schema\/logo\/image\/"}},{"@type":"Person","@id":"https:\/\/www.panvel.com\/blog\/#\/schema\/person\/79f5c113f9621ed83897942f6e7501e3","name":"Equipe Panvel","image":{"@type":"ImageObject","inLanguage":"pt-BR","@id":"https:\/\/www.panvel.com\/blog\/#\/schema\/person\/image\/","url":"https:\/\/www.panvel.com\/blog\/wp-content\/uploads\/2022\/09\/blog-panvel-1.jpg","contentUrl":"https:\/\/www.panvel.com\/blog\/wp-content\/uploads\/2022\/09\/blog-panvel-1.jpg","caption":"Equipe Panvel"},"description":"O Blog Bem Panvel conta com uma equipe formada por especialistas e traz para seus leitores conte\u00fados relevantes e de qualidade sobre sa\u00fade, beleza e bem-estar.","url":"https:\/\/www.panvel.com\/blog\/author\/dimedmkt\/"}]}},"_links":{"self":[{"href":"https:\/\/www.panvel.com\/blog\/wp-json\/wp\/v2\/posts\/9090"}],"collection":[{"href":"https:\/\/www.panvel.com\/blog\/wp-json\/wp\/v2\/posts"}],"about":[{"href":"https:\/\/www.panvel.com\/blog\/wp-json\/wp\/v2\/types\/post"}],"author":[{"embeddable":true,"href":"https:\/\/www.panvel.com\/blog\/wp-json\/wp\/v2\/users\/3"}],"replies":[{"embeddable":true,"href":"https:\/\/www.panvel.com\/blog\/wp-json\/wp\/v2\/comments?post=9090"}],"version-history":[{"count":1,"href":"https:\/\/www.panvel.com\/blog\/wp-json\/wp\/v2\/posts\/9090\/revisions"}],"predecessor-version":[{"id":9091,"href":"https:\/\/www.panvel.com\/blog\/wp-json\/wp\/v2\/posts\/9090\/revisions\/9091"}],"wp:featuredmedia":[{"embeddable":true,"href":"https:\/\/www.panvel.com\/blog\/wp-json\/wp\/v2\/media\/9106"}],"wp:attachment":[{"href":"https:\/\/www.panvel.com\/blog\/wp-json\/wp\/v2\/media?parent=9090"}],"wp:term":[{"taxonomy":"category","embeddable":true,"href":"https:\/\/www.panvel.com\/blog\/wp-json\/wp\/v2\/categories?post=9090"},{"taxonomy":"post_tag","embeddable":true,"href":"https:\/\/www.panvel.com\/blog\/wp-json\/wp\/v2\/tags?post=9090"},{"taxonomy":"sponsor","embeddable":true,"href":"https:\/\/www.panvel.com\/blog\/wp-json\/wp\/v2\/sponsor?post=9090"}],"curies":[{"name":"wp","href":"https:\/\/api.w.org\/{rel}","templated":true}]}}