{"id":8966,"date":"2024-09-19T15:14:32","date_gmt":"2024-09-19T18:14:32","guid":{"rendered":"https:\/\/www.panvel.com\/blog\/?p=8966"},"modified":"2024-09-19T15:14:32","modified_gmt":"2024-09-19T18:14:32","slug":"vacinacao-apos-65-anos-mais-saude-e-longevidade","status":"publish","type":"post","link":"https:\/\/www.panvel.com\/blog\/panvel-clinic\/vacinacao-apos-65-anos-mais-saude-e-longevidade\/","title":{"rendered":"Manter a vacina\u00e7\u00e3o em dia ap\u00f3s os 65 anos ajuda a viver mais e melhor"},"content":{"rendered":"\n<p><\/p>\n\n\n\n<p>Manter um estilo de vida com dieta equilibrada e pr\u00e1tica regular de exerc\u00edcios \u00e9 fundamental para o <strong>envelhecimento saud\u00e1vel<\/strong>. No Brasil, essa \u00e9 uma parcela da popula\u00e7\u00e3o que tem aumentado significativamente, chamando a aten\u00e7\u00e3o para a import\u00e2ncia dos cuidados espec\u00edficos de sa\u00fade.<\/p>\n\n\n\n<p>O total de brasileiros com 65 anos ou mais no pa\u00eds (22.169.101) chegou a 10,9% da popula\u00e7\u00e3o do pa\u00eds em 2022, uma alta de 57,4% frente a 2010, de acordo com o Censo Demogr\u00e1fico 2022. Esse processo de envelhecimento da popula\u00e7\u00e3o tamb\u00e9m \u00e9 evidenciado porque o aumento das pessoas com mais de 65 anos ocorre ao mesmo tempo em que a parcela da popula\u00e7\u00e3o de at\u00e9 14 anos diminuiu, passando de 24,1% para 19,8%.<\/p>\n\n\n\n<p>Se voc\u00ea est\u00e1 se aproximando da <strong>terceira idade <\/strong>ou j\u00e1 faz parte deste grupo, manter a<strong> vacina\u00e7\u00e3o completa <\/strong>em dia \u00e9 um dos pilares para prevenir doen\u00e7as e problemas de sa\u00fade comuns nesta faixa et\u00e1ria. As <strong>vacinas<\/strong> prolongam e melhoram a qualidade de vida justamente em uma fase em que a idade avan\u00e7ada e as condi\u00e7\u00f5es de sa\u00fade costumam deixar a popula\u00e7\u00e3o mais vulner\u00e1vel a doen\u00e7as.<\/p>\n\n\n\n<p>Uma das imuniza\u00e7\u00f5es fundamentais nessa fase \u00e9 a <strong>vacina contra a gripe<\/strong>. Apesar de parecer uma doen\u00e7a menos ofensiva, em pessoas idosas ela pode desencadear complica\u00e7\u00f5es graves como pneumonia, diabete, insufici\u00eancia card\u00edaca, derrame e at\u00e9 mesmo infarto.<br><br>Confira, no gr\u00e1fico, quais as <strong>vacinas<\/strong> necess\u00e1rias a partir dos 65 anos. A maioria delas pode ser realizada com comodidade no Panvel Clinic, com comodidade, flexibilidade de hor\u00e1rios e atendimento por farmac\u00eauticos preparados.<\/p>\n\n\n<div class=\"wp-block-image\">\n<figure class=\"aligncenter size-large is-resized\"><img decoding=\"async\" loading=\"lazy\" src=\"https:\/\/www.panvel.com\/blog\/wp-content\/uploads\/2024\/09\/image-2-421x1024.png\" alt=\"\" class=\"wp-image-8967\" width=\"547\" height=\"1332\" srcset=\"https:\/\/www.panvel.com\/blog\/wp-content\/uploads\/2024\/09\/image-2-421x1024.png 421w, https:\/\/www.panvel.com\/blog\/wp-content\/uploads\/2024\/09\/image-2-123x300.png 123w\" sizes=\"(max-width: 547px) 100vw, 547px\" \/><\/figure><\/div>\n\n\n<p><\/p>\n\n\n\n<p><\/p>\n\n\n\n<p><\/p>\n\n\n\n<p><\/p>\n\n\n\n<p><\/p>\n\n\n\n<p><\/p>\n\n\n\n<p><\/p>\n\n\n\n<p><\/p>\n\n\n\n<p><\/p>\n\n\n\n<p><\/p>\n\n\n\n<p><\/p>\n\n\n\n<p><\/p>\n\n\n\n<p><\/p>\n\n\n\n<p><\/p>\n\n\n\n<p><\/p>\n","protected":false},"excerpt":{"rendered":"<p>Imuniza\u00e7\u00e3o \u00e9 um dos pilares do envelhecimento saud\u00e1vel, conhe\u00e7a as doses necess\u00e1rias nesta faixa et\u00e1ria.<\/p>\n","protected":false},"author":3,"featured_media":8975,"comment_status":"open","ping_status":"open","sticky":false,"template":"","format":"standard","meta":[],"categories":[9],"tags":[31,179,2138,80,20,419,2139,598,2140,27,2141],"sponsor":[],"acf":[],"yoast_head":"<!-- This site is optimized with the Yoast SEO plugin v20.7 - https:\/\/yoast.com\/wordpress\/plugins\/seo\/ -->\n<title>Vacina\u00e7\u00e3o ap\u00f3s os 65 anos: mais sa\u00fade e longevidade<\/title>\n<meta name=\"description\" content=\"Imuniza\u00e7\u00e3o \u00e9 um dos pilares do envelhecimento saud\u00e1vel, conhe\u00e7a as doses necess\u00e1rias nesta faixa et\u00e1ria. | Leia mais no Blog Panvel.\" \/>\n<meta name=\"robots\" content=\"index, follow, max-snippet:-1, max-image-preview:large, max-video-preview:-1\" \/>\n<link rel=\"canonical\" href=\"https:\/\/www.panvel.com\/blog\/panvel-clinic\/vacinacao-apos-65-anos-mais-saude-e-longevidade\/\" \/>\n<meta property=\"og:locale\" content=\"pt_BR\" \/>\n<meta property=\"og:type\" content=\"article\" \/>\n<meta property=\"og:title\" content=\"Vacina\u00e7\u00e3o ap\u00f3s os 65 anos: mais sa\u00fade e longevidade\" \/>\n<meta property=\"og:description\" content=\"Imuniza\u00e7\u00e3o \u00e9 um dos pilares do envelhecimento saud\u00e1vel, conhe\u00e7a as doses necess\u00e1rias nesta faixa et\u00e1ria. | Leia mais no Blog Panvel.\" \/>\n<meta property=\"og:url\" content=\"https:\/\/www.panvel.com\/blog\/panvel-clinic\/vacinacao-apos-65-anos-mais-saude-e-longevidade\/\" \/>\n<meta property=\"og:site_name\" content=\"Blog Bem Panvel\" \/>\n<meta property=\"article:published_time\" content=\"2024-09-19T18:14:32+00:00\" \/>\n<meta property=\"og:image\" content=\"https:\/\/www.panvel.com\/blog\/wp-content\/uploads\/2024\/09\/iStock-1330517366-1-e1726754769305.jpg\" \/>\n\t<meta property=\"og:image:width\" content=\"2121\" \/>\n\t<meta property=\"og:image:height\" content=\"1293\" \/>\n\t<meta property=\"og:image:type\" content=\"image\/jpeg\" \/>\n<meta name=\"author\" content=\"Equipe Panvel\" \/>\n<meta name=\"twitter:card\" content=\"summary_large_image\" \/>\n<meta name=\"twitter:label1\" content=\"Escrito por\" \/>\n\t<meta name=\"twitter:data1\" content=\"Equipe Panvel\" \/>\n\t<meta name=\"twitter:label2\" content=\"Est. tempo de leitura\" \/>\n\t<meta name=\"twitter:data2\" content=\"2 minutos\" \/>\n<script type=\"application\/ld+json\" class=\"yoast-schema-graph\">{\"@context\":\"https:\/\/schema.org\",\"@graph\":[{\"@type\":\"Article\",\"@id\":\"https:\/\/www.panvel.com\/blog\/panvel-clinic\/vacinacao-apos-65-anos-mais-saude-e-longevidade\/#article\",\"isPartOf\":{\"@id\":\"https:\/\/www.panvel.com\/blog\/panvel-clinic\/vacinacao-apos-65-anos-mais-saude-e-longevidade\/\"},\"author\":{\"name\":\"Equipe Panvel\",\"@id\":\"https:\/\/www.panvel.com\/blog\/#\/schema\/person\/79f5c113f9621ed83897942f6e7501e3\"},\"headline\":\"Manter a vacina\u00e7\u00e3o em dia ap\u00f3s os 65 anos ajuda a viver mais e melhor\",\"datePublished\":\"2024-09-19T18:14:32+00:00\",\"dateModified\":\"2024-09-19T18:14:32+00:00\",\"mainEntityOfPage\":{\"@id\":\"https:\/\/www.panvel.com\/blog\/panvel-clinic\/vacinacao-apos-65-anos-mais-saude-e-longevidade\/\"},\"wordCount\":285,\"commentCount\":0,\"publisher\":{\"@id\":\"https:\/\/www.panvel.com\/blog\/#organization\"},\"keywords\":[\"Bem Estar\",\"Cuidados com a sa\u00fade\",\"longevidade\",\"Panvel Clinic\",\"Preven\u00e7\u00e3o\",\"sa\u00fade\",\"sa\u00fade dos mais velhos\",\"vacina\u00e7\u00e3o\",\"vacina\u00e7\u00e3o clinic\",\"Vacinas\",\"vacinas clinic\"],\"articleSection\":[\"Panvel Clinic\"],\"inLanguage\":\"pt-BR\",\"potentialAction\":[{\"@type\":\"CommentAction\",\"name\":\"Comment\",\"target\":[\"https:\/\/www.panvel.com\/blog\/panvel-clinic\/vacinacao-apos-65-anos-mais-saude-e-longevidade\/#respond\"]}]},{\"@type\":\"WebPage\",\"@id\":\"https:\/\/www.panvel.com\/blog\/panvel-clinic\/vacinacao-apos-65-anos-mais-saude-e-longevidade\/\",\"url\":\"https:\/\/www.panvel.com\/blog\/panvel-clinic\/vacinacao-apos-65-anos-mais-saude-e-longevidade\/\",\"name\":\"Vacina\u00e7\u00e3o ap\u00f3s os 65 anos: mais sa\u00fade e longevidade\",\"isPartOf\":{\"@id\":\"https:\/\/www.panvel.com\/blog\/#website\"},\"datePublished\":\"2024-09-19T18:14:32+00:00\",\"dateModified\":\"2024-09-19T18:14:32+00:00\",\"description\":\"Imuniza\u00e7\u00e3o \u00e9 um dos pilares do envelhecimento saud\u00e1vel, conhe\u00e7a as doses necess\u00e1rias nesta faixa et\u00e1ria. | Leia mais no Blog Panvel.\",\"breadcrumb\":{\"@id\":\"https:\/\/www.panvel.com\/blog\/panvel-clinic\/vacinacao-apos-65-anos-mais-saude-e-longevidade\/#breadcrumb\"},\"inLanguage\":\"pt-BR\",\"potentialAction\":[{\"@type\":\"ReadAction\",\"target\":[\"https:\/\/www.panvel.com\/blog\/panvel-clinic\/vacinacao-apos-65-anos-mais-saude-e-longevidade\/\"]}]},{\"@type\":\"BreadcrumbList\",\"@id\":\"https:\/\/www.panvel.com\/blog\/panvel-clinic\/vacinacao-apos-65-anos-mais-saude-e-longevidade\/#breadcrumb\",\"itemListElement\":[{\"@type\":\"ListItem\",\"position\":1,\"name\":\"Home\",\"item\":\"https:\/\/www.panvel.com\/blog\/\"},{\"@type\":\"ListItem\",\"position\":2,\"name\":\"Panvel Clinic\",\"item\":\"https:\/\/www.panvel.com\/blog\/panvel-clinic\/\"},{\"@type\":\"ListItem\",\"position\":3,\"name\":\"Manter a vacina\u00e7\u00e3o em dia ap\u00f3s os 65 anos ajuda a viver mais e melhor\"}]},{\"@type\":\"WebSite\",\"@id\":\"https:\/\/www.panvel.com\/blog\/#website\",\"url\":\"https:\/\/www.panvel.com\/blog\/\",\"name\":\"Blog Bem Panvel\",\"description\":\"Aqui voc\u00ea encontra conte\u00fados e dicas de sa\u00fade, beleza, bem-estar e muito mais.\",\"publisher\":{\"@id\":\"https:\/\/www.panvel.com\/blog\/#organization\"},\"potentialAction\":[{\"@type\":\"SearchAction\",\"target\":{\"@type\":\"EntryPoint\",\"urlTemplate\":\"https:\/\/www.panvel.com\/blog\/?s={search_term_string}\"},\"query-input\":\"required name=search_term_string\"}],\"inLanguage\":\"pt-BR\"},{\"@type\":\"Organization\",\"@id\":\"https:\/\/www.panvel.com\/blog\/#organization\",\"name\":\"Panvel Farm\u00e1cias\",\"url\":\"https:\/\/www.panvel.com\/blog\/\",\"logo\":{\"@type\":\"ImageObject\",\"inLanguage\":\"pt-BR\",\"@id\":\"https:\/\/www.panvel.com\/blog\/#\/schema\/logo\/image\/\",\"url\":\"https:\/\/www.panvel.com\/blog\/wp-content\/uploads\/2020\/10\/logo.png\",\"contentUrl\":\"https:\/\/www.panvel.com\/blog\/wp-content\/uploads\/2020\/10\/logo.png\",\"width\":402,\"height\":53,\"caption\":\"Panvel Farm\u00e1cias\"},\"image\":{\"@id\":\"https:\/\/www.panvel.com\/blog\/#\/schema\/logo\/image\/\"}},{\"@type\":\"Person\",\"@id\":\"https:\/\/www.panvel.com\/blog\/#\/schema\/person\/79f5c113f9621ed83897942f6e7501e3\",\"name\":\"Equipe Panvel\",\"image\":{\"@type\":\"ImageObject\",\"inLanguage\":\"pt-BR\",\"@id\":\"https:\/\/www.panvel.com\/blog\/#\/schema\/person\/image\/\",\"url\":\"https:\/\/www.panvel.com\/blog\/wp-content\/uploads\/2022\/09\/blog-panvel-1.jpg\",\"contentUrl\":\"https:\/\/www.panvel.com\/blog\/wp-content\/uploads\/2022\/09\/blog-panvel-1.jpg\",\"caption\":\"Equipe Panvel\"},\"description\":\"O Blog Bem Panvel conta com uma equipe formada por especialistas e traz para seus leitores conte\u00fados relevantes e de qualidade sobre sa\u00fade, beleza e bem-estar.\",\"url\":\"https:\/\/www.panvel.com\/blog\/author\/dimedmkt\/\"}]}<\/script>\n<!-- \/ Yoast SEO plugin. -->","yoast_head_json":{"title":"Vacina\u00e7\u00e3o ap\u00f3s os 65 anos: mais sa\u00fade e longevidade","description":"Imuniza\u00e7\u00e3o \u00e9 um dos pilares do envelhecimento saud\u00e1vel, conhe\u00e7a as doses necess\u00e1rias nesta faixa et\u00e1ria. | Leia mais no Blog Panvel.","robots":{"index":"index","follow":"follow","max-snippet":"max-snippet:-1","max-image-preview":"max-image-preview:large","max-video-preview":"max-video-preview:-1"},"canonical":"https:\/\/www.panvel.com\/blog\/panvel-clinic\/vacinacao-apos-65-anos-mais-saude-e-longevidade\/","og_locale":"pt_BR","og_type":"article","og_title":"Vacina\u00e7\u00e3o ap\u00f3s os 65 anos: mais sa\u00fade e longevidade","og_description":"Imuniza\u00e7\u00e3o \u00e9 um dos pilares do envelhecimento saud\u00e1vel, conhe\u00e7a as doses necess\u00e1rias nesta faixa et\u00e1ria. | Leia mais no Blog Panvel.","og_url":"https:\/\/www.panvel.com\/blog\/panvel-clinic\/vacinacao-apos-65-anos-mais-saude-e-longevidade\/","og_site_name":"Blog Bem Panvel","article_published_time":"2024-09-19T18:14:32+00:00","og_image":[{"width":2121,"height":1293,"url":"https:\/\/www.panvel.com\/blog\/wp-content\/uploads\/2024\/09\/iStock-1330517366-1-e1726754769305.jpg","type":"image\/jpeg"}],"author":"Equipe Panvel","twitter_card":"summary_large_image","twitter_misc":{"Escrito por":"Equipe Panvel","Est. tempo de leitura":"2 minutos"},"schema":{"@context":"https:\/\/schema.org","@graph":[{"@type":"Article","@id":"https:\/\/www.panvel.com\/blog\/panvel-clinic\/vacinacao-apos-65-anos-mais-saude-e-longevidade\/#article","isPartOf":{"@id":"https:\/\/www.panvel.com\/blog\/panvel-clinic\/vacinacao-apos-65-anos-mais-saude-e-longevidade\/"},"author":{"name":"Equipe Panvel","@id":"https:\/\/www.panvel.com\/blog\/#\/schema\/person\/79f5c113f9621ed83897942f6e7501e3"},"headline":"Manter a vacina\u00e7\u00e3o em dia ap\u00f3s os 65 anos ajuda a viver mais e melhor","datePublished":"2024-09-19T18:14:32+00:00","dateModified":"2024-09-19T18:14:32+00:00","mainEntityOfPage":{"@id":"https:\/\/www.panvel.com\/blog\/panvel-clinic\/vacinacao-apos-65-anos-mais-saude-e-longevidade\/"},"wordCount":285,"commentCount":0,"publisher":{"@id":"https:\/\/www.panvel.com\/blog\/#organization"},"keywords":["Bem Estar","Cuidados com a sa\u00fade","longevidade","Panvel Clinic","Preven\u00e7\u00e3o","sa\u00fade","sa\u00fade dos mais velhos","vacina\u00e7\u00e3o","vacina\u00e7\u00e3o clinic","Vacinas","vacinas clinic"],"articleSection":["Panvel Clinic"],"inLanguage":"pt-BR","potentialAction":[{"@type":"CommentAction","name":"Comment","target":["https:\/\/www.panvel.com\/blog\/panvel-clinic\/vacinacao-apos-65-anos-mais-saude-e-longevidade\/#respond"]}]},{"@type":"WebPage","@id":"https:\/\/www.panvel.com\/blog\/panvel-clinic\/vacinacao-apos-65-anos-mais-saude-e-longevidade\/","url":"https:\/\/www.panvel.com\/blog\/panvel-clinic\/vacinacao-apos-65-anos-mais-saude-e-longevidade\/","name":"Vacina\u00e7\u00e3o ap\u00f3s os 65 anos: mais sa\u00fade e longevidade","isPartOf":{"@id":"https:\/\/www.panvel.com\/blog\/#website"},"datePublished":"2024-09-19T18:14:32+00:00","dateModified":"2024-09-19T18:14:32+00:00","description":"Imuniza\u00e7\u00e3o \u00e9 um dos pilares do envelhecimento saud\u00e1vel, conhe\u00e7a as doses necess\u00e1rias nesta faixa et\u00e1ria. | Leia mais no Blog Panvel.","breadcrumb":{"@id":"https:\/\/www.panvel.com\/blog\/panvel-clinic\/vacinacao-apos-65-anos-mais-saude-e-longevidade\/#breadcrumb"},"inLanguage":"pt-BR","potentialAction":[{"@type":"ReadAction","target":["https:\/\/www.panvel.com\/blog\/panvel-clinic\/vacinacao-apos-65-anos-mais-saude-e-longevidade\/"]}]},{"@type":"BreadcrumbList","@id":"https:\/\/www.panvel.com\/blog\/panvel-clinic\/vacinacao-apos-65-anos-mais-saude-e-longevidade\/#breadcrumb","itemListElement":[{"@type":"ListItem","position":1,"name":"Home","item":"https:\/\/www.panvel.com\/blog\/"},{"@type":"ListItem","position":2,"name":"Panvel Clinic","item":"https:\/\/www.panvel.com\/blog\/panvel-clinic\/"},{"@type":"ListItem","position":3,"name":"Manter a vacina\u00e7\u00e3o em dia ap\u00f3s os 65 anos ajuda a viver mais e melhor"}]},{"@type":"WebSite","@id":"https:\/\/www.panvel.com\/blog\/#website","url":"https:\/\/www.panvel.com\/blog\/","name":"Blog Bem Panvel","description":"Aqui voc\u00ea encontra conte\u00fados e dicas de sa\u00fade, beleza, bem-estar e muito mais.","publisher":{"@id":"https:\/\/www.panvel.com\/blog\/#organization"},"potentialAction":[{"@type":"SearchAction","target":{"@type":"EntryPoint","urlTemplate":"https:\/\/www.panvel.com\/blog\/?s={search_term_string}"},"query-input":"required name=search_term_string"}],"inLanguage":"pt-BR"},{"@type":"Organization","@id":"https:\/\/www.panvel.com\/blog\/#organization","name":"Panvel Farm\u00e1cias","url":"https:\/\/www.panvel.com\/blog\/","logo":{"@type":"ImageObject","inLanguage":"pt-BR","@id":"https:\/\/www.panvel.com\/blog\/#\/schema\/logo\/image\/","url":"https:\/\/www.panvel.com\/blog\/wp-content\/uploads\/2020\/10\/logo.png","contentUrl":"https:\/\/www.panvel.com\/blog\/wp-content\/uploads\/2020\/10\/logo.png","width":402,"height":53,"caption":"Panvel Farm\u00e1cias"},"image":{"@id":"https:\/\/www.panvel.com\/blog\/#\/schema\/logo\/image\/"}},{"@type":"Person","@id":"https:\/\/www.panvel.com\/blog\/#\/schema\/person\/79f5c113f9621ed83897942f6e7501e3","name":"Equipe Panvel","image":{"@type":"ImageObject","inLanguage":"pt-BR","@id":"https:\/\/www.panvel.com\/blog\/#\/schema\/person\/image\/","url":"https:\/\/www.panvel.com\/blog\/wp-content\/uploads\/2022\/09\/blog-panvel-1.jpg","contentUrl":"https:\/\/www.panvel.com\/blog\/wp-content\/uploads\/2022\/09\/blog-panvel-1.jpg","caption":"Equipe Panvel"},"description":"O Blog Bem Panvel conta com uma equipe formada por especialistas e traz para seus leitores conte\u00fados relevantes e de qualidade sobre sa\u00fade, beleza e bem-estar.","url":"https:\/\/www.panvel.com\/blog\/author\/dimedmkt\/"}]}},"_links":{"self":[{"href":"https:\/\/www.panvel.com\/blog\/wp-json\/wp\/v2\/posts\/8966"}],"collection":[{"href":"https:\/\/www.panvel.com\/blog\/wp-json\/wp\/v2\/posts"}],"about":[{"href":"https:\/\/www.panvel.com\/blog\/wp-json\/wp\/v2\/types\/post"}],"author":[{"embeddable":true,"href":"https:\/\/www.panvel.com\/blog\/wp-json\/wp\/v2\/users\/3"}],"replies":[{"embeddable":true,"href":"https:\/\/www.panvel.com\/blog\/wp-json\/wp\/v2\/comments?post=8966"}],"version-history":[{"count":6,"href":"https:\/\/www.panvel.com\/blog\/wp-json\/wp\/v2\/posts\/8966\/revisions"}],"predecessor-version":[{"id":8973,"href":"https:\/\/www.panvel.com\/blog\/wp-json\/wp\/v2\/posts\/8966\/revisions\/8973"}],"wp:featuredmedia":[{"embeddable":true,"href":"https:\/\/www.panvel.com\/blog\/wp-json\/wp\/v2\/media\/8975"}],"wp:attachment":[{"href":"https:\/\/www.panvel.com\/blog\/wp-json\/wp\/v2\/media?parent=8966"}],"wp:term":[{"taxonomy":"category","embeddable":true,"href":"https:\/\/www.panvel.com\/blog\/wp-json\/wp\/v2\/categories?post=8966"},{"taxonomy":"post_tag","embeddable":true,"href":"https:\/\/www.panvel.com\/blog\/wp-json\/wp\/v2\/tags?post=8966"},{"taxonomy":"sponsor","embeddable":true,"href":"https:\/\/www.panvel.com\/blog\/wp-json\/wp\/v2\/sponsor?post=8966"}],"curies":[{"name":"wp","href":"https:\/\/api.w.org\/{rel}","templated":true}]}}