{"id":7913,"date":"2024-04-17T13:47:15","date_gmt":"2024-04-17T16:47:15","guid":{"rendered":"https:\/\/www.panvel.com\/blog\/?p=7913"},"modified":"2024-04-17T13:47:16","modified_gmt":"2024-04-17T16:47:16","slug":"vacinacao-previne-complicacoes-graves-de-meningite-nas-criancas","status":"publish","type":"post","link":"https:\/\/www.panvel.com\/blog\/panvel-clinic\/vacinacao-previne-complicacoes-graves-de-meningite-nas-criancas\/","title":{"rendered":"Vacina\u00e7\u00e3o previne complica\u00e7\u00f5es graves de meningite nas crian\u00e7as"},"content":{"rendered":"\n<p><\/p>\n\n\n\n<p>Uma doen\u00e7a grave, que pode se complicar rapidamente e colocar a crian\u00e7a em risco. Assim \u00e9 a <strong>meningite<\/strong>, que em casos graves pode provocar sequelas como surdez ou les\u00f5es cerebrais.<\/p>\n\n\n\n<p><br>A pediatra Kaline Canal explica que a <strong>meningite<\/strong> \u00e9 uma doen\u00e7a infecciosa, que pode ser causada por v\u00edrus ou bact\u00e9rias e atinge as membranas que recobrem o sistema nervoso central, ou seja, nosso c\u00e9rebro. \u201cA evolu\u00e7\u00e3o da meningite \u00e9 em geral muito r\u00e1pida e grave, e apesar de todos os esfor\u00e7os, h\u00e1 risco de vida nas meningites bacterianas\u201d, afirma a m\u00e9dica.<\/p>\n\n\n\n<h3 class=\"wp-block-heading\"><strong>Tipos de meningite<\/strong><\/h3>\n\n\n\n<p><\/p>\n\n\n\n<p>Conhe\u00e7a os tipos de <strong>meningite<\/strong>, de acordo com o N\u00facleo de Telessa\u00fade Rio Grande do Sul:<br><\/p>\n\n\n\n<ul>\n<li><strong>Meningite viral<\/strong>: \u00e9 a forma mais comum e mais leve da doen\u00e7a e frequentemente acomete crian\u00e7as pequenas e beb\u00eas, especialmente no primeiro ano de vida. A melhora costuma ser espont\u00e2nea, em algumas semanas, sem necessidade de tratamento espec\u00edfico.<br><\/li>\n\n\n\n<li><strong>Meningite bacteriana<\/strong>: \u00e9 muito grave e deve ser tratada como uma emerg\u00eancia m\u00e9dica. Se n\u00e3o tratada, pode danificar seriamente o c\u00e9rebro e causar infec\u00e7\u00e3o generalizada, levando \u00e0 morte. O tratamento \u00e9 realizado com antibi\u00f3ticos por via venosa e monitoramento hospitalar.<\/li>\n<\/ul>\n\n\n\n<h3 class=\"wp-block-heading\"><strong>Sintomas da meningite<\/strong><\/h3>\n\n\n\n<p><\/p>\n\n\n\n<p>Os principais <strong>sintomas da meningite<\/strong> s\u00e3o:<\/p>\n\n\n\n<ul>\n<li>Dor de cabe\u00e7a intensa<\/li>\n\n\n\n<li>V\u00f4mito<\/li>\n\n\n\n<li>Febre alta<\/li>\n\n\n\n<li>Endurecimento da nuca<\/li>\n\n\n\n<li>Sensibilidade \u00e0 luz<\/li>\n\n\n\n<li>Manchas na pele<\/li>\n<\/ul>\n\n\n\n<p><\/p>\n\n\n\n<p>Ap\u00f3s reconhecer os <strong>sintomas da meningite<\/strong>, \u00e9 importante buscar atendimento m\u00e9dico imediatamente para evitar o agravamento do quadro, que pode apresentar risco de morte.<\/p>\n\n\n\n<h3 class=\"wp-block-heading\"><strong>Complica\u00e7\u00f5es da meningite<\/strong><\/h3>\n\n\n\n<p><\/p>\n\n\n\n<p>A gravidade das <strong>complica\u00e7\u00f5es da meningite<\/strong> pode variar de pessoa para pessoa. Em geral, quanto mais grave a infec\u00e7\u00e3o, maior a chance de complica\u00e7\u00f5es. Conhe\u00e7a as principais <strong>sequelas da meningite<\/strong>:&nbsp;<\/p>\n\n\n\n<ul>\n<li>Perda da audi\u00e7\u00e3o e vis\u00e3o<\/li>\n\n\n\n<li>Problemas com mem\u00f3ria, concentra\u00e7\u00e3o, coordena\u00e7\u00e3o motora, equil\u00edbrio, aprendizado e fala<\/li>\n\n\n\n<li>Epilepsia e paralisia cerebral<\/li>\n<\/ul>\n\n\n\n<h3 class=\"wp-block-heading\"><strong>Preven\u00e7\u00e3o da meningite<\/strong><\/h3>\n\n\n\n<p><\/p>\n\n\n\n<p>De acordo com a pediatra Kaline Canal, a diminui\u00e7\u00e3o na incid\u00eancia da <strong>meningite<\/strong> ocorreu devido \u00e0s <strong>vacinas contra a meningite<\/strong>, mas a baixa ades\u00e3o das fam\u00edlias em levar seus filhos a se imunizarem faz com que a doen\u00e7a esteja cada vez mais presente na atualidade. A pediatra explica a diferen\u00e7a entre as <strong>vacinas para meningite<\/strong>:<\/p>\n\n\n\n<ul>\n<li><strong>Vacina meningo C<\/strong>: encontrada na rede p\u00fablica, protege a crian\u00e7a contra a meningite meningoc\u00f3cica causada pela cepa C. Apesar de ser uma apresenta\u00e7\u00e3o grave da doen\u00e7a, felizmente n\u00e3o \u00e9 a forma mais comum.<br><\/li>\n\n\n\n<li><strong>Vacina ACWY<\/strong>: dispon\u00edvel na rede privada, compreende os subtipos A, C, W e Y, aumentando bastante a prote\u00e7\u00e3o da crian\u00e7a, essa vacina substitui a meningo C da caderneta da crian\u00e7a.<br><\/li>\n\n\n\n<li><strong>Vacina meningo B<\/strong>: tamb\u00e9m dispon\u00edvel somente na rede privada, que protege a crian\u00e7a contra meningite causada pelo meningo B, essa n\u00e3o \u00e9 uma vacina obrigat\u00f3ria, ela \u00e9 extra, por\u00e9m, confere uma prote\u00e7\u00e3o bem importante.<\/li>\n<\/ul>\n\n\n\n<p>\u201cN\u00e3o temos muitas ferramentas para evitar que as crian\u00e7as peguem meningite, sendo assim, a vacina \u00e9 a a\u00e7\u00e3o mais efetiva nesse sentido. Por isso, mais do que vacinar a crian\u00e7a, \u00e9 preciso ficar atento \u00e0s datas de outras doses e os refor\u00e7os necess\u00e1rios para conferir a devida prote\u00e7\u00e3o\u201d, orienta a pediatra.<\/p>\n\n\n\n<h3 class=\"wp-block-heading\"><strong>Vacine-se no Panvel Clinic<\/strong><\/h3>\n\n\n\n<p><\/p>\n\n\n\n<p>No Panvel Clinic, a <strong>vacina\u00e7\u00e3o contra a meningite<\/strong> \u00e9 realizada por farmac\u00eauticos capacitados, em ambientes exclusivos, seguindo todos os protocolos e em hor\u00e1rios flex\u00edveis. H\u00e1 flexibilidade de hor\u00e1rio e facilidades para que toda a fam\u00edlia possa se vacinar no mesmo local. Conhe\u00e7a as vacinas dispon\u00edveis:<br><\/p>\n\n\n\n<p><a href=\"https:\/\/www.panvel.com\/panvel\/vacina-meningite-acwy-nimenrix-pfizer\/p-833330\"><strong>Vacina meningoc\u00f3cica ACWY<\/strong><\/a><\/p>\n\n\n\n<ul>\n<li>&nbsp;Indicada para crian\u00e7as a partir dos 2 meses, adolescentes e adultos.<\/li>\n\n\n\n<li>&nbsp;A primeira dose \u00e9 aplicada aos 3&nbsp; meses de idade, com uma segunda dose aos 5 meses.<\/li>\n\n\n\n<li>Os refor\u00e7os precisam ser aplicados aos 12 meses, 5 anos e 11 anos de idade.<\/li>\n\n\n\n<li>Adolescentes e adultos n\u00e3o vacinados dever\u00e3o receber apenas uma dose.&nbsp;<\/li>\n<\/ul>\n\n\n\n<p><a href=\"https:\/\/www.panvel.com\/panvel\/vacina-meningite-b-bexsero-gsk\/p-872120\"><strong>Vacina meningoc\u00f3cica B<\/strong><\/a><\/p>\n\n\n\n<ul>\n<li>Indicada para crian\u00e7as a partir dos 2 meses at\u00e9 adultos at\u00e9 50 anos.<\/li>\n\n\n\n<li>A primeira dose \u00e9 geralmente aplicada aos tr\u00eas meses, com uma segunda dose aos cinco meses e refor\u00e7o a partir dos 12 meses.<\/li>\n\n\n\n<li>Adolescentes e adultos n\u00e3o vacinados devem receber duas doses, com um intervalo de <br> dias entre elas.<\/li>\n<\/ul>\n\n\n\n<p><\/p>\n","protected":false},"excerpt":{"rendered":"<p>Conhe\u00e7a os sintomas da Meningite e saiba como evitar o desenvolvimento da doen\u00e7a. <\/p>\n","protected":false},"author":3,"featured_media":7914,"comment_status":"open","ping_status":"open","sticky":false,"template":"","format":"standard","meta":[],"categories":[9],"tags":[31,179,15,515,80,20,418,419,1949,1948,1914],"sponsor":[],"acf":[],"yoast_head":"<!-- This site is optimized with the Yoast SEO plugin v20.7 - https:\/\/yoast.com\/wordpress\/plugins\/seo\/ -->\n<title>Vacina\u00e7\u00e3o previne complica\u00e7\u00f5es graves de meningite nas crian\u00e7as | Blog Bem Panvel<\/title>\n<meta name=\"description\" content=\"Conhe\u00e7a os sintomas da Meningite e saiba como evitar o desenvolvimento da doen\u00e7a. | Leia mais no Blog Panvel.\" \/>\n<meta name=\"robots\" content=\"index, follow, max-snippet:-1, max-image-preview:large, max-video-preview:-1\" \/>\n<link rel=\"canonical\" href=\"https:\/\/www.panvel.com\/blog\/panvel-clinic\/vacinacao-previne-complicacoes-graves-de-meningite-nas-criancas\/\" \/>\n<meta property=\"og:locale\" content=\"pt_BR\" \/>\n<meta property=\"og:type\" content=\"article\" \/>\n<meta property=\"og:title\" content=\"Vacina\u00e7\u00e3o previne complica\u00e7\u00f5es graves de meningite nas crian\u00e7as | Blog Bem Panvel\" \/>\n<meta property=\"og:description\" content=\"Conhe\u00e7a os sintomas da Meningite e saiba como evitar o desenvolvimento da doen\u00e7a. | Leia mais no Blog Panvel.\" \/>\n<meta property=\"og:url\" content=\"https:\/\/www.panvel.com\/blog\/panvel-clinic\/vacinacao-previne-complicacoes-graves-de-meningite-nas-criancas\/\" \/>\n<meta property=\"og:site_name\" content=\"Blog Bem Panvel\" \/>\n<meta property=\"article:published_time\" content=\"2024-04-17T16:47:15+00:00\" \/>\n<meta property=\"article:modified_time\" content=\"2024-04-17T16:47:16+00:00\" \/>\n<meta property=\"og:image\" content=\"https:\/\/www.panvel.com\/blog\/wp-content\/uploads\/2024\/04\/iStock-1421115313-e1713372390791.jpg\" \/>\n\t<meta property=\"og:image:width\" content=\"2119\" \/>\n\t<meta property=\"og:image:height\" content=\"1229\" \/>\n\t<meta property=\"og:image:type\" content=\"image\/jpeg\" \/>\n<meta name=\"author\" content=\"Equipe Panvel\" \/>\n<meta name=\"twitter:card\" content=\"summary_large_image\" \/>\n<meta name=\"twitter:label1\" content=\"Escrito por\" \/>\n\t<meta name=\"twitter:data1\" content=\"Equipe Panvel\" \/>\n\t<meta name=\"twitter:label2\" content=\"Est. tempo de leitura\" \/>\n\t<meta name=\"twitter:data2\" content=\"4 minutos\" \/>\n<script type=\"application\/ld+json\" class=\"yoast-schema-graph\">{\"@context\":\"https:\/\/schema.org\",\"@graph\":[{\"@type\":\"Article\",\"@id\":\"https:\/\/www.panvel.com\/blog\/panvel-clinic\/vacinacao-previne-complicacoes-graves-de-meningite-nas-criancas\/#article\",\"isPartOf\":{\"@id\":\"https:\/\/www.panvel.com\/blog\/panvel-clinic\/vacinacao-previne-complicacoes-graves-de-meningite-nas-criancas\/\"},\"author\":{\"name\":\"Equipe Panvel\",\"@id\":\"https:\/\/www.panvel.com\/blog\/#\/schema\/person\/79f5c113f9621ed83897942f6e7501e3\"},\"headline\":\"Vacina\u00e7\u00e3o previne complica\u00e7\u00f5es graves de meningite nas crian\u00e7as\",\"datePublished\":\"2024-04-17T16:47:15+00:00\",\"dateModified\":\"2024-04-17T16:47:16+00:00\",\"mainEntityOfPage\":{\"@id\":\"https:\/\/www.panvel.com\/blog\/panvel-clinic\/vacinacao-previne-complicacoes-graves-de-meningite-nas-criancas\/\"},\"wordCount\":735,\"commentCount\":0,\"publisher\":{\"@id\":\"https:\/\/www.panvel.com\/blog\/#organization\"},\"keywords\":[\"Bem Estar\",\"Cuidados com a sa\u00fade\",\"Dicas\",\"meningite\",\"Panvel Clinic\",\"Preven\u00e7\u00e3o\",\"saude\",\"sa\u00fade\",\"sequelas meningite\",\"sintomas meningite\",\"vacina meningite\"],\"articleSection\":[\"Panvel Clinic\"],\"inLanguage\":\"pt-BR\",\"potentialAction\":[{\"@type\":\"CommentAction\",\"name\":\"Comment\",\"target\":[\"https:\/\/www.panvel.com\/blog\/panvel-clinic\/vacinacao-previne-complicacoes-graves-de-meningite-nas-criancas\/#respond\"]}]},{\"@type\":\"WebPage\",\"@id\":\"https:\/\/www.panvel.com\/blog\/panvel-clinic\/vacinacao-previne-complicacoes-graves-de-meningite-nas-criancas\/\",\"url\":\"https:\/\/www.panvel.com\/blog\/panvel-clinic\/vacinacao-previne-complicacoes-graves-de-meningite-nas-criancas\/\",\"name\":\"Vacina\u00e7\u00e3o previne complica\u00e7\u00f5es graves de meningite nas crian\u00e7as | Blog Bem Panvel\",\"isPartOf\":{\"@id\":\"https:\/\/www.panvel.com\/blog\/#website\"},\"datePublished\":\"2024-04-17T16:47:15+00:00\",\"dateModified\":\"2024-04-17T16:47:16+00:00\",\"description\":\"Conhe\u00e7a os sintomas da Meningite e saiba como evitar o desenvolvimento da doen\u00e7a. | Leia mais no Blog Panvel.\",\"breadcrumb\":{\"@id\":\"https:\/\/www.panvel.com\/blog\/panvel-clinic\/vacinacao-previne-complicacoes-graves-de-meningite-nas-criancas\/#breadcrumb\"},\"inLanguage\":\"pt-BR\",\"potentialAction\":[{\"@type\":\"ReadAction\",\"target\":[\"https:\/\/www.panvel.com\/blog\/panvel-clinic\/vacinacao-previne-complicacoes-graves-de-meningite-nas-criancas\/\"]}]},{\"@type\":\"BreadcrumbList\",\"@id\":\"https:\/\/www.panvel.com\/blog\/panvel-clinic\/vacinacao-previne-complicacoes-graves-de-meningite-nas-criancas\/#breadcrumb\",\"itemListElement\":[{\"@type\":\"ListItem\",\"position\":1,\"name\":\"Home\",\"item\":\"https:\/\/www.panvel.com\/blog\/\"},{\"@type\":\"ListItem\",\"position\":2,\"name\":\"Panvel Clinic\",\"item\":\"https:\/\/www.panvel.com\/blog\/panvel-clinic\/\"},{\"@type\":\"ListItem\",\"position\":3,\"name\":\"Vacina\u00e7\u00e3o previne complica\u00e7\u00f5es graves de meningite nas crian\u00e7as\"}]},{\"@type\":\"WebSite\",\"@id\":\"https:\/\/www.panvel.com\/blog\/#website\",\"url\":\"https:\/\/www.panvel.com\/blog\/\",\"name\":\"Blog Bem Panvel\",\"description\":\"Aqui voc\u00ea encontra conte\u00fados e dicas de sa\u00fade, beleza, bem-estar e muito mais.\",\"publisher\":{\"@id\":\"https:\/\/www.panvel.com\/blog\/#organization\"},\"potentialAction\":[{\"@type\":\"SearchAction\",\"target\":{\"@type\":\"EntryPoint\",\"urlTemplate\":\"https:\/\/www.panvel.com\/blog\/?s={search_term_string}\"},\"query-input\":\"required name=search_term_string\"}],\"inLanguage\":\"pt-BR\"},{\"@type\":\"Organization\",\"@id\":\"https:\/\/www.panvel.com\/blog\/#organization\",\"name\":\"Panvel Farm\u00e1cias\",\"url\":\"https:\/\/www.panvel.com\/blog\/\",\"logo\":{\"@type\":\"ImageObject\",\"inLanguage\":\"pt-BR\",\"@id\":\"https:\/\/www.panvel.com\/blog\/#\/schema\/logo\/image\/\",\"url\":\"https:\/\/www.panvel.com\/blog\/wp-content\/uploads\/2020\/10\/logo.png\",\"contentUrl\":\"https:\/\/www.panvel.com\/blog\/wp-content\/uploads\/2020\/10\/logo.png\",\"width\":402,\"height\":53,\"caption\":\"Panvel Farm\u00e1cias\"},\"image\":{\"@id\":\"https:\/\/www.panvel.com\/blog\/#\/schema\/logo\/image\/\"}},{\"@type\":\"Person\",\"@id\":\"https:\/\/www.panvel.com\/blog\/#\/schema\/person\/79f5c113f9621ed83897942f6e7501e3\",\"name\":\"Equipe Panvel\",\"image\":{\"@type\":\"ImageObject\",\"inLanguage\":\"pt-BR\",\"@id\":\"https:\/\/www.panvel.com\/blog\/#\/schema\/person\/image\/\",\"url\":\"https:\/\/www.panvel.com\/blog\/wp-content\/uploads\/2022\/09\/blog-panvel-1.jpg\",\"contentUrl\":\"https:\/\/www.panvel.com\/blog\/wp-content\/uploads\/2022\/09\/blog-panvel-1.jpg\",\"caption\":\"Equipe Panvel\"},\"description\":\"O Blog Bem Panvel conta com uma equipe formada por especialistas e traz para seus leitores conte\u00fados relevantes e de qualidade sobre sa\u00fade, beleza e bem-estar.\",\"url\":\"https:\/\/www.panvel.com\/blog\/author\/dimedmkt\/\"}]}<\/script>\n<!-- \/ Yoast SEO plugin. -->","yoast_head_json":{"title":"Vacina\u00e7\u00e3o previne complica\u00e7\u00f5es graves de meningite nas crian\u00e7as | Blog Bem Panvel","description":"Conhe\u00e7a os sintomas da Meningite e saiba como evitar o desenvolvimento da doen\u00e7a. | Leia mais no Blog Panvel.","robots":{"index":"index","follow":"follow","max-snippet":"max-snippet:-1","max-image-preview":"max-image-preview:large","max-video-preview":"max-video-preview:-1"},"canonical":"https:\/\/www.panvel.com\/blog\/panvel-clinic\/vacinacao-previne-complicacoes-graves-de-meningite-nas-criancas\/","og_locale":"pt_BR","og_type":"article","og_title":"Vacina\u00e7\u00e3o previne complica\u00e7\u00f5es graves de meningite nas crian\u00e7as | Blog Bem Panvel","og_description":"Conhe\u00e7a os sintomas da Meningite e saiba como evitar o desenvolvimento da doen\u00e7a. | Leia mais no Blog Panvel.","og_url":"https:\/\/www.panvel.com\/blog\/panvel-clinic\/vacinacao-previne-complicacoes-graves-de-meningite-nas-criancas\/","og_site_name":"Blog Bem Panvel","article_published_time":"2024-04-17T16:47:15+00:00","article_modified_time":"2024-04-17T16:47:16+00:00","og_image":[{"width":2119,"height":1229,"url":"https:\/\/www.panvel.com\/blog\/wp-content\/uploads\/2024\/04\/iStock-1421115313-e1713372390791.jpg","type":"image\/jpeg"}],"author":"Equipe Panvel","twitter_card":"summary_large_image","twitter_misc":{"Escrito por":"Equipe Panvel","Est. tempo de leitura":"4 minutos"},"schema":{"@context":"https:\/\/schema.org","@graph":[{"@type":"Article","@id":"https:\/\/www.panvel.com\/blog\/panvel-clinic\/vacinacao-previne-complicacoes-graves-de-meningite-nas-criancas\/#article","isPartOf":{"@id":"https:\/\/www.panvel.com\/blog\/panvel-clinic\/vacinacao-previne-complicacoes-graves-de-meningite-nas-criancas\/"},"author":{"name":"Equipe Panvel","@id":"https:\/\/www.panvel.com\/blog\/#\/schema\/person\/79f5c113f9621ed83897942f6e7501e3"},"headline":"Vacina\u00e7\u00e3o previne complica\u00e7\u00f5es graves de meningite nas crian\u00e7as","datePublished":"2024-04-17T16:47:15+00:00","dateModified":"2024-04-17T16:47:16+00:00","mainEntityOfPage":{"@id":"https:\/\/www.panvel.com\/blog\/panvel-clinic\/vacinacao-previne-complicacoes-graves-de-meningite-nas-criancas\/"},"wordCount":735,"commentCount":0,"publisher":{"@id":"https:\/\/www.panvel.com\/blog\/#organization"},"keywords":["Bem Estar","Cuidados com a sa\u00fade","Dicas","meningite","Panvel Clinic","Preven\u00e7\u00e3o","saude","sa\u00fade","sequelas meningite","sintomas meningite","vacina meningite"],"articleSection":["Panvel Clinic"],"inLanguage":"pt-BR","potentialAction":[{"@type":"CommentAction","name":"Comment","target":["https:\/\/www.panvel.com\/blog\/panvel-clinic\/vacinacao-previne-complicacoes-graves-de-meningite-nas-criancas\/#respond"]}]},{"@type":"WebPage","@id":"https:\/\/www.panvel.com\/blog\/panvel-clinic\/vacinacao-previne-complicacoes-graves-de-meningite-nas-criancas\/","url":"https:\/\/www.panvel.com\/blog\/panvel-clinic\/vacinacao-previne-complicacoes-graves-de-meningite-nas-criancas\/","name":"Vacina\u00e7\u00e3o previne complica\u00e7\u00f5es graves de meningite nas crian\u00e7as | Blog Bem Panvel","isPartOf":{"@id":"https:\/\/www.panvel.com\/blog\/#website"},"datePublished":"2024-04-17T16:47:15+00:00","dateModified":"2024-04-17T16:47:16+00:00","description":"Conhe\u00e7a os sintomas da Meningite e saiba como evitar o desenvolvimento da doen\u00e7a. | Leia mais no Blog Panvel.","breadcrumb":{"@id":"https:\/\/www.panvel.com\/blog\/panvel-clinic\/vacinacao-previne-complicacoes-graves-de-meningite-nas-criancas\/#breadcrumb"},"inLanguage":"pt-BR","potentialAction":[{"@type":"ReadAction","target":["https:\/\/www.panvel.com\/blog\/panvel-clinic\/vacinacao-previne-complicacoes-graves-de-meningite-nas-criancas\/"]}]},{"@type":"BreadcrumbList","@id":"https:\/\/www.panvel.com\/blog\/panvel-clinic\/vacinacao-previne-complicacoes-graves-de-meningite-nas-criancas\/#breadcrumb","itemListElement":[{"@type":"ListItem","position":1,"name":"Home","item":"https:\/\/www.panvel.com\/blog\/"},{"@type":"ListItem","position":2,"name":"Panvel Clinic","item":"https:\/\/www.panvel.com\/blog\/panvel-clinic\/"},{"@type":"ListItem","position":3,"name":"Vacina\u00e7\u00e3o previne complica\u00e7\u00f5es graves de meningite nas crian\u00e7as"}]},{"@type":"WebSite","@id":"https:\/\/www.panvel.com\/blog\/#website","url":"https:\/\/www.panvel.com\/blog\/","name":"Blog Bem Panvel","description":"Aqui voc\u00ea encontra conte\u00fados e dicas de sa\u00fade, beleza, bem-estar e muito mais.","publisher":{"@id":"https:\/\/www.panvel.com\/blog\/#organization"},"potentialAction":[{"@type":"SearchAction","target":{"@type":"EntryPoint","urlTemplate":"https:\/\/www.panvel.com\/blog\/?s={search_term_string}"},"query-input":"required name=search_term_string"}],"inLanguage":"pt-BR"},{"@type":"Organization","@id":"https:\/\/www.panvel.com\/blog\/#organization","name":"Panvel Farm\u00e1cias","url":"https:\/\/www.panvel.com\/blog\/","logo":{"@type":"ImageObject","inLanguage":"pt-BR","@id":"https:\/\/www.panvel.com\/blog\/#\/schema\/logo\/image\/","url":"https:\/\/www.panvel.com\/blog\/wp-content\/uploads\/2020\/10\/logo.png","contentUrl":"https:\/\/www.panvel.com\/blog\/wp-content\/uploads\/2020\/10\/logo.png","width":402,"height":53,"caption":"Panvel Farm\u00e1cias"},"image":{"@id":"https:\/\/www.panvel.com\/blog\/#\/schema\/logo\/image\/"}},{"@type":"Person","@id":"https:\/\/www.panvel.com\/blog\/#\/schema\/person\/79f5c113f9621ed83897942f6e7501e3","name":"Equipe Panvel","image":{"@type":"ImageObject","inLanguage":"pt-BR","@id":"https:\/\/www.panvel.com\/blog\/#\/schema\/person\/image\/","url":"https:\/\/www.panvel.com\/blog\/wp-content\/uploads\/2022\/09\/blog-panvel-1.jpg","contentUrl":"https:\/\/www.panvel.com\/blog\/wp-content\/uploads\/2022\/09\/blog-panvel-1.jpg","caption":"Equipe Panvel"},"description":"O Blog Bem Panvel conta com uma equipe formada por especialistas e traz para seus leitores conte\u00fados relevantes e de qualidade sobre sa\u00fade, beleza e bem-estar.","url":"https:\/\/www.panvel.com\/blog\/author\/dimedmkt\/"}]}},"_links":{"self":[{"href":"https:\/\/www.panvel.com\/blog\/wp-json\/wp\/v2\/posts\/7913"}],"collection":[{"href":"https:\/\/www.panvel.com\/blog\/wp-json\/wp\/v2\/posts"}],"about":[{"href":"https:\/\/www.panvel.com\/blog\/wp-json\/wp\/v2\/types\/post"}],"author":[{"embeddable":true,"href":"https:\/\/www.panvel.com\/blog\/wp-json\/wp\/v2\/users\/3"}],"replies":[{"embeddable":true,"href":"https:\/\/www.panvel.com\/blog\/wp-json\/wp\/v2\/comments?post=7913"}],"version-history":[{"count":1,"href":"https:\/\/www.panvel.com\/blog\/wp-json\/wp\/v2\/posts\/7913\/revisions"}],"predecessor-version":[{"id":7915,"href":"https:\/\/www.panvel.com\/blog\/wp-json\/wp\/v2\/posts\/7913\/revisions\/7915"}],"wp:featuredmedia":[{"embeddable":true,"href":"https:\/\/www.panvel.com\/blog\/wp-json\/wp\/v2\/media\/7914"}],"wp:attachment":[{"href":"https:\/\/www.panvel.com\/blog\/wp-json\/wp\/v2\/media?parent=7913"}],"wp:term":[{"taxonomy":"category","embeddable":true,"href":"https:\/\/www.panvel.com\/blog\/wp-json\/wp\/v2\/categories?post=7913"},{"taxonomy":"post_tag","embeddable":true,"href":"https:\/\/www.panvel.com\/blog\/wp-json\/wp\/v2\/tags?post=7913"},{"taxonomy":"sponsor","embeddable":true,"href":"https:\/\/www.panvel.com\/blog\/wp-json\/wp\/v2\/sponsor?post=7913"}],"curies":[{"name":"wp","href":"https:\/\/api.w.org\/{rel}","templated":true}]}}