{"id":7265,"date":"2023-12-19T08:00:00","date_gmt":"2023-12-19T11:00:00","guid":{"rendered":"https:\/\/www.panvel.com\/blog\/?p=7265"},"modified":"2023-12-19T16:48:00","modified_gmt":"2023-12-19T19:48:00","slug":"dove-para-cabelos-danificados","status":"publish","type":"post","link":"https:\/\/www.panvel.com\/blog\/dicas-de-beleza\/dove-para-cabelos-danificados\/","title":{"rendered":"Trate e recupere os fios com Dove para cabelos danificados"},"content":{"rendered":"\n<p>A nova linha Dove foi pensada para voc\u00ea que precisa tratar o seu cabelo danificado, seja dano leve, dano m\u00e9dio ou dano extremo. Com uma nova tecnologia, Dove traz tr\u00eas vezes mais cuidado: recupera, repara e protege.<\/p>\n\n\n\n<p>Veja todas as novidades que a nova linha Dove desenvolveu para voc\u00ea.<\/p>\n\n\n\n<h2 class=\"wp-block-heading\">Quais s\u00e3o os tipos de danos causados nos fios<\/h2>\n\n\n\n<p>Os principais tipos de danos dos fios podem ser subdivididos em tr\u00eas tipos:<\/p>\n\n\n\n<h3 class=\"wp-block-heading\"><a><\/a>Danos Leves<\/h3>\n\n\n\n<p>Os danos leves causam desidrata\u00e7\u00e3o e deixam o cabelo sem sa\u00fade. A fibra capilar perde \u00e1gua e l\u00edquidos da superf\u00edcie, causando a quebra da cut\u00edcula.<\/p>\n\n\n\n<p>As principais fontes de danos s\u00e3o caracterizadas pelos danos ambientais: sol, polui\u00e7\u00e3o, \u00e1gua quente no banho, tempo frio e seco. Tamb\u00e9m est\u00e3o relacionados, os danos mec\u00e2nicos que podem incluir as pr\u00e1ticas de higiene dos fios: pentear, lavar ou secar com muita for\u00e7a<\/p>\n\n\n\n<h3 class=\"wp-block-heading\"><a><\/a>Danos M\u00e9dios<\/h3>\n\n\n\n<p>O frizz e a desnutri\u00e7\u00e3o deixam as fibras capilares com as cut\u00edculas levantadas e as fontes de danos s\u00e3o os mec\u00e2nicos, tais como: secar com a tolha e escovar.<\/p>\n\n\n\n<p>J\u00e1 a opacidade e os fios quebradi\u00e7os deixam as fibras capilares com pontas duplas e causam a perda da cut\u00edcula (prote\u00edna), s\u00e3o causados por danos t\u00e9rmicos, ou seja, o uso excessivo de secador, chapinha e baby liss.<\/p>\n\n\n\n<h3 class=\"wp-block-heading\"><a><\/a>Danos extremos<\/h3>\n\n\n\n<p>Os danos extremos est\u00e3o principalmente relacionados ao uso de produtos qu\u00edmicos nos fios, s\u00e3o caracterizados, por exemplo, pelo uso de alisamento, colora\u00e7\u00e3o, relaxamento, etc.<\/p>\n\n\n\n<p>O dano extremo faz com que a fibra capilar se quebre e tenha porosidade. Os danos s\u00e3o tamb\u00e9m causados pela jun\u00e7\u00e3o de danos qu\u00edmicos e t\u00e9rmicos: descolora\u00e7\u00e3o, colora\u00e7\u00e3o, alisamento, secador, chapinha e baby liss.<\/p>\n\n\n\n<figure class=\"wp-block-image size-large\"><img decoding=\"async\" loading=\"lazy\" width=\"1024\" height=\"680\" src=\"https:\/\/www.panvel.com\/blog\/wp-content\/uploads\/2023\/12\/iStock-1195118793-1024x680.jpg\" alt=\"\" class=\"wp-image-7266\" srcset=\"https:\/\/www.panvel.com\/blog\/wp-content\/uploads\/2023\/12\/iStock-1195118793-1024x680.jpg 1024w, https:\/\/www.panvel.com\/blog\/wp-content\/uploads\/2023\/12\/iStock-1195118793-300x199.jpg 300w, https:\/\/www.panvel.com\/blog\/wp-content\/uploads\/2023\/12\/iStock-1195118793-768x510.jpg 768w, https:\/\/www.panvel.com\/blog\/wp-content\/uploads\/2023\/12\/iStock-1195118793-1536x1020.jpg 1536w, https:\/\/www.panvel.com\/blog\/wp-content\/uploads\/2023\/12\/iStock-1195118793-2048x1361.jpg 2048w, https:\/\/www.panvel.com\/blog\/wp-content\/uploads\/2023\/12\/iStock-1195118793.jpg 2124w\" sizes=\"(max-width: 1024px) 100vw, 1024px\" \/><\/figure>\n\n\n\n<h2 class=\"wp-block-heading\">Conhe\u00e7a a Linha Dove para Danos Capilares Leves e Danos Capilares Moderados<\/h2>\n\n\n\n<p>Para voc\u00ea que est\u00e1 sofrendo com os danos acima, conhe\u00e7a as linhas indicadas e devolva a sa\u00fade dos seus fios.<\/p>\n\n\n\n<h3 class=\"wp-block-heading\"><a><\/a>Dove para Danos Leves<\/h3>\n\n\n\n<p>Os danos leves s\u00e3o causados principalmente pela falta de hidrata\u00e7\u00e3o dos cabelos. E a melhor forma de tratamento \u00e9 fazer a reposi\u00e7\u00e3o de \u00e1gua dos fios.<\/p>\n\n\n\n<p>Para tanto, indicamos a linha Dove hidrata\u00e7\u00e3o, \u00e9 composta por <a href=\"https:\/\/www.panvel.com\/panvel\/shampoo-dove-hidratacao-intensa-oxigenio-400ml\/p-868410\"><strong>Shampoo Dove<\/strong><\/a><a href=\"https:\/\/www.panvel.com\/panvel\/shampoo-dove-hidratacao-intensa-oxigenio-400ml\/p-868410\"> <\/a><a href=\"https:\/\/www.panvel.com\/panvel\/shampoo-dove-hidratacao-intensa-oxigenio-400ml\/p-868410\"><strong>Hidrata\u00e7\u00e3o<\/strong><\/a>, <a href=\"https:\/\/www.panvel.com\/panvel\/condicionador-dove-hidratacao-intensa-oxigenio-400ml\/p-868430\"><strong>Condicionador Dove Hidrata\u00e7\u00e3o<\/strong><\/a> e o <a href=\"https:\/\/www.panvel.com\/panvel\/serum-leave-in-dove-hidratacao-intensa-110ml\/p-96941\"><strong>S\u00e9rum Fluido Dove<\/strong><\/a>.<\/p>\n\n\n\n<p>A linha traz uma nova tecnologia, a Hydro-Care, que apresenta nanomol\u00e9culas de \u00e1gua em sua f\u00f3rmula, respons\u00e1vel pela hidrata\u00e7\u00e3o dos fios at\u00e9 a sua camada mais profunda.<\/p>\n\n\n\n<p>Com o Dove shampoo voc\u00ea ter\u00e1 a sensa\u00e7\u00e3o de cabelo limpo e hiper hidratado. Al\u00e9m de deixar o cabelo com mais movimento e raiz soltinha.<\/p>\n\n\n\n<p>O condicionador garante a maciez e hidrata\u00e7\u00e3o dos cabelos. Com textura leve, ele sela a cut\u00edcula dos fios sem deixar o cabelo com aspecto pesado.<\/p>\n\n\n\n<p>Com prote\u00e7\u00e3o t\u00e9rmica, o s\u00e9rum entrega uma barreira multiprotetora com fluidez, revitalizando e retendo a \u00e1gua dos fios. Saiba todos os benef\u00edcios da <a href=\"https:\/\/www.panvel.com\/blog\/dicas-de-beleza\/serum-fluido-dove\/\"><strong>Hidrata\u00e7\u00e3o capilar com S\u00e9rum Flu\u00eddo Dove<\/strong><\/a> e aproveite as vantagens de utilizar esse produto.<\/p>\n\n\n\n<figure class=\"wp-block-image size-full\"><img decoding=\"async\" loading=\"lazy\" width=\"940\" height=\"529\" src=\"https:\/\/www.panvel.com\/blog\/wp-content\/uploads\/2023\/12\/dove-1.png\" alt=\"\" class=\"wp-image-7267\" srcset=\"https:\/\/www.panvel.com\/blog\/wp-content\/uploads\/2023\/12\/dove-1.png 940w, https:\/\/www.panvel.com\/blog\/wp-content\/uploads\/2023\/12\/dove-1-300x169.png 300w, https:\/\/www.panvel.com\/blog\/wp-content\/uploads\/2023\/12\/dove-1-768x432.png 768w\" sizes=\"(max-width: 940px) 100vw, 940px\" \/><figcaption class=\"wp-element-caption\"><em>Dove para Danos Leves<\/em>.<\/figcaption><\/figure>\n\n\n\n<h3 class=\"wp-block-heading\">Dove para Danos Moderados<\/h3>\n\n\n\n<p>Para os danos moderados, o ideal \u00e9 utilizar a linha Dove Reconstru\u00e7\u00e3o. Composta pelo <a href=\"https:\/\/www.panvel.com\/panvel\/leave-in-dove-multifuncinal-reconstrucao-175ml\/p-95878\"><strong>Leave In Dove Reconstru\u00e7\u00e3o<\/strong><\/a>, o<a href=\"https:\/\/www.panvel.com\/panvel\/kit-dove-reconstrucao-shampoo-350ml-condicionador-175-ml-com-preco-especial\/p-96071\"><strong>Shampoo + condicionador Dove Reconstru\u00e7\u00e3o<\/strong><\/a> e a<\/p>\n\n\n\n<p><a href=\"https:\/\/www.panvel.com\/panvel\/mascara-de-tratamento-dove-reconstrucao-270g\/p-95882\"><strong>M\u00e1scara De Tratamento Dove Reconstru\u00e7\u00e3o<\/strong><\/a>.<\/p>\n\n\n\n<p>A linha possui a tecnologia Bio-Protein Care, que \u00e9 exclusiva e composta por 3x mais prote\u00edna, o que garante 3x mais cuidado.<\/p>\n\n\n\n<p>Com queratina, prote\u00edna de soja e prote\u00edna do trigo, ela recupera um ano de danos no primeiro dia de uso, repara as prote\u00ednas do fio, restaurando o cabelo e protege a estrutura do fio, trazendo resist\u00eancia.<\/p>\n\n\n\n<p>O Leave in possui 2% de Queratina Complex em sua f\u00f3rmula, ao utilizar voc\u00ea repara e nutre os cabelos quebradi\u00e7os e sem vida.<\/p>\n\n\n\n<p>O Dove shampoo e condicionador traz o melhor custo-benef\u00edcio para voc\u00ea. Voc\u00ea trata dos seus fios e economiza. J\u00e1 a m\u00e1scara de tratamento, possui 12% de complexo de queratina, o que auxilia na repara\u00e7\u00e3o e nutri\u00e7\u00e3o dos fios. Al\u00e9m de suavizar, fortalecer e desembara\u00e7ar, ela recupera o brilho e d\u00e1 movimento, inibindo o frizz e as pontas duplas.<\/p>\n\n\n\n<figure class=\"wp-block-image size-full is-resized\"><img decoding=\"async\" loading=\"lazy\" src=\"https:\/\/www.panvel.com\/blog\/wp-content\/uploads\/2023\/12\/dove-2.png\" alt=\"\" class=\"wp-image-7268\" width=\"837\" height=\"470\" srcset=\"https:\/\/www.panvel.com\/blog\/wp-content\/uploads\/2023\/12\/dove-2.png 940w, https:\/\/www.panvel.com\/blog\/wp-content\/uploads\/2023\/12\/dove-2-300x169.png 300w, https:\/\/www.panvel.com\/blog\/wp-content\/uploads\/2023\/12\/dove-2-768x432.png 768w\" sizes=\"(max-width: 837px) 100vw, 837px\" \/><figcaption class=\"wp-element-caption\"><em>Dove para Danos Moderados<\/em>.<\/figcaption><\/figure>\n\n\n\n<h2 class=\"wp-block-heading\">Como tratar e recuperar cabelos danificados com a nova linha Dove para cabelos danificados?<\/h2>\n\n\n\n<p>A Dove reconstru\u00e7\u00e3o completa \u00e9 uma linha idealizada para hidratar e fortalecer os fios. Com f\u00f3rmulas exclusivas, a Dove entrega nutri\u00e7\u00e3o duradoura e maciez.<\/p>\n\n\n\n<p>Mas, n\u00e3o se esque\u00e7a de utilizar os produtos seguindo as orienta\u00e7\u00f5es de Dove.<\/p>\n\n\n\n<h3 class=\"wp-block-heading\"><a><\/a>Inicie com o Shampoo Dove Reconstru\u00e7\u00e3o<\/h3>\n\n\n\n<p>O primeiro passo para iniciar seu tratamento capilar \u00e9 utilizar o Dove Shampoo Reconstru\u00e7\u00e3o completa. Com f\u00f3rmula superior, ele age na estrutura interna e externa do fio, evitando a quebra e restaurando a superf\u00edcie enquanto nutre profundamente.<\/p>\n\n\n\n<p>Com ativos reparadores de queratina, ele nutre e fortalece o fio internamente, tornando o cabelo mais resistente aos danos futuros. Seus cabelos ficam mais fortes e macios desde o primeiro uso.<\/p>\n\n\n\n<p>Sua nova tecnologia identifica as \u00e1reas mais danificadas do fio, fornecendo reparo maior a essas \u00e1reas.<\/p>\n\n\n\n<p>Voc\u00ea deve aplicar o shampoo colocando uma quantidade razo\u00e1vel nas m\u00e3os, em seguida aplique-o no couro cabeludo molhado, massageie com a ponta dos dedos e pela extens\u00e3o dos fios. Enx\u00e1gue e veja a limpeza suave e restauradora que o shampoo pode proporcionar aos fios danificados.<\/p>\n\n\n\n<figure class=\"wp-block-image size-full is-resized\"><img decoding=\"async\" loading=\"lazy\" src=\"https:\/\/www.panvel.com\/blog\/wp-content\/uploads\/2023\/12\/dove-3.png\" alt=\"\" class=\"wp-image-7269\" width=\"370\" height=\"370\" srcset=\"https:\/\/www.panvel.com\/blog\/wp-content\/uploads\/2023\/12\/dove-3.png 659w, https:\/\/www.panvel.com\/blog\/wp-content\/uploads\/2023\/12\/dove-3-300x300.png 300w, https:\/\/www.panvel.com\/blog\/wp-content\/uploads\/2023\/12\/dove-3-150x150.png 150w\" sizes=\"(max-width: 370px) 100vw, 370px\" \/><figcaption class=\"wp-element-caption\"><em>Shampoo Dove Reconstru\u00e7\u00e3o<\/em>.<\/figcaption><\/figure>\n\n\n\n<h3 class=\"wp-block-heading\">Aplique a M\u00e1scara Dove Reconstru\u00e7\u00e3o<\/h3>\n\n\n\n<p>Ap\u00f3s a aplica\u00e7\u00e3o do shampoo, utilize a M\u00e1scara Dove Reconstru\u00e7\u00e3o. Ela \u00e9 respons\u00e1vel pelo cuidado mais intenso dos fios. Aplique uma quantidade generosa em toda a extens\u00e3o dos fios, evitando a raiz. Deixe agir por no m\u00ednimo um minuto e enx\u00e1gue de forma abundante.<\/p>\n\n\n\n<p>Com 12% de queratina Complex na sua f\u00f3rmula, a m\u00e1scara traz ingredientes hidratantes e reparadores, ideais para restaurar a sa\u00fade dos fios.<\/p>\n\n\n\n<p>A m\u00e1scara \u00e9 potente e nesse 1 minuto de a\u00e7\u00e3o entrega 10 benef\u00edcios a voc\u00ea, dentre eles a reconstru\u00e7\u00e3o intensiva dos fios. Al\u00e9m de nutrir profundamente, fortalecer contra os danos, suavizar a textura capilar, ela devolve o brilho natural dos fios, facilita o desembara\u00e7o, reduz as pontas duplas, previne o frizz, tem prote\u00e7\u00e3o t\u00e9rmica e d\u00e1 movimento aos fios.<\/p>\n\n\n\n<figure class=\"wp-block-image size-full is-resized\"><img decoding=\"async\" loading=\"lazy\" src=\"https:\/\/www.panvel.com\/blog\/wp-content\/uploads\/2023\/12\/dove-4.png\" alt=\"\" class=\"wp-image-7270\" width=\"299\" height=\"254\" srcset=\"https:\/\/www.panvel.com\/blog\/wp-content\/uploads\/2023\/12\/dove-4.png 594w, https:\/\/www.panvel.com\/blog\/wp-content\/uploads\/2023\/12\/dove-4-300x255.png 300w\" sizes=\"(max-width: 299px) 100vw, 299px\" \/><figcaption class=\"wp-element-caption\"><em>M\u00e1scara Dove Reconstru\u00e7\u00e3o<\/em>.<\/figcaption><\/figure>\n\n\n\n<h3 class=\"wp-block-heading\">Use o Condicionador Dove Reconstru\u00e7\u00e3o para potencializar<\/h3>\n\n\n\n<p>O terceiro passo para tratar seu cabelo danificado \u00e9 realizado pelo uso do Condicionador Dove Reconstru\u00e7\u00e3o. Respons\u00e1vel por fechar as cut\u00edculas dos fios, o condicionador resgata a maciez e proporciona nutri\u00e7\u00e3o.<\/p>\n\n\n\n<p>O condicionador complementa o efeito restaurador da m\u00e1scara, o que amacia e fortalece os fios danificados. Ap\u00f3s o enx\u00e1gue da m\u00e1scara, aplique o condicionador por toda a extens\u00e3o do cabelo, deixe agir por 1 minuto e enx\u00e1gue novamente.<\/p>\n\n\n\n<figure class=\"wp-block-image size-full is-resized\"><img decoding=\"async\" loading=\"lazy\" src=\"https:\/\/www.panvel.com\/blog\/wp-content\/uploads\/2023\/12\/dove-5.png\" alt=\"\" class=\"wp-image-7271\" width=\"338\" height=\"338\" srcset=\"https:\/\/www.panvel.com\/blog\/wp-content\/uploads\/2023\/12\/dove-5.png 743w, https:\/\/www.panvel.com\/blog\/wp-content\/uploads\/2023\/12\/dove-5-300x300.png 300w, https:\/\/www.panvel.com\/blog\/wp-content\/uploads\/2023\/12\/dove-5-150x150.png 150w\" sizes=\"(max-width: 338px) 100vw, 338px\" \/><figcaption class=\"wp-element-caption\"><em>Condicionador Dove Reconstru\u00e7\u00e3o<\/em>.<\/figcaption><\/figure>\n\n\n\n<h3 class=\"wp-block-heading\">Finalize com o Leave In Dove Reconstru\u00e7\u00e3o<\/h3>\n\n\n\n<p>A etapa final do tratamento capilar \u00e9 realizada pelo Leave In Dove Reconstru\u00e7\u00e3o. O Leave In \u00e9 produzido com&nbsp; 2% de Queratina Complex, respons\u00e1vel por nutrir e reparar os cabelos quebrados e sem vida de maneira imediata.<\/p>\n\n\n\n<p>O Leave In protege, hidrata e controla o frizz dos fios. Al\u00e9m de facilitar o desembara\u00e7o e trazendo maciez aos seus cabelos.<\/p>\n\n\n\n<p>O produto pode ser borrifado diretamente no cabelo seco ou \u00famido, ou aplicado nas m\u00e3os e espalhado do comprimento \u00e0s pontas de maneira uniforme.<\/p>\n\n\n\n<figure class=\"wp-block-image size-full is-resized\"><img decoding=\"async\" loading=\"lazy\" src=\"https:\/\/www.panvel.com\/blog\/wp-content\/uploads\/2023\/12\/dove-6.png\" alt=\"\" class=\"wp-image-7272\" width=\"154\" height=\"370\" srcset=\"https:\/\/www.panvel.com\/blog\/wp-content\/uploads\/2023\/12\/dove-6.png 251w, https:\/\/www.panvel.com\/blog\/wp-content\/uploads\/2023\/12\/dove-6-125x300.png 125w\" sizes=\"(max-width: 154px) 100vw, 154px\" \/><figcaption class=\"wp-element-caption\"><em>Leave In Dove Reconstru\u00e7\u00e3o<\/em>.<\/figcaption><\/figure>\n\n\n\n<h2 class=\"wp-block-heading\">Descubra a Transforma\u00e7\u00e3o para Cabelos Danificados<\/h2>\n\n\n\n<p>Prepare-se! Em breve, chegar\u00e1 uma linha revolucion\u00e1ria da Dove especialmente destinada a cabelos altamente danificados. Esta nova gama promete uma abordagem inovadora para restaurar a vitalidade dos seus fios. Enquanto aguardamos ansiosamente por essa novidade, n\u00e3o deixe de explorar as solu\u00e7\u00f5es atuais da Dove para recuperar a sa\u00fade capilar.<\/p>\n\n\n\n<p>A linha Dove para Danos Leves, com sua tecnologia Hydro-Care, proporciona hidrata\u00e7\u00e3o profunda, enquanto a linha Dove para Danos Moderados, enriquecida com Bio-Protein Care, reconstr\u00f3i e protege os fios. Seguindo os passos recomendados para tratar cabelos danificados com os produtos Dove, voc\u00ea poder\u00e1 revitalizar seus cabelos, restaurando sua maciez, brilho e resist\u00eancia.<\/p>\n\n\n\n<p>N\u00e3o espere mais para recuperar a sa\u00fade dos seus fios danificados. Experimente a transforma\u00e7\u00e3o com os produtos Dove e desfrute de cabelos radiantes e saud\u00e1veis. Aproveite e experimente a nova linha Dove para uma reconstru\u00e7\u00e3o completa. Cuide dos seus cabelos e sinta a diferen\u00e7a!<\/p>\n","protected":false},"excerpt":{"rendered":"<p>Saiba como os produtos da nova linha Dove podem ajudar a tratar seus cabelos: recuperando, reparando e protegendo os fios.<\/p>\n","protected":false},"author":3,"featured_media":7273,"comment_status":"open","ping_status":"open","sticky":false,"template":"","format":"standard","meta":[],"categories":[11],"tags":[1405,1505,151,1107,1139,69,1506,1507],"sponsor":[],"acf":[],"yoast_head":"<!-- This site is optimized with the Yoast SEO plugin v20.7 - https:\/\/yoast.com\/wordpress\/plugins\/seo\/ -->\n<title>Trate e recupere os fios com Dove para cabelos danificados<\/title>\n<meta name=\"description\" content=\"Saiba como os produtos da nova linha Dove podem ajudar seu cabelo recuperando, reparando e protegendo os fios. | Confira no Blog Panvel!\" \/>\n<meta name=\"robots\" content=\"index, follow, max-snippet:-1, max-image-preview:large, max-video-preview:-1\" \/>\n<link rel=\"canonical\" href=\"https:\/\/www.panvel.com\/blog\/dicas-de-beleza\/dove-para-cabelos-danificados\/\" \/>\n<meta property=\"og:locale\" content=\"pt_BR\" \/>\n<meta property=\"og:type\" content=\"article\" \/>\n<meta property=\"og:title\" content=\"Trate e recupere os fios com Dove para cabelos danificados\" \/>\n<meta property=\"og:description\" content=\"Saiba como os produtos da nova linha Dove podem ajudar seu cabelo recuperando, reparando e protegendo os fios. | Confira no Blog Panvel!\" \/>\n<meta property=\"og:url\" content=\"https:\/\/www.panvel.com\/blog\/dicas-de-beleza\/dove-para-cabelos-danificados\/\" \/>\n<meta property=\"og:site_name\" content=\"Blog Bem Panvel\" \/>\n<meta property=\"article:published_time\" content=\"2023-12-19T11:00:00+00:00\" \/>\n<meta property=\"article:modified_time\" content=\"2023-12-19T19:48:00+00:00\" \/>\n<meta property=\"og:image\" content=\"https:\/\/www.panvel.com\/blog\/wp-content\/uploads\/2023\/12\/capa-dove.png\" \/>\n\t<meta property=\"og:image:width\" content=\"940\" \/>\n\t<meta property=\"og:image:height\" content=\"529\" \/>\n\t<meta property=\"og:image:type\" content=\"image\/png\" \/>\n<meta name=\"author\" content=\"Equipe Panvel\" \/>\n<meta name=\"twitter:card\" content=\"summary_large_image\" \/>\n<meta name=\"twitter:label1\" content=\"Escrito por\" \/>\n\t<meta name=\"twitter:data1\" content=\"Equipe Panvel\" \/>\n\t<meta name=\"twitter:label2\" content=\"Est. tempo de leitura\" \/>\n\t<meta name=\"twitter:data2\" content=\"9 minutos\" \/>\n<script type=\"application\/ld+json\" class=\"yoast-schema-graph\">{\"@context\":\"https:\/\/schema.org\",\"@graph\":[{\"@type\":\"Article\",\"@id\":\"https:\/\/www.panvel.com\/blog\/dicas-de-beleza\/dove-para-cabelos-danificados\/#article\",\"isPartOf\":{\"@id\":\"https:\/\/www.panvel.com\/blog\/dicas-de-beleza\/dove-para-cabelos-danificados\/\"},\"author\":{\"name\":\"Equipe Panvel\",\"@id\":\"https:\/\/www.panvel.com\/blog\/#\/schema\/person\/79f5c113f9621ed83897942f6e7501e3\"},\"headline\":\"Trate e recupere os fios com Dove para cabelos danificados\",\"datePublished\":\"2023-12-19T11:00:00+00:00\",\"dateModified\":\"2023-12-19T19:48:00+00:00\",\"mainEntityOfPage\":{\"@id\":\"https:\/\/www.panvel.com\/blog\/dicas-de-beleza\/dove-para-cabelos-danificados\/\"},\"wordCount\":1436,\"commentCount\":0,\"publisher\":{\"@id\":\"https:\/\/www.panvel.com\/blog\/#organization\"},\"keywords\":[\"cabelos\",\"cabelos danificados\",\"Cuidados com os Cabelos\",\"dove\",\"fios danificados\",\"Panvel\",\"recuperar cabelos\",\"tratamento capilar\"],\"articleSection\":[\"Rotina de Beleza\"],\"inLanguage\":\"pt-BR\",\"potentialAction\":[{\"@type\":\"CommentAction\",\"name\":\"Comment\",\"target\":[\"https:\/\/www.panvel.com\/blog\/dicas-de-beleza\/dove-para-cabelos-danificados\/#respond\"]}]},{\"@type\":\"WebPage\",\"@id\":\"https:\/\/www.panvel.com\/blog\/dicas-de-beleza\/dove-para-cabelos-danificados\/\",\"url\":\"https:\/\/www.panvel.com\/blog\/dicas-de-beleza\/dove-para-cabelos-danificados\/\",\"name\":\"Trate e recupere os fios com Dove para cabelos danificados\",\"isPartOf\":{\"@id\":\"https:\/\/www.panvel.com\/blog\/#website\"},\"datePublished\":\"2023-12-19T11:00:00+00:00\",\"dateModified\":\"2023-12-19T19:48:00+00:00\",\"description\":\"Saiba como os produtos da nova linha Dove podem ajudar seu cabelo recuperando, reparando e protegendo os fios. | Confira no Blog Panvel!\",\"breadcrumb\":{\"@id\":\"https:\/\/www.panvel.com\/blog\/dicas-de-beleza\/dove-para-cabelos-danificados\/#breadcrumb\"},\"inLanguage\":\"pt-BR\",\"potentialAction\":[{\"@type\":\"ReadAction\",\"target\":[\"https:\/\/www.panvel.com\/blog\/dicas-de-beleza\/dove-para-cabelos-danificados\/\"]}]},{\"@type\":\"BreadcrumbList\",\"@id\":\"https:\/\/www.panvel.com\/blog\/dicas-de-beleza\/dove-para-cabelos-danificados\/#breadcrumb\",\"itemListElement\":[{\"@type\":\"ListItem\",\"position\":1,\"name\":\"Home\",\"item\":\"https:\/\/www.panvel.com\/blog\/\"},{\"@type\":\"ListItem\",\"position\":2,\"name\":\"Rotina de Beleza\",\"item\":\"https:\/\/www.panvel.com\/blog\/dicas-de-beleza\/\"},{\"@type\":\"ListItem\",\"position\":3,\"name\":\"Trate e recupere os fios com Dove para cabelos danificados\"}]},{\"@type\":\"WebSite\",\"@id\":\"https:\/\/www.panvel.com\/blog\/#website\",\"url\":\"https:\/\/www.panvel.com\/blog\/\",\"name\":\"Blog Bem Panvel\",\"description\":\"Aqui voc\u00ea encontra conte\u00fados e dicas de sa\u00fade, beleza, bem-estar e muito mais.\",\"publisher\":{\"@id\":\"https:\/\/www.panvel.com\/blog\/#organization\"},\"potentialAction\":[{\"@type\":\"SearchAction\",\"target\":{\"@type\":\"EntryPoint\",\"urlTemplate\":\"https:\/\/www.panvel.com\/blog\/?s={search_term_string}\"},\"query-input\":\"required name=search_term_string\"}],\"inLanguage\":\"pt-BR\"},{\"@type\":\"Organization\",\"@id\":\"https:\/\/www.panvel.com\/blog\/#organization\",\"name\":\"Panvel Farm\u00e1cias\",\"url\":\"https:\/\/www.panvel.com\/blog\/\",\"logo\":{\"@type\":\"ImageObject\",\"inLanguage\":\"pt-BR\",\"@id\":\"https:\/\/www.panvel.com\/blog\/#\/schema\/logo\/image\/\",\"url\":\"https:\/\/www.panvel.com\/blog\/wp-content\/uploads\/2020\/10\/logo.png\",\"contentUrl\":\"https:\/\/www.panvel.com\/blog\/wp-content\/uploads\/2020\/10\/logo.png\",\"width\":402,\"height\":53,\"caption\":\"Panvel Farm\u00e1cias\"},\"image\":{\"@id\":\"https:\/\/www.panvel.com\/blog\/#\/schema\/logo\/image\/\"}},{\"@type\":\"Person\",\"@id\":\"https:\/\/www.panvel.com\/blog\/#\/schema\/person\/79f5c113f9621ed83897942f6e7501e3\",\"name\":\"Equipe Panvel\",\"image\":{\"@type\":\"ImageObject\",\"inLanguage\":\"pt-BR\",\"@id\":\"https:\/\/www.panvel.com\/blog\/#\/schema\/person\/image\/\",\"url\":\"https:\/\/www.panvel.com\/blog\/wp-content\/uploads\/2022\/09\/blog-panvel-1.jpg\",\"contentUrl\":\"https:\/\/www.panvel.com\/blog\/wp-content\/uploads\/2022\/09\/blog-panvel-1.jpg\",\"caption\":\"Equipe Panvel\"},\"description\":\"O Blog Bem Panvel conta com uma equipe formada por especialistas e traz para seus leitores conte\u00fados relevantes e de qualidade sobre sa\u00fade, beleza e bem-estar.\",\"url\":\"https:\/\/www.panvel.com\/blog\/author\/dimedmkt\/\"}]}<\/script>\n<!-- \/ Yoast SEO plugin. -->","yoast_head_json":{"title":"Trate e recupere os fios com Dove para cabelos danificados","description":"Saiba como os produtos da nova linha Dove podem ajudar seu cabelo recuperando, reparando e protegendo os fios. | Confira no Blog Panvel!","robots":{"index":"index","follow":"follow","max-snippet":"max-snippet:-1","max-image-preview":"max-image-preview:large","max-video-preview":"max-video-preview:-1"},"canonical":"https:\/\/www.panvel.com\/blog\/dicas-de-beleza\/dove-para-cabelos-danificados\/","og_locale":"pt_BR","og_type":"article","og_title":"Trate e recupere os fios com Dove para cabelos danificados","og_description":"Saiba como os produtos da nova linha Dove podem ajudar seu cabelo recuperando, reparando e protegendo os fios. | Confira no Blog Panvel!","og_url":"https:\/\/www.panvel.com\/blog\/dicas-de-beleza\/dove-para-cabelos-danificados\/","og_site_name":"Blog Bem Panvel","article_published_time":"2023-12-19T11:00:00+00:00","article_modified_time":"2023-12-19T19:48:00+00:00","og_image":[{"width":940,"height":529,"url":"https:\/\/www.panvel.com\/blog\/wp-content\/uploads\/2023\/12\/capa-dove.png","type":"image\/png"}],"author":"Equipe Panvel","twitter_card":"summary_large_image","twitter_misc":{"Escrito por":"Equipe Panvel","Est. tempo de leitura":"9 minutos"},"schema":{"@context":"https:\/\/schema.org","@graph":[{"@type":"Article","@id":"https:\/\/www.panvel.com\/blog\/dicas-de-beleza\/dove-para-cabelos-danificados\/#article","isPartOf":{"@id":"https:\/\/www.panvel.com\/blog\/dicas-de-beleza\/dove-para-cabelos-danificados\/"},"author":{"name":"Equipe Panvel","@id":"https:\/\/www.panvel.com\/blog\/#\/schema\/person\/79f5c113f9621ed83897942f6e7501e3"},"headline":"Trate e recupere os fios com Dove para cabelos danificados","datePublished":"2023-12-19T11:00:00+00:00","dateModified":"2023-12-19T19:48:00+00:00","mainEntityOfPage":{"@id":"https:\/\/www.panvel.com\/blog\/dicas-de-beleza\/dove-para-cabelos-danificados\/"},"wordCount":1436,"commentCount":0,"publisher":{"@id":"https:\/\/www.panvel.com\/blog\/#organization"},"keywords":["cabelos","cabelos danificados","Cuidados com os Cabelos","dove","fios danificados","Panvel","recuperar cabelos","tratamento capilar"],"articleSection":["Rotina de Beleza"],"inLanguage":"pt-BR","potentialAction":[{"@type":"CommentAction","name":"Comment","target":["https:\/\/www.panvel.com\/blog\/dicas-de-beleza\/dove-para-cabelos-danificados\/#respond"]}]},{"@type":"WebPage","@id":"https:\/\/www.panvel.com\/blog\/dicas-de-beleza\/dove-para-cabelos-danificados\/","url":"https:\/\/www.panvel.com\/blog\/dicas-de-beleza\/dove-para-cabelos-danificados\/","name":"Trate e recupere os fios com Dove para cabelos danificados","isPartOf":{"@id":"https:\/\/www.panvel.com\/blog\/#website"},"datePublished":"2023-12-19T11:00:00+00:00","dateModified":"2023-12-19T19:48:00+00:00","description":"Saiba como os produtos da nova linha Dove podem ajudar seu cabelo recuperando, reparando e protegendo os fios. | Confira no Blog Panvel!","breadcrumb":{"@id":"https:\/\/www.panvel.com\/blog\/dicas-de-beleza\/dove-para-cabelos-danificados\/#breadcrumb"},"inLanguage":"pt-BR","potentialAction":[{"@type":"ReadAction","target":["https:\/\/www.panvel.com\/blog\/dicas-de-beleza\/dove-para-cabelos-danificados\/"]}]},{"@type":"BreadcrumbList","@id":"https:\/\/www.panvel.com\/blog\/dicas-de-beleza\/dove-para-cabelos-danificados\/#breadcrumb","itemListElement":[{"@type":"ListItem","position":1,"name":"Home","item":"https:\/\/www.panvel.com\/blog\/"},{"@type":"ListItem","position":2,"name":"Rotina de Beleza","item":"https:\/\/www.panvel.com\/blog\/dicas-de-beleza\/"},{"@type":"ListItem","position":3,"name":"Trate e recupere os fios com Dove para cabelos danificados"}]},{"@type":"WebSite","@id":"https:\/\/www.panvel.com\/blog\/#website","url":"https:\/\/www.panvel.com\/blog\/","name":"Blog Bem Panvel","description":"Aqui voc\u00ea encontra conte\u00fados e dicas de sa\u00fade, beleza, bem-estar e muito mais.","publisher":{"@id":"https:\/\/www.panvel.com\/blog\/#organization"},"potentialAction":[{"@type":"SearchAction","target":{"@type":"EntryPoint","urlTemplate":"https:\/\/www.panvel.com\/blog\/?s={search_term_string}"},"query-input":"required name=search_term_string"}],"inLanguage":"pt-BR"},{"@type":"Organization","@id":"https:\/\/www.panvel.com\/blog\/#organization","name":"Panvel Farm\u00e1cias","url":"https:\/\/www.panvel.com\/blog\/","logo":{"@type":"ImageObject","inLanguage":"pt-BR","@id":"https:\/\/www.panvel.com\/blog\/#\/schema\/logo\/image\/","url":"https:\/\/www.panvel.com\/blog\/wp-content\/uploads\/2020\/10\/logo.png","contentUrl":"https:\/\/www.panvel.com\/blog\/wp-content\/uploads\/2020\/10\/logo.png","width":402,"height":53,"caption":"Panvel Farm\u00e1cias"},"image":{"@id":"https:\/\/www.panvel.com\/blog\/#\/schema\/logo\/image\/"}},{"@type":"Person","@id":"https:\/\/www.panvel.com\/blog\/#\/schema\/person\/79f5c113f9621ed83897942f6e7501e3","name":"Equipe Panvel","image":{"@type":"ImageObject","inLanguage":"pt-BR","@id":"https:\/\/www.panvel.com\/blog\/#\/schema\/person\/image\/","url":"https:\/\/www.panvel.com\/blog\/wp-content\/uploads\/2022\/09\/blog-panvel-1.jpg","contentUrl":"https:\/\/www.panvel.com\/blog\/wp-content\/uploads\/2022\/09\/blog-panvel-1.jpg","caption":"Equipe Panvel"},"description":"O Blog Bem Panvel conta com uma equipe formada por especialistas e traz para seus leitores conte\u00fados relevantes e de qualidade sobre sa\u00fade, beleza e bem-estar.","url":"https:\/\/www.panvel.com\/blog\/author\/dimedmkt\/"}]}},"_links":{"self":[{"href":"https:\/\/www.panvel.com\/blog\/wp-json\/wp\/v2\/posts\/7265"}],"collection":[{"href":"https:\/\/www.panvel.com\/blog\/wp-json\/wp\/v2\/posts"}],"about":[{"href":"https:\/\/www.panvel.com\/blog\/wp-json\/wp\/v2\/types\/post"}],"author":[{"embeddable":true,"href":"https:\/\/www.panvel.com\/blog\/wp-json\/wp\/v2\/users\/3"}],"replies":[{"embeddable":true,"href":"https:\/\/www.panvel.com\/blog\/wp-json\/wp\/v2\/comments?post=7265"}],"version-history":[{"count":1,"href":"https:\/\/www.panvel.com\/blog\/wp-json\/wp\/v2\/posts\/7265\/revisions"}],"predecessor-version":[{"id":7274,"href":"https:\/\/www.panvel.com\/blog\/wp-json\/wp\/v2\/posts\/7265\/revisions\/7274"}],"wp:featuredmedia":[{"embeddable":true,"href":"https:\/\/www.panvel.com\/blog\/wp-json\/wp\/v2\/media\/7273"}],"wp:attachment":[{"href":"https:\/\/www.panvel.com\/blog\/wp-json\/wp\/v2\/media?parent=7265"}],"wp:term":[{"taxonomy":"category","embeddable":true,"href":"https:\/\/www.panvel.com\/blog\/wp-json\/wp\/v2\/categories?post=7265"},{"taxonomy":"post_tag","embeddable":true,"href":"https:\/\/www.panvel.com\/blog\/wp-json\/wp\/v2\/tags?post=7265"},{"taxonomy":"sponsor","embeddable":true,"href":"https:\/\/www.panvel.com\/blog\/wp-json\/wp\/v2\/sponsor?post=7265"}],"curies":[{"name":"wp","href":"https:\/\/api.w.org\/{rel}","templated":true}]}}