{"id":7125,"date":"2023-12-04T10:51:49","date_gmt":"2023-12-04T13:51:49","guid":{"rendered":"https:\/\/www.panvel.com\/blog\/?p=7125"},"modified":"2026-03-04T15:46:33","modified_gmt":"2026-03-04T18:46:33","slug":"novembro-azul-saude-mental","status":"publish","type":"post","link":"https:\/\/www.panvel.com\/blog\/dicas-de-saude\/novembro-azul-saude-mental\/","title":{"rendered":"C\u00e2ncer de pr\u00f3stata tem 90% de chance de cura com diagn\u00f3stico precoce"},"content":{"rendered":"\n<p>Voc\u00ea conhece uma doen\u00e7a cujo sil\u00eancio seja um grande aliado? Assim \u00e9 o <strong>c\u00e2ncer de pr\u00f3stata<\/strong>: quanto menos se fala nele, mais se mant\u00eam os tabus envolvidos no seu diagn\u00f3stico. \u00c9 por isso que o <strong>Novembro Azul<\/strong> chama a aten\u00e7\u00e3o para a necessidade de dialogar sobre o tema, naturalizando a preven\u00e7\u00e3o e os exames para a detec\u00e7\u00e3o precoce, j\u00e1 que a fase em que a identifica\u00e7\u00e3o da doen\u00e7a ocorre faz diferen\u00e7a no resultado do tratamento.<\/p>\n\n\n\n<div class=\"wp-block-buttons is-layout-flex\"><\/div>\n\n\n\n<p>Quando descoberto em est\u00e1gio inicial, o c\u00e2ncer de pr\u00f3stata tem 90% de possibilidade de cura <strong>(1)<\/strong>. Essa chance vai diminuindo \u00e0 medida que ele permanece no organismo sem ser notado. Em 2021, 16.055 pessoas morreram devido a complica\u00e7\u00f5es da doen\u00e7a <strong>(2)<\/strong> - uma m\u00e9dia de 44 \u00f3bitos por dia, de acordo com o Minist\u00e9rio da Sa\u00fade.<\/p>\n\n\n\n<h2 class=\"wp-block-heading\"><strong>Fatores de risco<\/strong><\/h2>\n\n\n\n<p>A cartilha \u201cC\u00e2ncer de pr\u00f3stata: vamos falar sobre isso?\u201d, do Minist\u00e9rio da Sa\u00fade e do Instituto Nacional de C\u00e2ncer Jos\u00e9 Alencar Gomes da Silva (Inca) lista os fatores que aumentam o risco para o desenvolvimento do c\u00e2ncer de pr\u00f3stata:<\/p>\n\n\n\n<ul>\n<li><strong>Idade<\/strong>: o risco aumenta com o avan\u00e7ar da idade. No Brasil, a cada 10 homens diagnosticados com c\u00e2ncer de pr\u00f3stata, nove t\u00eam mais de 55 anos.<\/li>\n\n\n\n<li><strong>Hist\u00f3rico de c\u00e2ncer na fam\u00edlia<\/strong>: homens cujo pai ou irm\u00e3o tiveram c\u00e2ncer de pr\u00f3stata antes dos 60 anos.<\/li>\n\n\n\n<li><strong>Sobrepeso e obesidade<\/strong>: estudos recentes mostram maior risco de c\u00e2ncer de pr\u00f3stata em homens com peso corporal elevado.<\/li>\n<\/ul>\n\n\n\n<h2 class=\"wp-block-heading\"><strong>Desafios para o diagn\u00f3stico precoce<\/strong><strong><\/strong><\/h2>\n\n\n\n<p>Apesar da import\u00e2ncia do <strong>diagn\u00f3stico precoce do c\u00e2ncer de pr\u00f3stata<\/strong>, a detec\u00e7\u00e3o inicial ainda encontra barreiras no preconceito (3) envolvido especialmente nos exames preventivos, como o do toque retal. O exame \u00e9 o mais indicado para identificar altera\u00e7\u00f5es que podem sinalizar o <strong>c\u00e2ncer de pr\u00f3stata<\/strong>. \u00c9 um procedimento r\u00e1pido (dura em m\u00e9dia 10 segundos), \u00e9 indolor e n\u00e3o tem nenhum risco \u00e0 sa\u00fade (4).<br><br>A recomenda\u00e7\u00e3o da Sociedade Brasileira de Urologia (5) \u00e9 de que todos os homens&nbsp; a partir dos 50 anos procurem um profissional especializado, para avalia\u00e7\u00e3o individualizada. Homens de ra\u00e7a negra ou com familiares de primeiro grau com <strong>c\u00e2ncer de pr\u00f3stata<\/strong> devem come\u00e7ar seus exames mais precocemente, a partir dos 45 anos (5).<\/p>\n\n\n\n<p><br>Muitas vezes, por\u00e9m, os homens nesta faixa et\u00e1ria n\u00e3o aparecem nos consult\u00f3rios m\u00e9dicos. O urologista Mauro Costa explica que um dos motivos dessa aus\u00eancia \u00e9 a demora do homem em procurar ajuda quando tem um problema. \u201cSempre temos a tend\u00eancia a achar que est\u00e1 tudo bem e que a doen\u00e7a n\u00e3o vai bater na nossa porta. Ao contr\u00e1rio das mulheres, que se cuidam e realizam exames de rotina, o homem deixa para ir ao m\u00e9dico quando o problema j\u00e1 est\u00e1 bem adiantado\u201d, comenta o especialista.<\/p>\n\n\n\n<p>Para mudar essa realidade, o urologista recomenda apoiar campanhas de conscientiza\u00e7\u00e3o, como o <strong>Novembro Azul<\/strong>. T\u00e3o importante quanto a iniciativa anual \u00e9 levar o assunto para dentro de casa no dia a dia, incentivando os homens da fam\u00edlia a fazer consultas m\u00e9dicas e exames de rotina para cuidar da sua sa\u00fade.<\/p>\n\n\n\n<h2 class=\"wp-block-heading\"><strong>Gera\u00e7\u00e3o mais atenta \u00e0 sa\u00fade<\/strong><\/h2>\n\n\n\n<p>De acordo com o m\u00e9dico urologista Thiago Cusin, o receio em rela\u00e7\u00e3o \u00e0 realiza\u00e7\u00e3o do <strong>exame de pr\u00f3stata<\/strong> ocorre sobretudo em pacientes com mais de 60 anos. A not\u00edcia boa \u00e9 que o quadro tem melhorado gradualmente a cada ano. \u201cA gera\u00e7\u00e3o dos 30 aos 45 anos est\u00e1 muito mais preocupada com a sua sa\u00fade. Por isso acredito muito que essa situa\u00e7\u00e3o de ter um tabu est\u00e1 mudando. O homem deve ter um cuidado n\u00e3o s\u00f3 com o c\u00e2ncer de pr\u00f3stata, mas com a sa\u00fade em geral\u201d, afirma.<\/p>\n\n\n\n<p><br>\u00c9 importante lembrar que o exame de toque n\u00e3o \u00e9 o \u00fanico usado para identificar o <strong>c\u00e2ncer de pr\u00f3stata<\/strong>. O <strong>exame PSA<\/strong>, realizado por meio da coleta de sangue, tamb\u00e9m \u00e9 indicado para o rastreamento da doen\u00e7a <strong>(6)<\/strong>. Ele mede a quantidade de uma prote\u00edna produzida pela pr\u00f3stata \u2013 Ant\u00edgeno Prost\u00e1tico Espec\u00edfico (PSA). N\u00edveis altos da subst\u00e2ncia podem significar c\u00e2ncer, mas tamb\u00e9m doen\u00e7as benignas da pr\u00f3stata (6). Ainda assim, o exame de toque continua indicado, pois pode sugerir a possibilidade de <strong>c\u00e2ncer de pr\u00f3stata<\/strong> em homens com n\u00edveis normais de PSA (7).<\/p>\n\n\n\n<p><br>Se voc\u00ea j\u00e1 tem a idade indicada para realizar o exame de pr\u00f3stata, aproveite o Novembro Azul para marcar uma consulta m\u00e9dica e dar um grande passo em prol de sua sa\u00fade e qualidade de vida. Mesmo se n\u00e3o tiver a idade indicada, procure conversar sobre o assunto com seu pai, tios e amigos, incentivando-os a se informar e manter os cuidados de sa\u00fade em dia.<\/p>\n\n\n\n<p>Acesse o Guia da Sa\u00fade Mental para descobrir como cuidar do seu bem-estar e dar mais um passo rumo \u00e0 sa\u00fade mental.<\/p>\n\n\n\n<div class=\"wp-block-group is-layout-constrained\"><div class=\"wp-block-group__inner-container\">\n<div class=\"wp-block-group is-layout-constrained\"><div class=\"wp-block-group__inner-container\">\n<p><strong>REFER\u00caNCIAS<\/strong><br>1. Minist\u00e9rio da Sa\u00fade. Diagn\u00f3stico precoce do c\u00e2ncer de pr\u00f3stata possibilita 90% de chance de cura, afirma especialista da Rede Ebserh\/MEC. Dispon\u00edvel em <a href=\"https:\/\/www.gov.br\/ebserh\/pt-br\/comunicacao\/noticias\/diagnostico-precoce-do-cancer-de-prostata-possibilita-90-de-chance-de-cura-afirma-especialista-da-rede-ebserh-mec#:~:text=Aragua%C3%ADna%20(TO)%20%E2%80%93%20O%20c%C3%A2ncer,caso%20seja%20detectado%20no%20in%C3%ADcio.\">Diagn\u00f3stico precoce do c\u00e2ncer de pr\u00f3stata possibilita 90% de chance de cura, afirma especialista da Rede Ebserh\/MEC \u2014 Empresa Brasileira de Servi\u00e7os Hospitalares (<\/a><a href=\"http:\/\/www.gov.br\">www.gov.br<\/a><a href=\"https:\/\/www.gov.br\/ebserh\/pt-br\/comunicacao\/noticias\/diagnostico-precoce-do-cancer-de-prostata-possibilita-90-de-chance-de-cura-afirma-especialista-da-rede-ebserh-mec#:~:text=Aragua%C3%ADna%20(TO)%20%E2%80%93%20O%20c%C3%A2ncer,caso%20seja%20detectado%20no%20in%C3%ADcio.\">)<\/a>. Acesso em 08\/11\/2023.<\/p>\n\n\n\n<p>2. CAMPOS, Ana Cristina. Brasil registrou 44 mortes por c\u00e2ncer de pr\u00f3stata por dia em 2021. Dispon\u00edvel em <a href=\"https:\/\/agenciabrasil.ebc.com.br\/saude\/noticia\/2022-10\/brasil-registrou-44-mortes-por-cancer-de-prostata-por-dia-em-2021\">Brasil registrou 44 mortes por c\u00e2ncer de pr\u00f3stata por dia em 2021 | Ag\u00eancia Brasil (ebc.com.br)<\/a>. Acesso em 09\/11\/2023.<br>3. Conselho Regional dos Representantes Comeriais do Estado de S\u00e3o Paulo-Core. Novembro Azul: m\u00eas do combate ao c\u00e2ncer de pr\u00f3stata. Dispon\u00edvel em: <a href=\"https:\/\/www.core-sp.org.br\/blog\/novembro-azul-mes-do-combate-ao-cancer-de-prostata\">Core-SP \u2014 Novembro Azul: m\u00eas do combate ao c\u00e2ncer de pr\u00f3stata<\/a>. Acesso em 12\/11\/2023.<\/p>\n\n\n\n<p>4. Machado, Rafael. Toque retal (exame de toque). Dispon\u00edvel em: <a href=\"https:\/\/drauziovarella.uol.com.br\/ambulatorio\/exames\/toque-retal-exame-de-toque\/#:~:text=O%20m%C3%A9dico%20insere%20um%20dedo,permitir%20uma%20an%C3%A1lise%20mais%20eficiente.\">Toque retal (exame de toque) | Drauzio Varella - Drauzio Varella (uol.com.br)<\/a>. Acesso em 12\/11\/2022.<\/p>\n\n\n\n<p>5. Portal da Urologia. Aconselhamento para o Diagn\u00f3stico Precoce do C\u00e2ncer de Pr\u00f3stata. Dispon\u00edvel em: <a href=\"https:\/\/portaldaurologia.org.br\/medicos\/noticias\/aconselhamento-para-o-diagnostico-precoce-do-cancer-de-prostata\/\">Aconselhamento para o Diagn\u00f3stico Precoce do C\u00e2ncer de Pr\u00f3stata - Portal da Urologia<\/a>. Acesso em 12\/11\/2023.<\/p>\n\n\n\n<p>6. Minist\u00e9rio da Sa\u00fade, Instituto Nacional de C\u00e2ncer Jos\u00e9 Alencar Gomes da Silva (Inca). \u201cC\u00e2ncer de pr\u00f3stata: vamos falar sobre isso?\u201d. Dispon\u00edvel em: <a href=\"https:\/\/www.inca.gov.br\/sites\/ufu.sti.inca.local\/files\/media\/document\/cartilha_cancer_prostata_nov2019_3areimp_2022_visualizacao.pdf\">cartilha_cancer_prostata_nov2019_3areimp_2022_visualizacao.pdf (inca.gov.br)<\/a>. Acesso em 12\/11\/2022.<\/p>\n\n\n\n<p>7. Oncoguia. Exames para rastreamento de c\u00e2ncer de pr\u00f3stata. Dispon\u00edvel em: <a href=\"http:\/\/www.oncoguia.org.br\/conteudo\/exames-de-rastreamento-para-cancer-de-prostata\/5856\/289\/#:~:text=O%20exame%20de%20toque%20retal%20%C3%A9%20menos%20eficaz%20que%20o,rastreamento%20do%20c%C3%A2ncer%20de%20pr%C3%B3stata.\">Exames de Rastreamento para C\u00e2ncer de Pr\u00f3stata - Instituto Oncoguia<\/a>. Acesso em 12\/11\/2023.<\/p>\n<\/div><\/div>\n\n\n\n<p><strong><strong>PP-UNP-BRA-3962 \u2013 Novembro de 2023<\/strong><\/strong><\/p>\n<\/div><\/div>\n","protected":false},"excerpt":{"rendered":"<p>Tabus relacionados ao exame s\u00e3o uma barreira para detectar a doen\u00e7a em seu est\u00e1gio inicial | Confira no Blog Panvel!<\/p>\n","protected":false},"author":3,"featured_media":7137,"comment_status":"open","ping_status":"open","sticky":false,"template":"","format":"standard","meta":[],"categories":[5],"tags":[31,33,827,179,34,20,418,30],"sponsor":[],"acf":[],"yoast_head":"<!-- This site is optimized with the Yoast SEO plugin v20.7 - https:\/\/yoast.com\/wordpress\/plugins\/seo\/ -->\n<title>C\u00e2ncer de pr\u00f3stata: diagn\u00f3stico precoce aumenta chance de cura<\/title>\n<meta name=\"description\" content=\"Tabus relacionados ao exame s\u00e3o uma barreira para detectar a doen\u00e7a em seu est\u00e1gio inicial | Confira no Blog Panvel!\" \/>\n<meta name=\"robots\" content=\"index, follow, max-snippet:-1, max-image-preview:large, max-video-preview:-1\" \/>\n<link rel=\"canonical\" href=\"https:\/\/www.panvel.com\/blog\/dicas-de-saude\/novembro-azul-saude-mental\/\" \/>\n<meta property=\"og:locale\" content=\"pt_BR\" \/>\n<meta property=\"og:type\" content=\"article\" \/>\n<meta property=\"og:title\" content=\"C\u00e2ncer de pr\u00f3stata: diagn\u00f3stico precoce aumenta chance de cura\" \/>\n<meta property=\"og:description\" content=\"Tabus relacionados ao exame s\u00e3o uma barreira para detectar a doen\u00e7a em seu est\u00e1gio inicial | Confira no Blog Panvel!\" \/>\n<meta property=\"og:url\" content=\"https:\/\/www.panvel.com\/blog\/dicas-de-saude\/novembro-azul-saude-mental\/\" \/>\n<meta property=\"og:site_name\" content=\"Blog Bem Panvel\" \/>\n<meta property=\"article:published_time\" content=\"2023-12-04T13:51:49+00:00\" \/>\n<meta property=\"article:modified_time\" content=\"2026-03-04T18:46:33+00:00\" \/>\n<meta property=\"og:image\" content=\"https:\/\/www.panvel.com\/blog\/wp-content\/uploads\/2023\/11\/Pfizer-Blog-1.jpg\" \/>\n\t<meta property=\"og:image:width\" content=\"730\" \/>\n\t<meta property=\"og:image:height\" content=\"480\" \/>\n\t<meta property=\"og:image:type\" content=\"image\/jpeg\" \/>\n<meta name=\"author\" content=\"Equipe Panvel\" \/>\n<meta name=\"twitter:card\" content=\"summary_large_image\" \/>\n<meta name=\"twitter:label1\" content=\"Escrito por\" \/>\n\t<meta name=\"twitter:data1\" content=\"Equipe Panvel\" \/>\n\t<meta name=\"twitter:label2\" content=\"Est. tempo de leitura\" \/>\n\t<meta name=\"twitter:data2\" content=\"6 minutos\" \/>\n<script type=\"application\/ld+json\" class=\"yoast-schema-graph\">{\"@context\":\"https:\/\/schema.org\",\"@graph\":[{\"@type\":\"Article\",\"@id\":\"https:\/\/www.panvel.com\/blog\/dicas-de-saude\/novembro-azul-saude-mental\/#article\",\"isPartOf\":{\"@id\":\"https:\/\/www.panvel.com\/blog\/dicas-de-saude\/novembro-azul-saude-mental\/\"},\"author\":{\"name\":\"Equipe Panvel\",\"@id\":\"https:\/\/www.panvel.com\/blog\/#\/schema\/person\/79f5c113f9621ed83897942f6e7501e3\"},\"headline\":\"C\u00e2ncer de pr\u00f3stata tem 90% de chance de cura com diagn\u00f3stico precoce\",\"datePublished\":\"2023-12-04T13:51:49+00:00\",\"dateModified\":\"2026-03-04T18:46:33+00:00\",\"mainEntityOfPage\":{\"@id\":\"https:\/\/www.panvel.com\/blog\/dicas-de-saude\/novembro-azul-saude-mental\/\"},\"wordCount\":1125,\"commentCount\":0,\"publisher\":{\"@id\":\"https:\/\/www.panvel.com\/blog\/#organization\"},\"keywords\":[\"Bem Estar\",\"C\u00e2ncer de Pr\u00f3stata\",\"conscientiza\u00e7\u00e3o\",\"Cuidados com a sa\u00fade\",\"Novembro Azul\",\"Preven\u00e7\u00e3o\",\"saude\",\"Sa\u00fade Mental\"],\"articleSection\":[\"Rotina de Sa\u00fade\"],\"inLanguage\":\"pt-BR\",\"potentialAction\":[{\"@type\":\"CommentAction\",\"name\":\"Comment\",\"target\":[\"https:\/\/www.panvel.com\/blog\/dicas-de-saude\/novembro-azul-saude-mental\/#respond\"]}]},{\"@type\":\"WebPage\",\"@id\":\"https:\/\/www.panvel.com\/blog\/dicas-de-saude\/novembro-azul-saude-mental\/\",\"url\":\"https:\/\/www.panvel.com\/blog\/dicas-de-saude\/novembro-azul-saude-mental\/\",\"name\":\"C\u00e2ncer de pr\u00f3stata: diagn\u00f3stico precoce aumenta chance de cura\",\"isPartOf\":{\"@id\":\"https:\/\/www.panvel.com\/blog\/#website\"},\"datePublished\":\"2023-12-04T13:51:49+00:00\",\"dateModified\":\"2026-03-04T18:46:33+00:00\",\"description\":\"Tabus relacionados ao exame s\u00e3o uma barreira para detectar a doen\u00e7a em seu est\u00e1gio inicial | Confira no Blog Panvel!\",\"breadcrumb\":{\"@id\":\"https:\/\/www.panvel.com\/blog\/dicas-de-saude\/novembro-azul-saude-mental\/#breadcrumb\"},\"inLanguage\":\"pt-BR\",\"potentialAction\":[{\"@type\":\"ReadAction\",\"target\":[\"https:\/\/www.panvel.com\/blog\/dicas-de-saude\/novembro-azul-saude-mental\/\"]}]},{\"@type\":\"BreadcrumbList\",\"@id\":\"https:\/\/www.panvel.com\/blog\/dicas-de-saude\/novembro-azul-saude-mental\/#breadcrumb\",\"itemListElement\":[{\"@type\":\"ListItem\",\"position\":1,\"name\":\"Home\",\"item\":\"https:\/\/www.panvel.com\/blog\/\"},{\"@type\":\"ListItem\",\"position\":2,\"name\":\"Rotina de Sa\u00fade\",\"item\":\"https:\/\/www.panvel.com\/blog\/dicas-de-saude\/\"},{\"@type\":\"ListItem\",\"position\":3,\"name\":\"C\u00e2ncer de pr\u00f3stata tem 90% de chance de cura com diagn\u00f3stico precoce\"}]},{\"@type\":\"WebSite\",\"@id\":\"https:\/\/www.panvel.com\/blog\/#website\",\"url\":\"https:\/\/www.panvel.com\/blog\/\",\"name\":\"Blog Bem Panvel\",\"description\":\"Aqui voc\u00ea encontra conte\u00fados e dicas de sa\u00fade, beleza, bem-estar e muito mais.\",\"publisher\":{\"@id\":\"https:\/\/www.panvel.com\/blog\/#organization\"},\"potentialAction\":[{\"@type\":\"SearchAction\",\"target\":{\"@type\":\"EntryPoint\",\"urlTemplate\":\"https:\/\/www.panvel.com\/blog\/?s={search_term_string}\"},\"query-input\":\"required name=search_term_string\"}],\"inLanguage\":\"pt-BR\"},{\"@type\":\"Organization\",\"@id\":\"https:\/\/www.panvel.com\/blog\/#organization\",\"name\":\"Panvel Farm\u00e1cias\",\"url\":\"https:\/\/www.panvel.com\/blog\/\",\"logo\":{\"@type\":\"ImageObject\",\"inLanguage\":\"pt-BR\",\"@id\":\"https:\/\/www.panvel.com\/blog\/#\/schema\/logo\/image\/\",\"url\":\"https:\/\/www.panvel.com\/blog\/wp-content\/uploads\/2020\/10\/logo.png\",\"contentUrl\":\"https:\/\/www.panvel.com\/blog\/wp-content\/uploads\/2020\/10\/logo.png\",\"width\":402,\"height\":53,\"caption\":\"Panvel Farm\u00e1cias\"},\"image\":{\"@id\":\"https:\/\/www.panvel.com\/blog\/#\/schema\/logo\/image\/\"}},{\"@type\":\"Person\",\"@id\":\"https:\/\/www.panvel.com\/blog\/#\/schema\/person\/79f5c113f9621ed83897942f6e7501e3\",\"name\":\"Equipe Panvel\",\"image\":{\"@type\":\"ImageObject\",\"inLanguage\":\"pt-BR\",\"@id\":\"https:\/\/www.panvel.com\/blog\/#\/schema\/person\/image\/\",\"url\":\"https:\/\/www.panvel.com\/blog\/wp-content\/uploads\/2022\/09\/blog-panvel-1.jpg\",\"contentUrl\":\"https:\/\/www.panvel.com\/blog\/wp-content\/uploads\/2022\/09\/blog-panvel-1.jpg\",\"caption\":\"Equipe Panvel\"},\"description\":\"O Blog Bem Panvel conta com uma equipe formada por especialistas e traz para seus leitores conte\u00fados relevantes e de qualidade sobre sa\u00fade, beleza e bem-estar.\",\"url\":\"https:\/\/www.panvel.com\/blog\/author\/dimedmkt\/\"}]}<\/script>\n<!-- \/ Yoast SEO plugin. -->","yoast_head_json":{"title":"C\u00e2ncer de pr\u00f3stata: diagn\u00f3stico precoce aumenta chance de cura","description":"Tabus relacionados ao exame s\u00e3o uma barreira para detectar a doen\u00e7a em seu est\u00e1gio inicial | Confira no Blog Panvel!","robots":{"index":"index","follow":"follow","max-snippet":"max-snippet:-1","max-image-preview":"max-image-preview:large","max-video-preview":"max-video-preview:-1"},"canonical":"https:\/\/www.panvel.com\/blog\/dicas-de-saude\/novembro-azul-saude-mental\/","og_locale":"pt_BR","og_type":"article","og_title":"C\u00e2ncer de pr\u00f3stata: diagn\u00f3stico precoce aumenta chance de cura","og_description":"Tabus relacionados ao exame s\u00e3o uma barreira para detectar a doen\u00e7a em seu est\u00e1gio inicial | Confira no Blog Panvel!","og_url":"https:\/\/www.panvel.com\/blog\/dicas-de-saude\/novembro-azul-saude-mental\/","og_site_name":"Blog Bem Panvel","article_published_time":"2023-12-04T13:51:49+00:00","article_modified_time":"2026-03-04T18:46:33+00:00","og_image":[{"width":730,"height":480,"url":"https:\/\/www.panvel.com\/blog\/wp-content\/uploads\/2023\/11\/Pfizer-Blog-1.jpg","type":"image\/jpeg"}],"author":"Equipe Panvel","twitter_card":"summary_large_image","twitter_misc":{"Escrito por":"Equipe Panvel","Est. tempo de leitura":"6 minutos"},"schema":{"@context":"https:\/\/schema.org","@graph":[{"@type":"Article","@id":"https:\/\/www.panvel.com\/blog\/dicas-de-saude\/novembro-azul-saude-mental\/#article","isPartOf":{"@id":"https:\/\/www.panvel.com\/blog\/dicas-de-saude\/novembro-azul-saude-mental\/"},"author":{"name":"Equipe Panvel","@id":"https:\/\/www.panvel.com\/blog\/#\/schema\/person\/79f5c113f9621ed83897942f6e7501e3"},"headline":"C\u00e2ncer de pr\u00f3stata tem 90% de chance de cura com diagn\u00f3stico precoce","datePublished":"2023-12-04T13:51:49+00:00","dateModified":"2026-03-04T18:46:33+00:00","mainEntityOfPage":{"@id":"https:\/\/www.panvel.com\/blog\/dicas-de-saude\/novembro-azul-saude-mental\/"},"wordCount":1125,"commentCount":0,"publisher":{"@id":"https:\/\/www.panvel.com\/blog\/#organization"},"keywords":["Bem Estar","C\u00e2ncer de Pr\u00f3stata","conscientiza\u00e7\u00e3o","Cuidados com a sa\u00fade","Novembro Azul","Preven\u00e7\u00e3o","saude","Sa\u00fade Mental"],"articleSection":["Rotina de Sa\u00fade"],"inLanguage":"pt-BR","potentialAction":[{"@type":"CommentAction","name":"Comment","target":["https:\/\/www.panvel.com\/blog\/dicas-de-saude\/novembro-azul-saude-mental\/#respond"]}]},{"@type":"WebPage","@id":"https:\/\/www.panvel.com\/blog\/dicas-de-saude\/novembro-azul-saude-mental\/","url":"https:\/\/www.panvel.com\/blog\/dicas-de-saude\/novembro-azul-saude-mental\/","name":"C\u00e2ncer de pr\u00f3stata: diagn\u00f3stico precoce aumenta chance de cura","isPartOf":{"@id":"https:\/\/www.panvel.com\/blog\/#website"},"datePublished":"2023-12-04T13:51:49+00:00","dateModified":"2026-03-04T18:46:33+00:00","description":"Tabus relacionados ao exame s\u00e3o uma barreira para detectar a doen\u00e7a em seu est\u00e1gio inicial | Confira no Blog Panvel!","breadcrumb":{"@id":"https:\/\/www.panvel.com\/blog\/dicas-de-saude\/novembro-azul-saude-mental\/#breadcrumb"},"inLanguage":"pt-BR","potentialAction":[{"@type":"ReadAction","target":["https:\/\/www.panvel.com\/blog\/dicas-de-saude\/novembro-azul-saude-mental\/"]}]},{"@type":"BreadcrumbList","@id":"https:\/\/www.panvel.com\/blog\/dicas-de-saude\/novembro-azul-saude-mental\/#breadcrumb","itemListElement":[{"@type":"ListItem","position":1,"name":"Home","item":"https:\/\/www.panvel.com\/blog\/"},{"@type":"ListItem","position":2,"name":"Rotina de Sa\u00fade","item":"https:\/\/www.panvel.com\/blog\/dicas-de-saude\/"},{"@type":"ListItem","position":3,"name":"C\u00e2ncer de pr\u00f3stata tem 90% de chance de cura com diagn\u00f3stico precoce"}]},{"@type":"WebSite","@id":"https:\/\/www.panvel.com\/blog\/#website","url":"https:\/\/www.panvel.com\/blog\/","name":"Blog Bem Panvel","description":"Aqui voc\u00ea encontra conte\u00fados e dicas de sa\u00fade, beleza, bem-estar e muito mais.","publisher":{"@id":"https:\/\/www.panvel.com\/blog\/#organization"},"potentialAction":[{"@type":"SearchAction","target":{"@type":"EntryPoint","urlTemplate":"https:\/\/www.panvel.com\/blog\/?s={search_term_string}"},"query-input":"required name=search_term_string"}],"inLanguage":"pt-BR"},{"@type":"Organization","@id":"https:\/\/www.panvel.com\/blog\/#organization","name":"Panvel Farm\u00e1cias","url":"https:\/\/www.panvel.com\/blog\/","logo":{"@type":"ImageObject","inLanguage":"pt-BR","@id":"https:\/\/www.panvel.com\/blog\/#\/schema\/logo\/image\/","url":"https:\/\/www.panvel.com\/blog\/wp-content\/uploads\/2020\/10\/logo.png","contentUrl":"https:\/\/www.panvel.com\/blog\/wp-content\/uploads\/2020\/10\/logo.png","width":402,"height":53,"caption":"Panvel Farm\u00e1cias"},"image":{"@id":"https:\/\/www.panvel.com\/blog\/#\/schema\/logo\/image\/"}},{"@type":"Person","@id":"https:\/\/www.panvel.com\/blog\/#\/schema\/person\/79f5c113f9621ed83897942f6e7501e3","name":"Equipe Panvel","image":{"@type":"ImageObject","inLanguage":"pt-BR","@id":"https:\/\/www.panvel.com\/blog\/#\/schema\/person\/image\/","url":"https:\/\/www.panvel.com\/blog\/wp-content\/uploads\/2022\/09\/blog-panvel-1.jpg","contentUrl":"https:\/\/www.panvel.com\/blog\/wp-content\/uploads\/2022\/09\/blog-panvel-1.jpg","caption":"Equipe Panvel"},"description":"O Blog Bem Panvel conta com uma equipe formada por especialistas e traz para seus leitores conte\u00fados relevantes e de qualidade sobre sa\u00fade, beleza e bem-estar.","url":"https:\/\/www.panvel.com\/blog\/author\/dimedmkt\/"}]}},"_links":{"self":[{"href":"https:\/\/www.panvel.com\/blog\/wp-json\/wp\/v2\/posts\/7125"}],"collection":[{"href":"https:\/\/www.panvel.com\/blog\/wp-json\/wp\/v2\/posts"}],"about":[{"href":"https:\/\/www.panvel.com\/blog\/wp-json\/wp\/v2\/types\/post"}],"author":[{"embeddable":true,"href":"https:\/\/www.panvel.com\/blog\/wp-json\/wp\/v2\/users\/3"}],"replies":[{"embeddable":true,"href":"https:\/\/www.panvel.com\/blog\/wp-json\/wp\/v2\/comments?post=7125"}],"version-history":[{"count":5,"href":"https:\/\/www.panvel.com\/blog\/wp-json\/wp\/v2\/posts\/7125\/revisions"}],"predecessor-version":[{"id":10767,"href":"https:\/\/www.panvel.com\/blog\/wp-json\/wp\/v2\/posts\/7125\/revisions\/10767"}],"wp:featuredmedia":[{"embeddable":true,"href":"https:\/\/www.panvel.com\/blog\/wp-json\/wp\/v2\/media\/7137"}],"wp:attachment":[{"href":"https:\/\/www.panvel.com\/blog\/wp-json\/wp\/v2\/media?parent=7125"}],"wp:term":[{"taxonomy":"category","embeddable":true,"href":"https:\/\/www.panvel.com\/blog\/wp-json\/wp\/v2\/categories?post=7125"},{"taxonomy":"post_tag","embeddable":true,"href":"https:\/\/www.panvel.com\/blog\/wp-json\/wp\/v2\/tags?post=7125"},{"taxonomy":"sponsor","embeddable":true,"href":"https:\/\/www.panvel.com\/blog\/wp-json\/wp\/v2\/sponsor?post=7125"}],"curies":[{"name":"wp","href":"https:\/\/api.w.org\/{rel}","templated":true}]}}