{"id":6942,"date":"2023-10-26T16:43:47","date_gmt":"2023-10-26T19:43:47","guid":{"rendered":"https:\/\/www.panvel.com\/blog\/?p=6942"},"modified":"2023-10-26T16:43:49","modified_gmt":"2023-10-26T19:43:49","slug":"saude-das-unhas-doencas-relacionadas-e-como-evita-las","status":"publish","type":"post","link":"https:\/\/www.panvel.com\/blog\/dicas-de-saude\/saude-das-unhas-doencas-relacionadas-e-como-evita-las\/","title":{"rendered":"Sa\u00fade das unhas: doen\u00e7as relacionadas e como evit\u00e1-las"},"content":{"rendered":"\n<p>A sa\u00fade das unhas \u00e9 um cuidado importante que muitas vezes \u00e9 deixado de lado, podendo prejudicar at\u00e9 mesmo o seu bem-estar. Isso porque as unhas tamb\u00e9m est\u00e3o propensas a desenvolver diferentes tipos de doen\u00e7as.<\/p>\n\n\n\n<p>Por isso, investir no cuidado adequado \u00e9 fundamental para voc\u00ea garantir sua qualidade de vida. Nesse sentido, vamos falar um pouco sobre as principais doen\u00e7as, al\u00e9m da manten\u00e7a certa das unhas.<\/p>\n\n\n\n<p>Acompanhe o conte\u00fado at\u00e9 o final para aprimorar seus conhecimentos. Confira e aproveite a leitura!<\/p>\n\n\n\n<figure class=\"wp-block-image size-large\"><img decoding=\"async\" loading=\"lazy\" width=\"1024\" height=\"683\" src=\"https:\/\/www.panvel.com\/blog\/wp-content\/uploads\/2023\/10\/iStock-522646581-1024x683.jpg\" alt=\"\" class=\"wp-image-6943\" srcset=\"https:\/\/www.panvel.com\/blog\/wp-content\/uploads\/2023\/10\/iStock-522646581-1024x683.jpg 1024w, https:\/\/www.panvel.com\/blog\/wp-content\/uploads\/2023\/10\/iStock-522646581-300x200.jpg 300w, https:\/\/www.panvel.com\/blog\/wp-content\/uploads\/2023\/10\/iStock-522646581-768x512.jpg 768w, https:\/\/www.panvel.com\/blog\/wp-content\/uploads\/2023\/10\/iStock-522646581-1536x1024.jpg 1536w, https:\/\/www.panvel.com\/blog\/wp-content\/uploads\/2023\/10\/iStock-522646581-2048x1365.jpg 2048w, https:\/\/www.panvel.com\/blog\/wp-content\/uploads\/2023\/10\/iStock-522646581.jpg 2121w\" sizes=\"(max-width: 1024px) 100vw, 1024px\" \/><\/figure>\n\n\n\n<p><strong>Voc\u00ea tamb\u00e9m pode ler: <\/strong><a href=\"https:\/\/www.panvel.com\/blog\/dicas-de-beleza\/5-dicas-para-fortalecer-unhas-fracas-e-quebradicas\/\"><strong>5 dicas para fortalecer unhas fracas e quebradi\u00e7as<\/strong><\/a><\/p>\n\n\n\n<h2 class=\"wp-block-heading\"><a><\/a>Quais s\u00e3o as principais doen\u00e7as e condi\u00e7\u00f5es nas unhas?<\/h2>\n\n\n\n<p>A princ\u00edpio, as unhas s\u00e3o consideradas uma janela para a nossa sa\u00fade de maneira geral, pois h\u00e1 uma variedade de condi\u00e7\u00f5es que podem afet\u00e1-las. Por isso, elas merecem toda aten\u00e7\u00e3o necess\u00e1ria, e conhecer as principais doen\u00e7as faz toda diferen\u00e7a durante os cuidados.<\/p>\n\n\n\n<h3 class=\"wp-block-heading\"><a><\/a>Onicomicose<\/h3>\n\n\n\n<p>Conhecida como uma infec\u00e7\u00e3o f\u00fangica das unhas, essa condi\u00e7\u00e3o \u00e9 caracterizada por sua descolora\u00e7\u00e3o, al\u00e9m de enfraquecimento e desintegra\u00e7\u00e3o das unhas. \u00c9 bastante comum que essa doen\u00e7a deixe as estruturas fr\u00e1geis, interferindo na sua sa\u00fade.<\/p>\n\n\n\n<p>O tratamento \u00e9 bem simples, em que a onicomicose poder\u00e1 ser tratada com antif\u00fangicos t\u00f3picos ou orais, dependendo da gravidade do caso. Lembre-se sempre de consultar seu m\u00e9dico.<\/p>\n\n\n\n<h3 class=\"wp-block-heading\"><a><\/a>Unhas encravadas<\/h3>\n\n\n\n<p>Essa \u00e9 outra condi\u00e7\u00e3o comum que interfere na sa\u00fade das unhas. Isso ocorre quando a borda da unha penetra a pele ao seu rodo, gerando dores intensas na regi\u00e3o e at\u00e9 mesmo infec\u00e7\u00e3o.<\/p>\n\n\n\n<p>Para tratar da condi\u00e7\u00e3o, a recomenda\u00e7\u00e3o \u00e9 manter os p\u00e9s secos e cortar as unhas em linha reta pode ajudar na preven\u00e7\u00e3o, por\u00e9m, existem casos que podem exigir procedimentos cir\u00fargicos.<\/p>\n\n\n\n<h3 class=\"wp-block-heading\"><a><\/a>Unhas amareladas<\/h3>\n\n\n\n<p>As unhas amareladas podem ser consideradas sintomas de outras condi\u00e7\u00f5es, como infec\u00e7\u00f5es f\u00fangicas ou at\u00e9 mesmo doen\u00e7as respirat\u00f3rias. Sua descolora\u00e7\u00e3o poder\u00e1 ser facilmente tratada com antif\u00fangicos ou simples mudan\u00e7as no estilo de vida.<\/p>\n\n\n\n<h3 class=\"wp-block-heading\"><a><\/a>Paron\u00edquia<\/h3>\n\n\n\n<p>Geralmente, a paron\u00edquia \u00e9 uma inflama\u00e7\u00e3o da pele da unha causada por infec\u00e7\u00f5es bacterianas ou mesmo f\u00fangicas. Devido ao seu processo, o tratamento pode variar entre antibi\u00f3ticos e at\u00e9 drenagem, dependendo do n\u00edvel de gravidade.<\/p>\n\n\n\n<h3 class=\"wp-block-heading\"><a><\/a>Melanoma subungueal<\/h3>\n\n\n\n<p>O melanoma \u00e9 uma condi\u00e7\u00e3o rara, por\u00e9m, perigosa j\u00e1 que se trata de um tipo de c\u00e2ncer de pele. Essa condi\u00e7\u00e3o se desenvolve sob a unha, causando sintomas como mudan\u00e7as na cor e tamb\u00e9m forma da unha.<\/p>\n\n\n\n<p>Geralmente, o tratamento envolve cirurgia para remov\u00ea-lo, incluindo terapias e outros processos de sa\u00fade.<\/p>\n\n\n\n<h3 class=\"wp-block-heading\"><a><\/a>Onic\u00f3lise<\/h3>\n\n\n\n<p>Nesta condi\u00e7\u00e3o, a unha poder\u00e1 sofrer um deslocamento do leito ungueal, causado por les\u00f5es, indica\u00e7\u00f5es e outras condi\u00e7\u00f5es. Seu tratamento deve ser baseado de acordo com o motivo desse movimento.<\/p>\n\n\n\n<figure class=\"wp-block-image size-large\"><img decoding=\"async\" loading=\"lazy\" width=\"1024\" height=\"682\" src=\"https:\/\/www.panvel.com\/blog\/wp-content\/uploads\/2023\/10\/iStock-463626987-1024x682.jpg\" alt=\"\" class=\"wp-image-6944\" srcset=\"https:\/\/www.panvel.com\/blog\/wp-content\/uploads\/2023\/10\/iStock-463626987-1024x682.jpg 1024w, https:\/\/www.panvel.com\/blog\/wp-content\/uploads\/2023\/10\/iStock-463626987-300x200.jpg 300w, https:\/\/www.panvel.com\/blog\/wp-content\/uploads\/2023\/10\/iStock-463626987-768x511.jpg 768w, https:\/\/www.panvel.com\/blog\/wp-content\/uploads\/2023\/10\/iStock-463626987-1536x1022.jpg 1536w, https:\/\/www.panvel.com\/blog\/wp-content\/uploads\/2023\/10\/iStock-463626987-2048x1363.jpg 2048w, https:\/\/www.panvel.com\/blog\/wp-content\/uploads\/2023\/10\/iStock-463626987.jpg 2123w\" sizes=\"(max-width: 1024px) 100vw, 1024px\" \/><\/figure>\n\n\n\n<h2 class=\"wp-block-heading\">Quais h\u00e1bitos manter para evitar doen\u00e7as e manter a sa\u00fade das unhas?<\/h2>\n\n\n\n<p>Para voc\u00ea manter a sa\u00fade das unhas, \u00e9 necess\u00e1rio dar a devida aten\u00e7\u00e3o aos cuidados adequados, que envolvem diferentes h\u00e1bitos saud\u00e1veis. Confira abaixo <a href=\"https:\/\/www.panvel.com\/blog\/dicas-de-beleza\/confira-dicas-de-cuidados-com-as-unhas-e-cuticulas\/\">dicas valiosas<\/a> para a manuten\u00e7\u00e3o.<\/p>\n\n\n\n<h3 class=\"wp-block-heading\"><a><\/a>Higienize adequadamente<\/h3>\n\n\n\n<p>Um dos principais <a href=\"https:\/\/www.panvel.com\/blog\/panvel-lovers\/conhecas-os-cuidados-para-manter-as-unhas-saudaveis\/\">cuidados para manter as unhas saud\u00e1veis<\/a> \u00e9 ter uma boa higiene das m\u00e3os durante seu dia a dia. Para isso, \u00e9 necess\u00e1rio lavar regularmente as m\u00e3os e unhas com \u00e1gua e sab\u00e3o.<\/p>\n\n\n\n<p>Dessa forma, voc\u00ea consegue evitar os riscos de infec\u00e7\u00e3o, al\u00e9m de eliminar sujeira e germes acumulados sob as unhas.<\/p>\n\n\n\n<h3 class=\"wp-block-heading\"><a><\/a>Corte corretamente<\/h3>\n\n\n\n<p>Quando for aparar suas unhas, lembre-se de cort\u00e1-las de maneira correta. A recomenda\u00e7\u00e3o \u00e9 utilizar um<a href=\"https:\/\/www.panvel.com\/panvel\/beleza\/unhas\/acessorios-para-unhas\/cortador-de-unhas\/c-36007\"> cortador de unha<\/a> para mant\u00ea-las retas e tamb\u00e9m n\u00e3o muito curtas.<\/p>\n\n\n\n<p>Al\u00e9m disso, evite cortar suas cut\u00edculas, porque elas possuem um papel fundamental para garantir a prote\u00e7\u00e3o das unhas.<\/p>\n\n\n\n<h3 class=\"wp-block-heading\"><a><\/a>N\u00e3o roa as unhas<\/h3>\n\n\n\n<p>O h\u00e1bito de roer unhas \u00e9 bastante comum entre as pessoas, principalmente por despertar alguma rea\u00e7\u00e3o. No entanto, essa a\u00e7\u00e3o poder\u00e1 ser bastante prejudicial \u00e0 sa\u00fade, possibilitando at\u00e9 infec\u00e7\u00f5es.<\/p>\n\n\n\n<h3 class=\"wp-block-heading\"><a><\/a>Hidrate as unhas<\/h3>\n\n\n\n<p>Assim como qualquer parte do nosso corpo, as unhas tamb\u00e9m precisam ser hidratadas regularmente. Escolha um creme indicado para suas m\u00e3os ou mesmo opte por um produto espec\u00edfico. E para isso, a recomenda\u00e7\u00e3o \u00e9 adquirir um <a href=\"https:\/\/www.panvel.com\/panvel\/fortalecedor-top-beauty-sos-unhas-concreto-7ml\/p-117254\">fortalecedor de unhas<\/a>, dessa maneira, \u00e9 poss\u00edvel mant\u00ea-las fortalecidas.<\/p>\n\n\n\n<h3 class=\"wp-block-heading\"><a><\/a>Cuidado com produtos qu\u00edmicos<\/h3>\n\n\n\n<p>Aten\u00e7\u00e3o! \u00c9 fundamental ter cuidado ao manusear qualquer produto qu\u00edmico, seja na hora de limpar a casa ou em outras ocasi\u00f5es. O indicado \u00e9 utilizar luvas de prote\u00e7\u00e3o para evitar qualquer dano \u00e0s suas unhas.<\/p>\n\n\n\n<p><strong>Leia tamb\u00e9m: <\/strong><a href=\"https:\/\/www.panvel.com\/blog\/dicas-de-beleza\/como-identificar-as-deficiencias-no-organismo-atraves-das-unhas\/\"><strong>Como cuidar de unhas que est\u00e3o descamando?<\/strong><\/a><\/p>\n\n\n\n<h3 class=\"wp-block-heading\"><a><\/a>Evite esmalte e unha gel em excesso<\/h3>\n\n\n\n<p>Embora seja uma pr\u00e1tica muito comum, o uso excessivo de esmaltes permanentes e unhas de gel pode deixar suas unhas naturais enfraquecidas. Por isso, \u00e9 fundamental dar um tempo para que ela possa receber seu fortalecimento, al\u00e9m de evitar a utiliza\u00e7\u00e3o de muitos produtos qu\u00edmicos.<\/p>\n\n\n\n<h3 class=\"wp-block-heading\"><a><\/a>Cuidado com impactos na unhas<\/h3>\n\n\n\n<p>Mantenha suas unhas simples protegidas de impactos e outros traumas, que podem enfraquecer ou mesmo danific\u00e1-las. Por exemplo, durante afazeres dom\u00e9sticos ou de esporte, d\u00ea aten\u00e7\u00e3o \u00e0 prote\u00e7\u00e3o para evitar les\u00f5es traum\u00e1ticas \u00e0 sua unha.<\/p>\n\n\n\n<p>Evite impactos em objetos duros ou atividades que possam danificar suas unhas. Proteja-as durante trabalhos dom\u00e9sticos ou esportes para evitar les\u00f5es traum\u00e1ticas.<\/p>\n\n\n\n<figure class=\"wp-block-image size-large\"><img decoding=\"async\" loading=\"lazy\" width=\"1024\" height=\"683\" src=\"https:\/\/www.panvel.com\/blog\/wp-content\/uploads\/2023\/10\/iStock-854498036-1024x683.jpg\" alt=\"\" class=\"wp-image-6945\" srcset=\"https:\/\/www.panvel.com\/blog\/wp-content\/uploads\/2023\/10\/iStock-854498036-1024x683.jpg 1024w, https:\/\/www.panvel.com\/blog\/wp-content\/uploads\/2023\/10\/iStock-854498036-300x200.jpg 300w, https:\/\/www.panvel.com\/blog\/wp-content\/uploads\/2023\/10\/iStock-854498036-768x512.jpg 768w, https:\/\/www.panvel.com\/blog\/wp-content\/uploads\/2023\/10\/iStock-854498036-1536x1024.jpg 1536w, https:\/\/www.panvel.com\/blog\/wp-content\/uploads\/2023\/10\/iStock-854498036-2048x1365.jpg 2048w, https:\/\/www.panvel.com\/blog\/wp-content\/uploads\/2023\/10\/iStock-854498036.jpg 2121w\" sizes=\"(max-width: 1024px) 100vw, 1024px\" \/><\/figure>\n\n\n\n<h2 class=\"wp-block-heading\">A Panvel pode cuidar da sa\u00fade das suas unhas<\/h2>\n\n\n\n<p>Os h\u00e1bitos saud\u00e1veis fazem toda diferen\u00e7a na hora de garantir unhas fortes, saud\u00e1veis e bonitas. Isso porque existem condi\u00e7\u00f5es e doen\u00e7as, como c\u00e2ncer de pele, que podem influenciar na sa\u00fade das unhas.<\/p>\n\n\n\n<p>O cuidado com suas unhas reflete sobre seu estilo de vida e outros fatores importantes. Por isso, voc\u00ea precisa considerar todos os pontos abordados ao longo do texto. Ent\u00e3o, invista tempo e cuidado nelas.<\/p>\n\n\n\n<p>A Panvel pode ajudar voc\u00ea nesse processo de prote\u00e7\u00e3o, atrav\u00e9s do seus produtos de qualidade. Basta clicar para conhecer sobre o <a href=\"https:\/\/www.panvel.com\/panvel\/beleza\/unhas\/tratamento-para-unhas\/c-34533\">tratamento para unhas<\/a>.<\/p>\n","protected":false},"excerpt":{"rendered":"<p>Conhe\u00e7a dicas pr\u00e1ticas para voc\u00ea manter a sa\u00fade das unhas, evitando doen\u00e7as e condi\u00e7\u00f5es infecciosas | Confira no Blog Panvel!<\/p>\n","protected":false},"author":3,"featured_media":6948,"comment_status":"open","ping_status":"open","sticky":false,"template":"","format":"standard","meta":[],"categories":[5],"tags":[1391,179,98,15,1392,823,419,1390,316],"sponsor":[],"acf":[],"yoast_head":"<!-- This site is optimized with the Yoast SEO plugin v20.7 - https:\/\/yoast.com\/wordpress\/plugins\/seo\/ -->\n<title>Sa\u00fade das unhas: doen\u00e7as relacionadas e como evit\u00e1-las | Blog Bem Panvel<\/title>\n<meta name=\"description\" content=\"Conhe\u00e7a dicas pr\u00e1ticas para voc\u00ea manter a sa\u00fade das unhas, evitando doen\u00e7as e condi\u00e7\u00f5es infecciosas | Confira no Blog Panvel!\" \/>\n<meta name=\"robots\" content=\"index, follow, max-snippet:-1, max-image-preview:large, max-video-preview:-1\" \/>\n<link rel=\"canonical\" href=\"https:\/\/www.panvel.com\/blog\/dicas-de-saude\/saude-das-unhas-doencas-relacionadas-e-como-evita-las\/\" \/>\n<meta property=\"og:locale\" content=\"pt_BR\" \/>\n<meta property=\"og:type\" content=\"article\" \/>\n<meta property=\"og:title\" content=\"Sa\u00fade das unhas: doen\u00e7as relacionadas e como evit\u00e1-las | Blog Bem Panvel\" \/>\n<meta property=\"og:description\" content=\"Conhe\u00e7a dicas pr\u00e1ticas para voc\u00ea manter a sa\u00fade das unhas, evitando doen\u00e7as e condi\u00e7\u00f5es infecciosas | Confira no Blog Panvel!\" \/>\n<meta property=\"og:url\" content=\"https:\/\/www.panvel.com\/blog\/dicas-de-saude\/saude-das-unhas-doencas-relacionadas-e-como-evita-las\/\" \/>\n<meta property=\"og:site_name\" content=\"Blog Bem Panvel\" \/>\n<meta property=\"article:published_time\" content=\"2023-10-26T19:43:47+00:00\" \/>\n<meta property=\"article:modified_time\" content=\"2023-10-26T19:43:49+00:00\" \/>\n<meta property=\"og:image\" content=\"https:\/\/www.panvel.com\/blog\/wp-content\/uploads\/2023\/10\/iStock-471164384.jpg\" \/>\n\t<meta property=\"og:image:width\" content=\"2121\" \/>\n\t<meta property=\"og:image:height\" content=\"1414\" \/>\n\t<meta property=\"og:image:type\" content=\"image\/jpeg\" \/>\n<meta name=\"author\" content=\"Equipe Panvel\" \/>\n<meta name=\"twitter:card\" content=\"summary_large_image\" \/>\n<meta name=\"twitter:label1\" content=\"Escrito por\" \/>\n\t<meta name=\"twitter:data1\" content=\"Equipe Panvel\" \/>\n\t<meta name=\"twitter:label2\" content=\"Est. tempo de leitura\" \/>\n\t<meta name=\"twitter:data2\" content=\"6 minutos\" \/>\n<script type=\"application\/ld+json\" class=\"yoast-schema-graph\">{\"@context\":\"https:\/\/schema.org\",\"@graph\":[{\"@type\":\"Article\",\"@id\":\"https:\/\/www.panvel.com\/blog\/dicas-de-saude\/saude-das-unhas-doencas-relacionadas-e-como-evita-las\/#article\",\"isPartOf\":{\"@id\":\"https:\/\/www.panvel.com\/blog\/dicas-de-saude\/saude-das-unhas-doencas-relacionadas-e-como-evita-las\/\"},\"author\":{\"name\":\"Equipe Panvel\",\"@id\":\"https:\/\/www.panvel.com\/blog\/#\/schema\/person\/79f5c113f9621ed83897942f6e7501e3\"},\"headline\":\"Sa\u00fade das unhas: doen\u00e7as relacionadas e como evit\u00e1-las\",\"datePublished\":\"2023-10-26T19:43:47+00:00\",\"dateModified\":\"2023-10-26T19:43:49+00:00\",\"mainEntityOfPage\":{\"@id\":\"https:\/\/www.panvel.com\/blog\/dicas-de-saude\/saude-das-unhas-doencas-relacionadas-e-como-evita-las\/\"},\"wordCount\":1040,\"commentCount\":4,\"publisher\":{\"@id\":\"https:\/\/www.panvel.com\/blog\/#organization\"},\"keywords\":[\"apar\u00eancia das unhas\",\"Cuidados com a sa\u00fade\",\"Cuidados com as Unhas\",\"Dicas\",\"dicas de sa\u00fade\",\"dicas de sa\u00fade e beleza\",\"sa\u00fade\",\"sa\u00fade das unhas\",\"unhas\"],\"articleSection\":[\"Rotina de Sa\u00fade\"],\"inLanguage\":\"pt-BR\",\"potentialAction\":[{\"@type\":\"CommentAction\",\"name\":\"Comment\",\"target\":[\"https:\/\/www.panvel.com\/blog\/dicas-de-saude\/saude-das-unhas-doencas-relacionadas-e-como-evita-las\/#respond\"]}]},{\"@type\":\"WebPage\",\"@id\":\"https:\/\/www.panvel.com\/blog\/dicas-de-saude\/saude-das-unhas-doencas-relacionadas-e-como-evita-las\/\",\"url\":\"https:\/\/www.panvel.com\/blog\/dicas-de-saude\/saude-das-unhas-doencas-relacionadas-e-como-evita-las\/\",\"name\":\"Sa\u00fade das unhas: doen\u00e7as relacionadas e como evit\u00e1-las | Blog Bem Panvel\",\"isPartOf\":{\"@id\":\"https:\/\/www.panvel.com\/blog\/#website\"},\"datePublished\":\"2023-10-26T19:43:47+00:00\",\"dateModified\":\"2023-10-26T19:43:49+00:00\",\"description\":\"Conhe\u00e7a dicas pr\u00e1ticas para voc\u00ea manter a sa\u00fade das unhas, evitando doen\u00e7as e condi\u00e7\u00f5es infecciosas | Confira no Blog Panvel!\",\"breadcrumb\":{\"@id\":\"https:\/\/www.panvel.com\/blog\/dicas-de-saude\/saude-das-unhas-doencas-relacionadas-e-como-evita-las\/#breadcrumb\"},\"inLanguage\":\"pt-BR\",\"potentialAction\":[{\"@type\":\"ReadAction\",\"target\":[\"https:\/\/www.panvel.com\/blog\/dicas-de-saude\/saude-das-unhas-doencas-relacionadas-e-como-evita-las\/\"]}]},{\"@type\":\"BreadcrumbList\",\"@id\":\"https:\/\/www.panvel.com\/blog\/dicas-de-saude\/saude-das-unhas-doencas-relacionadas-e-como-evita-las\/#breadcrumb\",\"itemListElement\":[{\"@type\":\"ListItem\",\"position\":1,\"name\":\"Home\",\"item\":\"https:\/\/www.panvel.com\/blog\/\"},{\"@type\":\"ListItem\",\"position\":2,\"name\":\"Rotina de Sa\u00fade\",\"item\":\"https:\/\/www.panvel.com\/blog\/dicas-de-saude\/\"},{\"@type\":\"ListItem\",\"position\":3,\"name\":\"Sa\u00fade das unhas: doen\u00e7as relacionadas e como evit\u00e1-las\"}]},{\"@type\":\"WebSite\",\"@id\":\"https:\/\/www.panvel.com\/blog\/#website\",\"url\":\"https:\/\/www.panvel.com\/blog\/\",\"name\":\"Blog Bem Panvel\",\"description\":\"Aqui voc\u00ea encontra conte\u00fados e dicas de sa\u00fade, beleza, bem-estar e muito mais.\",\"publisher\":{\"@id\":\"https:\/\/www.panvel.com\/blog\/#organization\"},\"potentialAction\":[{\"@type\":\"SearchAction\",\"target\":{\"@type\":\"EntryPoint\",\"urlTemplate\":\"https:\/\/www.panvel.com\/blog\/?s={search_term_string}\"},\"query-input\":\"required name=search_term_string\"}],\"inLanguage\":\"pt-BR\"},{\"@type\":\"Organization\",\"@id\":\"https:\/\/www.panvel.com\/blog\/#organization\",\"name\":\"Panvel Farm\u00e1cias\",\"url\":\"https:\/\/www.panvel.com\/blog\/\",\"logo\":{\"@type\":\"ImageObject\",\"inLanguage\":\"pt-BR\",\"@id\":\"https:\/\/www.panvel.com\/blog\/#\/schema\/logo\/image\/\",\"url\":\"https:\/\/www.panvel.com\/blog\/wp-content\/uploads\/2020\/10\/logo.png\",\"contentUrl\":\"https:\/\/www.panvel.com\/blog\/wp-content\/uploads\/2020\/10\/logo.png\",\"width\":402,\"height\":53,\"caption\":\"Panvel Farm\u00e1cias\"},\"image\":{\"@id\":\"https:\/\/www.panvel.com\/blog\/#\/schema\/logo\/image\/\"}},{\"@type\":\"Person\",\"@id\":\"https:\/\/www.panvel.com\/blog\/#\/schema\/person\/79f5c113f9621ed83897942f6e7501e3\",\"name\":\"Equipe Panvel\",\"image\":{\"@type\":\"ImageObject\",\"inLanguage\":\"pt-BR\",\"@id\":\"https:\/\/www.panvel.com\/blog\/#\/schema\/person\/image\/\",\"url\":\"https:\/\/www.panvel.com\/blog\/wp-content\/uploads\/2022\/09\/blog-panvel-1.jpg\",\"contentUrl\":\"https:\/\/www.panvel.com\/blog\/wp-content\/uploads\/2022\/09\/blog-panvel-1.jpg\",\"caption\":\"Equipe Panvel\"},\"description\":\"O Blog Bem Panvel conta com uma equipe formada por especialistas e traz para seus leitores conte\u00fados relevantes e de qualidade sobre sa\u00fade, beleza e bem-estar.\",\"url\":\"https:\/\/www.panvel.com\/blog\/author\/dimedmkt\/\"}]}<\/script>\n<!-- \/ Yoast SEO plugin. -->","yoast_head_json":{"title":"Sa\u00fade das unhas: doen\u00e7as relacionadas e como evit\u00e1-las | Blog Bem Panvel","description":"Conhe\u00e7a dicas pr\u00e1ticas para voc\u00ea manter a sa\u00fade das unhas, evitando doen\u00e7as e condi\u00e7\u00f5es infecciosas | Confira no Blog Panvel!","robots":{"index":"index","follow":"follow","max-snippet":"max-snippet:-1","max-image-preview":"max-image-preview:large","max-video-preview":"max-video-preview:-1"},"canonical":"https:\/\/www.panvel.com\/blog\/dicas-de-saude\/saude-das-unhas-doencas-relacionadas-e-como-evita-las\/","og_locale":"pt_BR","og_type":"article","og_title":"Sa\u00fade das unhas: doen\u00e7as relacionadas e como evit\u00e1-las | Blog Bem Panvel","og_description":"Conhe\u00e7a dicas pr\u00e1ticas para voc\u00ea manter a sa\u00fade das unhas, evitando doen\u00e7as e condi\u00e7\u00f5es infecciosas | Confira no Blog Panvel!","og_url":"https:\/\/www.panvel.com\/blog\/dicas-de-saude\/saude-das-unhas-doencas-relacionadas-e-como-evita-las\/","og_site_name":"Blog Bem Panvel","article_published_time":"2023-10-26T19:43:47+00:00","article_modified_time":"2023-10-26T19:43:49+00:00","og_image":[{"width":2121,"height":1414,"url":"https:\/\/www.panvel.com\/blog\/wp-content\/uploads\/2023\/10\/iStock-471164384.jpg","type":"image\/jpeg"}],"author":"Equipe Panvel","twitter_card":"summary_large_image","twitter_misc":{"Escrito por":"Equipe Panvel","Est. tempo de leitura":"6 minutos"},"schema":{"@context":"https:\/\/schema.org","@graph":[{"@type":"Article","@id":"https:\/\/www.panvel.com\/blog\/dicas-de-saude\/saude-das-unhas-doencas-relacionadas-e-como-evita-las\/#article","isPartOf":{"@id":"https:\/\/www.panvel.com\/blog\/dicas-de-saude\/saude-das-unhas-doencas-relacionadas-e-como-evita-las\/"},"author":{"name":"Equipe Panvel","@id":"https:\/\/www.panvel.com\/blog\/#\/schema\/person\/79f5c113f9621ed83897942f6e7501e3"},"headline":"Sa\u00fade das unhas: doen\u00e7as relacionadas e como evit\u00e1-las","datePublished":"2023-10-26T19:43:47+00:00","dateModified":"2023-10-26T19:43:49+00:00","mainEntityOfPage":{"@id":"https:\/\/www.panvel.com\/blog\/dicas-de-saude\/saude-das-unhas-doencas-relacionadas-e-como-evita-las\/"},"wordCount":1040,"commentCount":4,"publisher":{"@id":"https:\/\/www.panvel.com\/blog\/#organization"},"keywords":["apar\u00eancia das unhas","Cuidados com a sa\u00fade","Cuidados com as Unhas","Dicas","dicas de sa\u00fade","dicas de sa\u00fade e beleza","sa\u00fade","sa\u00fade das unhas","unhas"],"articleSection":["Rotina de Sa\u00fade"],"inLanguage":"pt-BR","potentialAction":[{"@type":"CommentAction","name":"Comment","target":["https:\/\/www.panvel.com\/blog\/dicas-de-saude\/saude-das-unhas-doencas-relacionadas-e-como-evita-las\/#respond"]}]},{"@type":"WebPage","@id":"https:\/\/www.panvel.com\/blog\/dicas-de-saude\/saude-das-unhas-doencas-relacionadas-e-como-evita-las\/","url":"https:\/\/www.panvel.com\/blog\/dicas-de-saude\/saude-das-unhas-doencas-relacionadas-e-como-evita-las\/","name":"Sa\u00fade das unhas: doen\u00e7as relacionadas e como evit\u00e1-las | Blog Bem Panvel","isPartOf":{"@id":"https:\/\/www.panvel.com\/blog\/#website"},"datePublished":"2023-10-26T19:43:47+00:00","dateModified":"2023-10-26T19:43:49+00:00","description":"Conhe\u00e7a dicas pr\u00e1ticas para voc\u00ea manter a sa\u00fade das unhas, evitando doen\u00e7as e condi\u00e7\u00f5es infecciosas | Confira no Blog Panvel!","breadcrumb":{"@id":"https:\/\/www.panvel.com\/blog\/dicas-de-saude\/saude-das-unhas-doencas-relacionadas-e-como-evita-las\/#breadcrumb"},"inLanguage":"pt-BR","potentialAction":[{"@type":"ReadAction","target":["https:\/\/www.panvel.com\/blog\/dicas-de-saude\/saude-das-unhas-doencas-relacionadas-e-como-evita-las\/"]}]},{"@type":"BreadcrumbList","@id":"https:\/\/www.panvel.com\/blog\/dicas-de-saude\/saude-das-unhas-doencas-relacionadas-e-como-evita-las\/#breadcrumb","itemListElement":[{"@type":"ListItem","position":1,"name":"Home","item":"https:\/\/www.panvel.com\/blog\/"},{"@type":"ListItem","position":2,"name":"Rotina de Sa\u00fade","item":"https:\/\/www.panvel.com\/blog\/dicas-de-saude\/"},{"@type":"ListItem","position":3,"name":"Sa\u00fade das unhas: doen\u00e7as relacionadas e como evit\u00e1-las"}]},{"@type":"WebSite","@id":"https:\/\/www.panvel.com\/blog\/#website","url":"https:\/\/www.panvel.com\/blog\/","name":"Blog Bem Panvel","description":"Aqui voc\u00ea encontra conte\u00fados e dicas de sa\u00fade, beleza, bem-estar e muito mais.","publisher":{"@id":"https:\/\/www.panvel.com\/blog\/#organization"},"potentialAction":[{"@type":"SearchAction","target":{"@type":"EntryPoint","urlTemplate":"https:\/\/www.panvel.com\/blog\/?s={search_term_string}"},"query-input":"required name=search_term_string"}],"inLanguage":"pt-BR"},{"@type":"Organization","@id":"https:\/\/www.panvel.com\/blog\/#organization","name":"Panvel Farm\u00e1cias","url":"https:\/\/www.panvel.com\/blog\/","logo":{"@type":"ImageObject","inLanguage":"pt-BR","@id":"https:\/\/www.panvel.com\/blog\/#\/schema\/logo\/image\/","url":"https:\/\/www.panvel.com\/blog\/wp-content\/uploads\/2020\/10\/logo.png","contentUrl":"https:\/\/www.panvel.com\/blog\/wp-content\/uploads\/2020\/10\/logo.png","width":402,"height":53,"caption":"Panvel Farm\u00e1cias"},"image":{"@id":"https:\/\/www.panvel.com\/blog\/#\/schema\/logo\/image\/"}},{"@type":"Person","@id":"https:\/\/www.panvel.com\/blog\/#\/schema\/person\/79f5c113f9621ed83897942f6e7501e3","name":"Equipe Panvel","image":{"@type":"ImageObject","inLanguage":"pt-BR","@id":"https:\/\/www.panvel.com\/blog\/#\/schema\/person\/image\/","url":"https:\/\/www.panvel.com\/blog\/wp-content\/uploads\/2022\/09\/blog-panvel-1.jpg","contentUrl":"https:\/\/www.panvel.com\/blog\/wp-content\/uploads\/2022\/09\/blog-panvel-1.jpg","caption":"Equipe Panvel"},"description":"O Blog Bem Panvel conta com uma equipe formada por especialistas e traz para seus leitores conte\u00fados relevantes e de qualidade sobre sa\u00fade, beleza e bem-estar.","url":"https:\/\/www.panvel.com\/blog\/author\/dimedmkt\/"}]}},"_links":{"self":[{"href":"https:\/\/www.panvel.com\/blog\/wp-json\/wp\/v2\/posts\/6942"}],"collection":[{"href":"https:\/\/www.panvel.com\/blog\/wp-json\/wp\/v2\/posts"}],"about":[{"href":"https:\/\/www.panvel.com\/blog\/wp-json\/wp\/v2\/types\/post"}],"author":[{"embeddable":true,"href":"https:\/\/www.panvel.com\/blog\/wp-json\/wp\/v2\/users\/3"}],"replies":[{"embeddable":true,"href":"https:\/\/www.panvel.com\/blog\/wp-json\/wp\/v2\/comments?post=6942"}],"version-history":[{"count":1,"href":"https:\/\/www.panvel.com\/blog\/wp-json\/wp\/v2\/posts\/6942\/revisions"}],"predecessor-version":[{"id":6947,"href":"https:\/\/www.panvel.com\/blog\/wp-json\/wp\/v2\/posts\/6942\/revisions\/6947"}],"wp:featuredmedia":[{"embeddable":true,"href":"https:\/\/www.panvel.com\/blog\/wp-json\/wp\/v2\/media\/6948"}],"wp:attachment":[{"href":"https:\/\/www.panvel.com\/blog\/wp-json\/wp\/v2\/media?parent=6942"}],"wp:term":[{"taxonomy":"category","embeddable":true,"href":"https:\/\/www.panvel.com\/blog\/wp-json\/wp\/v2\/categories?post=6942"},{"taxonomy":"post_tag","embeddable":true,"href":"https:\/\/www.panvel.com\/blog\/wp-json\/wp\/v2\/tags?post=6942"},{"taxonomy":"sponsor","embeddable":true,"href":"https:\/\/www.panvel.com\/blog\/wp-json\/wp\/v2\/sponsor?post=6942"}],"curies":[{"name":"wp","href":"https:\/\/api.w.org\/{rel}","templated":true}]}}