{"id":6896,"date":"2023-10-12T08:00:00","date_gmt":"2023-10-12T11:00:00","guid":{"rendered":"https:\/\/www.panvel.com\/blog\/?p=6896"},"modified":"2023-11-22T15:54:21","modified_gmt":"2023-11-22T18:54:21","slug":"presente-dia-criancas","status":"publish","type":"post","link":"https:\/\/www.panvel.com\/blog\/bebe-e-crianca\/presente-dia-criancas\/","title":{"rendered":"Dia da crian\u00e7a: saiba qual presente escolher nesse dia especial"},"content":{"rendered":"\n<p>Se voc\u00ea tem um pequeno na fam\u00edlia, deve estar pensando no que vai comprar para o Dia das Crian\u00e7as, certo? As primeiras ideias que vem \u00e0 mente podem ser roupas e brinquedos, mas que tal inovar e dar itens de bem-estar e higiene pessoal?<\/p>\n\n\n\n<p>Essa op\u00e7\u00e3o mostra o carinho e a preocupa\u00e7\u00e3o com os pequenos, al\u00e9m de que os produtos n\u00e3o apenas encantar\u00e3o as crian\u00e7as, como tamb\u00e9m contribuir\u00e3o com o seu desenvolvimento e sa\u00fade, oportunizando explica\u00e7\u00f5es sobre autocuidado com produtos adequados para o p\u00fablico infantil.<\/p>\n\n\n\n<p>Quer entender melhor? Continue a leitura e veja algumas sugest\u00f5es bem interessantes que separamos!<\/p>\n\n\n\n<h2 class=\"wp-block-heading\">Bem-estar e cuidado para as crian\u00e7as<\/h2>\n\n\n\n<p>H\u00e1bitos de higiene e autocuidado s\u00e3o importantes para o refor\u00e7o da autoestima e da confian\u00e7a, mas n\u00e3o s\u00f3: tamb\u00e9m s\u00e3o absolutamente fundamentais para a sa\u00fade. Por isso, faz toda a diferen\u00e7a incentivar essas pr\u00e1ticas desde cedo, fazendo com que elas realmente se tornem naturais para os pequenos.<\/p>\n\n\n\n<p>Alguns dos motivos por que vale a pena se preocupar com esse est\u00edmulo s\u00e3o a preven\u00e7\u00e3o de doen\u00e7as e o fortalecimento imunol\u00f3gico, al\u00e9m da promo\u00e7\u00e3o da autonomia e da <a href=\"https:\/\/www.panvel.com\/blog\/bebe-e-crianca\/como-promover-uma-autonomia-saudavel-para-os-pequenos\/\">responsabilidade com o autocuidado<\/a> desde a inf\u00e2ncia.<\/p>\n\n\n\n<p>Por\u00e9m, sabemos que as crian\u00e7as \u00e0s vezes n\u00e3o querem parar de brincar nem para tomar banho, n\u00e3o \u00e9? Ent\u00e3o, a melhor forma de estimular esses bons h\u00e1bitos \u00e9 torn\u00e1-los mais divertidos e os incentivando com presentes.<\/p>\n\n\n\n<p>A boa not\u00edcia \u00e9 que existem muitos produtos feitos especialmente para chamar a aten\u00e7\u00e3o dos pequenos, com embalagens coloridas e men\u00e7\u00f5es aos personagens preferidos da crian\u00e7ada. Eles podem ser seus aliados nessa tarefa!<\/p>\n\n\n\n<h2 class=\"wp-block-heading\"><a><\/a>Ideias de presentes para dar neste dia das crian\u00e7as<\/h2>\n\n\n\n<p>Como voc\u00ea viu, incentivar os bons h\u00e1bitos dos pequenos \u00e9 essencial para o <a href=\"https:\/\/www.panvel.com\/blog\/bebe-e-crianca\/desenvolvimento-infantil-desafios-e-estimulos-para-um-crescimento-saudavel\/\">desenvolvimento infantil saud\u00e1vel<\/a>, e uma forma de fazer isso \u00e9 providenciar itens de higiene e bem-estar.<\/p>\n\n\n\n<p>No entanto, \u00e9 preciso ter bastante aten\u00e7\u00e3o \u00e0 escolha desses produtos, que devem ser adequados para o p\u00fablico infantil para n\u00e3o ocasionar alergias e outros problemas.<\/p>\n\n\n\n<p>Por isso, o dia das crian\u00e7as \u00e9 uma \u00f3tima oportunidade de \u201cunir o \u00fatil ao agrad\u00e1vel\u201d e dar produtos de bem-estar espec\u00edficos para o seu pequeno, incentivando boas pr\u00e1ticas de uma forma divertida e segura. Veja s\u00f3!<\/p>\n\n\n\n<h3 class=\"wp-block-heading\"><a><\/a>Perfume infantil<\/h3>\n\n\n\n<p>Um perfume infantil \u00e9 uma escolha encantadora para essa data. Com embalagens coloridas e fragr\u00e2ncias suaves, h\u00e1 diversos produtos que certamente agradar\u00e3o aos pequenos.<\/p>\n\n\n\n<p>Aproveite para ensin\u00e1-los a aplic\u00e1-lo com modera\u00e7\u00e3o, proporcionando uma experi\u00eancia divertida e ensinando sobre o uso respons\u00e1vel de produtos pessoais.<\/p>\n\n\n\n<p>Para as crian\u00e7as maiores, pr\u00f3ximas \u00e0 pr\u00e9-adolesc\u00eancia, <a href=\"https:\/\/www.panvel.com\/panvel\/perfumes\/perfume-infantil\/c-36207\">perfumes<\/a> e desodorantes tamb\u00e9m fazem parte da rotina de higiene para evitar os <a href=\"https:\/\/www.panvel.com\/blog\/bebe-e-crianca\/entenda-a-transpiracao-infantil-e-o-uso-de-desodorantes-por-criancas\/\">odores desagrad\u00e1veis da transpira\u00e7\u00e3o.<\/a><\/p>\n\n\n\n<figure class=\"wp-block-image size-full\"><img decoding=\"async\" loading=\"lazy\" width=\"602\" height=\"291\" src=\"https:\/\/www.panvel.com\/blog\/wp-content\/uploads\/2023\/10\/EAU-DE-SENTER.png\" alt=\"\" class=\"wp-image-6898\" srcset=\"https:\/\/www.panvel.com\/blog\/wp-content\/uploads\/2023\/10\/EAU-DE-SENTER.png 602w, https:\/\/www.panvel.com\/blog\/wp-content\/uploads\/2023\/10\/EAU-DE-SENTER-300x145.png 300w\" sizes=\"(max-width: 602px) 100vw, 602px\" \/><\/figure>\n\n\n\n<p><em>Eau De Senteur 100ml + Tout Petit Teddy Bear<\/em>.<\/p>\n\n\n\n<h3 class=\"wp-block-heading\"><a><\/a>Kit de shampoo e condicionador<\/h3>\n\n\n\n<p>Cuidar dos cabelos \u00e9 parte fundamental do autocuidado, e isso pode ser ensinado desde cedo. Dar de presente um <a href=\"https:\/\/www.panvel.com\/panvel\/kit-shampoo-infantil-250ml-condicionador-250ml-barbie-impala-cabelos-lisos\/p-96619\">kit de shampoo e condicionador<\/a> do personagem preferido do seu pequeno \u00e9 uma \u00f3tima pedida para que ele se sinta mais motivado a manter os cabelos sempre limpos e saud\u00e1veis.<\/p>\n\n\n\n<figure class=\"wp-block-image size-full\"><img decoding=\"async\" loading=\"lazy\" width=\"355\" height=\"423\" src=\"https:\/\/www.panvel.com\/blog\/wp-content\/uploads\/2023\/10\/BARBIE-SHAMPOO.png\" alt=\"\" class=\"wp-image-6899\" srcset=\"https:\/\/www.panvel.com\/blog\/wp-content\/uploads\/2023\/10\/BARBIE-SHAMPOO.png 355w, https:\/\/www.panvel.com\/blog\/wp-content\/uploads\/2023\/10\/BARBIE-SHAMPOO-252x300.png 252w\" sizes=\"(max-width: 355px) 100vw, 355px\" \/><\/figure>\n\n\n\n<p><em>Kit de shampoo e condicionador Barbie<\/em>.<\/p>\n\n\n\n<h3 class=\"wp-block-heading\"><a><\/a>Kit de maquiagem infantil<\/h3>\n\n\n\n<p>Mesmo que a crian\u00e7a seja vaidosa, essa ideia de presente tamb\u00e9m \u00e9 legal para incentivar a criatividade, al\u00e9m de proporcionar momentos superdivertidos! N\u00e3o \u00e9 \u00e0 toa que quase toda festa infantil conta com arte facial.<\/p>\n\n\n\n<p>Escolha um <a href=\"https:\/\/www.panvel.com\/panvel\/kit-infantil-impala-pequena-sereia-paleta-de-maquiagem-e-esmalte-6ml\/p-98151\">kit de maquiagem e esmalte infantil<\/a> adequado e n\u00e3o t\u00f3xico para que os pequenos possam experimentar cores e desenhos, dando asas \u00e0 imagina\u00e7\u00e3o com seguran\u00e7a!<\/p>\n\n\n\n<figure class=\"wp-block-image size-full\"><img decoding=\"async\" loading=\"lazy\" width=\"602\" height=\"587\" src=\"https:\/\/www.panvel.com\/blog\/wp-content\/uploads\/2023\/10\/IMPALA-ARIEL.png\" alt=\"\" class=\"wp-image-6900\" srcset=\"https:\/\/www.panvel.com\/blog\/wp-content\/uploads\/2023\/10\/IMPALA-ARIEL.png 602w, https:\/\/www.panvel.com\/blog\/wp-content\/uploads\/2023\/10\/IMPALA-ARIEL-300x293.png 300w\" sizes=\"(max-width: 602px) 100vw, 602px\" \/><\/figure>\n\n\n\n<p><em>Kit de maquiagem e esmalte infantil A Pequena Sereia<\/em>.<\/p>\n\n\n\n<h3 class=\"wp-block-heading\"><a><\/a>Acess\u00f3rios para cabelo<\/h3>\n\n\n\n<p>H\u00e1 uma grande variedade de acess\u00f3rios para cabelo dispon\u00edveis: tiaras, la\u00e7os, <a href=\"https:\/\/www.panvel.com\/panvel\/escova-para-cabelo-flor-glitter-panvel-acessorios\/p-103441\">escovas<\/a>, presilhas e <a href=\"https:\/\/www.panvel.com\/panvel\/elastico-de-silicone-colorido-flor-colecao-infantil-panvel-acessorios\/p-103438\">el\u00e1sticos<\/a> s\u00e3o algumas das op\u00e7\u00f5es. Esses itens far\u00e3o os olhos das crian\u00e7as brilharem, afinal, podem adicionar estilo e personalidade aos seus penteados. \u00c9 um presente divertido e funcional!<\/p>\n\n\n\n<div class=\"wp-block-group is-layout-constrained\"><div class=\"wp-block-group__inner-container\">\n<figure class=\"wp-block-image size-full\"><img decoding=\"async\" loading=\"lazy\" width=\"245\" height=\"250\" src=\"https:\/\/www.panvel.com\/blog\/wp-content\/uploads\/2023\/10\/ELASTICO.png\" alt=\"\" class=\"wp-image-6901\"\/><\/figure>\n\n\n\n<figure class=\"wp-block-image size-full\"><img decoding=\"async\" loading=\"lazy\" width=\"304\" height=\"234\" src=\"https:\/\/www.panvel.com\/blog\/wp-content\/uploads\/2023\/10\/ESCOVA.png\" alt=\"\" class=\"wp-image-6902\" srcset=\"https:\/\/www.panvel.com\/blog\/wp-content\/uploads\/2023\/10\/ESCOVA.png 304w, https:\/\/www.panvel.com\/blog\/wp-content\/uploads\/2023\/10\/ESCOVA-300x231.png 300w\" sizes=\"(max-width: 304px) 100vw, 304px\" \/><\/figure>\n<\/div><\/div>\n\n\n\n<p><em>El\u00e1sticos e escova para cabelos.<\/em><\/p>\n\n\n\n<h3 class=\"wp-block-heading\"><a><\/a>Copo anti-vazamento<\/h3>\n\n\n\n<p>Agora, uma ideia que vai agradar tanto aos pequenos como aos pais e cuidadores: <a href=\"https:\/\/www.panvel.com\/panvel\/copo-avent-dinossauro-200ml-menino\/p-871630\">copo anti-vazamento<\/a>! Ideal para crian\u00e7as que est\u00e3o desenvolvendo a coordena\u00e7\u00e3o motora.<\/p>\n\n\n\n<p>Al\u00e9m disso, s\u00e3o \u00f3timos para a transi\u00e7\u00e3o das crian\u00e7as pequenas que passam dos bicos aos copos tradicionais, diminuindo a bagun\u00e7a em casa no per\u00edodo de introdu\u00e7\u00e3o alimentar.<\/p>\n\n\n\n<figure class=\"wp-block-image size-full\"><img decoding=\"async\" loading=\"lazy\" width=\"390\" height=\"432\" src=\"https:\/\/www.panvel.com\/blog\/wp-content\/uploads\/2023\/10\/copo.png\" alt=\"\" class=\"wp-image-6903\" srcset=\"https:\/\/www.panvel.com\/blog\/wp-content\/uploads\/2023\/10\/copo.png 390w, https:\/\/www.panvel.com\/blog\/wp-content\/uploads\/2023\/10\/copo-271x300.png 271w\" sizes=\"(max-width: 390px) 100vw, 390px\" \/><\/figure>\n\n\n\n<p><em>Copo anti-vazamento Avent.<\/em><\/p>\n\n\n\n<h3 class=\"wp-block-heading\"><a><\/a>Itens de higiene bucal<\/h3>\n\n\n\n<p>A higiene bucal \u00e9 fundamental no autocuidado e, sobretudo, para a sa\u00fade. Por\u00e9m, sabemos que pode ser um desafio instalar o h\u00e1bito de escovar os dentes v\u00e1rias vezes ao dia: os pequenos nem sempre s\u00e3o f\u00e3s dessa tarefa<\/p>\n\n\n\n<p>.<\/p>\n\n\n\n<p>Por isso, itens de higiene bucal como&nbsp; <a href=\"https:\/\/www.panvel.com\/panvel\/creme-dental-infantil-oral-b-kids-mickey-50g\/p-883850\">pasta de dente<\/a> e <a href=\"https:\/\/www.panvel.com\/panvel\/escova-dental-infantil-oral-b-mickey-1-unidade\/p-678650\">escova de dentes<\/a> de personagens s\u00e3o presentes educativos muito bem-vindos. Eles tamb\u00e9m s\u00e3o boas ideias de lembrancinha de dia das crian\u00e7as.<\/p>\n\n\n\n<div class=\"wp-block-group is-layout-constrained\"><div class=\"wp-block-group__inner-container\">\n<figure class=\"wp-block-image size-full\"><img decoding=\"async\" loading=\"lazy\" width=\"383\" height=\"229\" src=\"https:\/\/www.panvel.com\/blog\/wp-content\/uploads\/2023\/10\/oral-b.png\" alt=\"\" class=\"wp-image-6904\" srcset=\"https:\/\/www.panvel.com\/blog\/wp-content\/uploads\/2023\/10\/oral-b.png 383w, https:\/\/www.panvel.com\/blog\/wp-content\/uploads\/2023\/10\/oral-b-300x179.png 300w\" sizes=\"(max-width: 383px) 100vw, 383px\" \/><\/figure>\n\n\n\n<figure class=\"wp-block-image size-full\"><img decoding=\"async\" loading=\"lazy\" width=\"157\" height=\"260\" src=\"https:\/\/www.panvel.com\/blog\/wp-content\/uploads\/2023\/10\/oral-b-3.png\" alt=\"\" class=\"wp-image-6905\"\/><\/figure>\n<\/div><\/div>\n\n\n\n<p><em>Pasta de dente e escova de dentes do Mickey Oral B.<\/em><\/p>\n\n\n\n<h2 class=\"wp-block-heading\"><a><\/a>Dicas para acertar no presente perfeito<\/h2>\n\n\n\n<p>Gostou dessas sugest\u00f5es? Elas j\u00e1 ajudar\u00e3o bastante no presente de dia das crian\u00e7as. Agora, anote a\u00ed algumas dicas para acertar em cheio na escolha do produto que o seu pequeno vai adorar!<\/p>\n\n\n\n<h3 class=\"wp-block-heading\"><a><\/a>Pense nos gostos da crian\u00e7a<\/h3>\n\n\n\n<p>Toda crian\u00e7a tem um desenho, filme ou personagem preferido. Preste aten\u00e7\u00e3o no que ela mais tem gostado ultimamente e aproveite para presente\u00e1-la usando esse tema. Caso n\u00e3o seja um familiar, vale a pena perguntar sobre isso aos pais e cuidadores do pequeno;<\/p>\n\n\n\n<h3 class=\"wp-block-heading\"><a><\/a>Escolha um presente seguro para a idade dela<\/h3>\n\n\n\n<p>como j\u00e1 dissemos, \u00e9 muito importante que quaisquer produtos t\u00f3picos sejam adequados para o p\u00fablico infantil, porque a <a href=\"https:\/\/www.panvel.com\/blog\/dicas-de-beleza\/conheca-os-cuidados-com-a-pele-em-cada-fase-da-vida\/\">pele infantil<\/a> \u00e9 mais sens\u00edvel. Sempre observe a faixa et\u00e1ria recomendada devido a preocupa\u00e7\u00f5es de seguran\u00e7a<\/p>\n\n\n\n<h3 class=\"wp-block-heading\"><a><\/a>Presente o presente de forma especial<\/h3>\n\n\n\n<p>A forma como voc\u00ea entrega o presente tamb\u00e9m faz parte da experi\u00eancia! Crie uma lembran\u00e7a de dia das crian\u00e7as especial, com um desenho feito por voc\u00ea, uma carta escrita \u00e0 m\u00e3o, uma caixa de presente elaborada ou at\u00e9 mesmo uma ca\u00e7a ao tesouro divertida para encontrar o presente.<\/p>\n\n\n\n<figure class=\"wp-block-image size-large\"><img decoding=\"async\" loading=\"lazy\" width=\"1024\" height=\"683\" src=\"https:\/\/www.panvel.com\/blog\/wp-content\/uploads\/2023\/10\/iStock-953957934-1024x683.jpg\" alt=\"\" class=\"wp-image-6906\" srcset=\"https:\/\/www.panvel.com\/blog\/wp-content\/uploads\/2023\/10\/iStock-953957934-1024x683.jpg 1024w, https:\/\/www.panvel.com\/blog\/wp-content\/uploads\/2023\/10\/iStock-953957934-300x200.jpg 300w, https:\/\/www.panvel.com\/blog\/wp-content\/uploads\/2023\/10\/iStock-953957934-768x512.jpg 768w, https:\/\/www.panvel.com\/blog\/wp-content\/uploads\/2023\/10\/iStock-953957934-1536x1024.jpg 1536w, https:\/\/www.panvel.com\/blog\/wp-content\/uploads\/2023\/10\/iStock-953957934-2048x1366.jpg 2048w, https:\/\/www.panvel.com\/blog\/wp-content\/uploads\/2023\/10\/iStock-953957934.jpg 2120w\" sizes=\"(max-width: 1024px) 100vw, 1024px\" \/><figcaption class=\"wp-element-caption\">Childhood<\/figcaption><\/figure>\n\n\n\n<h3 class=\"wp-block-heading\">Agora \u00e9 com voc\u00ea!<\/h3>\n\n\n\n<p>Com essas dicas, ficou mais f\u00e1cil escolher um presente para o dia das crian\u00e7as original e educativo, n\u00e3o \u00e9? Os itens de higiene e bem-estar pr\u00f3prios para o p\u00fablico infantil s\u00e3o divertidos para os pequenos, al\u00e9m de oportunizar orienta\u00e7\u00f5es importantes sobre autocuidado.<\/p>\n\n\n\n<p>Lembre-se tamb\u00e9m de entregar o presente de forma especial e de dedicar algum tempo junto \u00e0 crian\u00e7a para explorar os novos produtos, promovendo conversas produtivas e momentos de companhia compartilhada.<\/p>\n\n\n\n<p>Navegue pelo nosso site para conferir outras op\u00e7\u00f5es de <a href=\"https:\/\/www.panvel.com\/panvel\/infantil-e-gestante\/c-34797\">produtos infantis<\/a> que s\u00e3o bem-vindas no dia das crian\u00e7as e em qualquer \u00e9poca do ano!<\/p>\n","protected":false},"excerpt":{"rendered":"<p>O dia das crian\u00e7as est\u00e1 chegando! Que tal inovar na escolha de presentes e apostar em itens de autocuidado? | Confira no Blog Panvel!<\/p>\n","protected":false},"author":3,"featured_media":6897,"comment_status":"open","ping_status":"open","sticky":false,"template":"","format":"standard","meta":[],"categories":[582],"tags":[266,1371,1374,1373,1375,1377,1372],"sponsor":[],"acf":[],"yoast_head":"<!-- This site is optimized with the Yoast SEO plugin v20.7 - https:\/\/yoast.com\/wordpress\/plugins\/seo\/ -->\n<title>Dia da crian\u00e7a: saiba qual presente escolher nesse dia especial<\/title>\n<meta name=\"description\" content=\"O dia das crian\u00e7as est\u00e1 chegando! Que tal inovar na escolha de presentes e apostar em itens de autocuidado? | Confira no Blog Panvel!\" \/>\n<meta name=\"robots\" content=\"index, follow, max-snippet:-1, max-image-preview:large, max-video-preview:-1\" \/>\n<link rel=\"canonical\" href=\"https:\/\/www.panvel.com\/blog\/bebe-e-crianca\/presente-dia-criancas\/\" \/>\n<meta property=\"og:locale\" content=\"pt_BR\" \/>\n<meta property=\"og:type\" content=\"article\" \/>\n<meta property=\"og:title\" content=\"Dia da crian\u00e7a: saiba qual presente escolher nesse dia especial\" \/>\n<meta property=\"og:description\" content=\"O dia das crian\u00e7as est\u00e1 chegando! Que tal inovar na escolha de presentes e apostar em itens de autocuidado? | Confira no Blog Panvel!\" \/>\n<meta property=\"og:url\" content=\"https:\/\/www.panvel.com\/blog\/bebe-e-crianca\/presente-dia-criancas\/\" \/>\n<meta property=\"og:site_name\" content=\"Blog Bem Panvel\" \/>\n<meta property=\"article:published_time\" content=\"2023-10-12T11:00:00+00:00\" \/>\n<meta property=\"article:modified_time\" content=\"2023-11-22T18:54:21+00:00\" \/>\n<meta property=\"og:image\" content=\"https:\/\/www.panvel.com\/blog\/wp-content\/uploads\/2023\/10\/iStock-1270380043.jpg\" \/>\n\t<meta property=\"og:image:width\" content=\"2121\" \/>\n\t<meta property=\"og:image:height\" content=\"1414\" \/>\n\t<meta property=\"og:image:type\" content=\"image\/jpeg\" \/>\n<meta name=\"author\" content=\"Equipe Panvel\" \/>\n<meta name=\"twitter:card\" content=\"summary_large_image\" \/>\n<meta name=\"twitter:label1\" content=\"Escrito por\" \/>\n\t<meta name=\"twitter:data1\" content=\"Equipe Panvel\" \/>\n\t<meta name=\"twitter:label2\" content=\"Est. tempo de leitura\" \/>\n\t<meta name=\"twitter:data2\" content=\"8 minutos\" \/>\n<script type=\"application\/ld+json\" class=\"yoast-schema-graph\">{\"@context\":\"https:\/\/schema.org\",\"@graph\":[{\"@type\":\"Article\",\"@id\":\"https:\/\/www.panvel.com\/blog\/bebe-e-crianca\/presente-dia-criancas\/#article\",\"isPartOf\":{\"@id\":\"https:\/\/www.panvel.com\/blog\/bebe-e-crianca\/presente-dia-criancas\/\"},\"author\":{\"name\":\"Equipe Panvel\",\"@id\":\"https:\/\/www.panvel.com\/blog\/#\/schema\/person\/79f5c113f9621ed83897942f6e7501e3\"},\"headline\":\"Dia da crian\u00e7a: saiba qual presente escolher nesse dia especial\",\"datePublished\":\"2023-10-12T11:00:00+00:00\",\"dateModified\":\"2023-11-22T18:54:21+00:00\",\"mainEntityOfPage\":{\"@id\":\"https:\/\/www.panvel.com\/blog\/bebe-e-crianca\/presente-dia-criancas\/\"},\"wordCount\":1172,\"commentCount\":0,\"publisher\":{\"@id\":\"https:\/\/www.panvel.com\/blog\/#organization\"},\"keywords\":[\"Crian\u00e7as\",\"dia das crian\u00e7as\",\"infantil\",\"panvel presentes\",\"presentes para beb\u00eas\",\"presentes para crian\u00e7as\",\"presentes para dia das crian\u00e7as\"],\"articleSection\":[\"Beb\u00ea e Crian\u00e7a\"],\"inLanguage\":\"pt-BR\",\"potentialAction\":[{\"@type\":\"CommentAction\",\"name\":\"Comment\",\"target\":[\"https:\/\/www.panvel.com\/blog\/bebe-e-crianca\/presente-dia-criancas\/#respond\"]}]},{\"@type\":\"WebPage\",\"@id\":\"https:\/\/www.panvel.com\/blog\/bebe-e-crianca\/presente-dia-criancas\/\",\"url\":\"https:\/\/www.panvel.com\/blog\/bebe-e-crianca\/presente-dia-criancas\/\",\"name\":\"Dia da crian\u00e7a: saiba qual presente escolher nesse dia especial\",\"isPartOf\":{\"@id\":\"https:\/\/www.panvel.com\/blog\/#website\"},\"datePublished\":\"2023-10-12T11:00:00+00:00\",\"dateModified\":\"2023-11-22T18:54:21+00:00\",\"description\":\"O dia das crian\u00e7as est\u00e1 chegando! Que tal inovar na escolha de presentes e apostar em itens de autocuidado? | Confira no Blog Panvel!\",\"breadcrumb\":{\"@id\":\"https:\/\/www.panvel.com\/blog\/bebe-e-crianca\/presente-dia-criancas\/#breadcrumb\"},\"inLanguage\":\"pt-BR\",\"potentialAction\":[{\"@type\":\"ReadAction\",\"target\":[\"https:\/\/www.panvel.com\/blog\/bebe-e-crianca\/presente-dia-criancas\/\"]}]},{\"@type\":\"BreadcrumbList\",\"@id\":\"https:\/\/www.panvel.com\/blog\/bebe-e-crianca\/presente-dia-criancas\/#breadcrumb\",\"itemListElement\":[{\"@type\":\"ListItem\",\"position\":1,\"name\":\"Home\",\"item\":\"https:\/\/www.panvel.com\/blog\/\"},{\"@type\":\"ListItem\",\"position\":2,\"name\":\"Beb\u00ea e Crian\u00e7a\",\"item\":\"https:\/\/www.panvel.com\/blog\/bebe-e-crianca\/\"},{\"@type\":\"ListItem\",\"position\":3,\"name\":\"Dia da crian\u00e7a: saiba qual presente escolher nesse dia especial\"}]},{\"@type\":\"WebSite\",\"@id\":\"https:\/\/www.panvel.com\/blog\/#website\",\"url\":\"https:\/\/www.panvel.com\/blog\/\",\"name\":\"Blog Bem Panvel\",\"description\":\"Aqui voc\u00ea encontra conte\u00fados e dicas de sa\u00fade, beleza, bem-estar e muito mais.\",\"publisher\":{\"@id\":\"https:\/\/www.panvel.com\/blog\/#organization\"},\"potentialAction\":[{\"@type\":\"SearchAction\",\"target\":{\"@type\":\"EntryPoint\",\"urlTemplate\":\"https:\/\/www.panvel.com\/blog\/?s={search_term_string}\"},\"query-input\":\"required name=search_term_string\"}],\"inLanguage\":\"pt-BR\"},{\"@type\":\"Organization\",\"@id\":\"https:\/\/www.panvel.com\/blog\/#organization\",\"name\":\"Panvel Farm\u00e1cias\",\"url\":\"https:\/\/www.panvel.com\/blog\/\",\"logo\":{\"@type\":\"ImageObject\",\"inLanguage\":\"pt-BR\",\"@id\":\"https:\/\/www.panvel.com\/blog\/#\/schema\/logo\/image\/\",\"url\":\"https:\/\/www.panvel.com\/blog\/wp-content\/uploads\/2020\/10\/logo.png\",\"contentUrl\":\"https:\/\/www.panvel.com\/blog\/wp-content\/uploads\/2020\/10\/logo.png\",\"width\":402,\"height\":53,\"caption\":\"Panvel Farm\u00e1cias\"},\"image\":{\"@id\":\"https:\/\/www.panvel.com\/blog\/#\/schema\/logo\/image\/\"}},{\"@type\":\"Person\",\"@id\":\"https:\/\/www.panvel.com\/blog\/#\/schema\/person\/79f5c113f9621ed83897942f6e7501e3\",\"name\":\"Equipe Panvel\",\"image\":{\"@type\":\"ImageObject\",\"inLanguage\":\"pt-BR\",\"@id\":\"https:\/\/www.panvel.com\/blog\/#\/schema\/person\/image\/\",\"url\":\"https:\/\/www.panvel.com\/blog\/wp-content\/uploads\/2022\/09\/blog-panvel-1.jpg\",\"contentUrl\":\"https:\/\/www.panvel.com\/blog\/wp-content\/uploads\/2022\/09\/blog-panvel-1.jpg\",\"caption\":\"Equipe Panvel\"},\"description\":\"O Blog Bem Panvel conta com uma equipe formada por especialistas e traz para seus leitores conte\u00fados relevantes e de qualidade sobre sa\u00fade, beleza e bem-estar.\",\"url\":\"https:\/\/www.panvel.com\/blog\/author\/dimedmkt\/\"}]}<\/script>\n<!-- \/ Yoast SEO plugin. -->","yoast_head_json":{"title":"Dia da crian\u00e7a: saiba qual presente escolher nesse dia especial","description":"O dia das crian\u00e7as est\u00e1 chegando! Que tal inovar na escolha de presentes e apostar em itens de autocuidado? | Confira no Blog Panvel!","robots":{"index":"index","follow":"follow","max-snippet":"max-snippet:-1","max-image-preview":"max-image-preview:large","max-video-preview":"max-video-preview:-1"},"canonical":"https:\/\/www.panvel.com\/blog\/bebe-e-crianca\/presente-dia-criancas\/","og_locale":"pt_BR","og_type":"article","og_title":"Dia da crian\u00e7a: saiba qual presente escolher nesse dia especial","og_description":"O dia das crian\u00e7as est\u00e1 chegando! Que tal inovar na escolha de presentes e apostar em itens de autocuidado? | Confira no Blog Panvel!","og_url":"https:\/\/www.panvel.com\/blog\/bebe-e-crianca\/presente-dia-criancas\/","og_site_name":"Blog Bem Panvel","article_published_time":"2023-10-12T11:00:00+00:00","article_modified_time":"2023-11-22T18:54:21+00:00","og_image":[{"width":2121,"height":1414,"url":"https:\/\/www.panvel.com\/blog\/wp-content\/uploads\/2023\/10\/iStock-1270380043.jpg","type":"image\/jpeg"}],"author":"Equipe Panvel","twitter_card":"summary_large_image","twitter_misc":{"Escrito por":"Equipe Panvel","Est. tempo de leitura":"8 minutos"},"schema":{"@context":"https:\/\/schema.org","@graph":[{"@type":"Article","@id":"https:\/\/www.panvel.com\/blog\/bebe-e-crianca\/presente-dia-criancas\/#article","isPartOf":{"@id":"https:\/\/www.panvel.com\/blog\/bebe-e-crianca\/presente-dia-criancas\/"},"author":{"name":"Equipe Panvel","@id":"https:\/\/www.panvel.com\/blog\/#\/schema\/person\/79f5c113f9621ed83897942f6e7501e3"},"headline":"Dia da crian\u00e7a: saiba qual presente escolher nesse dia especial","datePublished":"2023-10-12T11:00:00+00:00","dateModified":"2023-11-22T18:54:21+00:00","mainEntityOfPage":{"@id":"https:\/\/www.panvel.com\/blog\/bebe-e-crianca\/presente-dia-criancas\/"},"wordCount":1172,"commentCount":0,"publisher":{"@id":"https:\/\/www.panvel.com\/blog\/#organization"},"keywords":["Crian\u00e7as","dia das crian\u00e7as","infantil","panvel presentes","presentes para beb\u00eas","presentes para crian\u00e7as","presentes para dia das crian\u00e7as"],"articleSection":["Beb\u00ea e Crian\u00e7a"],"inLanguage":"pt-BR","potentialAction":[{"@type":"CommentAction","name":"Comment","target":["https:\/\/www.panvel.com\/blog\/bebe-e-crianca\/presente-dia-criancas\/#respond"]}]},{"@type":"WebPage","@id":"https:\/\/www.panvel.com\/blog\/bebe-e-crianca\/presente-dia-criancas\/","url":"https:\/\/www.panvel.com\/blog\/bebe-e-crianca\/presente-dia-criancas\/","name":"Dia da crian\u00e7a: saiba qual presente escolher nesse dia especial","isPartOf":{"@id":"https:\/\/www.panvel.com\/blog\/#website"},"datePublished":"2023-10-12T11:00:00+00:00","dateModified":"2023-11-22T18:54:21+00:00","description":"O dia das crian\u00e7as est\u00e1 chegando! Que tal inovar na escolha de presentes e apostar em itens de autocuidado? | Confira no Blog Panvel!","breadcrumb":{"@id":"https:\/\/www.panvel.com\/blog\/bebe-e-crianca\/presente-dia-criancas\/#breadcrumb"},"inLanguage":"pt-BR","potentialAction":[{"@type":"ReadAction","target":["https:\/\/www.panvel.com\/blog\/bebe-e-crianca\/presente-dia-criancas\/"]}]},{"@type":"BreadcrumbList","@id":"https:\/\/www.panvel.com\/blog\/bebe-e-crianca\/presente-dia-criancas\/#breadcrumb","itemListElement":[{"@type":"ListItem","position":1,"name":"Home","item":"https:\/\/www.panvel.com\/blog\/"},{"@type":"ListItem","position":2,"name":"Beb\u00ea e Crian\u00e7a","item":"https:\/\/www.panvel.com\/blog\/bebe-e-crianca\/"},{"@type":"ListItem","position":3,"name":"Dia da crian\u00e7a: saiba qual presente escolher nesse dia especial"}]},{"@type":"WebSite","@id":"https:\/\/www.panvel.com\/blog\/#website","url":"https:\/\/www.panvel.com\/blog\/","name":"Blog Bem Panvel","description":"Aqui voc\u00ea encontra conte\u00fados e dicas de sa\u00fade, beleza, bem-estar e muito mais.","publisher":{"@id":"https:\/\/www.panvel.com\/blog\/#organization"},"potentialAction":[{"@type":"SearchAction","target":{"@type":"EntryPoint","urlTemplate":"https:\/\/www.panvel.com\/blog\/?s={search_term_string}"},"query-input":"required name=search_term_string"}],"inLanguage":"pt-BR"},{"@type":"Organization","@id":"https:\/\/www.panvel.com\/blog\/#organization","name":"Panvel Farm\u00e1cias","url":"https:\/\/www.panvel.com\/blog\/","logo":{"@type":"ImageObject","inLanguage":"pt-BR","@id":"https:\/\/www.panvel.com\/blog\/#\/schema\/logo\/image\/","url":"https:\/\/www.panvel.com\/blog\/wp-content\/uploads\/2020\/10\/logo.png","contentUrl":"https:\/\/www.panvel.com\/blog\/wp-content\/uploads\/2020\/10\/logo.png","width":402,"height":53,"caption":"Panvel Farm\u00e1cias"},"image":{"@id":"https:\/\/www.panvel.com\/blog\/#\/schema\/logo\/image\/"}},{"@type":"Person","@id":"https:\/\/www.panvel.com\/blog\/#\/schema\/person\/79f5c113f9621ed83897942f6e7501e3","name":"Equipe Panvel","image":{"@type":"ImageObject","inLanguage":"pt-BR","@id":"https:\/\/www.panvel.com\/blog\/#\/schema\/person\/image\/","url":"https:\/\/www.panvel.com\/blog\/wp-content\/uploads\/2022\/09\/blog-panvel-1.jpg","contentUrl":"https:\/\/www.panvel.com\/blog\/wp-content\/uploads\/2022\/09\/blog-panvel-1.jpg","caption":"Equipe Panvel"},"description":"O Blog Bem Panvel conta com uma equipe formada por especialistas e traz para seus leitores conte\u00fados relevantes e de qualidade sobre sa\u00fade, beleza e bem-estar.","url":"https:\/\/www.panvel.com\/blog\/author\/dimedmkt\/"}]}},"_links":{"self":[{"href":"https:\/\/www.panvel.com\/blog\/wp-json\/wp\/v2\/posts\/6896"}],"collection":[{"href":"https:\/\/www.panvel.com\/blog\/wp-json\/wp\/v2\/posts"}],"about":[{"href":"https:\/\/www.panvel.com\/blog\/wp-json\/wp\/v2\/types\/post"}],"author":[{"embeddable":true,"href":"https:\/\/www.panvel.com\/blog\/wp-json\/wp\/v2\/users\/3"}],"replies":[{"embeddable":true,"href":"https:\/\/www.panvel.com\/blog\/wp-json\/wp\/v2\/comments?post=6896"}],"version-history":[{"count":1,"href":"https:\/\/www.panvel.com\/blog\/wp-json\/wp\/v2\/posts\/6896\/revisions"}],"predecessor-version":[{"id":6907,"href":"https:\/\/www.panvel.com\/blog\/wp-json\/wp\/v2\/posts\/6896\/revisions\/6907"}],"wp:featuredmedia":[{"embeddable":true,"href":"https:\/\/www.panvel.com\/blog\/wp-json\/wp\/v2\/media\/6897"}],"wp:attachment":[{"href":"https:\/\/www.panvel.com\/blog\/wp-json\/wp\/v2\/media?parent=6896"}],"wp:term":[{"taxonomy":"category","embeddable":true,"href":"https:\/\/www.panvel.com\/blog\/wp-json\/wp\/v2\/categories?post=6896"},{"taxonomy":"post_tag","embeddable":true,"href":"https:\/\/www.panvel.com\/blog\/wp-json\/wp\/v2\/tags?post=6896"},{"taxonomy":"sponsor","embeddable":true,"href":"https:\/\/www.panvel.com\/blog\/wp-json\/wp\/v2\/sponsor?post=6896"}],"curies":[{"name":"wp","href":"https:\/\/api.w.org\/{rel}","templated":true}]}}