{"id":6583,"date":"2023-07-27T09:15:03","date_gmt":"2023-07-27T12:15:03","guid":{"rendered":"https:\/\/www.panvel.com\/blog\/?p=6583"},"modified":"2023-07-28T09:38:03","modified_gmt":"2023-07-28T12:38:03","slug":"muito-alem-da-estetica-fique-atento-aos-sinais-do-seu-rosto-e-pescoco","status":"publish","type":"post","link":"https:\/\/www.panvel.com\/blog\/dicas-de-saude\/muito-alem-da-estetica-fique-atento-aos-sinais-do-seu-rosto-e-pescoco\/","title":{"rendered":"Muito al\u00e9m da est\u00e9tica: fique atento aos sinais do seu rosto e pesco\u00e7o"},"content":{"rendered":"\n<p>No dia a dia, nos preocupamos com cuidados est\u00e9ticos e de higiene, usando cremes, maquiagens, xampus e produtos de higiene oral. Mas, hoje, vamos falar sobre uma quest\u00e3o mais profunda de sa\u00fade, pois a face, o pesco\u00e7o e at\u00e9 o couro cabeludo podem desenvolver tumores graves E, se n\u00e3o atentarmos para alguns sintomas precoces, esses sinais podem evoluir e alterar a nossa face; a nossa identidade.<\/p>\n\n\n\n<p>O alerta \u00e9 do Dr. Daniel Sperb, cirurgi\u00e3o do N\u00facleo de Cirurgia de Cabe\u00e7a e Pesco\u00e7o da Oncologia do Hospital Moinhos de Vento. O tema \u00e9 t\u00e3o importante que, em 2016, a <em>International Federation of Head and Neck Oncologic Societies<\/em> (IFHNOS) instituiu o 27 de julho como o Dia Mundial de Conscientiza\u00e7\u00e3o e Combate ao C\u00e2ncer de Cabe\u00e7a e Pesco\u00e7o. Na sequ\u00eancia, o m\u00eas inteiro passou a ser chamado de \u201cJulho Verde\u201d, para contribuir com a conscientiza\u00e7\u00e3o sobre a doen\u00e7a e ampliar o n\u00famero de diagn\u00f3sticos precoces.<\/p>\n\n\n\n<h2 class=\"wp-block-heading\"><strong>Fun\u00e7\u00f5es vitais e sociais<\/strong><\/h2>\n\n\n\n<p>Dados da Sociedade Brasileira de Cirurgia de Cabe\u00e7a e Pesco\u00e7o mostram que este tipo de c\u00e2ncer \u00e9 o segundo maior em frequ\u00eancia, acometendo de 35 mil a 45 mil brasileiros por ano, isso sem considerar os tumores de pele, que tamb\u00e9m podem atingir a \u00e1rea da face, couro cabeludo e pesco\u00e7o. \u201cAl\u00e9m de ser a nossa identidade, a regi\u00e3o da face e do pesco\u00e7o tamb\u00e9m apresentam diversas fun\u00e7\u00f5es vitais e sociais, como fala, alimenta\u00e7\u00e3o, respira\u00e7\u00e3o, audi\u00e7\u00e3o, vis\u00e3o e controle metab\u00f3lico\u201d, recorda Dr. Sperb.<\/p>\n\n\n\n<h2 class=\"wp-block-heading\"><strong>Fique atento!<\/strong><\/h2>\n\n\n\n<p><strong>Conhe\u00e7a, abaixo, alguns exemplos de tumores que surgem na regi\u00e3o da cabe\u00e7a e do pesco\u00e7o:<\/strong><\/p>\n\n\n\n<ul>\n<li>- de l\u00e1bio e pele, que s\u00e3o relacionados \u00e0 exposi\u00e7\u00e3o solar excessiva;<\/li>\n\n\n\n<li>- da boca, faringe e laringe, que s\u00e3o relacionados ao tabagismo, excesso de consumo de bebida alco\u00f3lica, m\u00e1 higiene oral e, mais recentemente, ao v\u00edrus HPV (Papilomav\u00edrus Humano);<\/li>\n\n\n\n<li>- das gl\u00e2ndulas salivares, que s\u00e3o mais raros e contam com tratamentos mais complexos;<\/li>\n\n\n\n<li>- no sistema linf\u00e1tico, que podem ser met\u00e1stases ou linfomas, que se apresentam como n\u00f3dulos no pesco\u00e7o;<\/li>\n\n\n\n<li>- da gl\u00e2ndula tireoide, que est\u00e3o apresentando aumento de incid\u00eancia em todo o mundo.<\/li>\n<\/ul>\n\n\n\n<h2 class=\"wp-block-heading\"><strong>Diagn\u00f3stico precoce<\/strong><\/h2>\n\n\n\n<p>Entretanto, o cirurgi\u00e3o ressalta que o diagn\u00f3stico precoce destes tumores permite tratamentos curativos, com m\u00ednimas sequelas funcionais e est\u00e9ticas. \u201cInfelizmente, grande parte \u00e9 detectada em est\u00e1gios avan\u00e7ados, gerando importantes sequelas e com chances reduzidas de cura\u201d, adverte.<\/p>\n\n\n\n<h2 class=\"wp-block-heading\"><strong>Tratamentos<\/strong><strong><\/strong><\/h2>\n\n\n\n<p>Segundo o Dr. Sperb, os tratamentos do c\u00e2ncer na regi\u00e3o da cabe\u00e7a e pesco\u00e7o devem ser realizados em um servi\u00e7o que conte com uma equipe multidisciplinar, pois o paciente pode necessitar de cirurgia, quimioterapia, radioterapia ou, at\u00e9 mesmo, as tr\u00eas modalidades em paralelo.<\/p>\n\n\n\n<p>\u201cM\u00faltiplos especialistas ainda ajudam a prevenir ou tratar sequelas advindas do tumor e do seu tratamento. Cirurgi\u00f5es de cabe\u00e7a e pesco\u00e7o, oncologistas cl\u00ednicos, radioterapeutas, endocrinologistas, radiologistas, odontologistas, enfermeiros, fonoaudi\u00f3logos, nutricionistas, fisioterapeutas, psic\u00f3logos, psiquiatras, patologistas, otorrinolaringologistas, neurocirurgi\u00f5es, cirurgi\u00f5es tor\u00e1cicos, cirurgi\u00f5es pl\u00e1sticos e cl\u00ednicos internistas trabalham em conjunto em prol do melhor resultado, em cada situa\u00e7\u00e3o\u201d, enaltece.<\/p>\n\n\n\n<h2 class=\"wp-block-heading\"><strong>Novidades<\/strong><strong><\/strong><\/h2>\n\n\n\n<p><strong>Entre v\u00e1rias inova\u00e7\u00f5es na \u00e1rea, o Dr. Daniel Sperb ressalta:<\/strong><\/p>\n\n\n\n<p>- Em rela\u00e7\u00e3o \u00e0 preven\u00e7\u00e3o, foi lan\u00e7ada em 2023, no Brasil, a vacina Nonavalente contra o HPV, sendo indicada at\u00e9 os 45 anos de idade;<\/p>\n\n\n\n<p>- Os diagn\u00f3sticos moleculares avan\u00e7ados tamb\u00e9m est\u00e3o permitindo melhores classifica\u00e7\u00f5es dos tumores e o direcionamento para tratamentos espec\u00edficos;<\/p>\n\n\n\n<p>- A evolu\u00e7\u00e3o das cirurgias endosc\u00f3picas e rob\u00f3ticas hoje permitem procedimentos menos invasivos e com menores sequelas;<\/p>\n\n\n\n<p>- Atualmente, h\u00e1 uma r\u00e1pida evolu\u00e7\u00e3o dos tratamentos e indica\u00e7\u00f5es de uso dos imunoter\u00e1picos, ampliando o entendimento do c\u00e2ncer e trazendo m\u00faltiplos benef\u00edcios para os pacientes.<\/p>\n\n\n\n<h2 class=\"wp-block-heading\"><strong>Palavra de m\u00e9dico<\/strong><strong><\/strong><\/h2>\n\n\n\n<p>\u201cApesar das novidades, o melhor tratamento ainda \u00e9 o que pode ser realizado em um paciente com tumor inicial, feito por um especialista e amparado por um ambiente multidisciplinar. Por isso, \u00e9 importante que cada pessoa fique atenta e observe sua pr\u00f3pria face e pesco\u00e7o\u201d, indica.<\/p>\n\n\n\n<h2 class=\"wp-block-heading\"><strong>Cuide-se<\/strong><strong><\/strong><\/h2>\n\n\n\n<p>Dr. Daniel Sperb recomenda alguns cuidados di\u00e1rios:<\/p>\n\n\n\n<p>- Ferida na pele, l\u00e1bio ou boca que n\u00e3o cicatrize entre 15 e 21 dias, deve ser avaliada por um m\u00e9dico ou odontologista, conforme cada situa\u00e7\u00e3o;<\/p>\n\n\n\n<p>- N\u00f3dulo na regi\u00e3o da face ou pesco\u00e7o, altera\u00e7\u00e3o da voz, obstru\u00e7\u00e3o da respira\u00e7\u00e3o ou desconforto de degluti\u00e7\u00e3o que n\u00e3o melhore de 15 a 21 dias, deve ser analisado por um cirurgi\u00e3o de cabe\u00e7a e pesco\u00e7o ou otorrinolaringologista;<\/p>\n\n\n\n<p>- Tratamentos com cremes, pomadas ou medica\u00e7\u00f5es sem a orienta\u00e7\u00e3o de um especialista devem ser evitados, pois podem ocultar, temporariamente, tumores iniciais e agravar muito a situa\u00e7\u00e3o.<\/p>\n\n\n<div class=\"wp-block-image\">\n<figure class=\"alignleft size-full is-resized\"><img decoding=\"async\" loading=\"lazy\" src=\"https:\/\/www.panvel.com\/blog\/wp-content\/uploads\/2023\/07\/MicrosoftTeams-image-19.jpg\" alt=\"\" class=\"wp-image-6591\" width=\"330\" height=\"235\" srcset=\"https:\/\/www.panvel.com\/blog\/wp-content\/uploads\/2023\/07\/MicrosoftTeams-image-19.jpg 827w, https:\/\/www.panvel.com\/blog\/wp-content\/uploads\/2023\/07\/MicrosoftTeams-image-19-300x214.jpg 300w, https:\/\/www.panvel.com\/blog\/wp-content\/uploads\/2023\/07\/MicrosoftTeams-image-19-768x548.jpg 768w\" sizes=\"(max-width: 330px) 100vw, 330px\" \/><\/figure><\/div>","protected":false},"excerpt":{"rendered":"<p>Confira o conte\u00fado do Hospital Moinhos de Vento e fique atento aos sintomas e procure ajuda m\u00e9dica caso veja qualquer altera\u00e7\u00e3o no seu corpo.<\/p>\n","protected":false},"author":3,"featured_media":6594,"comment_status":"open","ping_status":"open","sticky":false,"template":"","format":"standard","meta":[],"categories":[5],"tags":[62,1210,179,20,419],"sponsor":[],"acf":[],"yoast_head":"<!-- This site is optimized with the Yoast SEO plugin v20.7 - https:\/\/yoast.com\/wordpress\/plugins\/seo\/ -->\n<title>Al\u00e9m da est\u00e9tica: fique atento aos sinais do seu rosto e pesco\u00e7o<\/title>\n<meta name=\"description\" content=\"Confira o conte\u00fado do Hospital Moinhos de Vento e fique atento aos sintomas e procure ajuda m\u00e9dica caso veja qualquer altera\u00e7\u00e3o no seu corpo.\" \/>\n<meta name=\"robots\" content=\"index, follow, max-snippet:-1, max-image-preview:large, max-video-preview:-1\" \/>\n<link rel=\"canonical\" href=\"https:\/\/www.panvel.com\/blog\/dicas-de-saude\/muito-alem-da-estetica-fique-atento-aos-sinais-do-seu-rosto-e-pescoco\/\" \/>\n<meta property=\"og:locale\" content=\"pt_BR\" \/>\n<meta property=\"og:type\" content=\"article\" \/>\n<meta property=\"og:title\" content=\"Al\u00e9m da est\u00e9tica: fique atento aos sinais do seu rosto e pesco\u00e7o\" \/>\n<meta property=\"og:description\" content=\"Confira o conte\u00fado do Hospital Moinhos de Vento e fique atento aos sintomas e procure ajuda m\u00e9dica caso veja qualquer altera\u00e7\u00e3o no seu corpo.\" \/>\n<meta property=\"og:url\" content=\"https:\/\/www.panvel.com\/blog\/dicas-de-saude\/muito-alem-da-estetica-fique-atento-aos-sinais-do-seu-rosto-e-pescoco\/\" \/>\n<meta property=\"og:site_name\" content=\"Blog Bem Panvel\" \/>\n<meta property=\"article:published_time\" content=\"2023-07-27T12:15:03+00:00\" \/>\n<meta property=\"article:modified_time\" content=\"2023-07-28T12:38:03+00:00\" \/>\n<meta property=\"og:image\" content=\"https:\/\/www.panvel.com\/blog\/wp-content\/uploads\/2023\/07\/Assinatura_Blog_730x480_HMV-1-e1690547862603.jpg\" \/>\n\t<meta property=\"og:image:width\" content=\"730\" \/>\n\t<meta property=\"og:image:height\" content=\"405\" \/>\n\t<meta property=\"og:image:type\" content=\"image\/jpeg\" \/>\n<meta name=\"author\" content=\"Equipe Panvel\" \/>\n<meta name=\"twitter:card\" content=\"summary_large_image\" \/>\n<meta name=\"twitter:label1\" content=\"Escrito por\" \/>\n\t<meta name=\"twitter:data1\" content=\"Equipe Panvel\" \/>\n\t<meta name=\"twitter:label2\" content=\"Est. tempo de leitura\" \/>\n\t<meta name=\"twitter:data2\" content=\"5 minutos\" \/>\n<script type=\"application\/ld+json\" class=\"yoast-schema-graph\">{\"@context\":\"https:\/\/schema.org\",\"@graph\":[{\"@type\":\"Article\",\"@id\":\"https:\/\/www.panvel.com\/blog\/dicas-de-saude\/muito-alem-da-estetica-fique-atento-aos-sinais-do-seu-rosto-e-pescoco\/#article\",\"isPartOf\":{\"@id\":\"https:\/\/www.panvel.com\/blog\/dicas-de-saude\/muito-alem-da-estetica-fique-atento-aos-sinais-do-seu-rosto-e-pescoco\/\"},\"author\":{\"name\":\"Equipe Panvel\",\"@id\":\"https:\/\/www.panvel.com\/blog\/#\/schema\/person\/79f5c113f9621ed83897942f6e7501e3\"},\"headline\":\"Muito al\u00e9m da est\u00e9tica: fique atento aos sinais do seu rosto e pesco\u00e7o\",\"datePublished\":\"2023-07-27T12:15:03+00:00\",\"dateModified\":\"2023-07-28T12:38:03+00:00\",\"mainEntityOfPage\":{\"@id\":\"https:\/\/www.panvel.com\/blog\/dicas-de-saude\/muito-alem-da-estetica-fique-atento-aos-sinais-do-seu-rosto-e-pescoco\/\"},\"wordCount\":850,\"commentCount\":0,\"publisher\":{\"@id\":\"https:\/\/www.panvel.com\/blog\/#organization\"},\"keywords\":[\"C\u00e2ncer\",\"c\u00e2ncer de pesco\u00e7o\",\"Cuidados com a sa\u00fade\",\"Preven\u00e7\u00e3o\",\"sa\u00fade\"],\"articleSection\":[\"Rotina de Sa\u00fade\"],\"inLanguage\":\"pt-BR\",\"potentialAction\":[{\"@type\":\"CommentAction\",\"name\":\"Comment\",\"target\":[\"https:\/\/www.panvel.com\/blog\/dicas-de-saude\/muito-alem-da-estetica-fique-atento-aos-sinais-do-seu-rosto-e-pescoco\/#respond\"]}]},{\"@type\":\"WebPage\",\"@id\":\"https:\/\/www.panvel.com\/blog\/dicas-de-saude\/muito-alem-da-estetica-fique-atento-aos-sinais-do-seu-rosto-e-pescoco\/\",\"url\":\"https:\/\/www.panvel.com\/blog\/dicas-de-saude\/muito-alem-da-estetica-fique-atento-aos-sinais-do-seu-rosto-e-pescoco\/\",\"name\":\"Al\u00e9m da est\u00e9tica: fique atento aos sinais do seu rosto e pesco\u00e7o\",\"isPartOf\":{\"@id\":\"https:\/\/www.panvel.com\/blog\/#website\"},\"datePublished\":\"2023-07-27T12:15:03+00:00\",\"dateModified\":\"2023-07-28T12:38:03+00:00\",\"description\":\"Confira o conte\u00fado do Hospital Moinhos de Vento e fique atento aos sintomas e procure ajuda m\u00e9dica caso veja qualquer altera\u00e7\u00e3o no seu corpo.\",\"breadcrumb\":{\"@id\":\"https:\/\/www.panvel.com\/blog\/dicas-de-saude\/muito-alem-da-estetica-fique-atento-aos-sinais-do-seu-rosto-e-pescoco\/#breadcrumb\"},\"inLanguage\":\"pt-BR\",\"potentialAction\":[{\"@type\":\"ReadAction\",\"target\":[\"https:\/\/www.panvel.com\/blog\/dicas-de-saude\/muito-alem-da-estetica-fique-atento-aos-sinais-do-seu-rosto-e-pescoco\/\"]}]},{\"@type\":\"BreadcrumbList\",\"@id\":\"https:\/\/www.panvel.com\/blog\/dicas-de-saude\/muito-alem-da-estetica-fique-atento-aos-sinais-do-seu-rosto-e-pescoco\/#breadcrumb\",\"itemListElement\":[{\"@type\":\"ListItem\",\"position\":1,\"name\":\"Home\",\"item\":\"https:\/\/www.panvel.com\/blog\/\"},{\"@type\":\"ListItem\",\"position\":2,\"name\":\"Rotina de Sa\u00fade\",\"item\":\"https:\/\/www.panvel.com\/blog\/dicas-de-saude\/\"},{\"@type\":\"ListItem\",\"position\":3,\"name\":\"Muito al\u00e9m da est\u00e9tica: fique atento aos sinais do seu rosto e pesco\u00e7o\"}]},{\"@type\":\"WebSite\",\"@id\":\"https:\/\/www.panvel.com\/blog\/#website\",\"url\":\"https:\/\/www.panvel.com\/blog\/\",\"name\":\"Blog Bem Panvel\",\"description\":\"Aqui voc\u00ea encontra conte\u00fados e dicas de sa\u00fade, beleza, bem-estar e muito mais.\",\"publisher\":{\"@id\":\"https:\/\/www.panvel.com\/blog\/#organization\"},\"potentialAction\":[{\"@type\":\"SearchAction\",\"target\":{\"@type\":\"EntryPoint\",\"urlTemplate\":\"https:\/\/www.panvel.com\/blog\/?s={search_term_string}\"},\"query-input\":\"required name=search_term_string\"}],\"inLanguage\":\"pt-BR\"},{\"@type\":\"Organization\",\"@id\":\"https:\/\/www.panvel.com\/blog\/#organization\",\"name\":\"Panvel Farm\u00e1cias\",\"url\":\"https:\/\/www.panvel.com\/blog\/\",\"logo\":{\"@type\":\"ImageObject\",\"inLanguage\":\"pt-BR\",\"@id\":\"https:\/\/www.panvel.com\/blog\/#\/schema\/logo\/image\/\",\"url\":\"https:\/\/www.panvel.com\/blog\/wp-content\/uploads\/2020\/10\/logo.png\",\"contentUrl\":\"https:\/\/www.panvel.com\/blog\/wp-content\/uploads\/2020\/10\/logo.png\",\"width\":402,\"height\":53,\"caption\":\"Panvel Farm\u00e1cias\"},\"image\":{\"@id\":\"https:\/\/www.panvel.com\/blog\/#\/schema\/logo\/image\/\"}},{\"@type\":\"Person\",\"@id\":\"https:\/\/www.panvel.com\/blog\/#\/schema\/person\/79f5c113f9621ed83897942f6e7501e3\",\"name\":\"Equipe Panvel\",\"image\":{\"@type\":\"ImageObject\",\"inLanguage\":\"pt-BR\",\"@id\":\"https:\/\/www.panvel.com\/blog\/#\/schema\/person\/image\/\",\"url\":\"https:\/\/www.panvel.com\/blog\/wp-content\/uploads\/2022\/09\/blog-panvel-1.jpg\",\"contentUrl\":\"https:\/\/www.panvel.com\/blog\/wp-content\/uploads\/2022\/09\/blog-panvel-1.jpg\",\"caption\":\"Equipe Panvel\"},\"description\":\"O Blog Bem Panvel conta com uma equipe formada por especialistas e traz para seus leitores conte\u00fados relevantes e de qualidade sobre sa\u00fade, beleza e bem-estar.\",\"url\":\"https:\/\/www.panvel.com\/blog\/author\/dimedmkt\/\"}]}<\/script>\n<!-- \/ Yoast SEO plugin. -->","yoast_head_json":{"title":"Al\u00e9m da est\u00e9tica: fique atento aos sinais do seu rosto e pesco\u00e7o","description":"Confira o conte\u00fado do Hospital Moinhos de Vento e fique atento aos sintomas e procure ajuda m\u00e9dica caso veja qualquer altera\u00e7\u00e3o no seu corpo.","robots":{"index":"index","follow":"follow","max-snippet":"max-snippet:-1","max-image-preview":"max-image-preview:large","max-video-preview":"max-video-preview:-1"},"canonical":"https:\/\/www.panvel.com\/blog\/dicas-de-saude\/muito-alem-da-estetica-fique-atento-aos-sinais-do-seu-rosto-e-pescoco\/","og_locale":"pt_BR","og_type":"article","og_title":"Al\u00e9m da est\u00e9tica: fique atento aos sinais do seu rosto e pesco\u00e7o","og_description":"Confira o conte\u00fado do Hospital Moinhos de Vento e fique atento aos sintomas e procure ajuda m\u00e9dica caso veja qualquer altera\u00e7\u00e3o no seu corpo.","og_url":"https:\/\/www.panvel.com\/blog\/dicas-de-saude\/muito-alem-da-estetica-fique-atento-aos-sinais-do-seu-rosto-e-pescoco\/","og_site_name":"Blog Bem Panvel","article_published_time":"2023-07-27T12:15:03+00:00","article_modified_time":"2023-07-28T12:38:03+00:00","og_image":[{"width":730,"height":405,"url":"https:\/\/www.panvel.com\/blog\/wp-content\/uploads\/2023\/07\/Assinatura_Blog_730x480_HMV-1-e1690547862603.jpg","type":"image\/jpeg"}],"author":"Equipe Panvel","twitter_card":"summary_large_image","twitter_misc":{"Escrito por":"Equipe Panvel","Est. tempo de leitura":"5 minutos"},"schema":{"@context":"https:\/\/schema.org","@graph":[{"@type":"Article","@id":"https:\/\/www.panvel.com\/blog\/dicas-de-saude\/muito-alem-da-estetica-fique-atento-aos-sinais-do-seu-rosto-e-pescoco\/#article","isPartOf":{"@id":"https:\/\/www.panvel.com\/blog\/dicas-de-saude\/muito-alem-da-estetica-fique-atento-aos-sinais-do-seu-rosto-e-pescoco\/"},"author":{"name":"Equipe Panvel","@id":"https:\/\/www.panvel.com\/blog\/#\/schema\/person\/79f5c113f9621ed83897942f6e7501e3"},"headline":"Muito al\u00e9m da est\u00e9tica: fique atento aos sinais do seu rosto e pesco\u00e7o","datePublished":"2023-07-27T12:15:03+00:00","dateModified":"2023-07-28T12:38:03+00:00","mainEntityOfPage":{"@id":"https:\/\/www.panvel.com\/blog\/dicas-de-saude\/muito-alem-da-estetica-fique-atento-aos-sinais-do-seu-rosto-e-pescoco\/"},"wordCount":850,"commentCount":0,"publisher":{"@id":"https:\/\/www.panvel.com\/blog\/#organization"},"keywords":["C\u00e2ncer","c\u00e2ncer de pesco\u00e7o","Cuidados com a sa\u00fade","Preven\u00e7\u00e3o","sa\u00fade"],"articleSection":["Rotina de Sa\u00fade"],"inLanguage":"pt-BR","potentialAction":[{"@type":"CommentAction","name":"Comment","target":["https:\/\/www.panvel.com\/blog\/dicas-de-saude\/muito-alem-da-estetica-fique-atento-aos-sinais-do-seu-rosto-e-pescoco\/#respond"]}]},{"@type":"WebPage","@id":"https:\/\/www.panvel.com\/blog\/dicas-de-saude\/muito-alem-da-estetica-fique-atento-aos-sinais-do-seu-rosto-e-pescoco\/","url":"https:\/\/www.panvel.com\/blog\/dicas-de-saude\/muito-alem-da-estetica-fique-atento-aos-sinais-do-seu-rosto-e-pescoco\/","name":"Al\u00e9m da est\u00e9tica: fique atento aos sinais do seu rosto e pesco\u00e7o","isPartOf":{"@id":"https:\/\/www.panvel.com\/blog\/#website"},"datePublished":"2023-07-27T12:15:03+00:00","dateModified":"2023-07-28T12:38:03+00:00","description":"Confira o conte\u00fado do Hospital Moinhos de Vento e fique atento aos sintomas e procure ajuda m\u00e9dica caso veja qualquer altera\u00e7\u00e3o no seu corpo.","breadcrumb":{"@id":"https:\/\/www.panvel.com\/blog\/dicas-de-saude\/muito-alem-da-estetica-fique-atento-aos-sinais-do-seu-rosto-e-pescoco\/#breadcrumb"},"inLanguage":"pt-BR","potentialAction":[{"@type":"ReadAction","target":["https:\/\/www.panvel.com\/blog\/dicas-de-saude\/muito-alem-da-estetica-fique-atento-aos-sinais-do-seu-rosto-e-pescoco\/"]}]},{"@type":"BreadcrumbList","@id":"https:\/\/www.panvel.com\/blog\/dicas-de-saude\/muito-alem-da-estetica-fique-atento-aos-sinais-do-seu-rosto-e-pescoco\/#breadcrumb","itemListElement":[{"@type":"ListItem","position":1,"name":"Home","item":"https:\/\/www.panvel.com\/blog\/"},{"@type":"ListItem","position":2,"name":"Rotina de Sa\u00fade","item":"https:\/\/www.panvel.com\/blog\/dicas-de-saude\/"},{"@type":"ListItem","position":3,"name":"Muito al\u00e9m da est\u00e9tica: fique atento aos sinais do seu rosto e pesco\u00e7o"}]},{"@type":"WebSite","@id":"https:\/\/www.panvel.com\/blog\/#website","url":"https:\/\/www.panvel.com\/blog\/","name":"Blog Bem Panvel","description":"Aqui voc\u00ea encontra conte\u00fados e dicas de sa\u00fade, beleza, bem-estar e muito mais.","publisher":{"@id":"https:\/\/www.panvel.com\/blog\/#organization"},"potentialAction":[{"@type":"SearchAction","target":{"@type":"EntryPoint","urlTemplate":"https:\/\/www.panvel.com\/blog\/?s={search_term_string}"},"query-input":"required name=search_term_string"}],"inLanguage":"pt-BR"},{"@type":"Organization","@id":"https:\/\/www.panvel.com\/blog\/#organization","name":"Panvel Farm\u00e1cias","url":"https:\/\/www.panvel.com\/blog\/","logo":{"@type":"ImageObject","inLanguage":"pt-BR","@id":"https:\/\/www.panvel.com\/blog\/#\/schema\/logo\/image\/","url":"https:\/\/www.panvel.com\/blog\/wp-content\/uploads\/2020\/10\/logo.png","contentUrl":"https:\/\/www.panvel.com\/blog\/wp-content\/uploads\/2020\/10\/logo.png","width":402,"height":53,"caption":"Panvel Farm\u00e1cias"},"image":{"@id":"https:\/\/www.panvel.com\/blog\/#\/schema\/logo\/image\/"}},{"@type":"Person","@id":"https:\/\/www.panvel.com\/blog\/#\/schema\/person\/79f5c113f9621ed83897942f6e7501e3","name":"Equipe Panvel","image":{"@type":"ImageObject","inLanguage":"pt-BR","@id":"https:\/\/www.panvel.com\/blog\/#\/schema\/person\/image\/","url":"https:\/\/www.panvel.com\/blog\/wp-content\/uploads\/2022\/09\/blog-panvel-1.jpg","contentUrl":"https:\/\/www.panvel.com\/blog\/wp-content\/uploads\/2022\/09\/blog-panvel-1.jpg","caption":"Equipe Panvel"},"description":"O Blog Bem Panvel conta com uma equipe formada por especialistas e traz para seus leitores conte\u00fados relevantes e de qualidade sobre sa\u00fade, beleza e bem-estar.","url":"https:\/\/www.panvel.com\/blog\/author\/dimedmkt\/"}]}},"_links":{"self":[{"href":"https:\/\/www.panvel.com\/blog\/wp-json\/wp\/v2\/posts\/6583"}],"collection":[{"href":"https:\/\/www.panvel.com\/blog\/wp-json\/wp\/v2\/posts"}],"about":[{"href":"https:\/\/www.panvel.com\/blog\/wp-json\/wp\/v2\/types\/post"}],"author":[{"embeddable":true,"href":"https:\/\/www.panvel.com\/blog\/wp-json\/wp\/v2\/users\/3"}],"replies":[{"embeddable":true,"href":"https:\/\/www.panvel.com\/blog\/wp-json\/wp\/v2\/comments?post=6583"}],"version-history":[{"count":5,"href":"https:\/\/www.panvel.com\/blog\/wp-json\/wp\/v2\/posts\/6583\/revisions"}],"predecessor-version":[{"id":6592,"href":"https:\/\/www.panvel.com\/blog\/wp-json\/wp\/v2\/posts\/6583\/revisions\/6592"}],"wp:featuredmedia":[{"embeddable":true,"href":"https:\/\/www.panvel.com\/blog\/wp-json\/wp\/v2\/media\/6594"}],"wp:attachment":[{"href":"https:\/\/www.panvel.com\/blog\/wp-json\/wp\/v2\/media?parent=6583"}],"wp:term":[{"taxonomy":"category","embeddable":true,"href":"https:\/\/www.panvel.com\/blog\/wp-json\/wp\/v2\/categories?post=6583"},{"taxonomy":"post_tag","embeddable":true,"href":"https:\/\/www.panvel.com\/blog\/wp-json\/wp\/v2\/tags?post=6583"},{"taxonomy":"sponsor","embeddable":true,"href":"https:\/\/www.panvel.com\/blog\/wp-json\/wp\/v2\/sponsor?post=6583"}],"curies":[{"name":"wp","href":"https:\/\/api.w.org\/{rel}","templated":true}]}}