{"id":6045,"date":"2023-04-25T14:17:19","date_gmt":"2023-04-25T17:17:19","guid":{"rendered":"\/blog\/?p=6045"},"modified":"2023-11-22T16:14:17","modified_gmt":"2023-11-22T19:14:17","slug":"cuidados-para-a-chegada-do-inverno","status":"publish","type":"post","link":"https:\/\/www.panvel.com\/blog\/dicas-de-saude\/cuidados-para-a-chegada-do-inverno\/","title":{"rendered":"Cuidados b\u00e1sicos para a chegada do inverno"},"content":{"rendered":"\n<p>Com a chegada do inverno, \u00e9 preciso se atentar a alguns cuidados, por conta das mudan\u00e7as de temperaturas, entre outros fatores. Isso porque, n\u00e3o s\u00e3o apenas as roupas que voc\u00ea precisa dar aten\u00e7\u00e3o.<\/p>\n\n\n\n<p>Nosso corpo como um todo precisa de cuidados b\u00e1sicos durante essa esta\u00e7\u00e3o, principalmente a pele e os l\u00e1bios. Por isso, \u00e9 preciso incluir alguns h\u00e1bitos na sua rotina.<\/p>\n\n\n\n<p>Confira abaixo alguns cuidados que a sua sa\u00fade precisa ter, principalmente durante a esta\u00e7\u00e3o mais fria do ano. Vamos l\u00e1!<\/p>\n\n\n\n<p><strong>Voc\u00ea pode ler tamb\u00e9m: <\/strong><a href=\"\/blog\/dicas-de-beleza\/como-cuidar-da-pele-oleosa-no-inverno\/\"><strong>Como hidratar a pele oleosa no inverno?<\/strong><\/a><\/p>\n\n\n\n<h2 class=\"wp-block-heading\"><a><\/a>Cuidados necess\u00e1rios com a chegada do inverno<\/h2>\n\n\n\n<p>Voc\u00ea sabe como se cuidar durante o inverno? As roupas quentinhas s\u00e3o as principais formas de se proteger, por\u00e9m, dar aten\u00e7\u00e3o para outros pontos \u00e9 importante. Confira a seguir alguns dos cuidados b\u00e1sicos que v\u00e3o fazer a diferen\u00e7a na sua vida.<\/p>\n\n\n\n<h3 class=\"wp-block-heading\"><a><\/a>Manter alimenta\u00e7\u00e3o saud\u00e1vel<\/h3>\n\n\n\n<p>Em qualquer esta\u00e7\u00e3o do ano, precisamos cuidar da nossa alimenta\u00e7\u00e3o, pois ela \u00e9 um dos principais fatores que influenciam em nosso bem-estar. E durante o inverno, isso n\u00e3o \u00e9 diferente.<\/p>\n\n\n\n<p>Isso porque, existem diversos alimentos, como <strong>legumes, carnes<\/strong>, entre outros que contribuem bastante com a nossa imunidade. Dessa forma, \u00e9 poss\u00edvel evitar que o sistema imunol\u00f3gico fique fraco durante o inverno.<\/p>\n\n\n\n<h3 class=\"wp-block-heading\"><a><\/a>Fazer atividades f\u00edsicas<\/h3>\n\n\n\n<p>N\u00e3o podemos esquecer de comentar sobre a <strong>pr\u00e1tica de <\/strong><a href=\"\/blog\/dicas-de-saude\/dormir-bem-e-um-desafio-para-grande-parte-da-populacao-mundial-a-pratica-regular-de-atividades-fisicas-pode-ser-uma-das-solucoes\/\"><strong>atividades f\u00edsicas<\/strong><\/a>, que tamb\u00e9m trazem diversos benef\u00edcios \u00e0 sua sa\u00fade.<\/p>\n\n\n\n<p>Dessa forma, voc\u00ea consegue ficar mais disposto. Isso porque, durante o frio, o corpo precisa se movimentar, justamente para manter a temperatura est\u00e1vel.<\/p>\n\n\n\n<p>Durante o inverno, a tend\u00eancia \u00e9 que o nosso metabolismo fique mais lento, por isso, \u00e9 bastante recomendado investir em atividades f\u00edsicas.<\/p>\n\n\n\n<h3 class=\"wp-block-heading\"><a><\/a>Hidratar a pele<\/h3>\n\n\n\n<p>Utilize <strong>cremes hidratantes e \u00f3leos corporais<\/strong>, pois no frio, nossa pele acaba ficando mais ressecada do que o normal. Dessa forma, causando rachaduras em algumas regi\u00f5es, erup\u00e7\u00f5es, entre outros.<\/p>\n\n\n\n<p>Isso acontece porque a pele desidratada fica mais sens\u00edvel, devido \u00e0s baixas temperaturas causadas pelos fortes ventos frios.<\/p>\n\n\n\n<p>No entanto, \u00e9 importante identificar o seu tipo de pele, para acertar no produto. Por exemplo, se a sua for mais oleosa, o recomendado \u00e9 optar por cremes hidratantes, \u00e0 base de gel.<\/p>\n\n\n\n<p>Agora, se a sua pele for mais seca, invista em cremes com vitamina C, que fazem toda a diferen\u00e7a na hidrata\u00e7\u00e3o.<\/p>\n\n\n\n<ul>\n<li>Hidratante Atoderm Creme Ultra Para Pele Secas;<\/li>\n\n\n\n<li>Hidratante Corporal Bio Oil Para Pele Secas e Ressecadas;<\/li>\n\n\n\n<li>Multi Reparador La Roche Posay Cicaplast Baume B5;<\/li>\n\n\n\n<li>Creme Hidratante Cerave Pele Seca e Extra Seca;<\/li>\n\n\n\n<li>Creme Hidratante \u00d3leo de Am\u00eandoas e Aveia Panvel Sempre Bem;<\/li>\n\n\n\n<li>Creme Bepantriz Tatoo Prote\u00e7\u00e3o e Hidrata\u00e7\u00e3o.<\/li>\n<\/ul>\n\n\n\n<h3 class=\"wp-block-heading\"><a><\/a>Invista em protetor labial<\/h3>\n\n\n\n<p>Uma das principais regi\u00f5es que mais sofrem durante o inverno s\u00e3o os l\u00e1bios, pois s\u00e3o super sens\u00edveis \u00e0s temperaturas baixas.<\/p>\n\n\n\n<p>Por isso, \u00e9 recomendado utilizar <strong>hidratantes labiais,<\/strong> para evitar o ressecamento e rachaduras na regi\u00e3o. Isso porque, essas complica\u00e7\u00f5es podem acabar causando feridas nos seus l\u00e1bios.<\/p>\n\n\n\n<p>Existem diversos modelos vendidos no mercado, sendo incolor, sem cheiro, com cor, entre outras op\u00e7\u00f5es. Confira alguns produtos, que s\u00e3o disponibilizados pela <strong>Panvel Farm\u00e1cias.<\/strong><\/p>\n\n\n\n<ul>\n<li><a href=\"https:\/\/www.panvel.com\/panvel\/protetor-labial-balm-melancia-vult-fps15-35g\/p-104563\"><strong>Protetor Labial Balm Melancia Vult Fps15<\/strong><\/a><strong>;<\/strong><\/li>\n\n\n\n<li><a href=\"https:\/\/www.panvel.com\/panvel\/protetor-labial-amora-panvel-faces-36g\/p-104770\"><strong>Protetor Labial Amora Panvel Faces<\/strong><\/a><strong>;<\/strong><\/li>\n\n\n\n<li><a href=\"https:\/\/www.panvel.com\/panvel\/protetor-labial-bepantol-derma-fps50-45g\/p-111396\"><strong>Protetor Labial Bepantol Derma Fps50<\/strong><\/a><strong>;<\/strong><\/li>\n\n\n\n<li><a href=\"https:\/\/www.panvel.com\/panvel\/protetor-labial-hialuronico-panvel-faces-36g\/p-104771\"><strong>Protetor Labial Hialur\u00f4nico Panvel Faces<\/strong><\/a><strong>;<\/strong><\/li>\n\n\n\n<li><a href=\"https:\/\/www.panvel.com\/panvel\/protetor-labial-vivaz-moranguito-fps-30-45g\/p-109534\"><strong>Protetor Labial Vivaz Moranguito Fps 30<\/strong><\/a><strong>.<\/strong><\/li>\n<\/ul>\n\n\n\n<p>Na hora de escolher por uma op\u00e7\u00e3o, leve em considera\u00e7\u00e3o suas prefer\u00eancias. Dessa forma, voc\u00ea fica livre desses desconfortos da melhor maneira.<\/p>\n\n\n\n<h3 class=\"wp-block-heading\"><a><\/a>Escolha roupas quentinhas e confort\u00e1veis<\/h3>\n\n\n\n<p>Al\u00e9m dos cuidados citados acima, uma das principais formas de se manter confort\u00e1vel e saud\u00e1vel com a chegada do inverno, s\u00e3o com roupas quentinhas.<\/p>\n\n\n\n<p>Com elas, \u00e9 poss\u00edvel se manter protegido das fortes friagens, assim, evitando pegar resfriados ou mesmo gripes. Al\u00e9m disso, \u00e9 importante considerar as roupas certas para esse momento.<\/p>\n\n\n\n<p>Os casacos t\u00e9rmicos, luvas, toucas de cabe\u00e7a, s\u00e3o as melhores op\u00e7\u00f5es para voc\u00ea se manter aquecido durante o inverno.<\/p>\n\n\n\n<p>Al\u00e9m disso, \u00e9 importante ressaltar que<strong> as pe\u00e7as de cama<\/strong> tamb\u00e9m precisam receber aten\u00e7\u00e3o durante esse momento. Por isso, invista em edredons, conjuntos de colchas de cama, para voc\u00ea ter uma \u00f3tima noite de sono.<\/p>\n\n\n\n<p>Viu s\u00f3 como \u00e9 simples se proteger da melhor forma com a chegada do inverno? Por isso, invista em cremes hidratantes, protetor para os l\u00e1bios, roupas quentinhas, para passar essa esta\u00e7\u00e3o confort\u00e1vel e com sa\u00fade.<\/p>\n\n\n\n<p><strong>Curtiu as dicas? <\/strong>Se voc\u00ea deseja passar um frio aconchegante, adotando todos esses h\u00e1bitos, \u00e9 poss\u00edvel! Agora, que tal aprender a como cuidar dos l\u00e1bios no inverno?<a href=\"\/blog\/dicas-de-saude\/confira-dicas-de-como-cuidar-dos-labios-secos-no-inverno\/\"> Clique aqui<\/a> e confira!<\/p>\n","protected":false},"excerpt":{"rendered":"<p>Veja quais s\u00e3o os cuidados b\u00e1sicos que voc\u00ea precisa ter com a chegada do inverno. Acesse para descobrir!<\/p>\n","protected":false},"author":3,"featured_media":6046,"comment_status":"open","ping_status":"open","sticky":false,"template":"","format":"standard","meta":[],"categories":[5],"tags":[41,31,179,184,15,1057,20,418],"sponsor":[],"acf":[],"yoast_head":"<!-- This site is optimized with the Yoast SEO plugin v20.7 - https:\/\/yoast.com\/wordpress\/plugins\/seo\/ -->\n<title>Cuidados b\u00e1sicos para a chegada do inverno<\/title>\n<meta name=\"description\" content=\"Veja quais s\u00e3o os cuidados b\u00e1sicos que voc\u00ea precisa ter com a chegada do inverno | Acesse o Blog Panvel para descobrir!\" \/>\n<meta name=\"robots\" content=\"index, follow, max-snippet:-1, max-image-preview:large, max-video-preview:-1\" \/>\n<link rel=\"canonical\" href=\"https:\/\/www.panvel.com\/blog\/dicas-de-saude\/cuidados-para-a-chegada-do-inverno\/\" \/>\n<meta property=\"og:locale\" content=\"pt_BR\" \/>\n<meta property=\"og:type\" content=\"article\" \/>\n<meta property=\"og:title\" content=\"Cuidados b\u00e1sicos para a chegada do inverno\" \/>\n<meta property=\"og:description\" content=\"Veja quais s\u00e3o os cuidados b\u00e1sicos que voc\u00ea precisa ter com a chegada do inverno | Acesse o Blog Panvel para descobrir!\" \/>\n<meta property=\"og:url\" content=\"https:\/\/www.panvel.com\/blog\/dicas-de-saude\/cuidados-para-a-chegada-do-inverno\/\" \/>\n<meta property=\"og:site_name\" content=\"Blog Bem Panvel\" \/>\n<meta property=\"article:published_time\" content=\"2023-04-25T17:17:19+00:00\" \/>\n<meta property=\"article:modified_time\" content=\"2023-11-22T19:14:17+00:00\" \/>\n<meta property=\"og:image\" content=\"https:\/\/www.panvel.com\/blog\/wp-content\/uploads\/2023\/04\/iStock-1326419849.jpg\" \/>\n\t<meta property=\"og:image:width\" content=\"1254\" \/>\n\t<meta property=\"og:image:height\" content=\"836\" \/>\n\t<meta property=\"og:image:type\" content=\"image\/jpeg\" \/>\n<meta name=\"author\" content=\"Equipe Panvel\" \/>\n<meta name=\"twitter:card\" content=\"summary_large_image\" \/>\n<meta name=\"twitter:label1\" content=\"Escrito por\" \/>\n\t<meta name=\"twitter:data1\" content=\"Equipe Panvel\" \/>\n\t<meta name=\"twitter:label2\" content=\"Est. tempo de leitura\" \/>\n\t<meta name=\"twitter:data2\" content=\"4 minutos\" \/>\n<script type=\"application\/ld+json\" class=\"yoast-schema-graph\">{\"@context\":\"https:\/\/schema.org\",\"@graph\":[{\"@type\":\"Article\",\"@id\":\"https:\/\/www.panvel.com\/blog\/dicas-de-saude\/cuidados-para-a-chegada-do-inverno\/#article\",\"isPartOf\":{\"@id\":\"https:\/\/www.panvel.com\/blog\/dicas-de-saude\/cuidados-para-a-chegada-do-inverno\/\"},\"author\":{\"name\":\"Equipe Panvel\",\"@id\":\"https:\/\/www.panvel.com\/blog\/#\/schema\/person\/79f5c113f9621ed83897942f6e7501e3\"},\"headline\":\"Cuidados b\u00e1sicos para a chegada do inverno\",\"datePublished\":\"2023-04-25T17:17:19+00:00\",\"dateModified\":\"2023-11-22T19:14:17+00:00\",\"mainEntityOfPage\":{\"@id\":\"https:\/\/www.panvel.com\/blog\/dicas-de-saude\/cuidados-para-a-chegada-do-inverno\/\"},\"wordCount\":792,\"commentCount\":0,\"publisher\":{\"@id\":\"https:\/\/www.panvel.com\/blog\/#organization\"},\"keywords\":[\"Alimenta\u00e7\u00e3o\",\"Bem Estar\",\"Cuidados com a sa\u00fade\",\"Cuidados no Inverno\",\"Dicas\",\"inverno\",\"Preven\u00e7\u00e3o\",\"saude\"],\"articleSection\":[\"Rotina de Sa\u00fade\"],\"inLanguage\":\"pt-BR\",\"potentialAction\":[{\"@type\":\"CommentAction\",\"name\":\"Comment\",\"target\":[\"https:\/\/www.panvel.com\/blog\/dicas-de-saude\/cuidados-para-a-chegada-do-inverno\/#respond\"]}]},{\"@type\":\"WebPage\",\"@id\":\"https:\/\/www.panvel.com\/blog\/dicas-de-saude\/cuidados-para-a-chegada-do-inverno\/\",\"url\":\"https:\/\/www.panvel.com\/blog\/dicas-de-saude\/cuidados-para-a-chegada-do-inverno\/\",\"name\":\"Cuidados b\u00e1sicos para a chegada do inverno\",\"isPartOf\":{\"@id\":\"https:\/\/www.panvel.com\/blog\/#website\"},\"datePublished\":\"2023-04-25T17:17:19+00:00\",\"dateModified\":\"2023-11-22T19:14:17+00:00\",\"description\":\"Veja quais s\u00e3o os cuidados b\u00e1sicos que voc\u00ea precisa ter com a chegada do inverno | Acesse o Blog Panvel para descobrir!\",\"breadcrumb\":{\"@id\":\"https:\/\/www.panvel.com\/blog\/dicas-de-saude\/cuidados-para-a-chegada-do-inverno\/#breadcrumb\"},\"inLanguage\":\"pt-BR\",\"potentialAction\":[{\"@type\":\"ReadAction\",\"target\":[\"https:\/\/www.panvel.com\/blog\/dicas-de-saude\/cuidados-para-a-chegada-do-inverno\/\"]}]},{\"@type\":\"BreadcrumbList\",\"@id\":\"https:\/\/www.panvel.com\/blog\/dicas-de-saude\/cuidados-para-a-chegada-do-inverno\/#breadcrumb\",\"itemListElement\":[{\"@type\":\"ListItem\",\"position\":1,\"name\":\"Home\",\"item\":\"https:\/\/www.panvel.com\/blog\/\"},{\"@type\":\"ListItem\",\"position\":2,\"name\":\"Rotina de Sa\u00fade\",\"item\":\"https:\/\/www.panvel.com\/blog\/dicas-de-saude\/\"},{\"@type\":\"ListItem\",\"position\":3,\"name\":\"Cuidados b\u00e1sicos para a chegada do inverno\"}]},{\"@type\":\"WebSite\",\"@id\":\"https:\/\/www.panvel.com\/blog\/#website\",\"url\":\"https:\/\/www.panvel.com\/blog\/\",\"name\":\"Blog Bem Panvel\",\"description\":\"Aqui voc\u00ea encontra conte\u00fados e dicas de sa\u00fade, beleza, bem-estar e muito mais.\",\"publisher\":{\"@id\":\"https:\/\/www.panvel.com\/blog\/#organization\"},\"potentialAction\":[{\"@type\":\"SearchAction\",\"target\":{\"@type\":\"EntryPoint\",\"urlTemplate\":\"https:\/\/www.panvel.com\/blog\/?s={search_term_string}\"},\"query-input\":\"required name=search_term_string\"}],\"inLanguage\":\"pt-BR\"},{\"@type\":\"Organization\",\"@id\":\"https:\/\/www.panvel.com\/blog\/#organization\",\"name\":\"Panvel Farm\u00e1cias\",\"url\":\"https:\/\/www.panvel.com\/blog\/\",\"logo\":{\"@type\":\"ImageObject\",\"inLanguage\":\"pt-BR\",\"@id\":\"https:\/\/www.panvel.com\/blog\/#\/schema\/logo\/image\/\",\"url\":\"https:\/\/www.panvel.com\/blog\/wp-content\/uploads\/2020\/10\/logo.png\",\"contentUrl\":\"https:\/\/www.panvel.com\/blog\/wp-content\/uploads\/2020\/10\/logo.png\",\"width\":402,\"height\":53,\"caption\":\"Panvel Farm\u00e1cias\"},\"image\":{\"@id\":\"https:\/\/www.panvel.com\/blog\/#\/schema\/logo\/image\/\"}},{\"@type\":\"Person\",\"@id\":\"https:\/\/www.panvel.com\/blog\/#\/schema\/person\/79f5c113f9621ed83897942f6e7501e3\",\"name\":\"Equipe Panvel\",\"image\":{\"@type\":\"ImageObject\",\"inLanguage\":\"pt-BR\",\"@id\":\"https:\/\/www.panvel.com\/blog\/#\/schema\/person\/image\/\",\"url\":\"https:\/\/www.panvel.com\/blog\/wp-content\/uploads\/2022\/09\/blog-panvel-1.jpg\",\"contentUrl\":\"https:\/\/www.panvel.com\/blog\/wp-content\/uploads\/2022\/09\/blog-panvel-1.jpg\",\"caption\":\"Equipe Panvel\"},\"description\":\"O Blog Bem Panvel conta com uma equipe formada por especialistas e traz para seus leitores conte\u00fados relevantes e de qualidade sobre sa\u00fade, beleza e bem-estar.\",\"url\":\"https:\/\/www.panvel.com\/blog\/author\/dimedmkt\/\"}]}<\/script>\n<!-- \/ Yoast SEO plugin. -->","yoast_head_json":{"title":"Cuidados b\u00e1sicos para a chegada do inverno","description":"Veja quais s\u00e3o os cuidados b\u00e1sicos que voc\u00ea precisa ter com a chegada do inverno | Acesse o Blog Panvel para descobrir!","robots":{"index":"index","follow":"follow","max-snippet":"max-snippet:-1","max-image-preview":"max-image-preview:large","max-video-preview":"max-video-preview:-1"},"canonical":"https:\/\/www.panvel.com\/blog\/dicas-de-saude\/cuidados-para-a-chegada-do-inverno\/","og_locale":"pt_BR","og_type":"article","og_title":"Cuidados b\u00e1sicos para a chegada do inverno","og_description":"Veja quais s\u00e3o os cuidados b\u00e1sicos que voc\u00ea precisa ter com a chegada do inverno | Acesse o Blog Panvel para descobrir!","og_url":"https:\/\/www.panvel.com\/blog\/dicas-de-saude\/cuidados-para-a-chegada-do-inverno\/","og_site_name":"Blog Bem Panvel","article_published_time":"2023-04-25T17:17:19+00:00","article_modified_time":"2023-11-22T19:14:17+00:00","og_image":[{"width":1254,"height":836,"url":"https:\/\/www.panvel.com\/blog\/wp-content\/uploads\/2023\/04\/iStock-1326419849.jpg","type":"image\/jpeg"}],"author":"Equipe Panvel","twitter_card":"summary_large_image","twitter_misc":{"Escrito por":"Equipe Panvel","Est. tempo de leitura":"4 minutos"},"schema":{"@context":"https:\/\/schema.org","@graph":[{"@type":"Article","@id":"https:\/\/www.panvel.com\/blog\/dicas-de-saude\/cuidados-para-a-chegada-do-inverno\/#article","isPartOf":{"@id":"https:\/\/www.panvel.com\/blog\/dicas-de-saude\/cuidados-para-a-chegada-do-inverno\/"},"author":{"name":"Equipe Panvel","@id":"https:\/\/www.panvel.com\/blog\/#\/schema\/person\/79f5c113f9621ed83897942f6e7501e3"},"headline":"Cuidados b\u00e1sicos para a chegada do inverno","datePublished":"2023-04-25T17:17:19+00:00","dateModified":"2023-11-22T19:14:17+00:00","mainEntityOfPage":{"@id":"https:\/\/www.panvel.com\/blog\/dicas-de-saude\/cuidados-para-a-chegada-do-inverno\/"},"wordCount":792,"commentCount":0,"publisher":{"@id":"https:\/\/www.panvel.com\/blog\/#organization"},"keywords":["Alimenta\u00e7\u00e3o","Bem Estar","Cuidados com a sa\u00fade","Cuidados no Inverno","Dicas","inverno","Preven\u00e7\u00e3o","saude"],"articleSection":["Rotina de Sa\u00fade"],"inLanguage":"pt-BR","potentialAction":[{"@type":"CommentAction","name":"Comment","target":["https:\/\/www.panvel.com\/blog\/dicas-de-saude\/cuidados-para-a-chegada-do-inverno\/#respond"]}]},{"@type":"WebPage","@id":"https:\/\/www.panvel.com\/blog\/dicas-de-saude\/cuidados-para-a-chegada-do-inverno\/","url":"https:\/\/www.panvel.com\/blog\/dicas-de-saude\/cuidados-para-a-chegada-do-inverno\/","name":"Cuidados b\u00e1sicos para a chegada do inverno","isPartOf":{"@id":"https:\/\/www.panvel.com\/blog\/#website"},"datePublished":"2023-04-25T17:17:19+00:00","dateModified":"2023-11-22T19:14:17+00:00","description":"Veja quais s\u00e3o os cuidados b\u00e1sicos que voc\u00ea precisa ter com a chegada do inverno | Acesse o Blog Panvel para descobrir!","breadcrumb":{"@id":"https:\/\/www.panvel.com\/blog\/dicas-de-saude\/cuidados-para-a-chegada-do-inverno\/#breadcrumb"},"inLanguage":"pt-BR","potentialAction":[{"@type":"ReadAction","target":["https:\/\/www.panvel.com\/blog\/dicas-de-saude\/cuidados-para-a-chegada-do-inverno\/"]}]},{"@type":"BreadcrumbList","@id":"https:\/\/www.panvel.com\/blog\/dicas-de-saude\/cuidados-para-a-chegada-do-inverno\/#breadcrumb","itemListElement":[{"@type":"ListItem","position":1,"name":"Home","item":"https:\/\/www.panvel.com\/blog\/"},{"@type":"ListItem","position":2,"name":"Rotina de Sa\u00fade","item":"https:\/\/www.panvel.com\/blog\/dicas-de-saude\/"},{"@type":"ListItem","position":3,"name":"Cuidados b\u00e1sicos para a chegada do inverno"}]},{"@type":"WebSite","@id":"https:\/\/www.panvel.com\/blog\/#website","url":"https:\/\/www.panvel.com\/blog\/","name":"Blog Bem Panvel","description":"Aqui voc\u00ea encontra conte\u00fados e dicas de sa\u00fade, beleza, bem-estar e muito mais.","publisher":{"@id":"https:\/\/www.panvel.com\/blog\/#organization"},"potentialAction":[{"@type":"SearchAction","target":{"@type":"EntryPoint","urlTemplate":"https:\/\/www.panvel.com\/blog\/?s={search_term_string}"},"query-input":"required name=search_term_string"}],"inLanguage":"pt-BR"},{"@type":"Organization","@id":"https:\/\/www.panvel.com\/blog\/#organization","name":"Panvel Farm\u00e1cias","url":"https:\/\/www.panvel.com\/blog\/","logo":{"@type":"ImageObject","inLanguage":"pt-BR","@id":"https:\/\/www.panvel.com\/blog\/#\/schema\/logo\/image\/","url":"https:\/\/www.panvel.com\/blog\/wp-content\/uploads\/2020\/10\/logo.png","contentUrl":"https:\/\/www.panvel.com\/blog\/wp-content\/uploads\/2020\/10\/logo.png","width":402,"height":53,"caption":"Panvel Farm\u00e1cias"},"image":{"@id":"https:\/\/www.panvel.com\/blog\/#\/schema\/logo\/image\/"}},{"@type":"Person","@id":"https:\/\/www.panvel.com\/blog\/#\/schema\/person\/79f5c113f9621ed83897942f6e7501e3","name":"Equipe Panvel","image":{"@type":"ImageObject","inLanguage":"pt-BR","@id":"https:\/\/www.panvel.com\/blog\/#\/schema\/person\/image\/","url":"https:\/\/www.panvel.com\/blog\/wp-content\/uploads\/2022\/09\/blog-panvel-1.jpg","contentUrl":"https:\/\/www.panvel.com\/blog\/wp-content\/uploads\/2022\/09\/blog-panvel-1.jpg","caption":"Equipe Panvel"},"description":"O Blog Bem Panvel conta com uma equipe formada por especialistas e traz para seus leitores conte\u00fados relevantes e de qualidade sobre sa\u00fade, beleza e bem-estar.","url":"https:\/\/www.panvel.com\/blog\/author\/dimedmkt\/"}]}},"_links":{"self":[{"href":"https:\/\/www.panvel.com\/blog\/wp-json\/wp\/v2\/posts\/6045"}],"collection":[{"href":"https:\/\/www.panvel.com\/blog\/wp-json\/wp\/v2\/posts"}],"about":[{"href":"https:\/\/www.panvel.com\/blog\/wp-json\/wp\/v2\/types\/post"}],"author":[{"embeddable":true,"href":"https:\/\/www.panvel.com\/blog\/wp-json\/wp\/v2\/users\/3"}],"replies":[{"embeddable":true,"href":"https:\/\/www.panvel.com\/blog\/wp-json\/wp\/v2\/comments?post=6045"}],"version-history":[{"count":1,"href":"https:\/\/www.panvel.com\/blog\/wp-json\/wp\/v2\/posts\/6045\/revisions"}],"predecessor-version":[{"id":6047,"href":"https:\/\/www.panvel.com\/blog\/wp-json\/wp\/v2\/posts\/6045\/revisions\/6047"}],"wp:featuredmedia":[{"embeddable":true,"href":"https:\/\/www.panvel.com\/blog\/wp-json\/wp\/v2\/media\/6046"}],"wp:attachment":[{"href":"https:\/\/www.panvel.com\/blog\/wp-json\/wp\/v2\/media?parent=6045"}],"wp:term":[{"taxonomy":"category","embeddable":true,"href":"https:\/\/www.panvel.com\/blog\/wp-json\/wp\/v2\/categories?post=6045"},{"taxonomy":"post_tag","embeddable":true,"href":"https:\/\/www.panvel.com\/blog\/wp-json\/wp\/v2\/tags?post=6045"},{"taxonomy":"sponsor","embeddable":true,"href":"https:\/\/www.panvel.com\/blog\/wp-json\/wp\/v2\/sponsor?post=6045"}],"curies":[{"name":"wp","href":"https:\/\/api.w.org\/{rel}","templated":true}]}}