{"id":5957,"date":"2023-03-27T17:09:20","date_gmt":"2023-03-27T20:09:20","guid":{"rendered":"\/blog\/?p=5957"},"modified":"2026-01-29T11:49:20","modified_gmt":"2026-01-29T14:49:20","slug":"autocuidado-todos-os-dias-para-melhorar-a-autoestima","status":"publish","type":"post","link":"https:\/\/www.panvel.com\/blog\/dicas-de-beleza\/autocuidado-todos-os-dias-para-melhorar-a-autoestima\/","title":{"rendered":"Beleza e autocuidado todos os dias: a import\u00e2ncia do cuidado com a pele"},"content":{"rendered":"\n<p>\u00c9 autoestima e \u00e9 voc\u00ea bem. Uma <strong>rotina di\u00e1ria<\/strong> de limpeza, hidrata\u00e7\u00e3o e prote\u00e7\u00e3o da pele melhora a rela\u00e7\u00e3o da mulher com a pr\u00f3pria autoimagem. A pele vi\u00e7osa \u00e9 o primeiro sinal de sa\u00fade e bem-estar em todas as idades. A <strong>rotina<\/strong> de aten\u00e7\u00e3o com a pele serve para eliminar restos de c\u00e9lulas mortas e polui\u00e7\u00e3o, oxigenar, hidratar e retardar os sinais de envelhecimento.<\/p>\n\n\n\n<p>Ap\u00f3s a exposi\u00e7\u00e3o intensa ao sol, t\u00edpica do ver\u00e3o, o in\u00edcio do outono convida a adotar todos os passos do <strong>skincare<\/strong> e deixar o rosto mais bonito e protegido. A radia\u00e7\u00e3o solar diminui, mas n\u00e3o d\u00e1 tr\u00e9gua no inverno, que ainda reserva agress\u00f5es \u00e0 pele sens\u00edvel da face como o frio e o vento.<\/p>\n\n\n\n<p>Al\u00e9m da limpeza e da <strong>prote\u00e7\u00e3o solar<\/strong>, indicados desde a inf\u00e2ncia, o in\u00edcio da fase adulta demanda cuidados completos. S\u00e3o 15 minutos di\u00e1rios que impactam na confian\u00e7a e percep\u00e7\u00e3o positiva de si mesmo. Antes de definir os passos desta rotina, \u00e9 recomendado buscar uma ajuda profissional para potencializar os resultados.<\/p>\n\n\n\n<p>\u201cNa consulta \u00e9 poss\u00edvel avaliar a especificidade de cada pele, se \u00e9 oleosa, seca, sens\u00edvel ou mista, se tem manchas ou n\u00e3o, e indicar produtos a partir destas especifidades\u201d, explica a dermatologista Priscila Silvestre.<\/p>\n\n\n\n<p>Muitas pessoas tendem a adiar a<strong> rotina de beleza<\/strong> pelo menos at\u00e9 os 30 anos de idade, quando a produ\u00e7\u00e3o de col\u00e1geno come\u00e7a a diminuir e impactar o aspecto da pele. Nesses casos, produtos de tratamento com efeito antienvelhecimento, como o retinol, \u00e1cido hialur\u00f4nico e \u00e1cido glic\u00f3lico passam a ser aliados.<\/p>\n\n\n\n<p>Conforme a pele vai amadurecendo, tende a se tornar mais fina, fr\u00e1gil e suscet\u00edvel ao aparecimento de rugas, manchas e sinais. Mesmo quem j\u00e1 consolidou uma<strong> rotina de beleza<\/strong> n\u00e3o deve esperar apenas dos produtos a responsabilidade sobre a sa\u00fade da pele. Beber \u00e1gua suficiente todos os dias, ter uma alimenta\u00e7\u00e3o equilibrada, dormir bem a cada noite e ficar longe do cigarro e do \u00e1lcool s\u00e3o h\u00e1bitos saud\u00e1veis que<\/p>\n\n\n\n<p>transparecem no rosto.<\/p>\n\n\n\n<p>Uma <strong>rotina de beleza<\/strong> consistente traz resultados em todas as faixas et\u00e1rias, mas quanto antes voc\u00ea incorpor\u00e1-la ao dia a dia, melhor ser\u00e3o os resultados.<\/p>\n\n\n\n<h2 class=\"wp-block-heading\"><strong>Confira os tr\u00eas passos para sua skincare:<\/strong><br><br><strong>Limpeza <\/strong><\/h2>\n\n\n\n<p>Lavar o rosto \u00e9 essencial para remover sujeiras, impurezas e res\u00edduos de maquiagem. Prefira a \u00e1gua em temperatura fria, para n\u00e3o ressecar a pele. Repita pela manh\u00e3 e \u00e0 noite.<\/p>\n\n\n\n<h2 class=\"wp-block-heading\"><strong>Produtos<\/strong><\/h2>\n\n\n\n<p><strong>Sabonetes faciais:<\/strong> h\u00e1 op\u00e7\u00f5es l\u00edquidas ou em barra para todos os tipos de pele.<\/p>\n\n\n\n<p><strong>T\u00f4nicos<\/strong>: limpam profundamente, controlam a oleosidade de peles com tend\u00eancia a essa caracter\u00edstica e melhoram a absor\u00e7\u00e3o dos demais produtos.<\/p>\n\n\n\n<p><strong>\u00c1gua micelar:<\/strong> solu\u00e7\u00e3o multifuncional facilmente absorvida, limpa e tonifica de uma s\u00f3 vez. Para todos os tipos de pele.<\/p>\n\n\n\n<h2 class=\"wp-block-heading\"><strong>Hidrata\u00e7\u00e3o<\/strong><\/h2>\n\n\n\n<p>A pele limpa est\u00e1 pronta para absorver os nutrientes dos hidratantes, que ir\u00e3o deix\u00e1-la ainda mais vi\u00e7osa. Essa etapa mant\u00e9m a integridade da barreira cut\u00e2nea em<\/p>\n\n\n\n<p>todos os tipos de pele.<\/p>\n\n\n\n<h2 class=\"wp-block-heading\"><strong>Produtos<\/strong><\/h2>\n\n\n\n<p><strong>Cremes<\/strong>: h\u00e1 op\u00e7\u00f5es para diferentes tipos de pele e idades e tamb\u00e9m com ativos para potencializar a renova\u00e7\u00e3o celular, como \u00e1cido hialur\u00f4nico, vitamina E e dexpantenol.<br><strong>S\u00e9runs<\/strong>: com textura mais leve, s\u00e3o indicados para a pele com tend\u00eancia a oleosidade.<br><strong>Cremes de tratamento<\/strong>: Produtos espec\u00edficos para a\u00e7\u00e3o antienvelhecimento, melhora da acne ou tratamento de pele sensibilizada devem ser usados ap\u00f3s a aplica\u00e7\u00e3o noturna do hidrante.<\/p>\n\n\n\n<h2 class=\"wp-block-heading\"><strong>Prote\u00e7\u00e3o solar<\/strong> <\/h2>\n\n\n\n<p>O filtro solar \u00e9 obrigat\u00f3rio em todas as esta\u00e7\u00f5es para proteger a pele dos raios UVB e UVA. Use uma camada generosa e reaplique conforme indica\u00e7\u00e3o do produto, mesmo em dias nublados e chuvosos ou quando n\u00e3o for sair de casa.<\/p>\n\n\n\n<p><strong>Produtos:<\/strong><\/p>\n\n\n\n<p><strong>FPS 30<\/strong>: \u00e9 a prote\u00e7\u00e3o m\u00ednima na cidade e em ambientes fechados.<strong><br>FPS 50<\/strong>: indicado para a praia, piscina, esportes ao ar livre e pessoas com tend\u00eancia a manchas na pele.<br><strong>Filtros solares com cor<\/strong>: oferecem maior barreira f\u00edsica contra a radia\u00e7\u00e3o vis\u00edvel, emitida por aparelhos eletr\u00f4nicos, e uniformizam o tom da pele. Podem substituir a base para quem usa maquiagem.<\/p>\n","protected":false},"excerpt":{"rendered":"<p>Rotina de limpeza, hidrata\u00e7\u00e3o e prote\u00e7\u00e3o da pele melhora a rela\u00e7\u00e3o da mulher com a pr\u00f3pria autoimagem.<\/p>\n","protected":false},"author":3,"featured_media":5958,"comment_status":"open","ping_status":"open","sticky":false,"template":"","format":"standard","meta":[],"categories":[11],"tags":[455,31,1040,179,15,20,25,261,1041,418,39],"sponsor":[],"acf":[],"yoast_head":"<!-- This site is optimized with the Yoast SEO plugin v20.7 - https:\/\/yoast.com\/wordpress\/plugins\/seo\/ -->\n<title>Beleza e autocuidado todos os dias | Blog Panvel<\/title>\n<meta name=\"description\" content=\"Rotina de limpeza, hidrata\u00e7\u00e3o e prote\u00e7\u00e3o da pele melhora a rela\u00e7\u00e3o da mulher com a pr\u00f3pria autoimagem | Blog Panvel\" \/>\n<meta name=\"robots\" content=\"index, follow, max-snippet:-1, max-image-preview:large, max-video-preview:-1\" \/>\n<link rel=\"canonical\" href=\"https:\/\/www.panvel.com\/blog\/dicas-de-beleza\/autocuidado-todos-os-dias-para-melhorar-a-autoestima\/\" \/>\n<meta property=\"og:locale\" content=\"pt_BR\" \/>\n<meta property=\"og:type\" content=\"article\" \/>\n<meta property=\"og:title\" content=\"Beleza e autocuidado todos os dias | Blog Panvel\" \/>\n<meta property=\"og:description\" content=\"Rotina de limpeza, hidrata\u00e7\u00e3o e prote\u00e7\u00e3o da pele melhora a rela\u00e7\u00e3o da mulher com a pr\u00f3pria autoimagem | Blog Panvel\" \/>\n<meta property=\"og:url\" content=\"https:\/\/www.panvel.com\/blog\/dicas-de-beleza\/autocuidado-todos-os-dias-para-melhorar-a-autoestima\/\" \/>\n<meta property=\"og:site_name\" content=\"Blog Bem Panvel\" \/>\n<meta property=\"article:published_time\" content=\"2023-03-27T20:09:20+00:00\" \/>\n<meta property=\"article:modified_time\" content=\"2026-01-29T14:49:20+00:00\" \/>\n<meta property=\"og:image\" content=\"https:\/\/www.panvel.com\/blog\/wp-content\/uploads\/2023\/03\/iStock-1176488807-scaled.jpg\" \/>\n\t<meta property=\"og:image:width\" content=\"2560\" \/>\n\t<meta property=\"og:image:height\" content=\"1706\" \/>\n\t<meta property=\"og:image:type\" content=\"image\/jpeg\" \/>\n<meta name=\"author\" content=\"Equipe Panvel\" \/>\n<meta name=\"twitter:card\" content=\"summary_large_image\" \/>\n<meta name=\"twitter:label1\" content=\"Escrito por\" \/>\n\t<meta name=\"twitter:data1\" content=\"Equipe Panvel\" \/>\n\t<meta name=\"twitter:label2\" content=\"Est. tempo de leitura\" \/>\n\t<meta name=\"twitter:data2\" content=\"4 minutos\" \/>\n<script type=\"application\/ld+json\" class=\"yoast-schema-graph\">{\"@context\":\"https:\/\/schema.org\",\"@graph\":[{\"@type\":\"Article\",\"@id\":\"https:\/\/www.panvel.com\/blog\/dicas-de-beleza\/autocuidado-todos-os-dias-para-melhorar-a-autoestima\/#article\",\"isPartOf\":{\"@id\":\"https:\/\/www.panvel.com\/blog\/dicas-de-beleza\/autocuidado-todos-os-dias-para-melhorar-a-autoestima\/\"},\"author\":{\"name\":\"Equipe Panvel\",\"@id\":\"https:\/\/www.panvel.com\/blog\/#\/schema\/person\/79f5c113f9621ed83897942f6e7501e3\"},\"headline\":\"Beleza e autocuidado todos os dias: a import\u00e2ncia do cuidado com a pele\",\"datePublished\":\"2023-03-27T20:09:20+00:00\",\"dateModified\":\"2026-01-29T14:49:20+00:00\",\"mainEntityOfPage\":{\"@id\":\"https:\/\/www.panvel.com\/blog\/dicas-de-beleza\/autocuidado-todos-os-dias-para-melhorar-a-autoestima\/\"},\"wordCount\":730,\"commentCount\":0,\"publisher\":{\"@id\":\"https:\/\/www.panvel.com\/blog\/#organization\"},\"keywords\":[\"beleza\",\"Bem Estar\",\"cuidado pele\",\"Cuidados com a sa\u00fade\",\"Dicas\",\"Preven\u00e7\u00e3o\",\"Produtos Panvel\",\"Prote\u00e7\u00e3o solar\",\"rotina beleza\",\"saude\",\"Skincare\"],\"articleSection\":[\"Rotina de Beleza\"],\"inLanguage\":\"pt-BR\",\"potentialAction\":[{\"@type\":\"CommentAction\",\"name\":\"Comment\",\"target\":[\"https:\/\/www.panvel.com\/blog\/dicas-de-beleza\/autocuidado-todos-os-dias-para-melhorar-a-autoestima\/#respond\"]}]},{\"@type\":\"WebPage\",\"@id\":\"https:\/\/www.panvel.com\/blog\/dicas-de-beleza\/autocuidado-todos-os-dias-para-melhorar-a-autoestima\/\",\"url\":\"https:\/\/www.panvel.com\/blog\/dicas-de-beleza\/autocuidado-todos-os-dias-para-melhorar-a-autoestima\/\",\"name\":\"Beleza e autocuidado todos os dias | Blog Panvel\",\"isPartOf\":{\"@id\":\"https:\/\/www.panvel.com\/blog\/#website\"},\"datePublished\":\"2023-03-27T20:09:20+00:00\",\"dateModified\":\"2026-01-29T14:49:20+00:00\",\"description\":\"Rotina de limpeza, hidrata\u00e7\u00e3o e prote\u00e7\u00e3o da pele melhora a rela\u00e7\u00e3o da mulher com a pr\u00f3pria autoimagem | Blog Panvel\",\"breadcrumb\":{\"@id\":\"https:\/\/www.panvel.com\/blog\/dicas-de-beleza\/autocuidado-todos-os-dias-para-melhorar-a-autoestima\/#breadcrumb\"},\"inLanguage\":\"pt-BR\",\"potentialAction\":[{\"@type\":\"ReadAction\",\"target\":[\"https:\/\/www.panvel.com\/blog\/dicas-de-beleza\/autocuidado-todos-os-dias-para-melhorar-a-autoestima\/\"]}]},{\"@type\":\"BreadcrumbList\",\"@id\":\"https:\/\/www.panvel.com\/blog\/dicas-de-beleza\/autocuidado-todos-os-dias-para-melhorar-a-autoestima\/#breadcrumb\",\"itemListElement\":[{\"@type\":\"ListItem\",\"position\":1,\"name\":\"Home\",\"item\":\"https:\/\/www.panvel.com\/blog\/\"},{\"@type\":\"ListItem\",\"position\":2,\"name\":\"Rotina de Beleza\",\"item\":\"https:\/\/www.panvel.com\/blog\/dicas-de-beleza\/\"},{\"@type\":\"ListItem\",\"position\":3,\"name\":\"Beleza e autocuidado todos os dias: a import\u00e2ncia do cuidado com a pele\"}]},{\"@type\":\"WebSite\",\"@id\":\"https:\/\/www.panvel.com\/blog\/#website\",\"url\":\"https:\/\/www.panvel.com\/blog\/\",\"name\":\"Blog Bem Panvel\",\"description\":\"Aqui voc\u00ea encontra conte\u00fados e dicas de sa\u00fade, beleza, bem-estar e muito mais.\",\"publisher\":{\"@id\":\"https:\/\/www.panvel.com\/blog\/#organization\"},\"potentialAction\":[{\"@type\":\"SearchAction\",\"target\":{\"@type\":\"EntryPoint\",\"urlTemplate\":\"https:\/\/www.panvel.com\/blog\/?s={search_term_string}\"},\"query-input\":\"required name=search_term_string\"}],\"inLanguage\":\"pt-BR\"},{\"@type\":\"Organization\",\"@id\":\"https:\/\/www.panvel.com\/blog\/#organization\",\"name\":\"Panvel Farm\u00e1cias\",\"url\":\"https:\/\/www.panvel.com\/blog\/\",\"logo\":{\"@type\":\"ImageObject\",\"inLanguage\":\"pt-BR\",\"@id\":\"https:\/\/www.panvel.com\/blog\/#\/schema\/logo\/image\/\",\"url\":\"https:\/\/www.panvel.com\/blog\/wp-content\/uploads\/2020\/10\/logo.png\",\"contentUrl\":\"https:\/\/www.panvel.com\/blog\/wp-content\/uploads\/2020\/10\/logo.png\",\"width\":402,\"height\":53,\"caption\":\"Panvel Farm\u00e1cias\"},\"image\":{\"@id\":\"https:\/\/www.panvel.com\/blog\/#\/schema\/logo\/image\/\"}},{\"@type\":\"Person\",\"@id\":\"https:\/\/www.panvel.com\/blog\/#\/schema\/person\/79f5c113f9621ed83897942f6e7501e3\",\"name\":\"Equipe Panvel\",\"image\":{\"@type\":\"ImageObject\",\"inLanguage\":\"pt-BR\",\"@id\":\"https:\/\/www.panvel.com\/blog\/#\/schema\/person\/image\/\",\"url\":\"https:\/\/www.panvel.com\/blog\/wp-content\/uploads\/2022\/09\/blog-panvel-1.jpg\",\"contentUrl\":\"https:\/\/www.panvel.com\/blog\/wp-content\/uploads\/2022\/09\/blog-panvel-1.jpg\",\"caption\":\"Equipe Panvel\"},\"description\":\"O Blog Bem Panvel conta com uma equipe formada por especialistas e traz para seus leitores conte\u00fados relevantes e de qualidade sobre sa\u00fade, beleza e bem-estar.\",\"url\":\"https:\/\/www.panvel.com\/blog\/author\/dimedmkt\/\"}]}<\/script>\n<!-- \/ Yoast SEO plugin. -->","yoast_head_json":{"title":"Beleza e autocuidado todos os dias | Blog Panvel","description":"Rotina de limpeza, hidrata\u00e7\u00e3o e prote\u00e7\u00e3o da pele melhora a rela\u00e7\u00e3o da mulher com a pr\u00f3pria autoimagem | Blog Panvel","robots":{"index":"index","follow":"follow","max-snippet":"max-snippet:-1","max-image-preview":"max-image-preview:large","max-video-preview":"max-video-preview:-1"},"canonical":"https:\/\/www.panvel.com\/blog\/dicas-de-beleza\/autocuidado-todos-os-dias-para-melhorar-a-autoestima\/","og_locale":"pt_BR","og_type":"article","og_title":"Beleza e autocuidado todos os dias | Blog Panvel","og_description":"Rotina de limpeza, hidrata\u00e7\u00e3o e prote\u00e7\u00e3o da pele melhora a rela\u00e7\u00e3o da mulher com a pr\u00f3pria autoimagem | Blog Panvel","og_url":"https:\/\/www.panvel.com\/blog\/dicas-de-beleza\/autocuidado-todos-os-dias-para-melhorar-a-autoestima\/","og_site_name":"Blog Bem Panvel","article_published_time":"2023-03-27T20:09:20+00:00","article_modified_time":"2026-01-29T14:49:20+00:00","og_image":[{"width":2560,"height":1706,"url":"https:\/\/www.panvel.com\/blog\/wp-content\/uploads\/2023\/03\/iStock-1176488807-scaled.jpg","type":"image\/jpeg"}],"author":"Equipe Panvel","twitter_card":"summary_large_image","twitter_misc":{"Escrito por":"Equipe Panvel","Est. tempo de leitura":"4 minutos"},"schema":{"@context":"https:\/\/schema.org","@graph":[{"@type":"Article","@id":"https:\/\/www.panvel.com\/blog\/dicas-de-beleza\/autocuidado-todos-os-dias-para-melhorar-a-autoestima\/#article","isPartOf":{"@id":"https:\/\/www.panvel.com\/blog\/dicas-de-beleza\/autocuidado-todos-os-dias-para-melhorar-a-autoestima\/"},"author":{"name":"Equipe Panvel","@id":"https:\/\/www.panvel.com\/blog\/#\/schema\/person\/79f5c113f9621ed83897942f6e7501e3"},"headline":"Beleza e autocuidado todos os dias: a import\u00e2ncia do cuidado com a pele","datePublished":"2023-03-27T20:09:20+00:00","dateModified":"2026-01-29T14:49:20+00:00","mainEntityOfPage":{"@id":"https:\/\/www.panvel.com\/blog\/dicas-de-beleza\/autocuidado-todos-os-dias-para-melhorar-a-autoestima\/"},"wordCount":730,"commentCount":0,"publisher":{"@id":"https:\/\/www.panvel.com\/blog\/#organization"},"keywords":["beleza","Bem Estar","cuidado pele","Cuidados com a sa\u00fade","Dicas","Preven\u00e7\u00e3o","Produtos Panvel","Prote\u00e7\u00e3o solar","rotina beleza","saude","Skincare"],"articleSection":["Rotina de Beleza"],"inLanguage":"pt-BR","potentialAction":[{"@type":"CommentAction","name":"Comment","target":["https:\/\/www.panvel.com\/blog\/dicas-de-beleza\/autocuidado-todos-os-dias-para-melhorar-a-autoestima\/#respond"]}]},{"@type":"WebPage","@id":"https:\/\/www.panvel.com\/blog\/dicas-de-beleza\/autocuidado-todos-os-dias-para-melhorar-a-autoestima\/","url":"https:\/\/www.panvel.com\/blog\/dicas-de-beleza\/autocuidado-todos-os-dias-para-melhorar-a-autoestima\/","name":"Beleza e autocuidado todos os dias | Blog Panvel","isPartOf":{"@id":"https:\/\/www.panvel.com\/blog\/#website"},"datePublished":"2023-03-27T20:09:20+00:00","dateModified":"2026-01-29T14:49:20+00:00","description":"Rotina de limpeza, hidrata\u00e7\u00e3o e prote\u00e7\u00e3o da pele melhora a rela\u00e7\u00e3o da mulher com a pr\u00f3pria autoimagem | Blog Panvel","breadcrumb":{"@id":"https:\/\/www.panvel.com\/blog\/dicas-de-beleza\/autocuidado-todos-os-dias-para-melhorar-a-autoestima\/#breadcrumb"},"inLanguage":"pt-BR","potentialAction":[{"@type":"ReadAction","target":["https:\/\/www.panvel.com\/blog\/dicas-de-beleza\/autocuidado-todos-os-dias-para-melhorar-a-autoestima\/"]}]},{"@type":"BreadcrumbList","@id":"https:\/\/www.panvel.com\/blog\/dicas-de-beleza\/autocuidado-todos-os-dias-para-melhorar-a-autoestima\/#breadcrumb","itemListElement":[{"@type":"ListItem","position":1,"name":"Home","item":"https:\/\/www.panvel.com\/blog\/"},{"@type":"ListItem","position":2,"name":"Rotina de Beleza","item":"https:\/\/www.panvel.com\/blog\/dicas-de-beleza\/"},{"@type":"ListItem","position":3,"name":"Beleza e autocuidado todos os dias: a import\u00e2ncia do cuidado com a pele"}]},{"@type":"WebSite","@id":"https:\/\/www.panvel.com\/blog\/#website","url":"https:\/\/www.panvel.com\/blog\/","name":"Blog Bem Panvel","description":"Aqui voc\u00ea encontra conte\u00fados e dicas de sa\u00fade, beleza, bem-estar e muito mais.","publisher":{"@id":"https:\/\/www.panvel.com\/blog\/#organization"},"potentialAction":[{"@type":"SearchAction","target":{"@type":"EntryPoint","urlTemplate":"https:\/\/www.panvel.com\/blog\/?s={search_term_string}"},"query-input":"required name=search_term_string"}],"inLanguage":"pt-BR"},{"@type":"Organization","@id":"https:\/\/www.panvel.com\/blog\/#organization","name":"Panvel Farm\u00e1cias","url":"https:\/\/www.panvel.com\/blog\/","logo":{"@type":"ImageObject","inLanguage":"pt-BR","@id":"https:\/\/www.panvel.com\/blog\/#\/schema\/logo\/image\/","url":"https:\/\/www.panvel.com\/blog\/wp-content\/uploads\/2020\/10\/logo.png","contentUrl":"https:\/\/www.panvel.com\/blog\/wp-content\/uploads\/2020\/10\/logo.png","width":402,"height":53,"caption":"Panvel Farm\u00e1cias"},"image":{"@id":"https:\/\/www.panvel.com\/blog\/#\/schema\/logo\/image\/"}},{"@type":"Person","@id":"https:\/\/www.panvel.com\/blog\/#\/schema\/person\/79f5c113f9621ed83897942f6e7501e3","name":"Equipe Panvel","image":{"@type":"ImageObject","inLanguage":"pt-BR","@id":"https:\/\/www.panvel.com\/blog\/#\/schema\/person\/image\/","url":"https:\/\/www.panvel.com\/blog\/wp-content\/uploads\/2022\/09\/blog-panvel-1.jpg","contentUrl":"https:\/\/www.panvel.com\/blog\/wp-content\/uploads\/2022\/09\/blog-panvel-1.jpg","caption":"Equipe Panvel"},"description":"O Blog Bem Panvel conta com uma equipe formada por especialistas e traz para seus leitores conte\u00fados relevantes e de qualidade sobre sa\u00fade, beleza e bem-estar.","url":"https:\/\/www.panvel.com\/blog\/author\/dimedmkt\/"}]}},"_links":{"self":[{"href":"https:\/\/www.panvel.com\/blog\/wp-json\/wp\/v2\/posts\/5957"}],"collection":[{"href":"https:\/\/www.panvel.com\/blog\/wp-json\/wp\/v2\/posts"}],"about":[{"href":"https:\/\/www.panvel.com\/blog\/wp-json\/wp\/v2\/types\/post"}],"author":[{"embeddable":true,"href":"https:\/\/www.panvel.com\/blog\/wp-json\/wp\/v2\/users\/3"}],"replies":[{"embeddable":true,"href":"https:\/\/www.panvel.com\/blog\/wp-json\/wp\/v2\/comments?post=5957"}],"version-history":[{"count":4,"href":"https:\/\/www.panvel.com\/blog\/wp-json\/wp\/v2\/posts\/5957\/revisions"}],"predecessor-version":[{"id":10641,"href":"https:\/\/www.panvel.com\/blog\/wp-json\/wp\/v2\/posts\/5957\/revisions\/10641"}],"wp:featuredmedia":[{"embeddable":true,"href":"https:\/\/www.panvel.com\/blog\/wp-json\/wp\/v2\/media\/5958"}],"wp:attachment":[{"href":"https:\/\/www.panvel.com\/blog\/wp-json\/wp\/v2\/media?parent=5957"}],"wp:term":[{"taxonomy":"category","embeddable":true,"href":"https:\/\/www.panvel.com\/blog\/wp-json\/wp\/v2\/categories?post=5957"},{"taxonomy":"post_tag","embeddable":true,"href":"https:\/\/www.panvel.com\/blog\/wp-json\/wp\/v2\/tags?post=5957"},{"taxonomy":"sponsor","embeddable":true,"href":"https:\/\/www.panvel.com\/blog\/wp-json\/wp\/v2\/sponsor?post=5957"}],"curies":[{"name":"wp","href":"https:\/\/api.w.org\/{rel}","templated":true}]}}