{"id":5942,"date":"2023-03-22T08:15:40","date_gmt":"2023-03-22T11:15:40","guid":{"rendered":"\/blog\/?p=5942"},"modified":"2023-11-22T15:58:49","modified_gmt":"2023-11-22T18:58:49","slug":"a-importancia-da-inclusao-das-criancas-com-sindrome-de-down","status":"publish","type":"post","link":"https:\/\/www.panvel.com\/blog\/bebe-e-crianca\/a-importancia-da-inclusao-das-criancas-com-sindrome-de-down\/","title":{"rendered":"A import\u00e2ncia da inclus\u00e3o das crian\u00e7as com s\u00edndrome de Down"},"content":{"rendered":"\n<p>Os primeiros anos de vida s\u00e3o repletos de descobertas. \u00c9 nesta fase que as crian\u00e7as est\u00e3o mais abertas a novas experi\u00eancias e aprendem a maior parte das habilidades sociais e emocionais que ser\u00e3o colocadas em pr\u00e1tica ao longo de toda a vida. Por isso, nada mais justo que a <strong>inclus\u00e3o<\/strong> tamb\u00e9m comece desde cedo, permitindo aos pequenos aprender, trabalhar e conviver com pessoas diferentes de si mesmos.&nbsp;<\/p>\n\n\n\n<p>A <a href=\"https:\/\/www.instagram.com\/dracrismeirelles\/\" target=\"_blank\" rel=\"noreferrer noopener\">pediatra e infectologista pedi\u00e1trica <\/a><a href=\"https:\/\/www.instagram.com\/dracrismeirelles\/\" target=\"_blank\" rel=\"noreferrer noopener\">Cristiana Meirelles<\/a>, especialista em S\u00edndrome de Down, explica que ter contato com a <strong>diversidade na inf\u00e2ncia<\/strong> \u00e9 extremamente importante para as crian\u00e7as em geral, pois ajuda a promover a compreens\u00e3o, a empatia e a toler\u00e2ncia. \u201cQuando as crian\u00e7as s\u00e3o expostas a pessoas de diferentes culturas, origens e habilidades, elas t\u00eam a oportunidade de aprender sobre diferentes perspectivas e modos de vida, o que pode ajud\u00e1-las a desenvolver uma vis\u00e3o mais ampla e <strong>inclusiva<\/strong> do mundo\u201d, diz a m\u00e9dica.&nbsp;<\/p>\n\n\n\n<h2 class=\"wp-block-heading\"><strong>Crian\u00e7as com s\u00edndrome de Down<\/strong>&nbsp;<\/h2>\n\n\n\n<p>Ao contr\u00e1rio do que se costuma pensar, a <strong>inclus\u00e3o<\/strong> da crian\u00e7a com <strong>s\u00edndrome de Down<\/strong> come\u00e7a bem antes do ingresso na escola. \u201cCome\u00e7a no momento do nascimento de um beb\u00ea com trissomia do cromossomo 21 (T21). \u00c9 um percurso inclusivo que come\u00e7a em casa, na fam\u00edlia, e se estende \u00e0 comunidade: escola, igreja, clube, parques, trabalho etc\u201d, explica Cristiana.[Quebra da Disposi\u00e7\u00e3o de Texto]&nbsp;<\/p>\n\n\n\n<p>Ao longo da hist\u00f3ria, houve per\u00edodos em que as crian\u00e7as com <strong>s\u00edndrome de Down<\/strong> permaneciam em casa ou em institui\u00e7\u00f5es de pessoas com defici\u00eancias. Felizmente, esse cen\u00e1rio mudou: elas est\u00e3o inseridas na sociedade, exercendo seu papel como cidad\u00e3s.&nbsp;<\/p>\n\n\n\n<p>\u201cA <strong>inclus\u00e3o<\/strong> \u00e9 extremamente importante para garantir que as crian\u00e7as com T21 tenham as mesmas oportunidades de aprendizado e desenvolvimento social que as demais. Al\u00e9m disso, ajuda a combater o estigma e a discrimina\u00e7\u00e3o que muitas vezes acompanham a s\u00edndrome e permite que as crian\u00e7as com essa condi\u00e7\u00e3o sejam valorizadas como indiv\u00edduos \u00fanicos e valiosos\u201d, afirma a especialista.&nbsp;&nbsp;<\/p>\n\n\n\n<h2 class=\"wp-block-heading\"><strong>Inclus\u00e3o na escola<\/strong>&nbsp;<\/h2>\n\n\n\n<p>Cristiana tamb\u00e9m afirma que a escola deve valorizar a <strong>diversidade<\/strong> e n\u00e3o s\u00f3 respeit\u00e1-la, n\u00e3o esquecendo ainda que, dentro do grupo de crian\u00e7as com T21, tamb\u00e9m h\u00e1 in\u00fameras diferen\u00e7as e n\u00e3o se deve generalizar um comportamento e criar estere\u00f3tipos.&nbsp;<\/p>\n\n\n\n<p>\u201cA aprendizagem cooperativa \u00e9 fundamental na educa\u00e7\u00e3o infantil seguindo ao longo do ensino fundamental e m\u00e9dio. Ou seja, as crian\u00e7as aprendem umas com as outras. A<strong> acessibilidade<\/strong> \u00e9 o pr\u00e9-requisito e a conviv\u00eancia \u00e9 a chave para a inclus\u00e3o\u201d, explica.&nbsp;<\/p>\n\n\n\n<p>De acordo com a pediatra, a <strong>inclus\u00e3o<\/strong> das <strong>crian\u00e7as com s\u00edndrome de Down<\/strong> pode ocorrer de diversas maneiras, sempre considerando a idade e as necessidades individuais.&nbsp;<\/p>\n\n\n\n<h2 class=\"wp-block-heading\">Veja algumas dicas para os pais:&nbsp;<\/h2>\n\n\n\n<ul>\n<li>Procurar escolas e atividades que valorizem a inclus\u00e3o&nbsp;<\/li>\n\n\n\n<li>Garantir que a crian\u00e7a tenha acesso a recursos e suportes que possam ajud\u00e1-la a aprender e desenvolver habilidades sociais&nbsp;<\/li>\n\n\n\n<li>Trabalhar em estreita colabora\u00e7\u00e3o com educadores e profissionais de sa\u00fade para garantir que as necessidades da crian\u00e7a sejam atendidas&nbsp;<\/li>\n<\/ul>\n\n\n\n<p><\/p>\n\n\n\n<p>\u201cNa escola, n\u00e3o h\u00e1 homogeneidade de desenvolvimento neurol\u00f3gico, cognitivo e social, de aprendizagem e conhecimento, de contexto de vida e de recursos, nem entre indiv\u00edduos ditos t\u00edpicos, nem entre os at\u00edpicos. Por isso, o ensino n\u00e3o pode ser engessado e igual para o grupo, dirigido a todos da mesma forma\u201d, diz Cristiana.\u00a0<\/p>\n\n\n\n<p>Todas as crian\u00e7as t\u00eam direito \u00e0 educa\u00e7\u00e3o, e para garanti-lo, s\u00e3o necess\u00e1rias estrat\u00e9gias diferentes e individualizadas que ofere\u00e7am a cada aluno ferramentas para que ele aprenda da sua forma e na sua velocidade o conte\u00fado pedag\u00f3gico.&nbsp;<\/p>\n\n\n\n<p>\u201c\u00c9 muito importante que haja intera\u00e7\u00e3o frequente entre escola, fam\u00edlia e equipe de sa\u00fade (m\u00e9dicos e terapeutas) da crian\u00e7a com T21. Para que o aprendizado ocorra da melhor forma\u201d, aponta a m\u00e9dica.&nbsp;<\/p>\n\n\n\n<h2 class=\"wp-block-heading\"><strong>Sa\u00fade da crian\u00e7a com s\u00edndrome de Down<\/strong>&nbsp;<\/h2>\n\n\n\n<p>Para garantir a <strong>inclus\u00e3o<\/strong>, \u00e9 preciso que a sa\u00fade f\u00edsica e mental da crian\u00e7a com s\u00edndrome de Down estejam em dia. As consultas com pediatra devem ser regulares para avalia\u00e7\u00e3o da fun\u00e7\u00e3o da tireoide, alimenta\u00e7\u00e3o, poss\u00edveis dist\u00farbios do sono, altera\u00e7\u00f5es intestinais, defici\u00eancias auditivas e visuais, dentre outros t\u00f3picos, que podem interferir diretamente no rendimento da crian\u00e7a na escola.&nbsp;<\/p>\n\n\n\n<p>Al\u00e9m disso, a fam\u00edlia precisa se empoderar e se capacitar para ajudar neste processo, utilizando as rotinas di\u00e1rias e recursos da comunidade como meios de colocar na pr\u00e1tica teorias ensinadas na escola.&nbsp;<\/p>\n\n\n\n<p>A m\u00e9dica destaca o papel da criatividade para despertar nas crian\u00e7as com <strong>s\u00edndrome de Down <\/strong>o desejo de aprender. \u00c9 preciso que o ambiente escolar seja interessante e inspirador. &nbsp;<\/p>\n\n\n\n<p>\u201cNa <strong>s\u00edndrome de Down<\/strong>, pode haver dificuldade de mem\u00f3ria de curto prazo, linguagem verbal, fun\u00e7\u00f5es executivas e aten\u00e7\u00e3o. Desta forma, princ\u00edpios pedag\u00f3gicos diversos e estrat\u00e9gias de motiva\u00e7\u00e3o s\u00e3o muito bem-vindos. Variar o espa\u00e7o, dispor de recursos visuais, realizar atividades pr\u00e1ticas e utilizar materiais concretos s\u00e3o alguns exemplos de m\u00e9todos para potencializar o aprendizado\u201d, sugere Cristiana.&nbsp;<\/p>\n\n\n\n<p>A especialista tamb\u00e9m afirma que \u00e9 preciso acreditar e dar oportunidades \u00e0s crian\u00e7as com <strong>s\u00edndrome de Down<\/strong>, j\u00e1 que o maior desafio da educa\u00e7\u00e3o inclusiva n\u00e3o \u00e9 o momento de entrar na escola, e sim o de \u201csair da escola\u201d. &nbsp;<\/p>\n\n\n\n<p>\u201cA crian\u00e7a estar\u00e1 mais feliz? Mais capaz? Com mais autonomia e conhecimento? Se sim, o papel desta institui\u00e7\u00e3o foi cumprido!\u201d, afirma.&nbsp;<\/p>\n\n\n\n<p>Gostou desse conte\u00fado? Que tal compartilhar com os pais dos colegas e amiguinhos do seu filho? Acompanhe o nosso blog para ficar por dentro de mais not\u00edcias sobre este assunto!&nbsp;<\/p>\n","protected":false},"excerpt":{"rendered":"<p>Conv\u00edvio com pessoas diferentes de si ajuda os pequenos a desenvolver uma vis\u00e3o mais ampla e inclusiva do mundo.<\/p>\n","protected":false},"author":3,"featured_media":5943,"comment_status":"open","ping_status":"open","sticky":false,"template":"","format":"standard","meta":[],"categories":[582],"tags":[266,469,418,966,467],"sponsor":[],"acf":[],"yoast_head":"<!-- This site is optimized with the Yoast SEO plugin v20.7 - https:\/\/yoast.com\/wordpress\/plugins\/seo\/ -->\n<title>A import\u00e2ncia da inclus\u00e3o das crian\u00e7as com s\u00edndrome de Down<\/title>\n<meta name=\"description\" content=\"Conv\u00edvio com pessoas diferentes de si ajuda os pequenos a desenvolver uma vis\u00e3o mais ampla e inclusiva do mundo.\" \/>\n<meta name=\"robots\" content=\"index, follow, max-snippet:-1, max-image-preview:large, max-video-preview:-1\" \/>\n<link rel=\"canonical\" href=\"https:\/\/www.panvel.com\/blog\/bebe-e-crianca\/a-importancia-da-inclusao-das-criancas-com-sindrome-de-down\/\" \/>\n<meta property=\"og:locale\" content=\"pt_BR\" \/>\n<meta property=\"og:type\" content=\"article\" \/>\n<meta property=\"og:title\" content=\"A import\u00e2ncia da inclus\u00e3o das crian\u00e7as com s\u00edndrome de Down\" \/>\n<meta property=\"og:description\" content=\"Conv\u00edvio com pessoas diferentes de si ajuda os pequenos a desenvolver uma vis\u00e3o mais ampla e inclusiva do mundo.\" \/>\n<meta property=\"og:url\" content=\"https:\/\/www.panvel.com\/blog\/bebe-e-crianca\/a-importancia-da-inclusao-das-criancas-com-sindrome-de-down\/\" \/>\n<meta property=\"og:site_name\" content=\"Blog Bem Panvel\" \/>\n<meta property=\"article:published_time\" content=\"2023-03-22T11:15:40+00:00\" \/>\n<meta property=\"article:modified_time\" content=\"2023-11-22T18:58:49+00:00\" \/>\n<meta property=\"og:image\" content=\"https:\/\/www.panvel.com\/blog\/wp-content\/uploads\/2023\/03\/iStock-1352437682.jpg\" \/>\n\t<meta property=\"og:image:width\" content=\"724\" \/>\n\t<meta property=\"og:image:height\" content=\"483\" \/>\n\t<meta property=\"og:image:type\" content=\"image\/jpeg\" \/>\n<meta name=\"author\" content=\"Equipe Panvel\" \/>\n<meta name=\"twitter:card\" content=\"summary_large_image\" \/>\n<meta name=\"twitter:label1\" content=\"Escrito por\" \/>\n\t<meta name=\"twitter:data1\" content=\"Equipe Panvel\" \/>\n\t<meta name=\"twitter:label2\" content=\"Est. tempo de leitura\" \/>\n\t<meta name=\"twitter:data2\" content=\"5 minutos\" \/>\n<script type=\"application\/ld+json\" class=\"yoast-schema-graph\">{\"@context\":\"https:\/\/schema.org\",\"@graph\":[{\"@type\":\"Article\",\"@id\":\"https:\/\/www.panvel.com\/blog\/bebe-e-crianca\/a-importancia-da-inclusao-das-criancas-com-sindrome-de-down\/#article\",\"isPartOf\":{\"@id\":\"https:\/\/www.panvel.com\/blog\/bebe-e-crianca\/a-importancia-da-inclusao-das-criancas-com-sindrome-de-down\/\"},\"author\":{\"name\":\"Equipe Panvel\",\"@id\":\"https:\/\/www.panvel.com\/blog\/#\/schema\/person\/79f5c113f9621ed83897942f6e7501e3\"},\"headline\":\"A import\u00e2ncia da inclus\u00e3o das crian\u00e7as com s\u00edndrome de Down\",\"datePublished\":\"2023-03-22T11:15:40+00:00\",\"dateModified\":\"2023-11-22T18:58:49+00:00\",\"mainEntityOfPage\":{\"@id\":\"https:\/\/www.panvel.com\/blog\/bebe-e-crianca\/a-importancia-da-inclusao-das-criancas-com-sindrome-de-down\/\"},\"wordCount\":1032,\"commentCount\":0,\"publisher\":{\"@id\":\"https:\/\/www.panvel.com\/blog\/#organization\"},\"keywords\":[\"Crian\u00e7as\",\"Dia Mundial da S\u00edndrome de Down\",\"saude\",\"sindrome\",\"s\u00edndrome de down\"],\"articleSection\":[\"Beb\u00ea e Crian\u00e7a\"],\"inLanguage\":\"pt-BR\",\"potentialAction\":[{\"@type\":\"CommentAction\",\"name\":\"Comment\",\"target\":[\"https:\/\/www.panvel.com\/blog\/bebe-e-crianca\/a-importancia-da-inclusao-das-criancas-com-sindrome-de-down\/#respond\"]}]},{\"@type\":\"WebPage\",\"@id\":\"https:\/\/www.panvel.com\/blog\/bebe-e-crianca\/a-importancia-da-inclusao-das-criancas-com-sindrome-de-down\/\",\"url\":\"https:\/\/www.panvel.com\/blog\/bebe-e-crianca\/a-importancia-da-inclusao-das-criancas-com-sindrome-de-down\/\",\"name\":\"A import\u00e2ncia da inclus\u00e3o das crian\u00e7as com s\u00edndrome de Down\",\"isPartOf\":{\"@id\":\"https:\/\/www.panvel.com\/blog\/#website\"},\"datePublished\":\"2023-03-22T11:15:40+00:00\",\"dateModified\":\"2023-11-22T18:58:49+00:00\",\"description\":\"Conv\u00edvio com pessoas diferentes de si ajuda os pequenos a desenvolver uma vis\u00e3o mais ampla e inclusiva do mundo.\",\"breadcrumb\":{\"@id\":\"https:\/\/www.panvel.com\/blog\/bebe-e-crianca\/a-importancia-da-inclusao-das-criancas-com-sindrome-de-down\/#breadcrumb\"},\"inLanguage\":\"pt-BR\",\"potentialAction\":[{\"@type\":\"ReadAction\",\"target\":[\"https:\/\/www.panvel.com\/blog\/bebe-e-crianca\/a-importancia-da-inclusao-das-criancas-com-sindrome-de-down\/\"]}]},{\"@type\":\"BreadcrumbList\",\"@id\":\"https:\/\/www.panvel.com\/blog\/bebe-e-crianca\/a-importancia-da-inclusao-das-criancas-com-sindrome-de-down\/#breadcrumb\",\"itemListElement\":[{\"@type\":\"ListItem\",\"position\":1,\"name\":\"Home\",\"item\":\"https:\/\/www.panvel.com\/blog\/\"},{\"@type\":\"ListItem\",\"position\":2,\"name\":\"Beb\u00ea e Crian\u00e7a\",\"item\":\"https:\/\/www.panvel.com\/blog\/bebe-e-crianca\/\"},{\"@type\":\"ListItem\",\"position\":3,\"name\":\"A import\u00e2ncia da inclus\u00e3o das crian\u00e7as com s\u00edndrome de Down\"}]},{\"@type\":\"WebSite\",\"@id\":\"https:\/\/www.panvel.com\/blog\/#website\",\"url\":\"https:\/\/www.panvel.com\/blog\/\",\"name\":\"Blog Bem Panvel\",\"description\":\"Aqui voc\u00ea encontra conte\u00fados e dicas de sa\u00fade, beleza, bem-estar e muito mais.\",\"publisher\":{\"@id\":\"https:\/\/www.panvel.com\/blog\/#organization\"},\"potentialAction\":[{\"@type\":\"SearchAction\",\"target\":{\"@type\":\"EntryPoint\",\"urlTemplate\":\"https:\/\/www.panvel.com\/blog\/?s={search_term_string}\"},\"query-input\":\"required name=search_term_string\"}],\"inLanguage\":\"pt-BR\"},{\"@type\":\"Organization\",\"@id\":\"https:\/\/www.panvel.com\/blog\/#organization\",\"name\":\"Panvel Farm\u00e1cias\",\"url\":\"https:\/\/www.panvel.com\/blog\/\",\"logo\":{\"@type\":\"ImageObject\",\"inLanguage\":\"pt-BR\",\"@id\":\"https:\/\/www.panvel.com\/blog\/#\/schema\/logo\/image\/\",\"url\":\"https:\/\/www.panvel.com\/blog\/wp-content\/uploads\/2020\/10\/logo.png\",\"contentUrl\":\"https:\/\/www.panvel.com\/blog\/wp-content\/uploads\/2020\/10\/logo.png\",\"width\":402,\"height\":53,\"caption\":\"Panvel Farm\u00e1cias\"},\"image\":{\"@id\":\"https:\/\/www.panvel.com\/blog\/#\/schema\/logo\/image\/\"}},{\"@type\":\"Person\",\"@id\":\"https:\/\/www.panvel.com\/blog\/#\/schema\/person\/79f5c113f9621ed83897942f6e7501e3\",\"name\":\"Equipe Panvel\",\"image\":{\"@type\":\"ImageObject\",\"inLanguage\":\"pt-BR\",\"@id\":\"https:\/\/www.panvel.com\/blog\/#\/schema\/person\/image\/\",\"url\":\"https:\/\/www.panvel.com\/blog\/wp-content\/uploads\/2022\/09\/blog-panvel-1.jpg\",\"contentUrl\":\"https:\/\/www.panvel.com\/blog\/wp-content\/uploads\/2022\/09\/blog-panvel-1.jpg\",\"caption\":\"Equipe Panvel\"},\"description\":\"O Blog Bem Panvel conta com uma equipe formada por especialistas e traz para seus leitores conte\u00fados relevantes e de qualidade sobre sa\u00fade, beleza e bem-estar.\",\"url\":\"https:\/\/www.panvel.com\/blog\/author\/dimedmkt\/\"}]}<\/script>\n<!-- \/ Yoast SEO plugin. -->","yoast_head_json":{"title":"A import\u00e2ncia da inclus\u00e3o das crian\u00e7as com s\u00edndrome de Down","description":"Conv\u00edvio com pessoas diferentes de si ajuda os pequenos a desenvolver uma vis\u00e3o mais ampla e inclusiva do mundo.","robots":{"index":"index","follow":"follow","max-snippet":"max-snippet:-1","max-image-preview":"max-image-preview:large","max-video-preview":"max-video-preview:-1"},"canonical":"https:\/\/www.panvel.com\/blog\/bebe-e-crianca\/a-importancia-da-inclusao-das-criancas-com-sindrome-de-down\/","og_locale":"pt_BR","og_type":"article","og_title":"A import\u00e2ncia da inclus\u00e3o das crian\u00e7as com s\u00edndrome de Down","og_description":"Conv\u00edvio com pessoas diferentes de si ajuda os pequenos a desenvolver uma vis\u00e3o mais ampla e inclusiva do mundo.","og_url":"https:\/\/www.panvel.com\/blog\/bebe-e-crianca\/a-importancia-da-inclusao-das-criancas-com-sindrome-de-down\/","og_site_name":"Blog Bem Panvel","article_published_time":"2023-03-22T11:15:40+00:00","article_modified_time":"2023-11-22T18:58:49+00:00","og_image":[{"width":724,"height":483,"url":"https:\/\/www.panvel.com\/blog\/wp-content\/uploads\/2023\/03\/iStock-1352437682.jpg","type":"image\/jpeg"}],"author":"Equipe Panvel","twitter_card":"summary_large_image","twitter_misc":{"Escrito por":"Equipe Panvel","Est. tempo de leitura":"5 minutos"},"schema":{"@context":"https:\/\/schema.org","@graph":[{"@type":"Article","@id":"https:\/\/www.panvel.com\/blog\/bebe-e-crianca\/a-importancia-da-inclusao-das-criancas-com-sindrome-de-down\/#article","isPartOf":{"@id":"https:\/\/www.panvel.com\/blog\/bebe-e-crianca\/a-importancia-da-inclusao-das-criancas-com-sindrome-de-down\/"},"author":{"name":"Equipe Panvel","@id":"https:\/\/www.panvel.com\/blog\/#\/schema\/person\/79f5c113f9621ed83897942f6e7501e3"},"headline":"A import\u00e2ncia da inclus\u00e3o das crian\u00e7as com s\u00edndrome de Down","datePublished":"2023-03-22T11:15:40+00:00","dateModified":"2023-11-22T18:58:49+00:00","mainEntityOfPage":{"@id":"https:\/\/www.panvel.com\/blog\/bebe-e-crianca\/a-importancia-da-inclusao-das-criancas-com-sindrome-de-down\/"},"wordCount":1032,"commentCount":0,"publisher":{"@id":"https:\/\/www.panvel.com\/blog\/#organization"},"keywords":["Crian\u00e7as","Dia Mundial da S\u00edndrome de Down","saude","sindrome","s\u00edndrome de down"],"articleSection":["Beb\u00ea e Crian\u00e7a"],"inLanguage":"pt-BR","potentialAction":[{"@type":"CommentAction","name":"Comment","target":["https:\/\/www.panvel.com\/blog\/bebe-e-crianca\/a-importancia-da-inclusao-das-criancas-com-sindrome-de-down\/#respond"]}]},{"@type":"WebPage","@id":"https:\/\/www.panvel.com\/blog\/bebe-e-crianca\/a-importancia-da-inclusao-das-criancas-com-sindrome-de-down\/","url":"https:\/\/www.panvel.com\/blog\/bebe-e-crianca\/a-importancia-da-inclusao-das-criancas-com-sindrome-de-down\/","name":"A import\u00e2ncia da inclus\u00e3o das crian\u00e7as com s\u00edndrome de Down","isPartOf":{"@id":"https:\/\/www.panvel.com\/blog\/#website"},"datePublished":"2023-03-22T11:15:40+00:00","dateModified":"2023-11-22T18:58:49+00:00","description":"Conv\u00edvio com pessoas diferentes de si ajuda os pequenos a desenvolver uma vis\u00e3o mais ampla e inclusiva do mundo.","breadcrumb":{"@id":"https:\/\/www.panvel.com\/blog\/bebe-e-crianca\/a-importancia-da-inclusao-das-criancas-com-sindrome-de-down\/#breadcrumb"},"inLanguage":"pt-BR","potentialAction":[{"@type":"ReadAction","target":["https:\/\/www.panvel.com\/blog\/bebe-e-crianca\/a-importancia-da-inclusao-das-criancas-com-sindrome-de-down\/"]}]},{"@type":"BreadcrumbList","@id":"https:\/\/www.panvel.com\/blog\/bebe-e-crianca\/a-importancia-da-inclusao-das-criancas-com-sindrome-de-down\/#breadcrumb","itemListElement":[{"@type":"ListItem","position":1,"name":"Home","item":"https:\/\/www.panvel.com\/blog\/"},{"@type":"ListItem","position":2,"name":"Beb\u00ea e Crian\u00e7a","item":"https:\/\/www.panvel.com\/blog\/bebe-e-crianca\/"},{"@type":"ListItem","position":3,"name":"A import\u00e2ncia da inclus\u00e3o das crian\u00e7as com s\u00edndrome de Down"}]},{"@type":"WebSite","@id":"https:\/\/www.panvel.com\/blog\/#website","url":"https:\/\/www.panvel.com\/blog\/","name":"Blog Bem Panvel","description":"Aqui voc\u00ea encontra conte\u00fados e dicas de sa\u00fade, beleza, bem-estar e muito mais.","publisher":{"@id":"https:\/\/www.panvel.com\/blog\/#organization"},"potentialAction":[{"@type":"SearchAction","target":{"@type":"EntryPoint","urlTemplate":"https:\/\/www.panvel.com\/blog\/?s={search_term_string}"},"query-input":"required name=search_term_string"}],"inLanguage":"pt-BR"},{"@type":"Organization","@id":"https:\/\/www.panvel.com\/blog\/#organization","name":"Panvel Farm\u00e1cias","url":"https:\/\/www.panvel.com\/blog\/","logo":{"@type":"ImageObject","inLanguage":"pt-BR","@id":"https:\/\/www.panvel.com\/blog\/#\/schema\/logo\/image\/","url":"https:\/\/www.panvel.com\/blog\/wp-content\/uploads\/2020\/10\/logo.png","contentUrl":"https:\/\/www.panvel.com\/blog\/wp-content\/uploads\/2020\/10\/logo.png","width":402,"height":53,"caption":"Panvel Farm\u00e1cias"},"image":{"@id":"https:\/\/www.panvel.com\/blog\/#\/schema\/logo\/image\/"}},{"@type":"Person","@id":"https:\/\/www.panvel.com\/blog\/#\/schema\/person\/79f5c113f9621ed83897942f6e7501e3","name":"Equipe Panvel","image":{"@type":"ImageObject","inLanguage":"pt-BR","@id":"https:\/\/www.panvel.com\/blog\/#\/schema\/person\/image\/","url":"https:\/\/www.panvel.com\/blog\/wp-content\/uploads\/2022\/09\/blog-panvel-1.jpg","contentUrl":"https:\/\/www.panvel.com\/blog\/wp-content\/uploads\/2022\/09\/blog-panvel-1.jpg","caption":"Equipe Panvel"},"description":"O Blog Bem Panvel conta com uma equipe formada por especialistas e traz para seus leitores conte\u00fados relevantes e de qualidade sobre sa\u00fade, beleza e bem-estar.","url":"https:\/\/www.panvel.com\/blog\/author\/dimedmkt\/"}]}},"_links":{"self":[{"href":"https:\/\/www.panvel.com\/blog\/wp-json\/wp\/v2\/posts\/5942"}],"collection":[{"href":"https:\/\/www.panvel.com\/blog\/wp-json\/wp\/v2\/posts"}],"about":[{"href":"https:\/\/www.panvel.com\/blog\/wp-json\/wp\/v2\/types\/post"}],"author":[{"embeddable":true,"href":"https:\/\/www.panvel.com\/blog\/wp-json\/wp\/v2\/users\/3"}],"replies":[{"embeddable":true,"href":"https:\/\/www.panvel.com\/blog\/wp-json\/wp\/v2\/comments?post=5942"}],"version-history":[{"count":3,"href":"https:\/\/www.panvel.com\/blog\/wp-json\/wp\/v2\/posts\/5942\/revisions"}],"predecessor-version":[{"id":7071,"href":"https:\/\/www.panvel.com\/blog\/wp-json\/wp\/v2\/posts\/5942\/revisions\/7071"}],"wp:featuredmedia":[{"embeddable":true,"href":"https:\/\/www.panvel.com\/blog\/wp-json\/wp\/v2\/media\/5943"}],"wp:attachment":[{"href":"https:\/\/www.panvel.com\/blog\/wp-json\/wp\/v2\/media?parent=5942"}],"wp:term":[{"taxonomy":"category","embeddable":true,"href":"https:\/\/www.panvel.com\/blog\/wp-json\/wp\/v2\/categories?post=5942"},{"taxonomy":"post_tag","embeddable":true,"href":"https:\/\/www.panvel.com\/blog\/wp-json\/wp\/v2\/tags?post=5942"},{"taxonomy":"sponsor","embeddable":true,"href":"https:\/\/www.panvel.com\/blog\/wp-json\/wp\/v2\/sponsor?post=5942"}],"curies":[{"name":"wp","href":"https:\/\/api.w.org\/{rel}","templated":true}]}}