{"id":5886,"date":"2023-03-17T09:49:56","date_gmt":"2023-03-17T12:49:56","guid":{"rendered":"\/blog\/?p=5886"},"modified":"2023-11-22T16:02:17","modified_gmt":"2023-11-22T19:02:17","slug":"tres-passos-para-recuperar-o-cabelo-dos-efeitos-do-verao","status":"publish","type":"post","link":"https:\/\/www.panvel.com\/blog\/dicas-de-beleza\/tres-passos-para-recuperar-o-cabelo-dos-efeitos-do-verao\/","title":{"rendered":"Tr\u00eas passos para recuperar o cabelo dos efeitos do ver\u00e3o"},"content":{"rendered":"\n<p>Como est\u00e3o os seus <strong>cabelos ap\u00f3s o ver\u00e3o<\/strong>? Muitas madeixas chegam ao final da esta\u00e7\u00e3o exibindo os danos do sol e dos mergulhos no mar e na piscina. Mesmo quem tomou cuidados para preserv\u00e1-las da radia\u00e7\u00e3o, da \u00e1gua salgada e do cloro pode observar como chegam a esta \u00e9poca mais quebradi\u00e7as, com frizz e sem moldar um fio ao outro, efeitos que tendem a ser acentuados em cabelos crespos ou com qu\u00edmica.&nbsp;<\/p>\n\n\n\n<p>A chegada do outono permite <strong>recuperar os cabelos<\/strong>, devolvendo a sa\u00fade, maciez, suavidade e brilho exibidos antes do in\u00edcio das f\u00e9rias. A dermatologista <a href=\"https:\/\/www.instagram.com\/dra.fabianedermato\/\" target=\"_blank\" rel=\"noreferrer noopener\">Fabiane Mulinari Brenner<\/a> explica que a <strong>hidrata\u00e7\u00e3o dos cabelos<\/strong> recupera a cut\u00edcula (parte externa do fio), mas tamb\u00e9m \u00e9 necess\u00e1rio reconstruir a <strong>fibra capilar<\/strong> que perdeu massa, composta&nbsp; principalmente de prote\u00edna.&nbsp;<\/p>\n\n\n\n<p>\u201cGeralmente, esse efeito \u00e9 obtido com o uso de condicionadores e m\u00e1scaras. Em casos de fios intensamente danificados, o dermatologista pode orientar tratamentos m\u00e9dicos para repor esta prote\u00edna. No consult\u00f3rio, um teste de avalia\u00e7\u00e3o da perda proteica avalia a <strong>fibra capilar<\/strong> em 25 minutos e permite planejar um tratamento individualizado\u201d, afirma a m\u00e9dica.&nbsp;<\/p>\n\n\n\n<h2 class=\"wp-block-heading\"><strong>Ritual de recupera\u00e7\u00e3o<\/strong>&nbsp;<\/h2>\n\n\n\n<p>Al\u00e9m dos cuidados de limpeza, hidrata\u00e7\u00e3o e <strong>repara\u00e7\u00e3o capilar<\/strong>, \u00e9 poss\u00edvel aproveitar o in\u00edcio da nova esta\u00e7\u00e3o para cortar as pontas danificadas e reduzir a exposi\u00e7\u00e3o ao calor de secadores e chapinhas. Quem tem o h\u00e1bito de pentear o cabelo com escovas pode optar pelas de cerdas naturais, que provocam menos dano nos fios.&nbsp;<\/p>\n\n\n\n<p>Assim como a pele, os cabelos tamb\u00e9m refletem os h\u00e1bitos do dia a dia. Para fios com mais vitalidade, priorize a ingest\u00e3o adequada de \u00e1gua e a alimenta\u00e7\u00e3o equilibrada.&nbsp;<\/p>\n\n\n\n<h2 class=\"wp-block-heading\"><strong>Tratamento para o outono<\/strong>&nbsp;<\/h2>\n\n\n\n<p>Tr\u00eas passos s\u00e3o importantes para a vitalidade dos fios. Nas primeiras semanas ap\u00f3s o ver\u00e3o, intensifique o ritual de limpeza, hidrata\u00e7\u00e3o e recupera\u00e7\u00e3o. Conhe\u00e7a os detalhes:&nbsp;<\/p>\n\n\n\n<ul>\n<li><strong>Limpeza<\/strong>: ocorre principalmente pelo shampoo, mas o condicionador tamb\u00e9m pode ser usado para esse fim. O ideal \u00e9 usar o shampoo no couro cabeludo e o condicionador nas pontas, para evitar agredir o fio. Shampoos mais adstringentes permitem uma limpeza mais profunda e podem ser usados a cada 15 dias.&nbsp;<\/li>\n<\/ul>\n\n\n\n<ul>\n<li><strong>Hidrata\u00e7\u00e3o<\/strong>: condicionadores com ativos hidratantes como aloe vera e \u00f3leos de coco, argan e macad\u00e2mia s\u00e3o de uso obrigat\u00f3rio ap\u00f3s o shampoo. Mesmo depois do ver\u00e3o, produtos <em>leave-in<\/em> (sem enx\u00e1gue) continuam recomendados, sobretudo para quem usa secador ou chapinha.&nbsp;<\/li>\n<\/ul>\n\n\n\n<ul>\n<li><strong>Repara\u00e7\u00e3o<\/strong>: Produtos em forma de m\u00e1scara que permanecem por mais tempo nos fios para agregar prote\u00edna \u00e0 fibra capilar aceleram a recupera\u00e7\u00e3o da beleza dos fios. Seu uso pode ser intensificado (pelo menos uma vez por semana) nas primeiras semanas ap\u00f3s o ver\u00e3o.&nbsp;<\/li>\n<\/ul>\n\n\n\n<h2 class=\"wp-block-heading\"><strong>Recupera\u00e7\u00e3o em casa<\/strong>&nbsp;<\/h2>\n\n\n\n<p>Al\u00e9m disso, recuperar a vitalidade e beleza dos cabelos ressecados \u00e9 uma tarefa que n\u00e3o precisa, necessariamente, ser feita no sal\u00e3o de beleza. A hidrata\u00e7\u00e3o e at\u00e9 mesmo o <a href=\"\/blog\/dicas-de-beleza\/cronograma-capilar-conheca-as-etapas-para-a-recuperacao-dos-fios\/\" target=\"_blank\" rel=\"noreferrer noopener\"><strong>cronograma capilar<\/strong><\/a> podem ser realizados de forma caseira. Sempre que poss\u00edvel, procure a ajuda do seu m\u00e9dico dermatologista ou do seu cabeleireiro. Eles conhecem o padr\u00e3o dos seus fios e podem ajudar na escolha de produtos dermatol\u00f3gicos e produtos cosm\u00e9ticos que ajudam na melhoria da qualidade dos cabelos.&nbsp;<\/p>\n\n\n\n<p>Voc\u00ea costuma fazer tratamentos capilares em casa? Tem gostado dos resultados? Conta pra gente nos coment\u00e1rios!&nbsp;<\/p>\n\n\n\n<p><\/p>\n","protected":false},"excerpt":{"rendered":"<p>Danos aos fios provocados pela radia\u00e7\u00e3o e pela \u00e1gua salgada podem ser revertidos com algumas semanas de tratamento<\/p>\n","protected":false},"author":3,"featured_media":5887,"comment_status":"open","ping_status":"open","sticky":false,"template":"","format":"standard","meta":[],"categories":[11],"tags":[989,255,193,367,151],"sponsor":[],"acf":[],"yoast_head":"<!-- This site is optimized with the Yoast SEO plugin v20.7 - https:\/\/yoast.com\/wordpress\/plugins\/seo\/ -->\n<title>Tr\u00eas passos para recuperar o cabelo dos efeitos do ver\u00e3o<\/title>\n<meta name=\"description\" content=\"Danos aos fios provocados pela radia\u00e7\u00e3o e pela \u00e1gua salgada podem ser revertidos com algumas semanas de tratamento\" \/>\n<meta name=\"robots\" content=\"index, follow, max-snippet:-1, max-image-preview:large, max-video-preview:-1\" \/>\n<link rel=\"canonical\" href=\"https:\/\/www.panvel.com\/blog\/dicas-de-beleza\/tres-passos-para-recuperar-o-cabelo-dos-efeitos-do-verao\/\" \/>\n<meta property=\"og:locale\" content=\"pt_BR\" \/>\n<meta property=\"og:type\" content=\"article\" \/>\n<meta property=\"og:title\" content=\"Tr\u00eas passos para recuperar o cabelo dos efeitos do ver\u00e3o\" \/>\n<meta property=\"og:description\" content=\"Danos aos fios provocados pela radia\u00e7\u00e3o e pela \u00e1gua salgada podem ser revertidos com algumas semanas de tratamento\" \/>\n<meta property=\"og:url\" content=\"https:\/\/www.panvel.com\/blog\/dicas-de-beleza\/tres-passos-para-recuperar-o-cabelo-dos-efeitos-do-verao\/\" \/>\n<meta property=\"og:site_name\" content=\"Blog Bem Panvel\" \/>\n<meta property=\"article:published_time\" content=\"2023-03-17T12:49:56+00:00\" \/>\n<meta property=\"article:modified_time\" content=\"2023-11-22T19:02:17+00:00\" \/>\n<meta property=\"og:image\" content=\"https:\/\/www.panvel.com\/blog\/wp-content\/uploads\/2023\/03\/iStock-1357956404.jpg\" \/>\n\t<meta property=\"og:image:width\" content=\"724\" \/>\n\t<meta property=\"og:image:height\" content=\"483\" \/>\n\t<meta property=\"og:image:type\" content=\"image\/jpeg\" \/>\n<meta name=\"author\" content=\"Equipe Panvel\" \/>\n<meta name=\"twitter:card\" content=\"summary_large_image\" \/>\n<meta name=\"twitter:label1\" content=\"Escrito por\" \/>\n\t<meta name=\"twitter:data1\" content=\"Equipe Panvel\" \/>\n\t<meta name=\"twitter:label2\" content=\"Est. tempo de leitura\" \/>\n\t<meta name=\"twitter:data2\" content=\"3 minutos\" \/>\n<script type=\"application\/ld+json\" class=\"yoast-schema-graph\">{\"@context\":\"https:\/\/schema.org\",\"@graph\":[{\"@type\":\"Article\",\"@id\":\"https:\/\/www.panvel.com\/blog\/dicas-de-beleza\/tres-passos-para-recuperar-o-cabelo-dos-efeitos-do-verao\/#article\",\"isPartOf\":{\"@id\":\"https:\/\/www.panvel.com\/blog\/dicas-de-beleza\/tres-passos-para-recuperar-o-cabelo-dos-efeitos-do-verao\/\"},\"author\":{\"name\":\"Equipe Panvel\",\"@id\":\"https:\/\/www.panvel.com\/blog\/#\/schema\/person\/79f5c113f9621ed83897942f6e7501e3\"},\"headline\":\"Tr\u00eas passos para recuperar o cabelo dos efeitos do ver\u00e3o\",\"datePublished\":\"2023-03-17T12:49:56+00:00\",\"dateModified\":\"2023-11-22T19:02:17+00:00\",\"mainEntityOfPage\":{\"@id\":\"https:\/\/www.panvel.com\/blog\/dicas-de-beleza\/tres-passos-para-recuperar-o-cabelo-dos-efeitos-do-verao\/\"},\"wordCount\":609,\"commentCount\":0,\"publisher\":{\"@id\":\"https:\/\/www.panvel.com\/blog\/#organization\"},\"keywords\":[\"beleza e bem-estar\",\"cabelos cacheados\",\"Cabelos no inverno\",\"Cabelos panvel\",\"Cuidados com os Cabelos\"],\"articleSection\":[\"Rotina de Beleza\"],\"inLanguage\":\"pt-BR\",\"potentialAction\":[{\"@type\":\"CommentAction\",\"name\":\"Comment\",\"target\":[\"https:\/\/www.panvel.com\/blog\/dicas-de-beleza\/tres-passos-para-recuperar-o-cabelo-dos-efeitos-do-verao\/#respond\"]}]},{\"@type\":\"WebPage\",\"@id\":\"https:\/\/www.panvel.com\/blog\/dicas-de-beleza\/tres-passos-para-recuperar-o-cabelo-dos-efeitos-do-verao\/\",\"url\":\"https:\/\/www.panvel.com\/blog\/dicas-de-beleza\/tres-passos-para-recuperar-o-cabelo-dos-efeitos-do-verao\/\",\"name\":\"Tr\u00eas passos para recuperar o cabelo dos efeitos do ver\u00e3o\",\"isPartOf\":{\"@id\":\"https:\/\/www.panvel.com\/blog\/#website\"},\"datePublished\":\"2023-03-17T12:49:56+00:00\",\"dateModified\":\"2023-11-22T19:02:17+00:00\",\"description\":\"Danos aos fios provocados pela radia\u00e7\u00e3o e pela \u00e1gua salgada podem ser revertidos com algumas semanas de tratamento\",\"breadcrumb\":{\"@id\":\"https:\/\/www.panvel.com\/blog\/dicas-de-beleza\/tres-passos-para-recuperar-o-cabelo-dos-efeitos-do-verao\/#breadcrumb\"},\"inLanguage\":\"pt-BR\",\"potentialAction\":[{\"@type\":\"ReadAction\",\"target\":[\"https:\/\/www.panvel.com\/blog\/dicas-de-beleza\/tres-passos-para-recuperar-o-cabelo-dos-efeitos-do-verao\/\"]}]},{\"@type\":\"BreadcrumbList\",\"@id\":\"https:\/\/www.panvel.com\/blog\/dicas-de-beleza\/tres-passos-para-recuperar-o-cabelo-dos-efeitos-do-verao\/#breadcrumb\",\"itemListElement\":[{\"@type\":\"ListItem\",\"position\":1,\"name\":\"Home\",\"item\":\"https:\/\/www.panvel.com\/blog\/\"},{\"@type\":\"ListItem\",\"position\":2,\"name\":\"Rotina de Beleza\",\"item\":\"https:\/\/www.panvel.com\/blog\/dicas-de-beleza\/\"},{\"@type\":\"ListItem\",\"position\":3,\"name\":\"Tr\u00eas passos para recuperar o cabelo dos efeitos do ver\u00e3o\"}]},{\"@type\":\"WebSite\",\"@id\":\"https:\/\/www.panvel.com\/blog\/#website\",\"url\":\"https:\/\/www.panvel.com\/blog\/\",\"name\":\"Blog Bem Panvel\",\"description\":\"Aqui voc\u00ea encontra conte\u00fados e dicas de sa\u00fade, beleza, bem-estar e muito mais.\",\"publisher\":{\"@id\":\"https:\/\/www.panvel.com\/blog\/#organization\"},\"potentialAction\":[{\"@type\":\"SearchAction\",\"target\":{\"@type\":\"EntryPoint\",\"urlTemplate\":\"https:\/\/www.panvel.com\/blog\/?s={search_term_string}\"},\"query-input\":\"required name=search_term_string\"}],\"inLanguage\":\"pt-BR\"},{\"@type\":\"Organization\",\"@id\":\"https:\/\/www.panvel.com\/blog\/#organization\",\"name\":\"Panvel Farm\u00e1cias\",\"url\":\"https:\/\/www.panvel.com\/blog\/\",\"logo\":{\"@type\":\"ImageObject\",\"inLanguage\":\"pt-BR\",\"@id\":\"https:\/\/www.panvel.com\/blog\/#\/schema\/logo\/image\/\",\"url\":\"https:\/\/www.panvel.com\/blog\/wp-content\/uploads\/2020\/10\/logo.png\",\"contentUrl\":\"https:\/\/www.panvel.com\/blog\/wp-content\/uploads\/2020\/10\/logo.png\",\"width\":402,\"height\":53,\"caption\":\"Panvel Farm\u00e1cias\"},\"image\":{\"@id\":\"https:\/\/www.panvel.com\/blog\/#\/schema\/logo\/image\/\"}},{\"@type\":\"Person\",\"@id\":\"https:\/\/www.panvel.com\/blog\/#\/schema\/person\/79f5c113f9621ed83897942f6e7501e3\",\"name\":\"Equipe Panvel\",\"image\":{\"@type\":\"ImageObject\",\"inLanguage\":\"pt-BR\",\"@id\":\"https:\/\/www.panvel.com\/blog\/#\/schema\/person\/image\/\",\"url\":\"https:\/\/www.panvel.com\/blog\/wp-content\/uploads\/2022\/09\/blog-panvel-1.jpg\",\"contentUrl\":\"https:\/\/www.panvel.com\/blog\/wp-content\/uploads\/2022\/09\/blog-panvel-1.jpg\",\"caption\":\"Equipe Panvel\"},\"description\":\"O Blog Bem Panvel conta com uma equipe formada por especialistas e traz para seus leitores conte\u00fados relevantes e de qualidade sobre sa\u00fade, beleza e bem-estar.\",\"url\":\"https:\/\/www.panvel.com\/blog\/author\/dimedmkt\/\"}]}<\/script>\n<!-- \/ Yoast SEO plugin. -->","yoast_head_json":{"title":"Tr\u00eas passos para recuperar o cabelo dos efeitos do ver\u00e3o","description":"Danos aos fios provocados pela radia\u00e7\u00e3o e pela \u00e1gua salgada podem ser revertidos com algumas semanas de tratamento","robots":{"index":"index","follow":"follow","max-snippet":"max-snippet:-1","max-image-preview":"max-image-preview:large","max-video-preview":"max-video-preview:-1"},"canonical":"https:\/\/www.panvel.com\/blog\/dicas-de-beleza\/tres-passos-para-recuperar-o-cabelo-dos-efeitos-do-verao\/","og_locale":"pt_BR","og_type":"article","og_title":"Tr\u00eas passos para recuperar o cabelo dos efeitos do ver\u00e3o","og_description":"Danos aos fios provocados pela radia\u00e7\u00e3o e pela \u00e1gua salgada podem ser revertidos com algumas semanas de tratamento","og_url":"https:\/\/www.panvel.com\/blog\/dicas-de-beleza\/tres-passos-para-recuperar-o-cabelo-dos-efeitos-do-verao\/","og_site_name":"Blog Bem Panvel","article_published_time":"2023-03-17T12:49:56+00:00","article_modified_time":"2023-11-22T19:02:17+00:00","og_image":[{"width":724,"height":483,"url":"https:\/\/www.panvel.com\/blog\/wp-content\/uploads\/2023\/03\/iStock-1357956404.jpg","type":"image\/jpeg"}],"author":"Equipe Panvel","twitter_card":"summary_large_image","twitter_misc":{"Escrito por":"Equipe Panvel","Est. tempo de leitura":"3 minutos"},"schema":{"@context":"https:\/\/schema.org","@graph":[{"@type":"Article","@id":"https:\/\/www.panvel.com\/blog\/dicas-de-beleza\/tres-passos-para-recuperar-o-cabelo-dos-efeitos-do-verao\/#article","isPartOf":{"@id":"https:\/\/www.panvel.com\/blog\/dicas-de-beleza\/tres-passos-para-recuperar-o-cabelo-dos-efeitos-do-verao\/"},"author":{"name":"Equipe Panvel","@id":"https:\/\/www.panvel.com\/blog\/#\/schema\/person\/79f5c113f9621ed83897942f6e7501e3"},"headline":"Tr\u00eas passos para recuperar o cabelo dos efeitos do ver\u00e3o","datePublished":"2023-03-17T12:49:56+00:00","dateModified":"2023-11-22T19:02:17+00:00","mainEntityOfPage":{"@id":"https:\/\/www.panvel.com\/blog\/dicas-de-beleza\/tres-passos-para-recuperar-o-cabelo-dos-efeitos-do-verao\/"},"wordCount":609,"commentCount":0,"publisher":{"@id":"https:\/\/www.panvel.com\/blog\/#organization"},"keywords":["beleza e bem-estar","cabelos cacheados","Cabelos no inverno","Cabelos panvel","Cuidados com os Cabelos"],"articleSection":["Rotina de Beleza"],"inLanguage":"pt-BR","potentialAction":[{"@type":"CommentAction","name":"Comment","target":["https:\/\/www.panvel.com\/blog\/dicas-de-beleza\/tres-passos-para-recuperar-o-cabelo-dos-efeitos-do-verao\/#respond"]}]},{"@type":"WebPage","@id":"https:\/\/www.panvel.com\/blog\/dicas-de-beleza\/tres-passos-para-recuperar-o-cabelo-dos-efeitos-do-verao\/","url":"https:\/\/www.panvel.com\/blog\/dicas-de-beleza\/tres-passos-para-recuperar-o-cabelo-dos-efeitos-do-verao\/","name":"Tr\u00eas passos para recuperar o cabelo dos efeitos do ver\u00e3o","isPartOf":{"@id":"https:\/\/www.panvel.com\/blog\/#website"},"datePublished":"2023-03-17T12:49:56+00:00","dateModified":"2023-11-22T19:02:17+00:00","description":"Danos aos fios provocados pela radia\u00e7\u00e3o e pela \u00e1gua salgada podem ser revertidos com algumas semanas de tratamento","breadcrumb":{"@id":"https:\/\/www.panvel.com\/blog\/dicas-de-beleza\/tres-passos-para-recuperar-o-cabelo-dos-efeitos-do-verao\/#breadcrumb"},"inLanguage":"pt-BR","potentialAction":[{"@type":"ReadAction","target":["https:\/\/www.panvel.com\/blog\/dicas-de-beleza\/tres-passos-para-recuperar-o-cabelo-dos-efeitos-do-verao\/"]}]},{"@type":"BreadcrumbList","@id":"https:\/\/www.panvel.com\/blog\/dicas-de-beleza\/tres-passos-para-recuperar-o-cabelo-dos-efeitos-do-verao\/#breadcrumb","itemListElement":[{"@type":"ListItem","position":1,"name":"Home","item":"https:\/\/www.panvel.com\/blog\/"},{"@type":"ListItem","position":2,"name":"Rotina de Beleza","item":"https:\/\/www.panvel.com\/blog\/dicas-de-beleza\/"},{"@type":"ListItem","position":3,"name":"Tr\u00eas passos para recuperar o cabelo dos efeitos do ver\u00e3o"}]},{"@type":"WebSite","@id":"https:\/\/www.panvel.com\/blog\/#website","url":"https:\/\/www.panvel.com\/blog\/","name":"Blog Bem Panvel","description":"Aqui voc\u00ea encontra conte\u00fados e dicas de sa\u00fade, beleza, bem-estar e muito mais.","publisher":{"@id":"https:\/\/www.panvel.com\/blog\/#organization"},"potentialAction":[{"@type":"SearchAction","target":{"@type":"EntryPoint","urlTemplate":"https:\/\/www.panvel.com\/blog\/?s={search_term_string}"},"query-input":"required name=search_term_string"}],"inLanguage":"pt-BR"},{"@type":"Organization","@id":"https:\/\/www.panvel.com\/blog\/#organization","name":"Panvel Farm\u00e1cias","url":"https:\/\/www.panvel.com\/blog\/","logo":{"@type":"ImageObject","inLanguage":"pt-BR","@id":"https:\/\/www.panvel.com\/blog\/#\/schema\/logo\/image\/","url":"https:\/\/www.panvel.com\/blog\/wp-content\/uploads\/2020\/10\/logo.png","contentUrl":"https:\/\/www.panvel.com\/blog\/wp-content\/uploads\/2020\/10\/logo.png","width":402,"height":53,"caption":"Panvel Farm\u00e1cias"},"image":{"@id":"https:\/\/www.panvel.com\/blog\/#\/schema\/logo\/image\/"}},{"@type":"Person","@id":"https:\/\/www.panvel.com\/blog\/#\/schema\/person\/79f5c113f9621ed83897942f6e7501e3","name":"Equipe Panvel","image":{"@type":"ImageObject","inLanguage":"pt-BR","@id":"https:\/\/www.panvel.com\/blog\/#\/schema\/person\/image\/","url":"https:\/\/www.panvel.com\/blog\/wp-content\/uploads\/2022\/09\/blog-panvel-1.jpg","contentUrl":"https:\/\/www.panvel.com\/blog\/wp-content\/uploads\/2022\/09\/blog-panvel-1.jpg","caption":"Equipe Panvel"},"description":"O Blog Bem Panvel conta com uma equipe formada por especialistas e traz para seus leitores conte\u00fados relevantes e de qualidade sobre sa\u00fade, beleza e bem-estar.","url":"https:\/\/www.panvel.com\/blog\/author\/dimedmkt\/"}]}},"_links":{"self":[{"href":"https:\/\/www.panvel.com\/blog\/wp-json\/wp\/v2\/posts\/5886"}],"collection":[{"href":"https:\/\/www.panvel.com\/blog\/wp-json\/wp\/v2\/posts"}],"about":[{"href":"https:\/\/www.panvel.com\/blog\/wp-json\/wp\/v2\/types\/post"}],"author":[{"embeddable":true,"href":"https:\/\/www.panvel.com\/blog\/wp-json\/wp\/v2\/users\/3"}],"replies":[{"embeddable":true,"href":"https:\/\/www.panvel.com\/blog\/wp-json\/wp\/v2\/comments?post=5886"}],"version-history":[{"count":3,"href":"https:\/\/www.panvel.com\/blog\/wp-json\/wp\/v2\/posts\/5886\/revisions"}],"predecessor-version":[{"id":7074,"href":"https:\/\/www.panvel.com\/blog\/wp-json\/wp\/v2\/posts\/5886\/revisions\/7074"}],"wp:featuredmedia":[{"embeddable":true,"href":"https:\/\/www.panvel.com\/blog\/wp-json\/wp\/v2\/media\/5887"}],"wp:attachment":[{"href":"https:\/\/www.panvel.com\/blog\/wp-json\/wp\/v2\/media?parent=5886"}],"wp:term":[{"taxonomy":"category","embeddable":true,"href":"https:\/\/www.panvel.com\/blog\/wp-json\/wp\/v2\/categories?post=5886"},{"taxonomy":"post_tag","embeddable":true,"href":"https:\/\/www.panvel.com\/blog\/wp-json\/wp\/v2\/tags?post=5886"},{"taxonomy":"sponsor","embeddable":true,"href":"https:\/\/www.panvel.com\/blog\/wp-json\/wp\/v2\/sponsor?post=5886"}],"curies":[{"name":"wp","href":"https:\/\/api.w.org\/{rel}","templated":true}]}}