{"id":5642,"date":"2022-12-26T12:11:56","date_gmt":"2022-12-26T15:11:56","guid":{"rendered":"\/blog\/?p=5642"},"modified":"2026-02-09T14:39:15","modified_gmt":"2026-02-09T17:39:15","slug":"coloque-a-carteira-de-vacinacao-em-dia-antes-da-viagem","status":"publish","type":"post","link":"https:\/\/www.panvel.com\/blog\/panvel-clinic\/coloque-a-carteira-de-vacinacao-em-dia-antes-da-viagem\/","title":{"rendered":"Vai viajar? Confira se a carteira de vacina\u00e7\u00e3o est\u00e1 em dia e imunize-se na Panvel"},"content":{"rendered":"\n<p>Como est\u00e3o os seus preparativos para as f\u00e9rias? Al\u00e9m de organizar malas e documentos, \u00e9 preciso lembrar que o bem-estar durante o per\u00edodo de f\u00e9rias come\u00e7a antes da viagem, com a ado\u00e7\u00e3o de h\u00e1bitos saud\u00e1veis e da <a href=\"\/blog\/panvel-clinic\/vacinas-a-forma-mais-pratica-e-eficaz-de-fortalecer-o-organismo-contra-doencas\/\"><strong>vacina\u00e7\u00e3o completa<\/strong><\/a>.<\/p>\n\n\n\n<p>Ao ativar as defesas naturais do corpo para que aprendam a resistir a infec\u00e7\u00f5es, as <strong>vacinas<\/strong> protegem contra doen\u00e7as antes mesmo de que o corpo entre em contato com elas. Por isso, o check list para sair de f\u00e9rias pode incluir uma pesquisa sobre as vacinas recomendadas em cada destino.<\/p>\n\n\n\n<p>A <strong>imuniza\u00e7\u00e3o contra a febre amarela<\/strong>, por exemplo, \u00e9 um requisito para o ingresso em pa\u00edses de diferentes continentes. \u00c9 uma vacina recomendada at\u00e9 mesmo para quem viaja dentro do Brasil: alguns estados t\u00eam alta incid\u00eancia da doen\u00e7a e oferecem risco de contamina\u00e7\u00e3o. \u00c9 o caso do Acre, Amap\u00e1, Amazonas, Distrito Federal, Goi\u00e1s, Maranh\u00e3o, Mato Grosso, Mato Grosso do Sul, Minas Gerais, Par\u00e1, Rond\u00f4nia, Roraima e Tocantins, por exemplo.<\/p>\n\n\n\n<p>Alguns pa\u00edses tamb\u00e9m exigem o comprovante de <strong>vacina\u00e7\u00e3o contra a Covid-19<\/strong> no controle de imigra\u00e7\u00e3o. \u00c9 o caso dos Estados Unidos, no qual \u00e9 preciso comprovar a imuniza\u00e7\u00e3o completa (2 doses de Moderna, Pfizer\/BioNTech, AstraZeneca, Sinopharm ou uma dose de Johnson &amp; Johnson). O pa\u00eds tamb\u00e9m recomenda aos viajantes a realiza\u00e7\u00e3o do<a href=\"https:\/\/www.panvel.com\/panvel\/buscarProduto.do?termoPesquisa=teste%20covid\"> teste de Covid<\/a> antes de pegar o avi\u00e3o e ap\u00f3s o desembarque.<\/p>\n\n\n\n<h2 class=\"wp-block-heading\"><strong>Desenvolvimento de anticorpos<\/strong><\/h2>\n\n\n\n<p>A <strong>vacina\u00e7\u00e3o<\/strong> \u00e9 especialmente importante antes das f\u00e9rias porque, longe de casa, o organismo pode ficar exposto a novas doen\u00e7as. Depois de tomar as doses, o sistema imunol\u00f3gico produz anticorpos para combater infec\u00e7\u00f5es, reduzindo o risco de ficarmos doentes. Por isso, tamb\u00e9m \u00e9 importante que a<strong> imuniza\u00e7\u00e3o<\/strong> possa agir no organismo: no caso da<strong> febre amarela<\/strong>, por exemplo, \u00e9 recomendado que a <strong>vacina <\/strong>seja feita pelo menos 10 dias antes da viagem.<\/p>\n\n\n\n<figure class=\"wp-block-image size-full\"><img decoding=\"async\" loading=\"lazy\" width=\"724\" height=\"483\" src=\"\/blog\/wp-content\/uploads\/2022\/12\/iStock-1199029791.jpg\" alt=\"\" class=\"wp-image-5644\" srcset=\"https:\/\/www.panvel.com\/blog\/wp-content\/uploads\/2022\/12\/iStock-1199029791.jpg 724w, https:\/\/www.panvel.com\/blog\/wp-content\/uploads\/2022\/12\/iStock-1199029791-300x200.jpg 300w\" sizes=\"(max-width: 724px) 100vw, 724px\" \/><\/figure>\n\n\n\n<p>Saiba como age o sistema imunol\u00f3gico ao se deparar com um v\u00edrus ou infec\u00e7\u00e3o contra qual o organismo foi <strong>vacinado<\/strong>:<\/p>\n\n\n\n<ul>\n<li>Reconhece o micr\u00f3bio invasor (como um v\u00edrus ou uma bact\u00e9ria);<\/li>\n\n\n\n<li>Gera anticorpos, que s\u00e3o prote\u00ednas que nosso sistema imunol\u00f3gico produz naturalmente para lutar contra as doen\u00e7as;<\/li>\n\n\n\n<li>Recorda a doen\u00e7a e o modo de combat\u00ea-la. Se, no futuro, formos expostos ao micr\u00f3bio contra o qual a vacina nos protege, nosso sistema imunol\u00f3gico poder\u00e1 destru\u00ed-lo rapidamente, antes mesmo de que comecemos a sentir qualquer sintoma.<\/li>\n<\/ul>\n\n\n\n<p>Depois da administra\u00e7\u00e3o de uma ou mais doses da <strong>vacina<\/strong>, ficamos protegidos durante anos, d\u00e9cadas ou at\u00e9 mesmo para toda a vida, dependendo da doen\u00e7a. Em alguns casos, como a vacina da gripe, \u00e9 preciso repetir a <a href=\"\/blog\/dicas-de-saude\/dia-da-imunizacao-data-para-reforcar-a-importancia-historica-da-vacina-no-brasil\/\">imuniza\u00e7\u00e3o<\/a> em um per\u00edodo menor de tempo - geralmente, uma vez a cada ano.<\/p>\n\n\n\n<h3 class=\"wp-block-heading\"><strong>Comprovante de vacina\u00e7\u00e3o para viagem<\/strong><\/h3>\n\n\n\n<p>Al\u00e9m de fazer a <strong>vacina<\/strong>, \u00e9 preciso tirar o <a href=\"https:\/\/www.gov.br\/pt-br\/servicos\/obter-o-certificado-internacional-de-vacinacao-e-profilaxia\">Certificado Internacional de Vacina\u00e7\u00e3o (CIVP)<\/a> para apresentar na imigra\u00e7\u00e3o do aeroporto de destino. J\u00e1 o Certificado da vacina de Covid-19 \u00e9 emitido pela plataforma<a href=\"https:\/\/conectesus-paciente.saude.gov.br\/\"> ConecteSUS<\/a>, no qual \u00e9 poss\u00edvel emitir o certificado em portugu\u00eas, espanhol e ingl\u00eas.<\/p>\n\n\n\n<p>No <a href=\"https:\/\/www.panvel.com\/panvel\/panvelClinic.do\">Panvel Clinic<\/a>, a <strong>aplica\u00e7\u00e3o de vacinas<\/strong> \u00e9 realizada por farmac\u00eauticos capacitados em ambientes exclusivos, seguindo todos os protocolos. O Panvel Clinic tamb\u00e9m oferece a comodidade de que toda a fam\u00edlia possa se vacinar no mesmo local e hor\u00e1rio. Conhe\u00e7a as vacinas oferecidas:<\/p>\n\n\n\n<ul>\n<li><a href=\"https:\/\/www.panvel.com\/panvel\/vacina-detalhe.do?p=1\">Tr\u00edplice bacteriana<\/a><\/li>\n\n\n\n<li><a href=\"https:\/\/www.panvel.com\/panvel\/vacina-detalhe.do?p=3\">Hepatite B Infantil<\/a><\/li>\n\n\n\n<li><a href=\"https:\/\/www.panvel.com\/panvel\/vacina-detalhe.do?p=5\">Pneumoc\u00f3cica 13<\/a><\/li>\n\n\n\n<li><a href=\"https:\/\/www.panvel.com\/panvel\/vacina-detalhe.do?p=6\">Rotav\u00edrus<\/a><\/li>\n\n\n\n<li><a href=\"https:\/\/www.panvel.com\/panvel\/vacina-detalhe.do?p=7\">Hepatite A<\/a><\/li>\n\n\n\n<li><a href=\"https:\/\/www.panvel.com\/panvel\/vacina-detalhe.do?p=8\">Meningite ACWY<\/a><\/li>\n\n\n\n<li><a href=\"https:\/\/www.panvel.com\/panvel\/vacina-detalhe.do?p=9\">Meningite B<\/a><\/li>\n\n\n\n<li><a href=\"https:\/\/www.panvel.com\/panvel\/vacina-detalhe.do?p=10\">Tr\u00edplice Viral<\/a><\/li>\n\n\n\n<li><a href=\"https:\/\/www.panvel.com\/panvel\/vacina-detalhe.do?p=11\">Varicela<\/a><\/li>\n\n\n\n<li><a href=\"https:\/\/www.panvel.com\/panvel\/vacina-detalhe.do?p=14\">Febre Amarela<\/a><\/li>\n\n\n\n<li><a href=\"https:\/\/www.panvel.com\/panvel\/vacina-detalhe.do?p=17\">Combinada de Hepatite A e B<\/a><\/li>\n\n\n\n<li><a href=\"https:\/\/www.panvel.com\/panvel\/vacina-detalhe.do?p=18\">Herpes Z\u00f3ster<\/a><\/li>\n\n\n\n<li><a href=\"https:\/\/www.panvel.com\/panvel\/vacina-detalhe.do?p=21\">Gripe H3N2 Tetravalente<\/a>&nbsp;<\/li>\n\n\n\n<li><a href=\"https:\/\/www.panvel.com\/panvel\/vacina-detalhe.do?p=22\">Hexavalente<\/a><\/li>\n\n\n\n<li><a href=\"https:\/\/www.panvel.com\/panvel\/vacina-detalhe.do?p=23\">Hpv 6, 11, 16, 18<\/a><\/li>\n\n\n\n<li><a href=\"https:\/\/www.panvel.com\/panvel\/vacina-detalhe.do?p=24\">Pentavalente<\/a><\/li>\n\n\n\n<li><a href=\"https:\/\/www.panvel.com\/panvel\/vacina-detalhe.do?p=25\">Tetraviral<\/a><\/li>\n\n\n\n<li><a href=\"https:\/\/www.panvel.com\/panvel\/vacina-detalhe.do?p=26\">Quadri bacteriana<\/a><\/li>\n<\/ul>\n\n\n\n<h2 class=\"wp-block-heading\"><strong>Cuidados pr\u00e9-viagem<\/strong><\/h2>\n\n\n\n<p>Al\u00e9m da<strong> vacina\u00e7\u00e3o completa<\/strong>, fique atento a altera\u00e7\u00f5es na rotina, alimenta\u00e7\u00e3o, sono e temperatura que podem afetar o corpo durante sua viagem de f\u00e9rias. O bom funcionamento do organismo depende tanto de fatores internos quanto externos. Comidas diferentes, priva\u00e7\u00e3o de sono e exposi\u00e7\u00e3o a temperaturas extremas s\u00e3o alguns fatores que podem causar um desequil\u00edbrio e reduzir a imunidade do organismo.<\/p>\n\n\n\n<p>Por isso, lembre-se de fazer a vacina\u00e7\u00e3o completa e manter bons h\u00e1bitos antes da viagem para garantir f\u00e9rias agrad\u00e1veis, tranquilas e saud\u00e1veis!<\/p>\n","protected":false},"excerpt":{"rendered":"<p>Bem-estar durante o per\u00edodo de f\u00e9rias come\u00e7a antes da viagem, com a ado\u00e7\u00e3o de h\u00e1bitos saud\u00e1veis e da vacina\u00e7\u00e3o completa.<\/p>\n","protected":false},"author":3,"featured_media":5643,"comment_status":"open","ping_status":"open","sticky":false,"template":"","format":"standard","meta":[],"categories":[9],"tags":[31,29,179,277,80,20,279,982,983,981],"sponsor":[],"acf":[],"yoast_head":"<!-- This site is optimized with the Yoast SEO plugin v20.7 - https:\/\/yoast.com\/wordpress\/plugins\/seo\/ -->\n<title>Fa\u00e7a a vacina\u00e7\u00e3o completa para uma viagem tranquila e saud\u00e1vel<\/title>\n<meta name=\"description\" content=\"Bem-estar durante o per\u00edodo de f\u00e9rias come\u00e7a antes da viagem, com a ado\u00e7\u00e3o de h\u00e1bitos saud\u00e1veis e da vacina\u00e7\u00e3o completa.\" \/>\n<meta name=\"robots\" content=\"index, follow, max-snippet:-1, max-image-preview:large, max-video-preview:-1\" \/>\n<link rel=\"canonical\" href=\"https:\/\/www.panvel.com\/blog\/panvel-clinic\/coloque-a-carteira-de-vacinacao-em-dia-antes-da-viagem\/\" \/>\n<meta property=\"og:locale\" content=\"pt_BR\" \/>\n<meta property=\"og:type\" content=\"article\" \/>\n<meta property=\"og:title\" content=\"Fa\u00e7a a vacina\u00e7\u00e3o completa para uma viagem tranquila e saud\u00e1vel\" \/>\n<meta property=\"og:description\" content=\"Bem-estar durante o per\u00edodo de f\u00e9rias come\u00e7a antes da viagem, com a ado\u00e7\u00e3o de h\u00e1bitos saud\u00e1veis e da vacina\u00e7\u00e3o completa.\" \/>\n<meta property=\"og:url\" content=\"https:\/\/www.panvel.com\/blog\/panvel-clinic\/coloque-a-carteira-de-vacinacao-em-dia-antes-da-viagem\/\" \/>\n<meta property=\"og:site_name\" content=\"Blog Bem Panvel\" \/>\n<meta property=\"article:published_time\" content=\"2022-12-26T15:11:56+00:00\" \/>\n<meta property=\"article:modified_time\" content=\"2026-02-09T17:39:15+00:00\" \/>\n<meta property=\"og:image\" content=\"https:\/\/www.panvel.com\/blog\/wp-content\/uploads\/2022\/12\/iStock-1369510076-e1672153913410.jpg\" \/>\n\t<meta property=\"og:image:width\" content=\"723\" \/>\n\t<meta property=\"og:image:height\" content=\"376\" \/>\n\t<meta property=\"og:image:type\" content=\"image\/jpeg\" \/>\n<meta name=\"author\" content=\"Equipe Panvel\" \/>\n<meta name=\"twitter:card\" content=\"summary_large_image\" \/>\n<meta name=\"twitter:label1\" content=\"Escrito por\" \/>\n\t<meta name=\"twitter:data1\" content=\"Equipe Panvel\" \/>\n\t<meta name=\"twitter:label2\" content=\"Est. tempo de leitura\" \/>\n\t<meta name=\"twitter:data2\" content=\"4 minutos\" \/>\n<script type=\"application\/ld+json\" class=\"yoast-schema-graph\">{\"@context\":\"https:\/\/schema.org\",\"@graph\":[{\"@type\":\"Article\",\"@id\":\"https:\/\/www.panvel.com\/blog\/panvel-clinic\/coloque-a-carteira-de-vacinacao-em-dia-antes-da-viagem\/#article\",\"isPartOf\":{\"@id\":\"https:\/\/www.panvel.com\/blog\/panvel-clinic\/coloque-a-carteira-de-vacinacao-em-dia-antes-da-viagem\/\"},\"author\":{\"name\":\"Equipe Panvel\",\"@id\":\"https:\/\/www.panvel.com\/blog\/#\/schema\/person\/79f5c113f9621ed83897942f6e7501e3\"},\"headline\":\"Vai viajar? Confira se a carteira de vacina\u00e7\u00e3o est\u00e1 em dia e imunize-se na Panvel\",\"datePublished\":\"2022-12-26T15:11:56+00:00\",\"dateModified\":\"2026-02-09T17:39:15+00:00\",\"mainEntityOfPage\":{\"@id\":\"https:\/\/www.panvel.com\/blog\/panvel-clinic\/coloque-a-carteira-de-vacinacao-em-dia-antes-da-viagem\/\"},\"wordCount\":739,\"commentCount\":0,\"publisher\":{\"@id\":\"https:\/\/www.panvel.com\/blog\/#organization\"},\"keywords\":[\"Bem Estar\",\"Cuidados com a Pele\",\"Cuidados com a sa\u00fade\",\"Febre amarela\",\"Panvel Clinic\",\"Preven\u00e7\u00e3o\",\"vacina\",\"vacina Covid-19\",\"vacina f\u00e9rias\",\"vacina\u00e7\u00e3o completa\"],\"articleSection\":[\"Panvel Clinic\"],\"inLanguage\":\"pt-BR\",\"potentialAction\":[{\"@type\":\"CommentAction\",\"name\":\"Comment\",\"target\":[\"https:\/\/www.panvel.com\/blog\/panvel-clinic\/coloque-a-carteira-de-vacinacao-em-dia-antes-da-viagem\/#respond\"]}]},{\"@type\":\"WebPage\",\"@id\":\"https:\/\/www.panvel.com\/blog\/panvel-clinic\/coloque-a-carteira-de-vacinacao-em-dia-antes-da-viagem\/\",\"url\":\"https:\/\/www.panvel.com\/blog\/panvel-clinic\/coloque-a-carteira-de-vacinacao-em-dia-antes-da-viagem\/\",\"name\":\"Fa\u00e7a a vacina\u00e7\u00e3o completa para uma viagem tranquila e saud\u00e1vel\",\"isPartOf\":{\"@id\":\"https:\/\/www.panvel.com\/blog\/#website\"},\"datePublished\":\"2022-12-26T15:11:56+00:00\",\"dateModified\":\"2026-02-09T17:39:15+00:00\",\"description\":\"Bem-estar durante o per\u00edodo de f\u00e9rias come\u00e7a antes da viagem, com a ado\u00e7\u00e3o de h\u00e1bitos saud\u00e1veis e da vacina\u00e7\u00e3o completa.\",\"breadcrumb\":{\"@id\":\"https:\/\/www.panvel.com\/blog\/panvel-clinic\/coloque-a-carteira-de-vacinacao-em-dia-antes-da-viagem\/#breadcrumb\"},\"inLanguage\":\"pt-BR\",\"potentialAction\":[{\"@type\":\"ReadAction\",\"target\":[\"https:\/\/www.panvel.com\/blog\/panvel-clinic\/coloque-a-carteira-de-vacinacao-em-dia-antes-da-viagem\/\"]}]},{\"@type\":\"BreadcrumbList\",\"@id\":\"https:\/\/www.panvel.com\/blog\/panvel-clinic\/coloque-a-carteira-de-vacinacao-em-dia-antes-da-viagem\/#breadcrumb\",\"itemListElement\":[{\"@type\":\"ListItem\",\"position\":1,\"name\":\"Home\",\"item\":\"https:\/\/www.panvel.com\/blog\/\"},{\"@type\":\"ListItem\",\"position\":2,\"name\":\"Panvel Clinic\",\"item\":\"https:\/\/www.panvel.com\/blog\/panvel-clinic\/\"},{\"@type\":\"ListItem\",\"position\":3,\"name\":\"Vai viajar? Confira se a carteira de vacina\u00e7\u00e3o est\u00e1 em dia e imunize-se na Panvel\"}]},{\"@type\":\"WebSite\",\"@id\":\"https:\/\/www.panvel.com\/blog\/#website\",\"url\":\"https:\/\/www.panvel.com\/blog\/\",\"name\":\"Blog Bem Panvel\",\"description\":\"Aqui voc\u00ea encontra conte\u00fados e dicas de sa\u00fade, beleza, bem-estar e muito mais.\",\"publisher\":{\"@id\":\"https:\/\/www.panvel.com\/blog\/#organization\"},\"potentialAction\":[{\"@type\":\"SearchAction\",\"target\":{\"@type\":\"EntryPoint\",\"urlTemplate\":\"https:\/\/www.panvel.com\/blog\/?s={search_term_string}\"},\"query-input\":\"required name=search_term_string\"}],\"inLanguage\":\"pt-BR\"},{\"@type\":\"Organization\",\"@id\":\"https:\/\/www.panvel.com\/blog\/#organization\",\"name\":\"Panvel Farm\u00e1cias\",\"url\":\"https:\/\/www.panvel.com\/blog\/\",\"logo\":{\"@type\":\"ImageObject\",\"inLanguage\":\"pt-BR\",\"@id\":\"https:\/\/www.panvel.com\/blog\/#\/schema\/logo\/image\/\",\"url\":\"https:\/\/www.panvel.com\/blog\/wp-content\/uploads\/2020\/10\/logo.png\",\"contentUrl\":\"https:\/\/www.panvel.com\/blog\/wp-content\/uploads\/2020\/10\/logo.png\",\"width\":402,\"height\":53,\"caption\":\"Panvel Farm\u00e1cias\"},\"image\":{\"@id\":\"https:\/\/www.panvel.com\/blog\/#\/schema\/logo\/image\/\"}},{\"@type\":\"Person\",\"@id\":\"https:\/\/www.panvel.com\/blog\/#\/schema\/person\/79f5c113f9621ed83897942f6e7501e3\",\"name\":\"Equipe Panvel\",\"image\":{\"@type\":\"ImageObject\",\"inLanguage\":\"pt-BR\",\"@id\":\"https:\/\/www.panvel.com\/blog\/#\/schema\/person\/image\/\",\"url\":\"https:\/\/www.panvel.com\/blog\/wp-content\/uploads\/2022\/09\/blog-panvel-1.jpg\",\"contentUrl\":\"https:\/\/www.panvel.com\/blog\/wp-content\/uploads\/2022\/09\/blog-panvel-1.jpg\",\"caption\":\"Equipe Panvel\"},\"description\":\"O Blog Bem Panvel conta com uma equipe formada por especialistas e traz para seus leitores conte\u00fados relevantes e de qualidade sobre sa\u00fade, beleza e bem-estar.\",\"url\":\"https:\/\/www.panvel.com\/blog\/author\/dimedmkt\/\"}]}<\/script>\n<!-- \/ Yoast SEO plugin. -->","yoast_head_json":{"title":"Fa\u00e7a a vacina\u00e7\u00e3o completa para uma viagem tranquila e saud\u00e1vel","description":"Bem-estar durante o per\u00edodo de f\u00e9rias come\u00e7a antes da viagem, com a ado\u00e7\u00e3o de h\u00e1bitos saud\u00e1veis e da vacina\u00e7\u00e3o completa.","robots":{"index":"index","follow":"follow","max-snippet":"max-snippet:-1","max-image-preview":"max-image-preview:large","max-video-preview":"max-video-preview:-1"},"canonical":"https:\/\/www.panvel.com\/blog\/panvel-clinic\/coloque-a-carteira-de-vacinacao-em-dia-antes-da-viagem\/","og_locale":"pt_BR","og_type":"article","og_title":"Fa\u00e7a a vacina\u00e7\u00e3o completa para uma viagem tranquila e saud\u00e1vel","og_description":"Bem-estar durante o per\u00edodo de f\u00e9rias come\u00e7a antes da viagem, com a ado\u00e7\u00e3o de h\u00e1bitos saud\u00e1veis e da vacina\u00e7\u00e3o completa.","og_url":"https:\/\/www.panvel.com\/blog\/panvel-clinic\/coloque-a-carteira-de-vacinacao-em-dia-antes-da-viagem\/","og_site_name":"Blog Bem Panvel","article_published_time":"2022-12-26T15:11:56+00:00","article_modified_time":"2026-02-09T17:39:15+00:00","og_image":[{"width":723,"height":376,"url":"https:\/\/www.panvel.com\/blog\/wp-content\/uploads\/2022\/12\/iStock-1369510076-e1672153913410.jpg","type":"image\/jpeg"}],"author":"Equipe Panvel","twitter_card":"summary_large_image","twitter_misc":{"Escrito por":"Equipe Panvel","Est. tempo de leitura":"4 minutos"},"schema":{"@context":"https:\/\/schema.org","@graph":[{"@type":"Article","@id":"https:\/\/www.panvel.com\/blog\/panvel-clinic\/coloque-a-carteira-de-vacinacao-em-dia-antes-da-viagem\/#article","isPartOf":{"@id":"https:\/\/www.panvel.com\/blog\/panvel-clinic\/coloque-a-carteira-de-vacinacao-em-dia-antes-da-viagem\/"},"author":{"name":"Equipe Panvel","@id":"https:\/\/www.panvel.com\/blog\/#\/schema\/person\/79f5c113f9621ed83897942f6e7501e3"},"headline":"Vai viajar? Confira se a carteira de vacina\u00e7\u00e3o est\u00e1 em dia e imunize-se na Panvel","datePublished":"2022-12-26T15:11:56+00:00","dateModified":"2026-02-09T17:39:15+00:00","mainEntityOfPage":{"@id":"https:\/\/www.panvel.com\/blog\/panvel-clinic\/coloque-a-carteira-de-vacinacao-em-dia-antes-da-viagem\/"},"wordCount":739,"commentCount":0,"publisher":{"@id":"https:\/\/www.panvel.com\/blog\/#organization"},"keywords":["Bem Estar","Cuidados com a Pele","Cuidados com a sa\u00fade","Febre amarela","Panvel Clinic","Preven\u00e7\u00e3o","vacina","vacina Covid-19","vacina f\u00e9rias","vacina\u00e7\u00e3o completa"],"articleSection":["Panvel Clinic"],"inLanguage":"pt-BR","potentialAction":[{"@type":"CommentAction","name":"Comment","target":["https:\/\/www.panvel.com\/blog\/panvel-clinic\/coloque-a-carteira-de-vacinacao-em-dia-antes-da-viagem\/#respond"]}]},{"@type":"WebPage","@id":"https:\/\/www.panvel.com\/blog\/panvel-clinic\/coloque-a-carteira-de-vacinacao-em-dia-antes-da-viagem\/","url":"https:\/\/www.panvel.com\/blog\/panvel-clinic\/coloque-a-carteira-de-vacinacao-em-dia-antes-da-viagem\/","name":"Fa\u00e7a a vacina\u00e7\u00e3o completa para uma viagem tranquila e saud\u00e1vel","isPartOf":{"@id":"https:\/\/www.panvel.com\/blog\/#website"},"datePublished":"2022-12-26T15:11:56+00:00","dateModified":"2026-02-09T17:39:15+00:00","description":"Bem-estar durante o per\u00edodo de f\u00e9rias come\u00e7a antes da viagem, com a ado\u00e7\u00e3o de h\u00e1bitos saud\u00e1veis e da vacina\u00e7\u00e3o completa.","breadcrumb":{"@id":"https:\/\/www.panvel.com\/blog\/panvel-clinic\/coloque-a-carteira-de-vacinacao-em-dia-antes-da-viagem\/#breadcrumb"},"inLanguage":"pt-BR","potentialAction":[{"@type":"ReadAction","target":["https:\/\/www.panvel.com\/blog\/panvel-clinic\/coloque-a-carteira-de-vacinacao-em-dia-antes-da-viagem\/"]}]},{"@type":"BreadcrumbList","@id":"https:\/\/www.panvel.com\/blog\/panvel-clinic\/coloque-a-carteira-de-vacinacao-em-dia-antes-da-viagem\/#breadcrumb","itemListElement":[{"@type":"ListItem","position":1,"name":"Home","item":"https:\/\/www.panvel.com\/blog\/"},{"@type":"ListItem","position":2,"name":"Panvel Clinic","item":"https:\/\/www.panvel.com\/blog\/panvel-clinic\/"},{"@type":"ListItem","position":3,"name":"Vai viajar? Confira se a carteira de vacina\u00e7\u00e3o est\u00e1 em dia e imunize-se na Panvel"}]},{"@type":"WebSite","@id":"https:\/\/www.panvel.com\/blog\/#website","url":"https:\/\/www.panvel.com\/blog\/","name":"Blog Bem Panvel","description":"Aqui voc\u00ea encontra conte\u00fados e dicas de sa\u00fade, beleza, bem-estar e muito mais.","publisher":{"@id":"https:\/\/www.panvel.com\/blog\/#organization"},"potentialAction":[{"@type":"SearchAction","target":{"@type":"EntryPoint","urlTemplate":"https:\/\/www.panvel.com\/blog\/?s={search_term_string}"},"query-input":"required name=search_term_string"}],"inLanguage":"pt-BR"},{"@type":"Organization","@id":"https:\/\/www.panvel.com\/blog\/#organization","name":"Panvel Farm\u00e1cias","url":"https:\/\/www.panvel.com\/blog\/","logo":{"@type":"ImageObject","inLanguage":"pt-BR","@id":"https:\/\/www.panvel.com\/blog\/#\/schema\/logo\/image\/","url":"https:\/\/www.panvel.com\/blog\/wp-content\/uploads\/2020\/10\/logo.png","contentUrl":"https:\/\/www.panvel.com\/blog\/wp-content\/uploads\/2020\/10\/logo.png","width":402,"height":53,"caption":"Panvel Farm\u00e1cias"},"image":{"@id":"https:\/\/www.panvel.com\/blog\/#\/schema\/logo\/image\/"}},{"@type":"Person","@id":"https:\/\/www.panvel.com\/blog\/#\/schema\/person\/79f5c113f9621ed83897942f6e7501e3","name":"Equipe Panvel","image":{"@type":"ImageObject","inLanguage":"pt-BR","@id":"https:\/\/www.panvel.com\/blog\/#\/schema\/person\/image\/","url":"https:\/\/www.panvel.com\/blog\/wp-content\/uploads\/2022\/09\/blog-panvel-1.jpg","contentUrl":"https:\/\/www.panvel.com\/blog\/wp-content\/uploads\/2022\/09\/blog-panvel-1.jpg","caption":"Equipe Panvel"},"description":"O Blog Bem Panvel conta com uma equipe formada por especialistas e traz para seus leitores conte\u00fados relevantes e de qualidade sobre sa\u00fade, beleza e bem-estar.","url":"https:\/\/www.panvel.com\/blog\/author\/dimedmkt\/"}]}},"_links":{"self":[{"href":"https:\/\/www.panvel.com\/blog\/wp-json\/wp\/v2\/posts\/5642"}],"collection":[{"href":"https:\/\/www.panvel.com\/blog\/wp-json\/wp\/v2\/posts"}],"about":[{"href":"https:\/\/www.panvel.com\/blog\/wp-json\/wp\/v2\/types\/post"}],"author":[{"embeddable":true,"href":"https:\/\/www.panvel.com\/blog\/wp-json\/wp\/v2\/users\/3"}],"replies":[{"embeddable":true,"href":"https:\/\/www.panvel.com\/blog\/wp-json\/wp\/v2\/comments?post=5642"}],"version-history":[{"count":4,"href":"https:\/\/www.panvel.com\/blog\/wp-json\/wp\/v2\/posts\/5642\/revisions"}],"predecessor-version":[{"id":10739,"href":"https:\/\/www.panvel.com\/blog\/wp-json\/wp\/v2\/posts\/5642\/revisions\/10739"}],"wp:featuredmedia":[{"embeddable":true,"href":"https:\/\/www.panvel.com\/blog\/wp-json\/wp\/v2\/media\/5643"}],"wp:attachment":[{"href":"https:\/\/www.panvel.com\/blog\/wp-json\/wp\/v2\/media?parent=5642"}],"wp:term":[{"taxonomy":"category","embeddable":true,"href":"https:\/\/www.panvel.com\/blog\/wp-json\/wp\/v2\/categories?post=5642"},{"taxonomy":"post_tag","embeddable":true,"href":"https:\/\/www.panvel.com\/blog\/wp-json\/wp\/v2\/tags?post=5642"},{"taxonomy":"sponsor","embeddable":true,"href":"https:\/\/www.panvel.com\/blog\/wp-json\/wp\/v2\/sponsor?post=5642"}],"curies":[{"name":"wp","href":"https:\/\/api.w.org\/{rel}","templated":true}]}}