{"id":5599,"date":"2022-12-20T12:00:00","date_gmt":"2022-12-20T15:00:00","guid":{"rendered":"\/blog\/?p=5599"},"modified":"2023-11-22T16:18:49","modified_gmt":"2023-11-22T19:18:49","slug":"sol-praia-e-mar-os-cuidados-ao-fazer-e-manter-uma-tatuagem-no-verao","status":"publish","type":"post","link":"https:\/\/www.panvel.com\/blog\/dicas-de-saude\/sol-praia-e-mar-os-cuidados-ao-fazer-e-manter-uma-tatuagem-no-verao\/","title":{"rendered":"Sol, praia e mar: os cuidados ao fazer e manter uma tatuagem no ver\u00e3o"},"content":{"rendered":"\n<p>Quem nunca quis fazer uma <strong>tatuagem no ver\u00e3o<\/strong>? Afinal, \u00e9 nesta \u00e9poca do ano que as roupas mais curtas deixam \u00e0 mostra os desenhos que ficaram escondidos sob os agasalhos no inverno, motivando quem sonha em ter um adorno no corpo a colocar em pr\u00e1tica o desejo.<\/p>\n\n\n\n<p>Inspira\u00e7\u00e3o \u00e9 o que n\u00e3o falta na beira da praia e na cidade. O Brasil \u00e9 o nono pa\u00eds onde as pessoas mais se tatuam, de acordo com uma pesquisa de 2019 do Instituto Alem\u00e3o Dalia. Mas os especialistas afirmam que o ver\u00e3o \u00e9 a esta\u00e7\u00e3o menos recomendada para quem busca se tatuar. \u201cN\u00e3o \u00e9 a \u00e9poca mais indicada para <strong>tatuagens<\/strong> ou outros procedimentos na pele, pois o sol pode prejudicar a cicatriza\u00e7\u00e3o\u201d, explica a dermatologista Paula Xavier Schiavon.<\/p>\n\n\n\n<p>Ainda assim, seguindo alguns cuidados (que podem significar algumas priva\u00e7\u00f5es nestes meses) \u00e9 poss\u00edvel fazer uma<strong> tatuagem no ver\u00e3o<\/strong>. \u201cComo a pele est\u00e1 ferida por causa das agulhas, ela est\u00e1 mais suscet\u00edvel a infec\u00e7\u00f5es. Por isso \u00e9 melhor evitar mergulhos. E o sol pode afetar o resultado final, pois desbota o pigmento\u201d, resume a dermatologista.<\/p>\n\n\n\n<p>Conhe\u00e7a as recomenda\u00e7\u00f5es:<\/p>\n\n\n\n<h2 class=\"wp-block-heading\"><strong>Escolha um est\u00fadio que siga as recomenda\u00e7\u00f5es da Anvisa<\/strong><\/h2>\n\n\n\n<p>Fazer uma <strong>tatuagem<\/strong> n\u00e3o pode ser uma decis\u00e3o impulsiva. Mesmo quem n\u00e3o quer esperar at\u00e9 o outono precisa fazer uma boa pesquisa nos <strong>est\u00fadios de tatuagem<\/strong> e buscar refer\u00eancias para saber se o local segue as regras da Anvisa sobre higiene. Tamb\u00e9m vale a pena conhecer trabalhos anteriores feitos pelo tatuador. Assim, voc\u00ea evita que o desenho escolhido fique mal feito ou que o profissional n\u00e3o cumpra as exig\u00eancias m\u00ednimas de higiene. Lembre-se: voc\u00ea vai levar a <strong>tatuagem<\/strong> com voc\u00ea para sempre.<\/p>\n\n\n\n<h3 class=\"wp-block-heading\"><strong>Retire o filme pl\u00e1stico ap\u00f3s seis ou oito horas<\/strong><\/h3>\n\n\n\n<p>Ao terminar a <strong>tatuagem<\/strong>, o tatuador cobre a zona do desenho com um filme pl\u00e1stico. Esse recurso serve para proteger a pele do contato com microorganismos nas horas seguintes, especialmente no seu trajeto entre o est\u00fadio e a sua casa. Por isso, o filme deve permanecer no m\u00e1ximo oito horas cobrindo o local. Sua retirada \u00e9 importante para que a pele possa respirar e eliminar as subst\u00e2ncias. Em casos especiais, que ser\u00e3o indicados pelo profissional, o pl\u00e1stico filme pode permanecer mais tempo, mas precisa ser trocado de duas a tr\u00eas vezes por dia.<\/p>\n\n\n\n<h3 class=\"wp-block-heading\"><strong>Limpe a tatuagem com frequ\u00eancia<\/strong><\/h3>\n\n\n\n<p>A tatuagem deve ser higienizada de duas a tr\u00eas vezes ao dia com sab\u00e3o neutro ou antibacteriano e \u00e1gua morna.&nbsp; N\u00e3o esfregue ou pressione o local e n\u00e3o pule a limpeza, especialmente nos primeiros dias. E n\u00e3o saia do est\u00fadio de <strong>tatuagem<\/strong> sem entender bem todos os cuidados necess\u00e1rios e produtos indicados para a limpeza.<\/p>\n\n\n\n<h3 class=\"wp-block-heading\"><strong>Evite molhar o local<\/strong><\/h3>\n\n\n\n<p>Fora as higieniza\u00e7\u00f5es previstas diariamente, o local da <strong>tatuagem<\/strong> deve permanecer seco, preservado da umidade, inclusive durante o banho. \u00c9 aconselhado cobrir o local antes de entrar na ducha e retirar a prote\u00e7\u00e3o ap\u00f3s secar o corpo. Mergulhos ent\u00e3o, nem pensar! Deve-se evitar ir \u00e0 praia ou \u00e0 piscina entre 10 e 15 dias ap\u00f3s a realiza\u00e7\u00e3o da <strong>tatuagem<\/strong>.<\/p>\n\n\n\n<h3 class=\"wp-block-heading\"><strong>Seque com cuidado<\/strong><\/h3>\n\n\n\n<p>Depois da limpeza, evite passar a toalha com for\u00e7a, pois isso pode agravar a irrita\u00e7\u00e3o da pele. Procure tirar a umidade com uma toalha de tecido suave ou gaze, sempre com toques suaves at\u00e9 que toda a umidade seja absorvida.<\/p>\n\n\n\n<h3 class=\"wp-block-heading\"><strong>Use creme hidratante<\/strong><\/h3>\n\n\n<div class=\"wp-block-image\">\n<figure class=\"aligncenter size-full\"><img decoding=\"async\" loading=\"lazy\" width=\"724\" height=\"483\" src=\"\/blog\/wp-content\/uploads\/2022\/12\/iStock-1427567322.jpg\" alt=\"\" class=\"wp-image-5600\" srcset=\"https:\/\/www.panvel.com\/blog\/wp-content\/uploads\/2022\/12\/iStock-1427567322.jpg 724w, https:\/\/www.panvel.com\/blog\/wp-content\/uploads\/2022\/12\/iStock-1427567322-300x200.jpg 300w\" sizes=\"(max-width: 724px) 100vw, 724px\" \/><\/figure><\/div>\n\n\n<p>A fun\u00e7\u00e3o do creme para a pele em processo de cicatriza\u00e7\u00e3o \u00e9 hidratar intensamente, mantendo-a flex\u00edvel e livre de infec\u00e7\u00f5es. S\u00e3o indicados os cremes que cont\u00e9m poucos aditivos e se aplicam com facilidade. O tatuador recomendar\u00e1 op\u00e7\u00f5es de cremes adequados, geralmente com pantenol ou dexpantenol.<\/p>\n\n\n\n<h3 class=\"wp-block-heading\"><strong>Passe longe do sol<\/strong><\/h3>\n\n\n\n<p>A primeira exposi\u00e7\u00e3o ao sol s\u00f3 \u00e9 recomendada duas ou tr\u00eas semanas ap\u00f3s a realiza\u00e7\u00e3o da<strong> tatuagem<\/strong>. Como isso se torna mais dif\u00edcil no ver\u00e3o, uma op\u00e7\u00e3o \u00e9 cobrir o local com roupas de manga longa durante este per\u00edodo. Para quem tem f\u00e9rias na praia ou n\u00e3o abre m\u00e3o de um mergulho ou banho de piscina, vale repensar e planejar a <strong>tatuagem<\/strong> para a pr\u00f3xima esta\u00e7\u00e3o. \u201cA radia\u00e7\u00e3o ultravioleta pode desbotar o pigmento. Este fen\u00f4meno se chama fotodegrada\u00e7\u00e3o e atinge todas as <strong>tatuagens<\/strong>, n\u00e3o importa h\u00e1 quanto tempo foram feitas\u201d, explica a dermatologista Paula.<\/p>\n\n\n\n<h3 class=\"wp-block-heading\"><strong>Cuidados ap\u00f3s a cicatriza\u00e7\u00e3o<\/strong><\/h3>\n\n\n\n<p>Ao fazer uma<strong> tatuagem<\/strong>, \u00e9 importante saber que os cuidados continuam mesmo ap\u00f3s a cicatriza\u00e7\u00e3o. O sol \u00e9 um dos principais inimigos at\u00e9 das j\u00e1 cicatrizadas: a exposi\u00e7\u00e3o prolongada acelera a descolora\u00e7\u00e3o do desenho, deixando-o apagado.<\/p>\n\n\n\n<p>Por isso, \u00e9 necess\u00e1rio usar prote\u00e7\u00e3o solar sempre e hidratar a pele para que se mantenha saud\u00e1vel. No ver\u00e3o, pode-se utilizar uma lo\u00e7\u00e3o p\u00f3s-sol para hidratar e acalmar a pele ap\u00f3s um dia de sol ou de praia.<\/p>\n\n\n\n<p>A dermatologista Paula Xavier Schiavon tamb\u00e9m recomenda a quem tem muitas pintas pelo corpo evitar grandes desenhos, pois podem atrapalhar o diagn\u00f3stico de um poss\u00edvel c\u00e2ncer de pele no futuro. \u201cLembre-se que micropigmenta\u00e7\u00e3o de sobrancelhas e l\u00e1bios \u00e9 um tipo de <strong>tatuagem<\/strong>, suscet\u00edvel portanto a altera\u00e7\u00f5es da cor com o passar dos anos\u201d, afirma a m\u00e9dica.<\/p>\n\n\n\n<p>E aten\u00e7\u00e3o: caso surjam feridas, coceira ou les\u00f5es elevadas sobre a <strong>tatuagem<\/strong>, consulte um m\u00e9dico imediatamente.<\/p>\n","protected":false},"excerpt":{"rendered":"<p>Esta\u00e7\u00e3o n\u00e3o \u00e9 a mais recomendada para fazer o desenho, mas algumas regras devem ser adotadas para quem vai se tatuar nos dias mais quentes<\/p>\n","protected":false},"author":3,"featured_media":5605,"comment_status":"open","ping_status":"open","sticky":false,"template":"","format":"standard","meta":[],"categories":[5],"tags":[31,29,179,15,20,950,951,955,953,952,949,954],"sponsor":[],"acf":[],"yoast_head":"<!-- This site is optimized with the Yoast SEO plugin v20.7 - https:\/\/yoast.com\/wordpress\/plugins\/seo\/ -->\n<title>Ver\u00e3o combina com tatuagem? Confira mais orienta\u00e7\u00f5es<\/title>\n<meta name=\"description\" content=\"Esta\u00e7\u00e3o n\u00e3o \u00e9 a mais recomendada para fazer o desenho, mas algumas regras devem ser adotadas para quem vai se tatuar nos dias mais quentes.\" \/>\n<meta name=\"robots\" content=\"index, follow, max-snippet:-1, max-image-preview:large, max-video-preview:-1\" \/>\n<link rel=\"canonical\" href=\"https:\/\/www.panvel.com\/blog\/dicas-de-saude\/sol-praia-e-mar-os-cuidados-ao-fazer-e-manter-uma-tatuagem-no-verao\/\" \/>\n<meta property=\"og:locale\" content=\"pt_BR\" \/>\n<meta property=\"og:type\" content=\"article\" \/>\n<meta property=\"og:title\" content=\"Ver\u00e3o combina com tatuagem? Confira mais orienta\u00e7\u00f5es\" \/>\n<meta property=\"og:description\" content=\"Esta\u00e7\u00e3o n\u00e3o \u00e9 a mais recomendada para fazer o desenho, mas algumas regras devem ser adotadas para quem vai se tatuar nos dias mais quentes.\" \/>\n<meta property=\"og:url\" content=\"https:\/\/www.panvel.com\/blog\/dicas-de-saude\/sol-praia-e-mar-os-cuidados-ao-fazer-e-manter-uma-tatuagem-no-verao\/\" \/>\n<meta property=\"og:site_name\" content=\"Blog Bem Panvel\" \/>\n<meta property=\"article:published_time\" content=\"2022-12-20T15:00:00+00:00\" \/>\n<meta property=\"article:modified_time\" content=\"2023-11-22T19:18:49+00:00\" \/>\n<meta property=\"og:image\" content=\"https:\/\/www.panvel.com\/blog\/wp-content\/uploads\/2022\/12\/iStock-1363795442.jpg\" \/>\n\t<meta property=\"og:image:width\" content=\"724\" \/>\n\t<meta property=\"og:image:height\" content=\"483\" \/>\n\t<meta property=\"og:image:type\" content=\"image\/jpeg\" \/>\n<meta name=\"author\" content=\"Equipe Panvel\" \/>\n<meta name=\"twitter:card\" content=\"summary_large_image\" \/>\n<meta name=\"twitter:label1\" content=\"Escrito por\" \/>\n\t<meta name=\"twitter:data1\" content=\"Equipe Panvel\" \/>\n\t<meta name=\"twitter:label2\" content=\"Est. tempo de leitura\" \/>\n\t<meta name=\"twitter:data2\" content=\"5 minutos\" \/>\n<script type=\"application\/ld+json\" class=\"yoast-schema-graph\">{\"@context\":\"https:\/\/schema.org\",\"@graph\":[{\"@type\":\"Article\",\"@id\":\"https:\/\/www.panvel.com\/blog\/dicas-de-saude\/sol-praia-e-mar-os-cuidados-ao-fazer-e-manter-uma-tatuagem-no-verao\/#article\",\"isPartOf\":{\"@id\":\"https:\/\/www.panvel.com\/blog\/dicas-de-saude\/sol-praia-e-mar-os-cuidados-ao-fazer-e-manter-uma-tatuagem-no-verao\/\"},\"author\":{\"name\":\"Equipe Panvel\",\"@id\":\"https:\/\/www.panvel.com\/blog\/#\/schema\/person\/79f5c113f9621ed83897942f6e7501e3\"},\"headline\":\"Sol, praia e mar: os cuidados ao fazer e manter uma tatuagem no ver\u00e3o\",\"datePublished\":\"2022-12-20T15:00:00+00:00\",\"dateModified\":\"2023-11-22T19:18:49+00:00\",\"mainEntityOfPage\":{\"@id\":\"https:\/\/www.panvel.com\/blog\/dicas-de-saude\/sol-praia-e-mar-os-cuidados-ao-fazer-e-manter-uma-tatuagem-no-verao\/\"},\"wordCount\":935,\"commentCount\":0,\"publisher\":{\"@id\":\"https:\/\/www.panvel.com\/blog\/#organization\"},\"keywords\":[\"Bem Estar\",\"Cuidados com a Pele\",\"Cuidados com a sa\u00fade\",\"Dicas\",\"Preven\u00e7\u00e3o\",\"tatuagem\",\"tatuagem cuidados\",\"tatuagem piscina\",\"tatuagem praia\",\"tatuagem sol\",\"tatuagem ver\u00e3o\",\"tatuagens\"],\"articleSection\":[\"Rotina de Sa\u00fade\"],\"inLanguage\":\"pt-BR\",\"potentialAction\":[{\"@type\":\"CommentAction\",\"name\":\"Comment\",\"target\":[\"https:\/\/www.panvel.com\/blog\/dicas-de-saude\/sol-praia-e-mar-os-cuidados-ao-fazer-e-manter-uma-tatuagem-no-verao\/#respond\"]}]},{\"@type\":\"WebPage\",\"@id\":\"https:\/\/www.panvel.com\/blog\/dicas-de-saude\/sol-praia-e-mar-os-cuidados-ao-fazer-e-manter-uma-tatuagem-no-verao\/\",\"url\":\"https:\/\/www.panvel.com\/blog\/dicas-de-saude\/sol-praia-e-mar-os-cuidados-ao-fazer-e-manter-uma-tatuagem-no-verao\/\",\"name\":\"Ver\u00e3o combina com tatuagem? Confira mais orienta\u00e7\u00f5es\",\"isPartOf\":{\"@id\":\"https:\/\/www.panvel.com\/blog\/#website\"},\"datePublished\":\"2022-12-20T15:00:00+00:00\",\"dateModified\":\"2023-11-22T19:18:49+00:00\",\"description\":\"Esta\u00e7\u00e3o n\u00e3o \u00e9 a mais recomendada para fazer o desenho, mas algumas regras devem ser adotadas para quem vai se tatuar nos dias mais quentes.\",\"breadcrumb\":{\"@id\":\"https:\/\/www.panvel.com\/blog\/dicas-de-saude\/sol-praia-e-mar-os-cuidados-ao-fazer-e-manter-uma-tatuagem-no-verao\/#breadcrumb\"},\"inLanguage\":\"pt-BR\",\"potentialAction\":[{\"@type\":\"ReadAction\",\"target\":[\"https:\/\/www.panvel.com\/blog\/dicas-de-saude\/sol-praia-e-mar-os-cuidados-ao-fazer-e-manter-uma-tatuagem-no-verao\/\"]}]},{\"@type\":\"BreadcrumbList\",\"@id\":\"https:\/\/www.panvel.com\/blog\/dicas-de-saude\/sol-praia-e-mar-os-cuidados-ao-fazer-e-manter-uma-tatuagem-no-verao\/#breadcrumb\",\"itemListElement\":[{\"@type\":\"ListItem\",\"position\":1,\"name\":\"Home\",\"item\":\"https:\/\/www.panvel.com\/blog\/\"},{\"@type\":\"ListItem\",\"position\":2,\"name\":\"Rotina de Sa\u00fade\",\"item\":\"https:\/\/www.panvel.com\/blog\/dicas-de-saude\/\"},{\"@type\":\"ListItem\",\"position\":3,\"name\":\"Sol, praia e mar: os cuidados ao fazer e manter uma tatuagem no ver\u00e3o\"}]},{\"@type\":\"WebSite\",\"@id\":\"https:\/\/www.panvel.com\/blog\/#website\",\"url\":\"https:\/\/www.panvel.com\/blog\/\",\"name\":\"Blog Bem Panvel\",\"description\":\"Aqui voc\u00ea encontra conte\u00fados e dicas de sa\u00fade, beleza, bem-estar e muito mais.\",\"publisher\":{\"@id\":\"https:\/\/www.panvel.com\/blog\/#organization\"},\"potentialAction\":[{\"@type\":\"SearchAction\",\"target\":{\"@type\":\"EntryPoint\",\"urlTemplate\":\"https:\/\/www.panvel.com\/blog\/?s={search_term_string}\"},\"query-input\":\"required name=search_term_string\"}],\"inLanguage\":\"pt-BR\"},{\"@type\":\"Organization\",\"@id\":\"https:\/\/www.panvel.com\/blog\/#organization\",\"name\":\"Panvel Farm\u00e1cias\",\"url\":\"https:\/\/www.panvel.com\/blog\/\",\"logo\":{\"@type\":\"ImageObject\",\"inLanguage\":\"pt-BR\",\"@id\":\"https:\/\/www.panvel.com\/blog\/#\/schema\/logo\/image\/\",\"url\":\"https:\/\/www.panvel.com\/blog\/wp-content\/uploads\/2020\/10\/logo.png\",\"contentUrl\":\"https:\/\/www.panvel.com\/blog\/wp-content\/uploads\/2020\/10\/logo.png\",\"width\":402,\"height\":53,\"caption\":\"Panvel Farm\u00e1cias\"},\"image\":{\"@id\":\"https:\/\/www.panvel.com\/blog\/#\/schema\/logo\/image\/\"}},{\"@type\":\"Person\",\"@id\":\"https:\/\/www.panvel.com\/blog\/#\/schema\/person\/79f5c113f9621ed83897942f6e7501e3\",\"name\":\"Equipe Panvel\",\"image\":{\"@type\":\"ImageObject\",\"inLanguage\":\"pt-BR\",\"@id\":\"https:\/\/www.panvel.com\/blog\/#\/schema\/person\/image\/\",\"url\":\"https:\/\/www.panvel.com\/blog\/wp-content\/uploads\/2022\/09\/blog-panvel-1.jpg\",\"contentUrl\":\"https:\/\/www.panvel.com\/blog\/wp-content\/uploads\/2022\/09\/blog-panvel-1.jpg\",\"caption\":\"Equipe Panvel\"},\"description\":\"O Blog Bem Panvel conta com uma equipe formada por especialistas e traz para seus leitores conte\u00fados relevantes e de qualidade sobre sa\u00fade, beleza e bem-estar.\",\"url\":\"https:\/\/www.panvel.com\/blog\/author\/dimedmkt\/\"}]}<\/script>\n<!-- \/ Yoast SEO plugin. -->","yoast_head_json":{"title":"Ver\u00e3o combina com tatuagem? Confira mais orienta\u00e7\u00f5es","description":"Esta\u00e7\u00e3o n\u00e3o \u00e9 a mais recomendada para fazer o desenho, mas algumas regras devem ser adotadas para quem vai se tatuar nos dias mais quentes.","robots":{"index":"index","follow":"follow","max-snippet":"max-snippet:-1","max-image-preview":"max-image-preview:large","max-video-preview":"max-video-preview:-1"},"canonical":"https:\/\/www.panvel.com\/blog\/dicas-de-saude\/sol-praia-e-mar-os-cuidados-ao-fazer-e-manter-uma-tatuagem-no-verao\/","og_locale":"pt_BR","og_type":"article","og_title":"Ver\u00e3o combina com tatuagem? Confira mais orienta\u00e7\u00f5es","og_description":"Esta\u00e7\u00e3o n\u00e3o \u00e9 a mais recomendada para fazer o desenho, mas algumas regras devem ser adotadas para quem vai se tatuar nos dias mais quentes.","og_url":"https:\/\/www.panvel.com\/blog\/dicas-de-saude\/sol-praia-e-mar-os-cuidados-ao-fazer-e-manter-uma-tatuagem-no-verao\/","og_site_name":"Blog Bem Panvel","article_published_time":"2022-12-20T15:00:00+00:00","article_modified_time":"2023-11-22T19:18:49+00:00","og_image":[{"width":724,"height":483,"url":"https:\/\/www.panvel.com\/blog\/wp-content\/uploads\/2022\/12\/iStock-1363795442.jpg","type":"image\/jpeg"}],"author":"Equipe Panvel","twitter_card":"summary_large_image","twitter_misc":{"Escrito por":"Equipe Panvel","Est. tempo de leitura":"5 minutos"},"schema":{"@context":"https:\/\/schema.org","@graph":[{"@type":"Article","@id":"https:\/\/www.panvel.com\/blog\/dicas-de-saude\/sol-praia-e-mar-os-cuidados-ao-fazer-e-manter-uma-tatuagem-no-verao\/#article","isPartOf":{"@id":"https:\/\/www.panvel.com\/blog\/dicas-de-saude\/sol-praia-e-mar-os-cuidados-ao-fazer-e-manter-uma-tatuagem-no-verao\/"},"author":{"name":"Equipe Panvel","@id":"https:\/\/www.panvel.com\/blog\/#\/schema\/person\/79f5c113f9621ed83897942f6e7501e3"},"headline":"Sol, praia e mar: os cuidados ao fazer e manter uma tatuagem no ver\u00e3o","datePublished":"2022-12-20T15:00:00+00:00","dateModified":"2023-11-22T19:18:49+00:00","mainEntityOfPage":{"@id":"https:\/\/www.panvel.com\/blog\/dicas-de-saude\/sol-praia-e-mar-os-cuidados-ao-fazer-e-manter-uma-tatuagem-no-verao\/"},"wordCount":935,"commentCount":0,"publisher":{"@id":"https:\/\/www.panvel.com\/blog\/#organization"},"keywords":["Bem Estar","Cuidados com a Pele","Cuidados com a sa\u00fade","Dicas","Preven\u00e7\u00e3o","tatuagem","tatuagem cuidados","tatuagem piscina","tatuagem praia","tatuagem sol","tatuagem ver\u00e3o","tatuagens"],"articleSection":["Rotina de Sa\u00fade"],"inLanguage":"pt-BR","potentialAction":[{"@type":"CommentAction","name":"Comment","target":["https:\/\/www.panvel.com\/blog\/dicas-de-saude\/sol-praia-e-mar-os-cuidados-ao-fazer-e-manter-uma-tatuagem-no-verao\/#respond"]}]},{"@type":"WebPage","@id":"https:\/\/www.panvel.com\/blog\/dicas-de-saude\/sol-praia-e-mar-os-cuidados-ao-fazer-e-manter-uma-tatuagem-no-verao\/","url":"https:\/\/www.panvel.com\/blog\/dicas-de-saude\/sol-praia-e-mar-os-cuidados-ao-fazer-e-manter-uma-tatuagem-no-verao\/","name":"Ver\u00e3o combina com tatuagem? Confira mais orienta\u00e7\u00f5es","isPartOf":{"@id":"https:\/\/www.panvel.com\/blog\/#website"},"datePublished":"2022-12-20T15:00:00+00:00","dateModified":"2023-11-22T19:18:49+00:00","description":"Esta\u00e7\u00e3o n\u00e3o \u00e9 a mais recomendada para fazer o desenho, mas algumas regras devem ser adotadas para quem vai se tatuar nos dias mais quentes.","breadcrumb":{"@id":"https:\/\/www.panvel.com\/blog\/dicas-de-saude\/sol-praia-e-mar-os-cuidados-ao-fazer-e-manter-uma-tatuagem-no-verao\/#breadcrumb"},"inLanguage":"pt-BR","potentialAction":[{"@type":"ReadAction","target":["https:\/\/www.panvel.com\/blog\/dicas-de-saude\/sol-praia-e-mar-os-cuidados-ao-fazer-e-manter-uma-tatuagem-no-verao\/"]}]},{"@type":"BreadcrumbList","@id":"https:\/\/www.panvel.com\/blog\/dicas-de-saude\/sol-praia-e-mar-os-cuidados-ao-fazer-e-manter-uma-tatuagem-no-verao\/#breadcrumb","itemListElement":[{"@type":"ListItem","position":1,"name":"Home","item":"https:\/\/www.panvel.com\/blog\/"},{"@type":"ListItem","position":2,"name":"Rotina de Sa\u00fade","item":"https:\/\/www.panvel.com\/blog\/dicas-de-saude\/"},{"@type":"ListItem","position":3,"name":"Sol, praia e mar: os cuidados ao fazer e manter uma tatuagem no ver\u00e3o"}]},{"@type":"WebSite","@id":"https:\/\/www.panvel.com\/blog\/#website","url":"https:\/\/www.panvel.com\/blog\/","name":"Blog Bem Panvel","description":"Aqui voc\u00ea encontra conte\u00fados e dicas de sa\u00fade, beleza, bem-estar e muito mais.","publisher":{"@id":"https:\/\/www.panvel.com\/blog\/#organization"},"potentialAction":[{"@type":"SearchAction","target":{"@type":"EntryPoint","urlTemplate":"https:\/\/www.panvel.com\/blog\/?s={search_term_string}"},"query-input":"required name=search_term_string"}],"inLanguage":"pt-BR"},{"@type":"Organization","@id":"https:\/\/www.panvel.com\/blog\/#organization","name":"Panvel Farm\u00e1cias","url":"https:\/\/www.panvel.com\/blog\/","logo":{"@type":"ImageObject","inLanguage":"pt-BR","@id":"https:\/\/www.panvel.com\/blog\/#\/schema\/logo\/image\/","url":"https:\/\/www.panvel.com\/blog\/wp-content\/uploads\/2020\/10\/logo.png","contentUrl":"https:\/\/www.panvel.com\/blog\/wp-content\/uploads\/2020\/10\/logo.png","width":402,"height":53,"caption":"Panvel Farm\u00e1cias"},"image":{"@id":"https:\/\/www.panvel.com\/blog\/#\/schema\/logo\/image\/"}},{"@type":"Person","@id":"https:\/\/www.panvel.com\/blog\/#\/schema\/person\/79f5c113f9621ed83897942f6e7501e3","name":"Equipe Panvel","image":{"@type":"ImageObject","inLanguage":"pt-BR","@id":"https:\/\/www.panvel.com\/blog\/#\/schema\/person\/image\/","url":"https:\/\/www.panvel.com\/blog\/wp-content\/uploads\/2022\/09\/blog-panvel-1.jpg","contentUrl":"https:\/\/www.panvel.com\/blog\/wp-content\/uploads\/2022\/09\/blog-panvel-1.jpg","caption":"Equipe Panvel"},"description":"O Blog Bem Panvel conta com uma equipe formada por especialistas e traz para seus leitores conte\u00fados relevantes e de qualidade sobre sa\u00fade, beleza e bem-estar.","url":"https:\/\/www.panvel.com\/blog\/author\/dimedmkt\/"}]}},"_links":{"self":[{"href":"https:\/\/www.panvel.com\/blog\/wp-json\/wp\/v2\/posts\/5599"}],"collection":[{"href":"https:\/\/www.panvel.com\/blog\/wp-json\/wp\/v2\/posts"}],"about":[{"href":"https:\/\/www.panvel.com\/blog\/wp-json\/wp\/v2\/types\/post"}],"author":[{"embeddable":true,"href":"https:\/\/www.panvel.com\/blog\/wp-json\/wp\/v2\/users\/3"}],"replies":[{"embeddable":true,"href":"https:\/\/www.panvel.com\/blog\/wp-json\/wp\/v2\/comments?post=5599"}],"version-history":[{"count":5,"href":"https:\/\/www.panvel.com\/blog\/wp-json\/wp\/v2\/posts\/5599\/revisions"}],"predecessor-version":[{"id":7096,"href":"https:\/\/www.panvel.com\/blog\/wp-json\/wp\/v2\/posts\/5599\/revisions\/7096"}],"wp:featuredmedia":[{"embeddable":true,"href":"https:\/\/www.panvel.com\/blog\/wp-json\/wp\/v2\/media\/5605"}],"wp:attachment":[{"href":"https:\/\/www.panvel.com\/blog\/wp-json\/wp\/v2\/media?parent=5599"}],"wp:term":[{"taxonomy":"category","embeddable":true,"href":"https:\/\/www.panvel.com\/blog\/wp-json\/wp\/v2\/categories?post=5599"},{"taxonomy":"post_tag","embeddable":true,"href":"https:\/\/www.panvel.com\/blog\/wp-json\/wp\/v2\/tags?post=5599"},{"taxonomy":"sponsor","embeddable":true,"href":"https:\/\/www.panvel.com\/blog\/wp-json\/wp\/v2\/sponsor?post=5599"}],"curies":[{"name":"wp","href":"https:\/\/api.w.org\/{rel}","templated":true}]}}