{"id":5488,"date":"2022-11-25T13:17:41","date_gmt":"2022-11-25T16:17:41","guid":{"rendered":"\/blog\/?p=5488"},"modified":"2023-11-22T16:19:44","modified_gmt":"2023-11-22T19:19:44","slug":"como-cuidar-da-pele-e-da-saude-em-temperaturas-elevadas","status":"publish","type":"post","link":"https:\/\/www.panvel.com\/blog\/dicas-de-saude\/como-cuidar-da-pele-e-da-saude-em-temperaturas-elevadas\/","title":{"rendered":"10 dicas para cuidar da pele neste ver\u00e3o"},"content":{"rendered":"\n<p>O ver\u00e3o est\u00e1 chegando e nada melhor do que lembrarmos de cuidados b\u00e1sicos para aproveitar essa esta\u00e7\u00e3o da forma mais saud\u00e1vel poss\u00edvel, mantendo a vivacidade da pele e a sa\u00fade do organismo, em geral. Por isso, a dermatologista do Hospital Moinhos de Vento, Dra. Fabiane Kumagai Lorenzini, elencou 10 dicas bem pr\u00e1ticas, que voc\u00ea deve ter sempre em mente, especialmente nesta \u00e9poca de altas temperaturas e sol forte. Portanto, anote a\u00ed:<\/p>\n\n\n\n<p><strong>1. Use filtro solar<\/strong><\/p>\n\n\n\n<p>O filtro solar pode ser:<\/p>\n\n\n\n<p>- em \"s\u00e9rum\" (bem sequinho e fininho, bom para quem tem pele oleosa ou barba);<\/p>\n\n\n\n<p>- em creme (mais hidratante, para pele mais seca ou com toque seco para peles mais oleosas);<\/p>\n\n\n\n<p>- em bast\u00e3o (para facilitar a reaplica\u00e7\u00e3o);<\/p>\n\n\n\n<p>- com cor (parecendo uma base, \u00f3timo para quem tem manchas ou deseja a praticidade de um filtro que j\u00e1 d\u00ea um aspecto de maquiagem);<\/p>\n\n\n\n<p>- fluido oil free (sem \u00f3leo, muito utilizado para quem gosta de toque seco e pratica esportes);<\/p>\n\n\n\n<p>- ou bif\u00e1sicos corporais (que d\u00e3o aquele \u201cglow\u201d ou brilho no corpo).<\/p>\n\n\n\n<p>Escolha os filtros que protejam contra os raios UVA\/UVB e que tenham, no m\u00ednimo, o fator (FPS) 30 de prote\u00e7\u00e3o. N\u00e3o esque\u00e7a de proteger os l\u00e1bios, as orelhas, o dorso dos seus p\u00e9s e m\u00e3os!<\/p>\n\n\n\n<p><strong>2. Proteja-se do sol<\/strong><\/p>\n\n\n\n<p>Adote medidas de prote\u00e7\u00e3o f\u00edsicas, como chap\u00e9u, guarda-sol, camisetas com prote\u00e7\u00e3o solar e at\u00e9 luvinhas para dirigir, no dia a dia, com prote\u00e7\u00e3o UV (ultravioleta). Caso opte por se proteger do sol embaixo de barracas ou tendas, escolha as feitas em algod\u00e3o ou lona.<\/p>\n\n\n\n<p><strong>3. Hidrate-se<\/strong><\/p>\n\n\n\n<p>Beber \u00e1gua \u00e9 fundamental. A hidrata\u00e7\u00e3o \u00e9 um conceito de dentro para fora!<\/p>\n\n\n\n<p><strong>4. Conte com produtos dermatol\u00f3gicos<\/strong><\/p>\n\n\n\n<p>O uso de antioxidantes, como a vitamina C, pode auxiliar a prevenir os danos na pele. Procure o seu dermatologista, que poder\u00e1 avaliar o produto ideal para o seu tipo de pele e idade.<\/p>\n\n\n\n<p><strong>5. Utilize \u00f3culos de sol<\/strong><\/p>\n\n\n\n<p>Os olhos tamb\u00e9m devem ser protegidos no ver\u00e3o. Portanto, n\u00e3o se esque\u00e7a do uso de \u00f3culos com lentes escuras e que protejam os olhos dos raios solares. Opte por \u00f3culos de boa qualidade e proced\u00eancia e que bloqueiem os raios UV.<\/p>\n\n\n\n<p><strong>6. Abuse de hidratantes<\/strong><\/p>\n\n\n\n<p>Use lo\u00e7\u00e3o hidratante no corpo inteiro e hidrate o rosto com produtos apropriados para manter o manto lip\u00eddico (uma camada que recobre a superf\u00edcie da pele). Assim, voc\u00ea evita uma apar\u00eancia craquelada e ressecada.<\/p>\n\n\n\n<p><strong>7. Evite banhos quentes<\/strong><\/p>\n\n\n\n<p>Aproveite o calor para tomar banhos com temperaturas mais amenas. Sua pele vai lhe agradecer.<\/p>\n\n\n\n<p><strong>8. Fale com o dermatologista<\/strong><\/p>\n\n\n\n<p>O seu dermatologista pode lhe orientar quais os produtos mais apropriados para usar e manter durante o ver\u00e3o. \u00c9 importante interromper o uso de cremes com \u00e1cidos que possam manchar a sua pele com a exposi\u00e7\u00e3o ao sol.<\/p>\n\n\n\n<p><strong>9. Saiba como usar os produtos<\/strong><\/p>\n\n\n\n<p>Quando for necess\u00e1rio usar filtro solar e repelente, aplique primeiro um e depois o outro, nesta ordem mesmo. Sendo que \u00e9 preciso reaplicar o filtro, de duas em duas horas, quando estiver se expondo ao sol. Uma outra boa dica para quem usa maquiagem \u00e9 usar o filtro solar em p\u00f3, para retocar durante o dia.<\/p>\n\n\n\n<p><strong>10. Fique atento ao rel\u00f3gio<\/strong><\/p>\n\n\n\n<p>Cuide os hor\u00e1rios adequados, evitando a exposi\u00e7\u00e3o solar entre \u00e0s 10h da manh\u00e3 at\u00e9 \u00e0s 16h da tarde. E curta o ver\u00e3o com sa\u00fade!<\/p>\n\n\n\n<p><strong>Fonte: <\/strong>Dra. Fabiane Kumagai Lorenzini (CRM 31551), dermatologista do <a href=\"https:\/\/www.hospitalmoinhos.org.br\/institucional\/blogsaudeevoce\">Hospital Moinhos de Vento<\/a>.<\/p>\n","protected":false},"excerpt":{"rendered":"<p>Confira mais no conte\u00fado no Hospital Moinhos de Vento sobre os cuidados essenciais para cuidar da pele no ver\u00e3o. <\/p>\n","protected":false},"author":3,"featured_media":5500,"comment_status":"open","ping_status":"open","sticky":false,"template":"","format":"standard","meta":[],"categories":[5],"tags":[31,869,29,179,923,15,418,922,82],"sponsor":[],"acf":[],"yoast_head":"<!-- This site is optimized with the Yoast SEO plugin v20.7 - https:\/\/yoast.com\/wordpress\/plugins\/seo\/ -->\n<title>10 dicas para cuidar da pele neste ver\u00e3o | Blog Bem Panvel<\/title>\n<meta name=\"description\" content=\"Confira mais no conte\u00fado no Hospital Moinhos de Vento sobre os cuidados essenciais para cuidar da pele no ver\u00e3o.\" \/>\n<meta name=\"robots\" content=\"index, follow, max-snippet:-1, max-image-preview:large, max-video-preview:-1\" \/>\n<link rel=\"canonical\" href=\"https:\/\/www.panvel.com\/blog\/dicas-de-saude\/como-cuidar-da-pele-e-da-saude-em-temperaturas-elevadas\/\" \/>\n<meta property=\"og:locale\" content=\"pt_BR\" \/>\n<meta property=\"og:type\" content=\"article\" \/>\n<meta property=\"og:title\" content=\"10 dicas para cuidar da pele neste ver\u00e3o | Blog Bem Panvel\" \/>\n<meta property=\"og:description\" content=\"Confira mais no conte\u00fado no Hospital Moinhos de Vento sobre os cuidados essenciais para cuidar da pele no ver\u00e3o.\" \/>\n<meta property=\"og:url\" content=\"https:\/\/www.panvel.com\/blog\/dicas-de-saude\/como-cuidar-da-pele-e-da-saude-em-temperaturas-elevadas\/\" \/>\n<meta property=\"og:site_name\" content=\"Blog Bem Panvel\" \/>\n<meta property=\"article:published_time\" content=\"2022-11-25T16:17:41+00:00\" \/>\n<meta property=\"article:modified_time\" content=\"2023-11-22T19:19:44+00:00\" \/>\n<meta property=\"og:image\" content=\"https:\/\/www.panvel.com\/blog\/wp-content\/uploads\/2022\/11\/Assinatura-Blog-Moinhos.jpg\" \/>\n\t<meta property=\"og:image:width\" content=\"730\" \/>\n\t<meta property=\"og:image:height\" content=\"480\" \/>\n\t<meta property=\"og:image:type\" content=\"image\/jpeg\" \/>\n<meta name=\"author\" content=\"Equipe Panvel\" \/>\n<meta name=\"twitter:card\" content=\"summary_large_image\" \/>\n<meta name=\"twitter:label1\" content=\"Escrito por\" \/>\n\t<meta name=\"twitter:data1\" content=\"Equipe Panvel\" \/>\n\t<meta name=\"twitter:label2\" content=\"Est. tempo de leitura\" \/>\n\t<meta name=\"twitter:data2\" content=\"4 minutos\" \/>\n<script type=\"application\/ld+json\" class=\"yoast-schema-graph\">{\"@context\":\"https:\/\/schema.org\",\"@graph\":[{\"@type\":\"Article\",\"@id\":\"https:\/\/www.panvel.com\/blog\/dicas-de-saude\/como-cuidar-da-pele-e-da-saude-em-temperaturas-elevadas\/#article\",\"isPartOf\":{\"@id\":\"https:\/\/www.panvel.com\/blog\/dicas-de-saude\/como-cuidar-da-pele-e-da-saude-em-temperaturas-elevadas\/\"},\"author\":{\"name\":\"Equipe Panvel\",\"@id\":\"https:\/\/www.panvel.com\/blog\/#\/schema\/person\/79f5c113f9621ed83897942f6e7501e3\"},\"headline\":\"10 dicas para cuidar da pele neste ver\u00e3o\",\"datePublished\":\"2022-11-25T16:17:41+00:00\",\"dateModified\":\"2023-11-22T19:19:44+00:00\",\"mainEntityOfPage\":{\"@id\":\"https:\/\/www.panvel.com\/blog\/dicas-de-saude\/como-cuidar-da-pele-e-da-saude-em-temperaturas-elevadas\/\"},\"wordCount\":595,\"commentCount\":0,\"publisher\":{\"@id\":\"https:\/\/www.panvel.com\/blog\/#organization\"},\"keywords\":[\"Bem Estar\",\"bem-estar e sa\u00fade\",\"Cuidados com a Pele\",\"Cuidados com a sa\u00fade\",\"cuidados no ver\u00e3o\",\"Dicas\",\"saude\",\"sa\u00fade e ver\u00e3o\",\"ver\u00e3o\"],\"articleSection\":[\"Rotina de Sa\u00fade\"],\"inLanguage\":\"pt-BR\",\"potentialAction\":[{\"@type\":\"CommentAction\",\"name\":\"Comment\",\"target\":[\"https:\/\/www.panvel.com\/blog\/dicas-de-saude\/como-cuidar-da-pele-e-da-saude-em-temperaturas-elevadas\/#respond\"]}]},{\"@type\":\"WebPage\",\"@id\":\"https:\/\/www.panvel.com\/blog\/dicas-de-saude\/como-cuidar-da-pele-e-da-saude-em-temperaturas-elevadas\/\",\"url\":\"https:\/\/www.panvel.com\/blog\/dicas-de-saude\/como-cuidar-da-pele-e-da-saude-em-temperaturas-elevadas\/\",\"name\":\"10 dicas para cuidar da pele neste ver\u00e3o | Blog Bem Panvel\",\"isPartOf\":{\"@id\":\"https:\/\/www.panvel.com\/blog\/#website\"},\"datePublished\":\"2022-11-25T16:17:41+00:00\",\"dateModified\":\"2023-11-22T19:19:44+00:00\",\"description\":\"Confira mais no conte\u00fado no Hospital Moinhos de Vento sobre os cuidados essenciais para cuidar da pele no ver\u00e3o.\",\"breadcrumb\":{\"@id\":\"https:\/\/www.panvel.com\/blog\/dicas-de-saude\/como-cuidar-da-pele-e-da-saude-em-temperaturas-elevadas\/#breadcrumb\"},\"inLanguage\":\"pt-BR\",\"potentialAction\":[{\"@type\":\"ReadAction\",\"target\":[\"https:\/\/www.panvel.com\/blog\/dicas-de-saude\/como-cuidar-da-pele-e-da-saude-em-temperaturas-elevadas\/\"]}]},{\"@type\":\"BreadcrumbList\",\"@id\":\"https:\/\/www.panvel.com\/blog\/dicas-de-saude\/como-cuidar-da-pele-e-da-saude-em-temperaturas-elevadas\/#breadcrumb\",\"itemListElement\":[{\"@type\":\"ListItem\",\"position\":1,\"name\":\"Home\",\"item\":\"https:\/\/www.panvel.com\/blog\/\"},{\"@type\":\"ListItem\",\"position\":2,\"name\":\"Rotina de Sa\u00fade\",\"item\":\"https:\/\/www.panvel.com\/blog\/dicas-de-saude\/\"},{\"@type\":\"ListItem\",\"position\":3,\"name\":\"10 dicas para cuidar da pele neste ver\u00e3o\"}]},{\"@type\":\"WebSite\",\"@id\":\"https:\/\/www.panvel.com\/blog\/#website\",\"url\":\"https:\/\/www.panvel.com\/blog\/\",\"name\":\"Blog Bem Panvel\",\"description\":\"Aqui voc\u00ea encontra conte\u00fados e dicas de sa\u00fade, beleza, bem-estar e muito mais.\",\"publisher\":{\"@id\":\"https:\/\/www.panvel.com\/blog\/#organization\"},\"potentialAction\":[{\"@type\":\"SearchAction\",\"target\":{\"@type\":\"EntryPoint\",\"urlTemplate\":\"https:\/\/www.panvel.com\/blog\/?s={search_term_string}\"},\"query-input\":\"required name=search_term_string\"}],\"inLanguage\":\"pt-BR\"},{\"@type\":\"Organization\",\"@id\":\"https:\/\/www.panvel.com\/blog\/#organization\",\"name\":\"Panvel Farm\u00e1cias\",\"url\":\"https:\/\/www.panvel.com\/blog\/\",\"logo\":{\"@type\":\"ImageObject\",\"inLanguage\":\"pt-BR\",\"@id\":\"https:\/\/www.panvel.com\/blog\/#\/schema\/logo\/image\/\",\"url\":\"https:\/\/www.panvel.com\/blog\/wp-content\/uploads\/2020\/10\/logo.png\",\"contentUrl\":\"https:\/\/www.panvel.com\/blog\/wp-content\/uploads\/2020\/10\/logo.png\",\"width\":402,\"height\":53,\"caption\":\"Panvel Farm\u00e1cias\"},\"image\":{\"@id\":\"https:\/\/www.panvel.com\/blog\/#\/schema\/logo\/image\/\"}},{\"@type\":\"Person\",\"@id\":\"https:\/\/www.panvel.com\/blog\/#\/schema\/person\/79f5c113f9621ed83897942f6e7501e3\",\"name\":\"Equipe Panvel\",\"image\":{\"@type\":\"ImageObject\",\"inLanguage\":\"pt-BR\",\"@id\":\"https:\/\/www.panvel.com\/blog\/#\/schema\/person\/image\/\",\"url\":\"https:\/\/www.panvel.com\/blog\/wp-content\/uploads\/2022\/09\/blog-panvel-1.jpg\",\"contentUrl\":\"https:\/\/www.panvel.com\/blog\/wp-content\/uploads\/2022\/09\/blog-panvel-1.jpg\",\"caption\":\"Equipe Panvel\"},\"description\":\"O Blog Bem Panvel conta com uma equipe formada por especialistas e traz para seus leitores conte\u00fados relevantes e de qualidade sobre sa\u00fade, beleza e bem-estar.\",\"url\":\"https:\/\/www.panvel.com\/blog\/author\/dimedmkt\/\"}]}<\/script>\n<!-- \/ Yoast SEO plugin. -->","yoast_head_json":{"title":"10 dicas para cuidar da pele neste ver\u00e3o | Blog Bem Panvel","description":"Confira mais no conte\u00fado no Hospital Moinhos de Vento sobre os cuidados essenciais para cuidar da pele no ver\u00e3o.","robots":{"index":"index","follow":"follow","max-snippet":"max-snippet:-1","max-image-preview":"max-image-preview:large","max-video-preview":"max-video-preview:-1"},"canonical":"https:\/\/www.panvel.com\/blog\/dicas-de-saude\/como-cuidar-da-pele-e-da-saude-em-temperaturas-elevadas\/","og_locale":"pt_BR","og_type":"article","og_title":"10 dicas para cuidar da pele neste ver\u00e3o | Blog Bem Panvel","og_description":"Confira mais no conte\u00fado no Hospital Moinhos de Vento sobre os cuidados essenciais para cuidar da pele no ver\u00e3o.","og_url":"https:\/\/www.panvel.com\/blog\/dicas-de-saude\/como-cuidar-da-pele-e-da-saude-em-temperaturas-elevadas\/","og_site_name":"Blog Bem Panvel","article_published_time":"2022-11-25T16:17:41+00:00","article_modified_time":"2023-11-22T19:19:44+00:00","og_image":[{"width":730,"height":480,"url":"https:\/\/www.panvel.com\/blog\/wp-content\/uploads\/2022\/11\/Assinatura-Blog-Moinhos.jpg","type":"image\/jpeg"}],"author":"Equipe Panvel","twitter_card":"summary_large_image","twitter_misc":{"Escrito por":"Equipe Panvel","Est. tempo de leitura":"4 minutos"},"schema":{"@context":"https:\/\/schema.org","@graph":[{"@type":"Article","@id":"https:\/\/www.panvel.com\/blog\/dicas-de-saude\/como-cuidar-da-pele-e-da-saude-em-temperaturas-elevadas\/#article","isPartOf":{"@id":"https:\/\/www.panvel.com\/blog\/dicas-de-saude\/como-cuidar-da-pele-e-da-saude-em-temperaturas-elevadas\/"},"author":{"name":"Equipe Panvel","@id":"https:\/\/www.panvel.com\/blog\/#\/schema\/person\/79f5c113f9621ed83897942f6e7501e3"},"headline":"10 dicas para cuidar da pele neste ver\u00e3o","datePublished":"2022-11-25T16:17:41+00:00","dateModified":"2023-11-22T19:19:44+00:00","mainEntityOfPage":{"@id":"https:\/\/www.panvel.com\/blog\/dicas-de-saude\/como-cuidar-da-pele-e-da-saude-em-temperaturas-elevadas\/"},"wordCount":595,"commentCount":0,"publisher":{"@id":"https:\/\/www.panvel.com\/blog\/#organization"},"keywords":["Bem Estar","bem-estar e sa\u00fade","Cuidados com a Pele","Cuidados com a sa\u00fade","cuidados no ver\u00e3o","Dicas","saude","sa\u00fade e ver\u00e3o","ver\u00e3o"],"articleSection":["Rotina de Sa\u00fade"],"inLanguage":"pt-BR","potentialAction":[{"@type":"CommentAction","name":"Comment","target":["https:\/\/www.panvel.com\/blog\/dicas-de-saude\/como-cuidar-da-pele-e-da-saude-em-temperaturas-elevadas\/#respond"]}]},{"@type":"WebPage","@id":"https:\/\/www.panvel.com\/blog\/dicas-de-saude\/como-cuidar-da-pele-e-da-saude-em-temperaturas-elevadas\/","url":"https:\/\/www.panvel.com\/blog\/dicas-de-saude\/como-cuidar-da-pele-e-da-saude-em-temperaturas-elevadas\/","name":"10 dicas para cuidar da pele neste ver\u00e3o | Blog Bem Panvel","isPartOf":{"@id":"https:\/\/www.panvel.com\/blog\/#website"},"datePublished":"2022-11-25T16:17:41+00:00","dateModified":"2023-11-22T19:19:44+00:00","description":"Confira mais no conte\u00fado no Hospital Moinhos de Vento sobre os cuidados essenciais para cuidar da pele no ver\u00e3o.","breadcrumb":{"@id":"https:\/\/www.panvel.com\/blog\/dicas-de-saude\/como-cuidar-da-pele-e-da-saude-em-temperaturas-elevadas\/#breadcrumb"},"inLanguage":"pt-BR","potentialAction":[{"@type":"ReadAction","target":["https:\/\/www.panvel.com\/blog\/dicas-de-saude\/como-cuidar-da-pele-e-da-saude-em-temperaturas-elevadas\/"]}]},{"@type":"BreadcrumbList","@id":"https:\/\/www.panvel.com\/blog\/dicas-de-saude\/como-cuidar-da-pele-e-da-saude-em-temperaturas-elevadas\/#breadcrumb","itemListElement":[{"@type":"ListItem","position":1,"name":"Home","item":"https:\/\/www.panvel.com\/blog\/"},{"@type":"ListItem","position":2,"name":"Rotina de Sa\u00fade","item":"https:\/\/www.panvel.com\/blog\/dicas-de-saude\/"},{"@type":"ListItem","position":3,"name":"10 dicas para cuidar da pele neste ver\u00e3o"}]},{"@type":"WebSite","@id":"https:\/\/www.panvel.com\/blog\/#website","url":"https:\/\/www.panvel.com\/blog\/","name":"Blog Bem Panvel","description":"Aqui voc\u00ea encontra conte\u00fados e dicas de sa\u00fade, beleza, bem-estar e muito mais.","publisher":{"@id":"https:\/\/www.panvel.com\/blog\/#organization"},"potentialAction":[{"@type":"SearchAction","target":{"@type":"EntryPoint","urlTemplate":"https:\/\/www.panvel.com\/blog\/?s={search_term_string}"},"query-input":"required name=search_term_string"}],"inLanguage":"pt-BR"},{"@type":"Organization","@id":"https:\/\/www.panvel.com\/blog\/#organization","name":"Panvel Farm\u00e1cias","url":"https:\/\/www.panvel.com\/blog\/","logo":{"@type":"ImageObject","inLanguage":"pt-BR","@id":"https:\/\/www.panvel.com\/blog\/#\/schema\/logo\/image\/","url":"https:\/\/www.panvel.com\/blog\/wp-content\/uploads\/2020\/10\/logo.png","contentUrl":"https:\/\/www.panvel.com\/blog\/wp-content\/uploads\/2020\/10\/logo.png","width":402,"height":53,"caption":"Panvel Farm\u00e1cias"},"image":{"@id":"https:\/\/www.panvel.com\/blog\/#\/schema\/logo\/image\/"}},{"@type":"Person","@id":"https:\/\/www.panvel.com\/blog\/#\/schema\/person\/79f5c113f9621ed83897942f6e7501e3","name":"Equipe Panvel","image":{"@type":"ImageObject","inLanguage":"pt-BR","@id":"https:\/\/www.panvel.com\/blog\/#\/schema\/person\/image\/","url":"https:\/\/www.panvel.com\/blog\/wp-content\/uploads\/2022\/09\/blog-panvel-1.jpg","contentUrl":"https:\/\/www.panvel.com\/blog\/wp-content\/uploads\/2022\/09\/blog-panvel-1.jpg","caption":"Equipe Panvel"},"description":"O Blog Bem Panvel conta com uma equipe formada por especialistas e traz para seus leitores conte\u00fados relevantes e de qualidade sobre sa\u00fade, beleza e bem-estar.","url":"https:\/\/www.panvel.com\/blog\/author\/dimedmkt\/"}]}},"_links":{"self":[{"href":"https:\/\/www.panvel.com\/blog\/wp-json\/wp\/v2\/posts\/5488"}],"collection":[{"href":"https:\/\/www.panvel.com\/blog\/wp-json\/wp\/v2\/posts"}],"about":[{"href":"https:\/\/www.panvel.com\/blog\/wp-json\/wp\/v2\/types\/post"}],"author":[{"embeddable":true,"href":"https:\/\/www.panvel.com\/blog\/wp-json\/wp\/v2\/users\/3"}],"replies":[{"embeddable":true,"href":"https:\/\/www.panvel.com\/blog\/wp-json\/wp\/v2\/comments?post=5488"}],"version-history":[{"count":3,"href":"https:\/\/www.panvel.com\/blog\/wp-json\/wp\/v2\/posts\/5488\/revisions"}],"predecessor-version":[{"id":7101,"href":"https:\/\/www.panvel.com\/blog\/wp-json\/wp\/v2\/posts\/5488\/revisions\/7101"}],"wp:featuredmedia":[{"embeddable":true,"href":"https:\/\/www.panvel.com\/blog\/wp-json\/wp\/v2\/media\/5500"}],"wp:attachment":[{"href":"https:\/\/www.panvel.com\/blog\/wp-json\/wp\/v2\/media?parent=5488"}],"wp:term":[{"taxonomy":"category","embeddable":true,"href":"https:\/\/www.panvel.com\/blog\/wp-json\/wp\/v2\/categories?post=5488"},{"taxonomy":"post_tag","embeddable":true,"href":"https:\/\/www.panvel.com\/blog\/wp-json\/wp\/v2\/tags?post=5488"},{"taxonomy":"sponsor","embeddable":true,"href":"https:\/\/www.panvel.com\/blog\/wp-json\/wp\/v2\/sponsor?post=5488"}],"curies":[{"name":"wp","href":"https:\/\/api.w.org\/{rel}","templated":true}]}}