{"id":5445,"date":"2022-11-16T10:47:07","date_gmt":"2022-11-16T13:47:07","guid":{"rendered":"\/blog\/?p=5445"},"modified":"2023-11-22T16:03:14","modified_gmt":"2023-11-22T19:03:14","slug":"confira-o-protetor-solar-ideal-para-cada-ocasiao","status":"publish","type":"post","link":"https:\/\/www.panvel.com\/blog\/dicas-de-beleza\/confira-o-protetor-solar-ideal-para-cada-ocasiao\/","title":{"rendered":"Ver\u00e3o \u00e0 vista: confira os protetores solares ideais para a praia, piscina ou cidade"},"content":{"rendered":"\n<p>Entramos em contagem regressiva para o final do ano, \u00e9poca para intensificar a aten\u00e7\u00e3o com a pele. O m\u00eas de novembro \u00e9 o per\u00edodo de prepara\u00e7\u00e3o para a <strong>temporada de ver\u00e3o<\/strong>. A esta\u00e7\u00e3o come\u00e7a oficialmente no final de dezembro, mas dias de sol e temperaturas altas s\u00e3o habituais neste m\u00eas, quando aumentam os convites para finais de semana na praia e churrascos \u00e0 beira da piscina, momentos que deixam a pele mais exposta ao sol.<\/p>\n\n\n\n<p>Apesar de o <strong>protetor solar<\/strong> estar mais associado a atividades ao ar livre, \u00e9 um erro aplicar apenas quando houver contato direto com o sol. Mesmo dentro de casa, a pele est\u00e1 exposta a fatores causadores de manchas, rugas e flacidez. \u201cO protetor deve ser usado diariamente, mesmo na cidade e sem exposi\u00e7\u00e3o solar direta\u201d, explica a <a href=\"https:\/\/www.instagram.com\/dramarciadonadussi\/\">dermatologista M\u00e1rcia Donadussi<\/a>.<\/p>\n\n\n\n<p>Op\u00e7\u00f5es de <strong>protetores solares<\/strong> n\u00e3o faltam, rosto e corpo, cidade e praia, inverno e ver\u00e3o. Mas aten\u00e7\u00e3o! Evite utilizar aquele creme de praia guardado do ano anterior. Muita gente acaba colocando na bolsa e na pele sem antes verificar a validade do produto. O resultado \u00e9 uma pele desprotegida e mais propensa a rea\u00e7\u00f5es cut\u00e2neas.<\/p>\n\n\n\n<p>Ao comprar o seu creme de uso cotidiano, considere op\u00e7\u00f5es com ativos antienvelhecimento ou mesmo com cor. Hoje h\u00e1 produtos com vitamina C que tratam a pele e permitem dois cuidados em uma aplica\u00e7\u00e3o. J\u00e1 os <strong>filtros com cor<\/strong>, al\u00e9m de proteger, podem facilitar a vida de quem usa maquiagem. S\u00e3o produtos<\/p>\n\n\n\n<p>geralmente indicados para ambientes internos, mas que tamb\u00e9m podem ser usados na beira da praia, pois o pigmento da f\u00f3rmula garante uma prote\u00e7\u00e3o extra \u00e0 pele do rosto.<\/p>\n\n\n\n<p>Para ajudar na sua decis\u00e3o, a dermatologista M\u00e1rcia Donadussi explica as melhores escolhas para praia, cidade e ambientes fechados. Confira as dicas e coloque os cuidados em pr\u00e1tica.<\/p>\n\n\n\n<h2 class=\"wp-block-heading\"><strong>Praia, piscina e esportes ao ar livre<\/strong><\/h2>\n\n\n\n<ul>\n<li><strong>FPS:<\/strong> no m\u00ednimo 50 para o rosto e para o corpo.<\/li>\n\n\n\n<li><strong>Textura:<\/strong> para resistir ao suor e ao banho de mar e piscina, os produtos geralmente t\u00eam textura mais espessa e com a f\u00f3rmula levemente oleosa. Op\u00e7\u00f5es com silicone permitem a cobertura seca mesmo nos produtos mais consistentes.<\/li>\n\n\n\n<li><strong>Reaplica\u00e7\u00e3o:<\/strong> a cada duas horas ou ap\u00f3s o banho de mar e piscina ou transpira\u00e7\u00e3o excessiva.<\/li>\n<\/ul>\n\n\n\n<h2 class=\"wp-block-heading\"><strong>Cidade<\/strong><\/h2>\n\n\n\n<ul>\n<li><strong>FPS:<\/strong> no m\u00ednimo 30 para o rosto e toda a pele que permanecer \u00e0 mostra. Pessoas com tend\u00eancia a melasma e manchas devem aumentar a prote\u00e7\u00e3o para no m\u00ednimo 50.<\/li>\n\n\n\n<li><strong>Textura: <\/strong>podem ser usados filtros de textura mais fina, mas fique atento, pois esses produtos tendem a durar menos na pele.<\/li>\n\n\n\n<li><strong>Reaplica\u00e7\u00e3o:<\/strong> a cada quatro horas, inclusive no fim de tarde.<\/li>\n<\/ul>\n\n\n\n<h2 class=\"wp-block-heading\"><strong>Ambientes fechados<\/strong><\/h2>\n\n\n\n<ul>\n<li><strong>FPS:<\/strong> no m\u00ednimo 30.<\/li>\n\n\n\n<li><strong>Textura:<\/strong> protetores mais fluidos ou com cor s\u00e3o os ideais. Filtros solares em bast\u00e3o, com toque seco, s\u00e3o \u00fateis para quem usa maquiagem.<\/li>\n\n\n\n<li><strong>Reaplica\u00e7\u00e3o:<\/strong> a cada quatro horas.<\/li>\n<\/ul>\n\n\n\n<p>Gostou das dicas? Este conte\u00fado \u00e9 parte da Revista Panvel de novembro. Retire o seu exemplar na filial mais pr\u00f3xima para ler mais mat\u00e9rias e ficar por dentro das ofertas do m\u00eas, al\u00e9m de acessar cupons exclusivos! <br><\/p>\n","protected":false},"excerpt":{"rendered":"<p>\u00c9 preciso proteger a pele, especialmente a do rosto, mesmo em dias nublados ou chuvosos.<\/p>\n","protected":false},"author":3,"featured_media":5446,"comment_status":"open","ping_status":"open","sticky":false,"template":"","format":"standard","meta":[],"categories":[11],"tags":[31,29,179,15,304,904,20,25,37,901,903,902,900,418],"sponsor":[],"acf":[],"yoast_head":"<!-- This site is optimized with the Yoast SEO plugin v20.7 - https:\/\/yoast.com\/wordpress\/plugins\/seo\/ -->\n<title>Ver\u00e3o \u00e0 vista: confira os protetores solares ideais para a praia, piscina ou cidade | Blog Bem Panvel<\/title>\n<meta name=\"description\" content=\"\u00c9 preciso proteger a pele, especialmente a do rosto, mesmo em dias nublados ou chuvosos.\" \/>\n<meta name=\"robots\" content=\"index, follow, max-snippet:-1, max-image-preview:large, max-video-preview:-1\" \/>\n<link rel=\"canonical\" href=\"https:\/\/www.panvel.com\/blog\/dicas-de-beleza\/confira-o-protetor-solar-ideal-para-cada-ocasiao\/\" \/>\n<meta property=\"og:locale\" content=\"pt_BR\" \/>\n<meta property=\"og:type\" content=\"article\" \/>\n<meta property=\"og:title\" content=\"Ver\u00e3o \u00e0 vista: confira os protetores solares ideais para a praia, piscina ou cidade | Blog Bem Panvel\" \/>\n<meta property=\"og:description\" content=\"\u00c9 preciso proteger a pele, especialmente a do rosto, mesmo em dias nublados ou chuvosos.\" \/>\n<meta property=\"og:url\" content=\"https:\/\/www.panvel.com\/blog\/dicas-de-beleza\/confira-o-protetor-solar-ideal-para-cada-ocasiao\/\" \/>\n<meta property=\"og:site_name\" content=\"Blog Bem Panvel\" \/>\n<meta property=\"article:published_time\" content=\"2022-11-16T13:47:07+00:00\" \/>\n<meta property=\"article:modified_time\" content=\"2023-11-22T19:03:14+00:00\" \/>\n<meta property=\"og:image\" content=\"https:\/\/www.panvel.com\/blog\/wp-content\/uploads\/2022\/11\/smiling-woman-is-applying-suntan-lotion-on-her-face.jpg_s1024x1024wisk20c8L1Op1XGbSMa5QtkTwg1Z9b59yvZ2xQ9j6FFlsg0Sr0.jpg\" \/>\n\t<meta property=\"og:image:width\" content=\"1024\" \/>\n\t<meta property=\"og:image:height\" content=\"682\" \/>\n\t<meta property=\"og:image:type\" content=\"image\/jpeg\" \/>\n<meta name=\"author\" content=\"Equipe Panvel\" \/>\n<meta name=\"twitter:card\" content=\"summary_large_image\" \/>\n<meta name=\"twitter:label1\" content=\"Escrito por\" \/>\n\t<meta name=\"twitter:data1\" content=\"Equipe Panvel\" \/>\n\t<meta name=\"twitter:label2\" content=\"Est. tempo de leitura\" \/>\n\t<meta name=\"twitter:data2\" content=\"3 minutos\" \/>\n<script type=\"application\/ld+json\" class=\"yoast-schema-graph\">{\"@context\":\"https:\/\/schema.org\",\"@graph\":[{\"@type\":\"Article\",\"@id\":\"https:\/\/www.panvel.com\/blog\/dicas-de-beleza\/confira-o-protetor-solar-ideal-para-cada-ocasiao\/#article\",\"isPartOf\":{\"@id\":\"https:\/\/www.panvel.com\/blog\/dicas-de-beleza\/confira-o-protetor-solar-ideal-para-cada-ocasiao\/\"},\"author\":{\"name\":\"Equipe Panvel\",\"@id\":\"https:\/\/www.panvel.com\/blog\/#\/schema\/person\/79f5c113f9621ed83897942f6e7501e3\"},\"headline\":\"Ver\u00e3o \u00e0 vista: confira os protetores solares ideais para a praia, piscina ou cidade\",\"datePublished\":\"2022-11-16T13:47:07+00:00\",\"dateModified\":\"2023-11-22T19:03:14+00:00\",\"mainEntityOfPage\":{\"@id\":\"https:\/\/www.panvel.com\/blog\/dicas-de-beleza\/confira-o-protetor-solar-ideal-para-cada-ocasiao\/\"},\"wordCount\":554,\"commentCount\":0,\"publisher\":{\"@id\":\"https:\/\/www.panvel.com\/blog\/#organization\"},\"keywords\":[\"Bem Estar\",\"Cuidados com a Pele\",\"Cuidados com a sa\u00fade\",\"Dicas\",\"filtro solar\",\"PELE E SAUDE\",\"Preven\u00e7\u00e3o\",\"Produtos Panvel\",\"Protetor Solar\",\"protetor solar cidade\",\"protetor solar ideal\",\"protetor solar piscina\",\"protetor solar praia\",\"saude\"],\"articleSection\":[\"Rotina de Beleza\"],\"inLanguage\":\"pt-BR\",\"potentialAction\":[{\"@type\":\"CommentAction\",\"name\":\"Comment\",\"target\":[\"https:\/\/www.panvel.com\/blog\/dicas-de-beleza\/confira-o-protetor-solar-ideal-para-cada-ocasiao\/#respond\"]}]},{\"@type\":\"WebPage\",\"@id\":\"https:\/\/www.panvel.com\/blog\/dicas-de-beleza\/confira-o-protetor-solar-ideal-para-cada-ocasiao\/\",\"url\":\"https:\/\/www.panvel.com\/blog\/dicas-de-beleza\/confira-o-protetor-solar-ideal-para-cada-ocasiao\/\",\"name\":\"Ver\u00e3o \u00e0 vista: confira os protetores solares ideais para a praia, piscina ou cidade | Blog Bem Panvel\",\"isPartOf\":{\"@id\":\"https:\/\/www.panvel.com\/blog\/#website\"},\"datePublished\":\"2022-11-16T13:47:07+00:00\",\"dateModified\":\"2023-11-22T19:03:14+00:00\",\"description\":\"\u00c9 preciso proteger a pele, especialmente a do rosto, mesmo em dias nublados ou chuvosos.\",\"breadcrumb\":{\"@id\":\"https:\/\/www.panvel.com\/blog\/dicas-de-beleza\/confira-o-protetor-solar-ideal-para-cada-ocasiao\/#breadcrumb\"},\"inLanguage\":\"pt-BR\",\"potentialAction\":[{\"@type\":\"ReadAction\",\"target\":[\"https:\/\/www.panvel.com\/blog\/dicas-de-beleza\/confira-o-protetor-solar-ideal-para-cada-ocasiao\/\"]}]},{\"@type\":\"BreadcrumbList\",\"@id\":\"https:\/\/www.panvel.com\/blog\/dicas-de-beleza\/confira-o-protetor-solar-ideal-para-cada-ocasiao\/#breadcrumb\",\"itemListElement\":[{\"@type\":\"ListItem\",\"position\":1,\"name\":\"Home\",\"item\":\"https:\/\/www.panvel.com\/blog\/\"},{\"@type\":\"ListItem\",\"position\":2,\"name\":\"Rotina de Beleza\",\"item\":\"https:\/\/www.panvel.com\/blog\/dicas-de-beleza\/\"},{\"@type\":\"ListItem\",\"position\":3,\"name\":\"Ver\u00e3o \u00e0 vista: confira os protetores solares ideais para a praia, piscina ou cidade\"}]},{\"@type\":\"WebSite\",\"@id\":\"https:\/\/www.panvel.com\/blog\/#website\",\"url\":\"https:\/\/www.panvel.com\/blog\/\",\"name\":\"Blog Bem Panvel\",\"description\":\"Aqui voc\u00ea encontra conte\u00fados e dicas de sa\u00fade, beleza, bem-estar e muito mais.\",\"publisher\":{\"@id\":\"https:\/\/www.panvel.com\/blog\/#organization\"},\"potentialAction\":[{\"@type\":\"SearchAction\",\"target\":{\"@type\":\"EntryPoint\",\"urlTemplate\":\"https:\/\/www.panvel.com\/blog\/?s={search_term_string}\"},\"query-input\":\"required name=search_term_string\"}],\"inLanguage\":\"pt-BR\"},{\"@type\":\"Organization\",\"@id\":\"https:\/\/www.panvel.com\/blog\/#organization\",\"name\":\"Panvel Farm\u00e1cias\",\"url\":\"https:\/\/www.panvel.com\/blog\/\",\"logo\":{\"@type\":\"ImageObject\",\"inLanguage\":\"pt-BR\",\"@id\":\"https:\/\/www.panvel.com\/blog\/#\/schema\/logo\/image\/\",\"url\":\"https:\/\/www.panvel.com\/blog\/wp-content\/uploads\/2020\/10\/logo.png\",\"contentUrl\":\"https:\/\/www.panvel.com\/blog\/wp-content\/uploads\/2020\/10\/logo.png\",\"width\":402,\"height\":53,\"caption\":\"Panvel Farm\u00e1cias\"},\"image\":{\"@id\":\"https:\/\/www.panvel.com\/blog\/#\/schema\/logo\/image\/\"}},{\"@type\":\"Person\",\"@id\":\"https:\/\/www.panvel.com\/blog\/#\/schema\/person\/79f5c113f9621ed83897942f6e7501e3\",\"name\":\"Equipe Panvel\",\"image\":{\"@type\":\"ImageObject\",\"inLanguage\":\"pt-BR\",\"@id\":\"https:\/\/www.panvel.com\/blog\/#\/schema\/person\/image\/\",\"url\":\"https:\/\/www.panvel.com\/blog\/wp-content\/uploads\/2022\/09\/blog-panvel-1.jpg\",\"contentUrl\":\"https:\/\/www.panvel.com\/blog\/wp-content\/uploads\/2022\/09\/blog-panvel-1.jpg\",\"caption\":\"Equipe Panvel\"},\"description\":\"O Blog Bem Panvel conta com uma equipe formada por especialistas e traz para seus leitores conte\u00fados relevantes e de qualidade sobre sa\u00fade, beleza e bem-estar.\",\"url\":\"https:\/\/www.panvel.com\/blog\/author\/dimedmkt\/\"}]}<\/script>\n<!-- \/ Yoast SEO plugin. -->","yoast_head_json":{"title":"Ver\u00e3o \u00e0 vista: confira os protetores solares ideais para a praia, piscina ou cidade | Blog Bem Panvel","description":"\u00c9 preciso proteger a pele, especialmente a do rosto, mesmo em dias nublados ou chuvosos.","robots":{"index":"index","follow":"follow","max-snippet":"max-snippet:-1","max-image-preview":"max-image-preview:large","max-video-preview":"max-video-preview:-1"},"canonical":"https:\/\/www.panvel.com\/blog\/dicas-de-beleza\/confira-o-protetor-solar-ideal-para-cada-ocasiao\/","og_locale":"pt_BR","og_type":"article","og_title":"Ver\u00e3o \u00e0 vista: confira os protetores solares ideais para a praia, piscina ou cidade | Blog Bem Panvel","og_description":"\u00c9 preciso proteger a pele, especialmente a do rosto, mesmo em dias nublados ou chuvosos.","og_url":"https:\/\/www.panvel.com\/blog\/dicas-de-beleza\/confira-o-protetor-solar-ideal-para-cada-ocasiao\/","og_site_name":"Blog Bem Panvel","article_published_time":"2022-11-16T13:47:07+00:00","article_modified_time":"2023-11-22T19:03:14+00:00","og_image":[{"width":1024,"height":682,"url":"https:\/\/www.panvel.com\/blog\/wp-content\/uploads\/2022\/11\/smiling-woman-is-applying-suntan-lotion-on-her-face.jpg_s1024x1024wisk20c8L1Op1XGbSMa5QtkTwg1Z9b59yvZ2xQ9j6FFlsg0Sr0.jpg","type":"image\/jpeg"}],"author":"Equipe Panvel","twitter_card":"summary_large_image","twitter_misc":{"Escrito por":"Equipe Panvel","Est. tempo de leitura":"3 minutos"},"schema":{"@context":"https:\/\/schema.org","@graph":[{"@type":"Article","@id":"https:\/\/www.panvel.com\/blog\/dicas-de-beleza\/confira-o-protetor-solar-ideal-para-cada-ocasiao\/#article","isPartOf":{"@id":"https:\/\/www.panvel.com\/blog\/dicas-de-beleza\/confira-o-protetor-solar-ideal-para-cada-ocasiao\/"},"author":{"name":"Equipe Panvel","@id":"https:\/\/www.panvel.com\/blog\/#\/schema\/person\/79f5c113f9621ed83897942f6e7501e3"},"headline":"Ver\u00e3o \u00e0 vista: confira os protetores solares ideais para a praia, piscina ou cidade","datePublished":"2022-11-16T13:47:07+00:00","dateModified":"2023-11-22T19:03:14+00:00","mainEntityOfPage":{"@id":"https:\/\/www.panvel.com\/blog\/dicas-de-beleza\/confira-o-protetor-solar-ideal-para-cada-ocasiao\/"},"wordCount":554,"commentCount":0,"publisher":{"@id":"https:\/\/www.panvel.com\/blog\/#organization"},"keywords":["Bem Estar","Cuidados com a Pele","Cuidados com a sa\u00fade","Dicas","filtro solar","PELE E SAUDE","Preven\u00e7\u00e3o","Produtos Panvel","Protetor Solar","protetor solar cidade","protetor solar ideal","protetor solar piscina","protetor solar praia","saude"],"articleSection":["Rotina de Beleza"],"inLanguage":"pt-BR","potentialAction":[{"@type":"CommentAction","name":"Comment","target":["https:\/\/www.panvel.com\/blog\/dicas-de-beleza\/confira-o-protetor-solar-ideal-para-cada-ocasiao\/#respond"]}]},{"@type":"WebPage","@id":"https:\/\/www.panvel.com\/blog\/dicas-de-beleza\/confira-o-protetor-solar-ideal-para-cada-ocasiao\/","url":"https:\/\/www.panvel.com\/blog\/dicas-de-beleza\/confira-o-protetor-solar-ideal-para-cada-ocasiao\/","name":"Ver\u00e3o \u00e0 vista: confira os protetores solares ideais para a praia, piscina ou cidade | Blog Bem Panvel","isPartOf":{"@id":"https:\/\/www.panvel.com\/blog\/#website"},"datePublished":"2022-11-16T13:47:07+00:00","dateModified":"2023-11-22T19:03:14+00:00","description":"\u00c9 preciso proteger a pele, especialmente a do rosto, mesmo em dias nublados ou chuvosos.","breadcrumb":{"@id":"https:\/\/www.panvel.com\/blog\/dicas-de-beleza\/confira-o-protetor-solar-ideal-para-cada-ocasiao\/#breadcrumb"},"inLanguage":"pt-BR","potentialAction":[{"@type":"ReadAction","target":["https:\/\/www.panvel.com\/blog\/dicas-de-beleza\/confira-o-protetor-solar-ideal-para-cada-ocasiao\/"]}]},{"@type":"BreadcrumbList","@id":"https:\/\/www.panvel.com\/blog\/dicas-de-beleza\/confira-o-protetor-solar-ideal-para-cada-ocasiao\/#breadcrumb","itemListElement":[{"@type":"ListItem","position":1,"name":"Home","item":"https:\/\/www.panvel.com\/blog\/"},{"@type":"ListItem","position":2,"name":"Rotina de Beleza","item":"https:\/\/www.panvel.com\/blog\/dicas-de-beleza\/"},{"@type":"ListItem","position":3,"name":"Ver\u00e3o \u00e0 vista: confira os protetores solares ideais para a praia, piscina ou cidade"}]},{"@type":"WebSite","@id":"https:\/\/www.panvel.com\/blog\/#website","url":"https:\/\/www.panvel.com\/blog\/","name":"Blog Bem Panvel","description":"Aqui voc\u00ea encontra conte\u00fados e dicas de sa\u00fade, beleza, bem-estar e muito mais.","publisher":{"@id":"https:\/\/www.panvel.com\/blog\/#organization"},"potentialAction":[{"@type":"SearchAction","target":{"@type":"EntryPoint","urlTemplate":"https:\/\/www.panvel.com\/blog\/?s={search_term_string}"},"query-input":"required name=search_term_string"}],"inLanguage":"pt-BR"},{"@type":"Organization","@id":"https:\/\/www.panvel.com\/blog\/#organization","name":"Panvel Farm\u00e1cias","url":"https:\/\/www.panvel.com\/blog\/","logo":{"@type":"ImageObject","inLanguage":"pt-BR","@id":"https:\/\/www.panvel.com\/blog\/#\/schema\/logo\/image\/","url":"https:\/\/www.panvel.com\/blog\/wp-content\/uploads\/2020\/10\/logo.png","contentUrl":"https:\/\/www.panvel.com\/blog\/wp-content\/uploads\/2020\/10\/logo.png","width":402,"height":53,"caption":"Panvel Farm\u00e1cias"},"image":{"@id":"https:\/\/www.panvel.com\/blog\/#\/schema\/logo\/image\/"}},{"@type":"Person","@id":"https:\/\/www.panvel.com\/blog\/#\/schema\/person\/79f5c113f9621ed83897942f6e7501e3","name":"Equipe Panvel","image":{"@type":"ImageObject","inLanguage":"pt-BR","@id":"https:\/\/www.panvel.com\/blog\/#\/schema\/person\/image\/","url":"https:\/\/www.panvel.com\/blog\/wp-content\/uploads\/2022\/09\/blog-panvel-1.jpg","contentUrl":"https:\/\/www.panvel.com\/blog\/wp-content\/uploads\/2022\/09\/blog-panvel-1.jpg","caption":"Equipe Panvel"},"description":"O Blog Bem Panvel conta com uma equipe formada por especialistas e traz para seus leitores conte\u00fados relevantes e de qualidade sobre sa\u00fade, beleza e bem-estar.","url":"https:\/\/www.panvel.com\/blog\/author\/dimedmkt\/"}]}},"_links":{"self":[{"href":"https:\/\/www.panvel.com\/blog\/wp-json\/wp\/v2\/posts\/5445"}],"collection":[{"href":"https:\/\/www.panvel.com\/blog\/wp-json\/wp\/v2\/posts"}],"about":[{"href":"https:\/\/www.panvel.com\/blog\/wp-json\/wp\/v2\/types\/post"}],"author":[{"embeddable":true,"href":"https:\/\/www.panvel.com\/blog\/wp-json\/wp\/v2\/users\/3"}],"replies":[{"embeddable":true,"href":"https:\/\/www.panvel.com\/blog\/wp-json\/wp\/v2\/comments?post=5445"}],"version-history":[{"count":2,"href":"https:\/\/www.panvel.com\/blog\/wp-json\/wp\/v2\/posts\/5445\/revisions"}],"predecessor-version":[{"id":7078,"href":"https:\/\/www.panvel.com\/blog\/wp-json\/wp\/v2\/posts\/5445\/revisions\/7078"}],"wp:featuredmedia":[{"embeddable":true,"href":"https:\/\/www.panvel.com\/blog\/wp-json\/wp\/v2\/media\/5446"}],"wp:attachment":[{"href":"https:\/\/www.panvel.com\/blog\/wp-json\/wp\/v2\/media?parent=5445"}],"wp:term":[{"taxonomy":"category","embeddable":true,"href":"https:\/\/www.panvel.com\/blog\/wp-json\/wp\/v2\/categories?post=5445"},{"taxonomy":"post_tag","embeddable":true,"href":"https:\/\/www.panvel.com\/blog\/wp-json\/wp\/v2\/tags?post=5445"},{"taxonomy":"sponsor","embeddable":true,"href":"https:\/\/www.panvel.com\/blog\/wp-json\/wp\/v2\/sponsor?post=5445"}],"curies":[{"name":"wp","href":"https:\/\/api.w.org\/{rel}","templated":true}]}}