{"id":5386,"date":"2022-11-01T08:43:00","date_gmt":"2022-11-01T11:43:00","guid":{"rendered":"\/blog\/?p=5386"},"modified":"2023-11-22T16:19:48","modified_gmt":"2023-11-22T19:19:48","slug":"cancer-de-prostata-e-hora-de-falar-sobre-isso","status":"publish","type":"post","link":"https:\/\/www.panvel.com\/blog\/dicas-de-saude\/cancer-de-prostata-e-hora-de-falar-sobre-isso\/","title":{"rendered":"C\u00e2ncer de Pr\u00f3stata: \u00e9 hora de falar sobre isso"},"content":{"rendered":"\n<p>O dia 17 de novembro \u00e9 a data escolhida para falarmos de um importante tema: A Preven\u00e7\u00e3o ao C\u00e2ncer de Pr\u00f3stata.<\/p>\n\n\n\n<p>Uma gl\u00e2ndula do sistema reprodutor masculino, a pr\u00f3stata produz e armazena parte do fluido seminal. Para homens acima de 50 anos, o c\u00e2ncer de pr\u00f3stata \u00e9 o tipo mais comum, respons\u00e1vel por 10% de todas as mortes provocadas por tumor no Brasil.<\/p>\n\n\n\n<p>Apesar de n\u00e3o ter uma causa, existem alguns motivos que aumentam a chance de desenvolver a doen\u00e7a, entre eles: fatores hormonais e ambientais, al\u00e9m de h\u00e1bitos alimentares pouco saud\u00e1veis, sedentarismo e excesso de peso.<\/p>\n\n\n\n<p>A maioria dos c\u00e2nceres de pr\u00f3stata cresce lentamente e n\u00e3o causa sintomas. Por isso a import\u00e2ncia de, a partir dos 50 anos, fazer o PSA e o toque retal anualmente. Caso sejam constatados o aumento da gl\u00e2ndula ou o PSA alterado, o m\u00e9dico especialista indicar\u00e1 os pr\u00f3ximos passos para continuar a investiga\u00e7\u00e3o.<\/p>\n\n\n\n<p>Quando descoberto em est\u00e1gio inicial, o tratamento \u00e9 mais simples. Uma vez diagnosticado, o urologista definir\u00e1 qual o melhor tratamento para cada caso, variando desde um tratamento conservador at\u00e9 tratamentos mais especializados como radioterapia e terapia hormonal.<\/p>\n\n\n\n<p>A escolha do tratamento mais adequado deve ser individualizada e definida ap\u00f3s discutir os riscos e benef\u00edcios do tratamento com o seu m\u00e9dico.<\/p>\n\n\n\n<p><em>Respons\u00e1vel T\u00e9cnica: Dra. K\u00e1tia Zanotelli Fassina (CREMERS 23.034)&nbsp;&nbsp;&nbsp;<\/em><\/p>\n\n\n\n<figure class=\"wp-block-image size-full\"><img decoding=\"async\" loading=\"lazy\" width=\"244\" height=\"130\" src=\"\/blog\/wp-content\/uploads\/2022\/10\/image.png\" alt=\"\" class=\"wp-image-5292\"\/><\/figure>\n","protected":false},"excerpt":{"rendered":"<p>Confira o conte\u00fado produzido pelo Weinmann sobre a import\u00e2ncia de falar sobre o C\u00e2ncer de Pr\u00f3stata e os cuidados do homem.<\/p>\n","protected":false},"author":3,"featured_media":5397,"comment_status":"open","ping_status":"open","sticky":false,"template":"","format":"standard","meta":[],"categories":[5],"tags":[31,62,33,532,29,179,884,20,899,885],"sponsor":[],"acf":[],"yoast_head":"<!-- This site is optimized with the Yoast SEO plugin v20.7 - https:\/\/yoast.com\/wordpress\/plugins\/seo\/ -->\n<title>C\u00e2ncer de Pr\u00f3stata: \u00e9 hora de falar sobre isso | Blog Panvel<\/title>\n<meta name=\"description\" content=\"Confira o conte\u00fado produzido pelo Weinmann sobre a import\u00e2ncia de falar sobre o C\u00e2ncer de Pr\u00f3stata e os cuidados do homem.\" \/>\n<meta name=\"robots\" content=\"index, follow, max-snippet:-1, max-image-preview:large, max-video-preview:-1\" \/>\n<link rel=\"canonical\" href=\"https:\/\/www.panvel.com\/blog\/dicas-de-saude\/cancer-de-prostata-e-hora-de-falar-sobre-isso\/\" \/>\n<meta property=\"og:locale\" content=\"pt_BR\" \/>\n<meta property=\"og:type\" content=\"article\" \/>\n<meta property=\"og:title\" content=\"C\u00e2ncer de Pr\u00f3stata: \u00e9 hora de falar sobre isso | Blog Panvel\" \/>\n<meta property=\"og:description\" content=\"Confira o conte\u00fado produzido pelo Weinmann sobre a import\u00e2ncia de falar sobre o C\u00e2ncer de Pr\u00f3stata e os cuidados do homem.\" \/>\n<meta property=\"og:url\" content=\"https:\/\/www.panvel.com\/blog\/dicas-de-saude\/cancer-de-prostata-e-hora-de-falar-sobre-isso\/\" \/>\n<meta property=\"og:site_name\" content=\"Blog Bem Panvel\" \/>\n<meta property=\"article:published_time\" content=\"2022-11-01T11:43:00+00:00\" \/>\n<meta property=\"article:modified_time\" content=\"2023-11-22T19:19:48+00:00\" \/>\n<meta property=\"og:image\" content=\"https:\/\/www.panvel.com\/blog\/wp-content\/uploads\/2022\/11\/Blog-730x480-Azul-e1667240409837.png\" \/>\n\t<meta property=\"og:image:width\" content=\"730\" \/>\n\t<meta property=\"og:image:height\" content=\"438\" \/>\n\t<meta property=\"og:image:type\" content=\"image\/png\" \/>\n<meta name=\"author\" content=\"Equipe Panvel\" \/>\n<meta name=\"twitter:card\" content=\"summary_large_image\" \/>\n<meta name=\"twitter:label1\" content=\"Escrito por\" \/>\n\t<meta name=\"twitter:data1\" content=\"Equipe Panvel\" \/>\n\t<meta name=\"twitter:label2\" content=\"Est. tempo de leitura\" \/>\n\t<meta name=\"twitter:data2\" content=\"2 minutos\" \/>\n<script type=\"application\/ld+json\" class=\"yoast-schema-graph\">{\"@context\":\"https:\/\/schema.org\",\"@graph\":[{\"@type\":\"Article\",\"@id\":\"https:\/\/www.panvel.com\/blog\/dicas-de-saude\/cancer-de-prostata-e-hora-de-falar-sobre-isso\/#article\",\"isPartOf\":{\"@id\":\"https:\/\/www.panvel.com\/blog\/dicas-de-saude\/cancer-de-prostata-e-hora-de-falar-sobre-isso\/\"},\"author\":{\"name\":\"Equipe Panvel\",\"@id\":\"https:\/\/www.panvel.com\/blog\/#\/schema\/person\/79f5c113f9621ed83897942f6e7501e3\"},\"headline\":\"C\u00e2ncer de Pr\u00f3stata: \u00e9 hora de falar sobre isso\",\"datePublished\":\"2022-11-01T11:43:00+00:00\",\"dateModified\":\"2023-11-22T19:19:48+00:00\",\"mainEntityOfPage\":{\"@id\":\"https:\/\/www.panvel.com\/blog\/dicas-de-saude\/cancer-de-prostata-e-hora-de-falar-sobre-isso\/\"},\"wordCount\":250,\"commentCount\":0,\"publisher\":{\"@id\":\"https:\/\/www.panvel.com\/blog\/#organization\"},\"keywords\":[\"Bem Estar\",\"C\u00e2ncer\",\"C\u00e2ncer de Pr\u00f3stata\",\"check-up homem\",\"Cuidados com a Pele\",\"Cuidados com a sa\u00fade\",\"homem\",\"Preven\u00e7\u00e3o\",\"Sa\u00fade do homem\",\"weinmann\"],\"articleSection\":[\"Rotina de Sa\u00fade\"],\"inLanguage\":\"pt-BR\",\"potentialAction\":[{\"@type\":\"CommentAction\",\"name\":\"Comment\",\"target\":[\"https:\/\/www.panvel.com\/blog\/dicas-de-saude\/cancer-de-prostata-e-hora-de-falar-sobre-isso\/#respond\"]}]},{\"@type\":\"WebPage\",\"@id\":\"https:\/\/www.panvel.com\/blog\/dicas-de-saude\/cancer-de-prostata-e-hora-de-falar-sobre-isso\/\",\"url\":\"https:\/\/www.panvel.com\/blog\/dicas-de-saude\/cancer-de-prostata-e-hora-de-falar-sobre-isso\/\",\"name\":\"C\u00e2ncer de Pr\u00f3stata: \u00e9 hora de falar sobre isso | Blog Panvel\",\"isPartOf\":{\"@id\":\"https:\/\/www.panvel.com\/blog\/#website\"},\"datePublished\":\"2022-11-01T11:43:00+00:00\",\"dateModified\":\"2023-11-22T19:19:48+00:00\",\"description\":\"Confira o conte\u00fado produzido pelo Weinmann sobre a import\u00e2ncia de falar sobre o C\u00e2ncer de Pr\u00f3stata e os cuidados do homem.\",\"breadcrumb\":{\"@id\":\"https:\/\/www.panvel.com\/blog\/dicas-de-saude\/cancer-de-prostata-e-hora-de-falar-sobre-isso\/#breadcrumb\"},\"inLanguage\":\"pt-BR\",\"potentialAction\":[{\"@type\":\"ReadAction\",\"target\":[\"https:\/\/www.panvel.com\/blog\/dicas-de-saude\/cancer-de-prostata-e-hora-de-falar-sobre-isso\/\"]}]},{\"@type\":\"BreadcrumbList\",\"@id\":\"https:\/\/www.panvel.com\/blog\/dicas-de-saude\/cancer-de-prostata-e-hora-de-falar-sobre-isso\/#breadcrumb\",\"itemListElement\":[{\"@type\":\"ListItem\",\"position\":1,\"name\":\"Home\",\"item\":\"https:\/\/www.panvel.com\/blog\/\"},{\"@type\":\"ListItem\",\"position\":2,\"name\":\"Rotina de Sa\u00fade\",\"item\":\"https:\/\/www.panvel.com\/blog\/dicas-de-saude\/\"},{\"@type\":\"ListItem\",\"position\":3,\"name\":\"C\u00e2ncer de Pr\u00f3stata: \u00e9 hora de falar sobre isso\"}]},{\"@type\":\"WebSite\",\"@id\":\"https:\/\/www.panvel.com\/blog\/#website\",\"url\":\"https:\/\/www.panvel.com\/blog\/\",\"name\":\"Blog Bem Panvel\",\"description\":\"Aqui voc\u00ea encontra conte\u00fados e dicas de sa\u00fade, beleza, bem-estar e muito mais.\",\"publisher\":{\"@id\":\"https:\/\/www.panvel.com\/blog\/#organization\"},\"potentialAction\":[{\"@type\":\"SearchAction\",\"target\":{\"@type\":\"EntryPoint\",\"urlTemplate\":\"https:\/\/www.panvel.com\/blog\/?s={search_term_string}\"},\"query-input\":\"required name=search_term_string\"}],\"inLanguage\":\"pt-BR\"},{\"@type\":\"Organization\",\"@id\":\"https:\/\/www.panvel.com\/blog\/#organization\",\"name\":\"Panvel Farm\u00e1cias\",\"url\":\"https:\/\/www.panvel.com\/blog\/\",\"logo\":{\"@type\":\"ImageObject\",\"inLanguage\":\"pt-BR\",\"@id\":\"https:\/\/www.panvel.com\/blog\/#\/schema\/logo\/image\/\",\"url\":\"https:\/\/www.panvel.com\/blog\/wp-content\/uploads\/2020\/10\/logo.png\",\"contentUrl\":\"https:\/\/www.panvel.com\/blog\/wp-content\/uploads\/2020\/10\/logo.png\",\"width\":402,\"height\":53,\"caption\":\"Panvel Farm\u00e1cias\"},\"image\":{\"@id\":\"https:\/\/www.panvel.com\/blog\/#\/schema\/logo\/image\/\"}},{\"@type\":\"Person\",\"@id\":\"https:\/\/www.panvel.com\/blog\/#\/schema\/person\/79f5c113f9621ed83897942f6e7501e3\",\"name\":\"Equipe Panvel\",\"image\":{\"@type\":\"ImageObject\",\"inLanguage\":\"pt-BR\",\"@id\":\"https:\/\/www.panvel.com\/blog\/#\/schema\/person\/image\/\",\"url\":\"https:\/\/www.panvel.com\/blog\/wp-content\/uploads\/2022\/09\/blog-panvel-1.jpg\",\"contentUrl\":\"https:\/\/www.panvel.com\/blog\/wp-content\/uploads\/2022\/09\/blog-panvel-1.jpg\",\"caption\":\"Equipe Panvel\"},\"description\":\"O Blog Bem Panvel conta com uma equipe formada por especialistas e traz para seus leitores conte\u00fados relevantes e de qualidade sobre sa\u00fade, beleza e bem-estar.\",\"url\":\"https:\/\/www.panvel.com\/blog\/author\/dimedmkt\/\"}]}<\/script>\n<!-- \/ Yoast SEO plugin. -->","yoast_head_json":{"title":"C\u00e2ncer de Pr\u00f3stata: \u00e9 hora de falar sobre isso | Blog Panvel","description":"Confira o conte\u00fado produzido pelo Weinmann sobre a import\u00e2ncia de falar sobre o C\u00e2ncer de Pr\u00f3stata e os cuidados do homem.","robots":{"index":"index","follow":"follow","max-snippet":"max-snippet:-1","max-image-preview":"max-image-preview:large","max-video-preview":"max-video-preview:-1"},"canonical":"https:\/\/www.panvel.com\/blog\/dicas-de-saude\/cancer-de-prostata-e-hora-de-falar-sobre-isso\/","og_locale":"pt_BR","og_type":"article","og_title":"C\u00e2ncer de Pr\u00f3stata: \u00e9 hora de falar sobre isso | Blog Panvel","og_description":"Confira o conte\u00fado produzido pelo Weinmann sobre a import\u00e2ncia de falar sobre o C\u00e2ncer de Pr\u00f3stata e os cuidados do homem.","og_url":"https:\/\/www.panvel.com\/blog\/dicas-de-saude\/cancer-de-prostata-e-hora-de-falar-sobre-isso\/","og_site_name":"Blog Bem Panvel","article_published_time":"2022-11-01T11:43:00+00:00","article_modified_time":"2023-11-22T19:19:48+00:00","og_image":[{"width":730,"height":438,"url":"https:\/\/www.panvel.com\/blog\/wp-content\/uploads\/2022\/11\/Blog-730x480-Azul-e1667240409837.png","type":"image\/png"}],"author":"Equipe Panvel","twitter_card":"summary_large_image","twitter_misc":{"Escrito por":"Equipe Panvel","Est. tempo de leitura":"2 minutos"},"schema":{"@context":"https:\/\/schema.org","@graph":[{"@type":"Article","@id":"https:\/\/www.panvel.com\/blog\/dicas-de-saude\/cancer-de-prostata-e-hora-de-falar-sobre-isso\/#article","isPartOf":{"@id":"https:\/\/www.panvel.com\/blog\/dicas-de-saude\/cancer-de-prostata-e-hora-de-falar-sobre-isso\/"},"author":{"name":"Equipe Panvel","@id":"https:\/\/www.panvel.com\/blog\/#\/schema\/person\/79f5c113f9621ed83897942f6e7501e3"},"headline":"C\u00e2ncer de Pr\u00f3stata: \u00e9 hora de falar sobre isso","datePublished":"2022-11-01T11:43:00+00:00","dateModified":"2023-11-22T19:19:48+00:00","mainEntityOfPage":{"@id":"https:\/\/www.panvel.com\/blog\/dicas-de-saude\/cancer-de-prostata-e-hora-de-falar-sobre-isso\/"},"wordCount":250,"commentCount":0,"publisher":{"@id":"https:\/\/www.panvel.com\/blog\/#organization"},"keywords":["Bem Estar","C\u00e2ncer","C\u00e2ncer de Pr\u00f3stata","check-up homem","Cuidados com a Pele","Cuidados com a sa\u00fade","homem","Preven\u00e7\u00e3o","Sa\u00fade do homem","weinmann"],"articleSection":["Rotina de Sa\u00fade"],"inLanguage":"pt-BR","potentialAction":[{"@type":"CommentAction","name":"Comment","target":["https:\/\/www.panvel.com\/blog\/dicas-de-saude\/cancer-de-prostata-e-hora-de-falar-sobre-isso\/#respond"]}]},{"@type":"WebPage","@id":"https:\/\/www.panvel.com\/blog\/dicas-de-saude\/cancer-de-prostata-e-hora-de-falar-sobre-isso\/","url":"https:\/\/www.panvel.com\/blog\/dicas-de-saude\/cancer-de-prostata-e-hora-de-falar-sobre-isso\/","name":"C\u00e2ncer de Pr\u00f3stata: \u00e9 hora de falar sobre isso | Blog Panvel","isPartOf":{"@id":"https:\/\/www.panvel.com\/blog\/#website"},"datePublished":"2022-11-01T11:43:00+00:00","dateModified":"2023-11-22T19:19:48+00:00","description":"Confira o conte\u00fado produzido pelo Weinmann sobre a import\u00e2ncia de falar sobre o C\u00e2ncer de Pr\u00f3stata e os cuidados do homem.","breadcrumb":{"@id":"https:\/\/www.panvel.com\/blog\/dicas-de-saude\/cancer-de-prostata-e-hora-de-falar-sobre-isso\/#breadcrumb"},"inLanguage":"pt-BR","potentialAction":[{"@type":"ReadAction","target":["https:\/\/www.panvel.com\/blog\/dicas-de-saude\/cancer-de-prostata-e-hora-de-falar-sobre-isso\/"]}]},{"@type":"BreadcrumbList","@id":"https:\/\/www.panvel.com\/blog\/dicas-de-saude\/cancer-de-prostata-e-hora-de-falar-sobre-isso\/#breadcrumb","itemListElement":[{"@type":"ListItem","position":1,"name":"Home","item":"https:\/\/www.panvel.com\/blog\/"},{"@type":"ListItem","position":2,"name":"Rotina de Sa\u00fade","item":"https:\/\/www.panvel.com\/blog\/dicas-de-saude\/"},{"@type":"ListItem","position":3,"name":"C\u00e2ncer de Pr\u00f3stata: \u00e9 hora de falar sobre isso"}]},{"@type":"WebSite","@id":"https:\/\/www.panvel.com\/blog\/#website","url":"https:\/\/www.panvel.com\/blog\/","name":"Blog Bem Panvel","description":"Aqui voc\u00ea encontra conte\u00fados e dicas de sa\u00fade, beleza, bem-estar e muito mais.","publisher":{"@id":"https:\/\/www.panvel.com\/blog\/#organization"},"potentialAction":[{"@type":"SearchAction","target":{"@type":"EntryPoint","urlTemplate":"https:\/\/www.panvel.com\/blog\/?s={search_term_string}"},"query-input":"required name=search_term_string"}],"inLanguage":"pt-BR"},{"@type":"Organization","@id":"https:\/\/www.panvel.com\/blog\/#organization","name":"Panvel Farm\u00e1cias","url":"https:\/\/www.panvel.com\/blog\/","logo":{"@type":"ImageObject","inLanguage":"pt-BR","@id":"https:\/\/www.panvel.com\/blog\/#\/schema\/logo\/image\/","url":"https:\/\/www.panvel.com\/blog\/wp-content\/uploads\/2020\/10\/logo.png","contentUrl":"https:\/\/www.panvel.com\/blog\/wp-content\/uploads\/2020\/10\/logo.png","width":402,"height":53,"caption":"Panvel Farm\u00e1cias"},"image":{"@id":"https:\/\/www.panvel.com\/blog\/#\/schema\/logo\/image\/"}},{"@type":"Person","@id":"https:\/\/www.panvel.com\/blog\/#\/schema\/person\/79f5c113f9621ed83897942f6e7501e3","name":"Equipe Panvel","image":{"@type":"ImageObject","inLanguage":"pt-BR","@id":"https:\/\/www.panvel.com\/blog\/#\/schema\/person\/image\/","url":"https:\/\/www.panvel.com\/blog\/wp-content\/uploads\/2022\/09\/blog-panvel-1.jpg","contentUrl":"https:\/\/www.panvel.com\/blog\/wp-content\/uploads\/2022\/09\/blog-panvel-1.jpg","caption":"Equipe Panvel"},"description":"O Blog Bem Panvel conta com uma equipe formada por especialistas e traz para seus leitores conte\u00fados relevantes e de qualidade sobre sa\u00fade, beleza e bem-estar.","url":"https:\/\/www.panvel.com\/blog\/author\/dimedmkt\/"}]}},"_links":{"self":[{"href":"https:\/\/www.panvel.com\/blog\/wp-json\/wp\/v2\/posts\/5386"}],"collection":[{"href":"https:\/\/www.panvel.com\/blog\/wp-json\/wp\/v2\/posts"}],"about":[{"href":"https:\/\/www.panvel.com\/blog\/wp-json\/wp\/v2\/types\/post"}],"author":[{"embeddable":true,"href":"https:\/\/www.panvel.com\/blog\/wp-json\/wp\/v2\/users\/3"}],"replies":[{"embeddable":true,"href":"https:\/\/www.panvel.com\/blog\/wp-json\/wp\/v2\/comments?post=5386"}],"version-history":[{"count":1,"href":"https:\/\/www.panvel.com\/blog\/wp-json\/wp\/v2\/posts\/5386\/revisions"}],"predecessor-version":[{"id":5388,"href":"https:\/\/www.panvel.com\/blog\/wp-json\/wp\/v2\/posts\/5386\/revisions\/5388"}],"wp:featuredmedia":[{"embeddable":true,"href":"https:\/\/www.panvel.com\/blog\/wp-json\/wp\/v2\/media\/5397"}],"wp:attachment":[{"href":"https:\/\/www.panvel.com\/blog\/wp-json\/wp\/v2\/media?parent=5386"}],"wp:term":[{"taxonomy":"category","embeddable":true,"href":"https:\/\/www.panvel.com\/blog\/wp-json\/wp\/v2\/categories?post=5386"},{"taxonomy":"post_tag","embeddable":true,"href":"https:\/\/www.panvel.com\/blog\/wp-json\/wp\/v2\/tags?post=5386"},{"taxonomy":"sponsor","embeddable":true,"href":"https:\/\/www.panvel.com\/blog\/wp-json\/wp\/v2\/sponsor?post=5386"}],"curies":[{"name":"wp","href":"https:\/\/api.w.org\/{rel}","templated":true}]}}