{"id":5377,"date":"2022-10-31T07:14:00","date_gmt":"2022-10-31T10:14:00","guid":{"rendered":"\/blog\/?p=5377"},"modified":"2023-11-22T16:03:15","modified_gmt":"2023-11-22T19:03:15","slug":"conheca-os-agem-dos-cosmeticos-que-atuam-com-protecao-solar","status":"publish","type":"post","link":"https:\/\/www.panvel.com\/blog\/dicas-de-beleza\/conheca-os-agem-dos-cosmeticos-que-atuam-com-protecao-solar\/","title":{"rendered":"Maquiagem que protege: saiba como agem os cosm\u00e9ticos com prote\u00e7\u00e3o solar\u00a0"},"content":{"rendered":"\n<p>Quem \u00e9 adepta da praticidade adora produtinhos com mais de uma fun\u00e7\u00e3o. Eles tendem a facilitar os cuidados da pele reunindo finalidades distintas, como \u00e9 o caso das <strong>maquiagens com protetor solar<\/strong>. As bases de rosto est\u00e3o entre os mais populares: al\u00e9m de o pr\u00f3prio pigmento do cosm\u00e9tico colaborar na prote\u00e7\u00e3o contra a luz vis\u00edvel, a f\u00f3rmula com prote\u00e7\u00e3o solar confere um fator extra para impedir que os raios solares UVB, respons\u00e1veis pelo envelhecimento precoce, danifiquem o rosto.&nbsp;<\/p>\n\n\n\n<p>Confira os benef\u00edcios da <strong>maquiagem com protetor solar<\/strong> na entrevista com a dermatologista <a href=\"http:\/\/www.instagram.com\/camilamdarochadermato\" target=\"_blank\" rel=\"noreferrer noopener\">Camila Roos Mariano da Rocha<\/a>.&nbsp;<\/p>\n\n\n\n<h2 class=\"wp-block-heading\"><strong>Quais produtos de maquiagem possuem protetor solar na f\u00f3rmula?<\/strong>&nbsp;<\/h2>\n\n\n\n<p>Bases, corretivos, p\u00f3s compactos e batons s\u00e3o os principais produtos de <strong>maquiagem com protetor solar<\/strong> na f\u00f3rmula. Por\u00e9m, j\u00e1 podem ser encontradas sombras, blush e diversos outros.&nbsp;<\/p>\n\n\n\n<h2 class=\"wp-block-heading\"><strong>Como identificar se uma maquiagem possui prote\u00e7\u00e3o solar na f\u00f3rmula?<\/strong>&nbsp;<\/h2>\n\n\n\n<p>Na maioria das vezes, \u00e9 poss\u00edvel identificar o fator de prote\u00e7\u00e3o solar no r\u00f3tulo da embalagem. Ele est\u00e1 sinalizado como o fator de prote\u00e7\u00e3o correspondente, como FPS 30 ou 50.&nbsp;&nbsp;<\/p>\n\n\n\n<h2 class=\"wp-block-heading\"><strong>A base com prote\u00e7\u00e3o solar pode substituir o uso do protetor solar?<\/strong>&nbsp;<\/h2>\n\n\n\n<p>N\u00e3o substitui. Isso \u00e9 justificado pelo fato de o fator de prote\u00e7\u00e3o normalmente ser menor nas maquiagens. Na maioria das vezes, as maquiagens protegem apenas contra os raios UVB, e n\u00e3o contra os raios UVA. O ideal \u00e9 que os produtos de maquiagem sejam utilizados em associa\u00e7\u00e3o ao filtro solar: primeiro, aplica-se o filtro solar. Depois, a maquiagem.&nbsp;&nbsp;<\/p>\n\n\n\n<h2 class=\"wp-block-heading\"><strong>Quais s\u00e3o os tipos de base com prote\u00e7\u00e3o solar e como escolher a melhor para cada tipo de pele?<\/strong>&nbsp;<\/h2>\n\n\n\n<p>Existem diversos tipos de base, como as cremosas, l\u00edquidas, em p\u00f3, mousse, bast\u00e3o, spray, compactas... A escolha vai depender principalmente do tipo de pele e da ocasi\u00e3o: as l\u00edquidas normalmente t\u00eam textura leve e suave, com pouca cobertura. As cremosas se adaptam a v\u00e1rios tipos de pele, mas podem n\u00e3o ficar bem em peles oleosas. As bases em bast\u00e3o, em spray e compactas facilitam a aplica\u00e7\u00e3o, tornando-as mais pr\u00e1ticas.&nbsp;<\/p>\n\n\n\n<p>E voc\u00ea, j\u00e1 \u00e9 adepta de algum produto de <strong>maquiagem com protetor solar<\/strong>? Escreva nos coment\u00e1rios os seus preferidos! Sen\u00e3o, convidamos a experimentar e nos contar o resultado!&nbsp;&nbsp;<\/p>\n\n\n\n<p>Voc\u00ea sabia que h\u00e1 diferen\u00e7a na escolha do fator de prote\u00e7\u00e3o se a sua rotina \u00e9 mais ao ar livre ou em ambientes fechados? Saiba mais na edi\u00e7\u00e3o de <a href=\"https:\/\/issuu.com\/panvelfarmacias\" target=\"_blank\" rel=\"noreferrer noopener\">novembro da Revista Panvel <\/a>e conhe\u00e7a as op\u00e7\u00f5es de protetores solares dispon\u00edveis para todos os estilos de vida e ocasi\u00f5es.&nbsp;<\/p>\n\n\n\n<div style=\"position:relative;padding-top:max(60%,326px);height:0;width:100%\"><iframe allow=\"clipboard-write\" sandbox=\"allow-top-navigation allow-top-navigation-by-user-activation allow-downloads allow-scripts allow-same-origin allow-popups allow-modals allow-popups-to-escape-sandbox\" allowfullscreen=\"true\" style=\"position:absolute;border:none;width:100%;height:100%;left:0;right:0;top:0;bottom:0;\" src=\"https:\/\/e.issuu.com\/embed.html?d=rs_revista_panvel_novembro22&amp;hideIssuuLogo=true&amp;hideShareButton=true&amp;showOtherPublicationsAsSuggestions=true&amp;u=panvelfarmacias\"><\/iframe><\/div>\n","protected":false},"excerpt":{"rendered":"<p>Produtos re\u00fanem finalidades distintas em uma mesma f\u00f3rmula, facilitando os cuidados com a pele.<\/p>\n","protected":false},"author":3,"featured_media":5378,"comment_status":"open","ping_status":"open","sticky":false,"template":"","format":"standard","meta":[],"categories":[11],"tags":[31,29,15,873,872,874,418,875],"sponsor":[],"acf":[],"yoast_head":"<!-- This site is optimized with the Yoast SEO plugin v20.7 - https:\/\/yoast.com\/wordpress\/plugins\/seo\/ -->\n<title>Maquiagem que protege: saiba como agem os cosm\u00e9ticos com prote\u00e7\u00e3o solar<\/title>\n<meta name=\"description\" content=\"Produtos re\u00fanem finalidades distintas em uma mesma f\u00f3rmula, facilitando os cuidados com a pele e mantendo a hidrata\u00e7\u00e3o.\" \/>\n<meta name=\"robots\" content=\"index, follow, max-snippet:-1, max-image-preview:large, max-video-preview:-1\" \/>\n<link rel=\"canonical\" href=\"https:\/\/www.panvel.com\/blog\/dicas-de-beleza\/conheca-os-agem-dos-cosmeticos-que-atuam-com-protecao-solar\/\" \/>\n<meta property=\"og:locale\" content=\"pt_BR\" \/>\n<meta property=\"og:type\" content=\"article\" \/>\n<meta property=\"og:title\" content=\"Maquiagem que protege: saiba como agem os cosm\u00e9ticos com prote\u00e7\u00e3o solar\" \/>\n<meta property=\"og:description\" content=\"Produtos re\u00fanem finalidades distintas em uma mesma f\u00f3rmula, facilitando os cuidados com a pele e mantendo a hidrata\u00e7\u00e3o.\" \/>\n<meta property=\"og:url\" content=\"https:\/\/www.panvel.com\/blog\/dicas-de-beleza\/conheca-os-agem-dos-cosmeticos-que-atuam-com-protecao-solar\/\" \/>\n<meta property=\"og:site_name\" content=\"Blog Bem Panvel\" \/>\n<meta property=\"article:published_time\" content=\"2022-10-31T10:14:00+00:00\" \/>\n<meta property=\"article:modified_time\" content=\"2023-11-22T19:03:15+00:00\" \/>\n<meta property=\"og:image\" content=\"https:\/\/www.panvel.com\/blog\/wp-content\/uploads\/2022\/10\/iStock-1297125743.jpg\" \/>\n\t<meta property=\"og:image:width\" content=\"724\" \/>\n\t<meta property=\"og:image:height\" content=\"483\" \/>\n\t<meta property=\"og:image:type\" content=\"image\/jpeg\" \/>\n<meta name=\"author\" content=\"Equipe Panvel\" \/>\n<meta name=\"twitter:card\" content=\"summary_large_image\" \/>\n<meta name=\"twitter:label1\" content=\"Escrito por\" \/>\n\t<meta name=\"twitter:data1\" content=\"Equipe Panvel\" \/>\n\t<meta name=\"twitter:label2\" content=\"Est. tempo de leitura\" \/>\n\t<meta name=\"twitter:data2\" content=\"3 minutos\" \/>\n<script type=\"application\/ld+json\" class=\"yoast-schema-graph\">{\"@context\":\"https:\/\/schema.org\",\"@graph\":[{\"@type\":\"Article\",\"@id\":\"https:\/\/www.panvel.com\/blog\/dicas-de-beleza\/conheca-os-agem-dos-cosmeticos-que-atuam-com-protecao-solar\/#article\",\"isPartOf\":{\"@id\":\"https:\/\/www.panvel.com\/blog\/dicas-de-beleza\/conheca-os-agem-dos-cosmeticos-que-atuam-com-protecao-solar\/\"},\"author\":{\"name\":\"Equipe Panvel\",\"@id\":\"https:\/\/www.panvel.com\/blog\/#\/schema\/person\/79f5c113f9621ed83897942f6e7501e3\"},\"headline\":\"Maquiagem que protege: saiba como agem os cosm\u00e9ticos com prote\u00e7\u00e3o solar\u00a0\",\"datePublished\":\"2022-10-31T10:14:00+00:00\",\"dateModified\":\"2023-11-22T19:03:15+00:00\",\"mainEntityOfPage\":{\"@id\":\"https:\/\/www.panvel.com\/blog\/dicas-de-beleza\/conheca-os-agem-dos-cosmeticos-que-atuam-com-protecao-solar\/\"},\"wordCount\":474,\"commentCount\":0,\"publisher\":{\"@id\":\"https:\/\/www.panvel.com\/blog\/#organization\"},\"keywords\":[\"Bem Estar\",\"Cuidados com a Pele\",\"Dicas\",\"make filtro solar\",\"maquiagem protetor solar\",\"protetor\",\"saude\",\"solar\"],\"articleSection\":[\"Rotina de Beleza\"],\"inLanguage\":\"pt-BR\",\"potentialAction\":[{\"@type\":\"CommentAction\",\"name\":\"Comment\",\"target\":[\"https:\/\/www.panvel.com\/blog\/dicas-de-beleza\/conheca-os-agem-dos-cosmeticos-que-atuam-com-protecao-solar\/#respond\"]}]},{\"@type\":\"WebPage\",\"@id\":\"https:\/\/www.panvel.com\/blog\/dicas-de-beleza\/conheca-os-agem-dos-cosmeticos-que-atuam-com-protecao-solar\/\",\"url\":\"https:\/\/www.panvel.com\/blog\/dicas-de-beleza\/conheca-os-agem-dos-cosmeticos-que-atuam-com-protecao-solar\/\",\"name\":\"Maquiagem que protege: saiba como agem os cosm\u00e9ticos com prote\u00e7\u00e3o solar\",\"isPartOf\":{\"@id\":\"https:\/\/www.panvel.com\/blog\/#website\"},\"datePublished\":\"2022-10-31T10:14:00+00:00\",\"dateModified\":\"2023-11-22T19:03:15+00:00\",\"description\":\"Produtos re\u00fanem finalidades distintas em uma mesma f\u00f3rmula, facilitando os cuidados com a pele e mantendo a hidrata\u00e7\u00e3o.\",\"breadcrumb\":{\"@id\":\"https:\/\/www.panvel.com\/blog\/dicas-de-beleza\/conheca-os-agem-dos-cosmeticos-que-atuam-com-protecao-solar\/#breadcrumb\"},\"inLanguage\":\"pt-BR\",\"potentialAction\":[{\"@type\":\"ReadAction\",\"target\":[\"https:\/\/www.panvel.com\/blog\/dicas-de-beleza\/conheca-os-agem-dos-cosmeticos-que-atuam-com-protecao-solar\/\"]}]},{\"@type\":\"BreadcrumbList\",\"@id\":\"https:\/\/www.panvel.com\/blog\/dicas-de-beleza\/conheca-os-agem-dos-cosmeticos-que-atuam-com-protecao-solar\/#breadcrumb\",\"itemListElement\":[{\"@type\":\"ListItem\",\"position\":1,\"name\":\"Home\",\"item\":\"https:\/\/www.panvel.com\/blog\/\"},{\"@type\":\"ListItem\",\"position\":2,\"name\":\"Rotina de Beleza\",\"item\":\"https:\/\/www.panvel.com\/blog\/dicas-de-beleza\/\"},{\"@type\":\"ListItem\",\"position\":3,\"name\":\"Maquiagem que protege: saiba como agem os cosm\u00e9ticos com prote\u00e7\u00e3o solar\u00a0\"}]},{\"@type\":\"WebSite\",\"@id\":\"https:\/\/www.panvel.com\/blog\/#website\",\"url\":\"https:\/\/www.panvel.com\/blog\/\",\"name\":\"Blog Bem Panvel\",\"description\":\"Aqui voc\u00ea encontra conte\u00fados e dicas de sa\u00fade, beleza, bem-estar e muito mais.\",\"publisher\":{\"@id\":\"https:\/\/www.panvel.com\/blog\/#organization\"},\"potentialAction\":[{\"@type\":\"SearchAction\",\"target\":{\"@type\":\"EntryPoint\",\"urlTemplate\":\"https:\/\/www.panvel.com\/blog\/?s={search_term_string}\"},\"query-input\":\"required name=search_term_string\"}],\"inLanguage\":\"pt-BR\"},{\"@type\":\"Organization\",\"@id\":\"https:\/\/www.panvel.com\/blog\/#organization\",\"name\":\"Panvel Farm\u00e1cias\",\"url\":\"https:\/\/www.panvel.com\/blog\/\",\"logo\":{\"@type\":\"ImageObject\",\"inLanguage\":\"pt-BR\",\"@id\":\"https:\/\/www.panvel.com\/blog\/#\/schema\/logo\/image\/\",\"url\":\"https:\/\/www.panvel.com\/blog\/wp-content\/uploads\/2020\/10\/logo.png\",\"contentUrl\":\"https:\/\/www.panvel.com\/blog\/wp-content\/uploads\/2020\/10\/logo.png\",\"width\":402,\"height\":53,\"caption\":\"Panvel Farm\u00e1cias\"},\"image\":{\"@id\":\"https:\/\/www.panvel.com\/blog\/#\/schema\/logo\/image\/\"}},{\"@type\":\"Person\",\"@id\":\"https:\/\/www.panvel.com\/blog\/#\/schema\/person\/79f5c113f9621ed83897942f6e7501e3\",\"name\":\"Equipe Panvel\",\"image\":{\"@type\":\"ImageObject\",\"inLanguage\":\"pt-BR\",\"@id\":\"https:\/\/www.panvel.com\/blog\/#\/schema\/person\/image\/\",\"url\":\"https:\/\/www.panvel.com\/blog\/wp-content\/uploads\/2022\/09\/blog-panvel-1.jpg\",\"contentUrl\":\"https:\/\/www.panvel.com\/blog\/wp-content\/uploads\/2022\/09\/blog-panvel-1.jpg\",\"caption\":\"Equipe Panvel\"},\"description\":\"O Blog Bem Panvel conta com uma equipe formada por especialistas e traz para seus leitores conte\u00fados relevantes e de qualidade sobre sa\u00fade, beleza e bem-estar.\",\"url\":\"https:\/\/www.panvel.com\/blog\/author\/dimedmkt\/\"}]}<\/script>\n<!-- \/ Yoast SEO plugin. -->","yoast_head_json":{"title":"Maquiagem que protege: saiba como agem os cosm\u00e9ticos com prote\u00e7\u00e3o solar","description":"Produtos re\u00fanem finalidades distintas em uma mesma f\u00f3rmula, facilitando os cuidados com a pele e mantendo a hidrata\u00e7\u00e3o.","robots":{"index":"index","follow":"follow","max-snippet":"max-snippet:-1","max-image-preview":"max-image-preview:large","max-video-preview":"max-video-preview:-1"},"canonical":"https:\/\/www.panvel.com\/blog\/dicas-de-beleza\/conheca-os-agem-dos-cosmeticos-que-atuam-com-protecao-solar\/","og_locale":"pt_BR","og_type":"article","og_title":"Maquiagem que protege: saiba como agem os cosm\u00e9ticos com prote\u00e7\u00e3o solar","og_description":"Produtos re\u00fanem finalidades distintas em uma mesma f\u00f3rmula, facilitando os cuidados com a pele e mantendo a hidrata\u00e7\u00e3o.","og_url":"https:\/\/www.panvel.com\/blog\/dicas-de-beleza\/conheca-os-agem-dos-cosmeticos-que-atuam-com-protecao-solar\/","og_site_name":"Blog Bem Panvel","article_published_time":"2022-10-31T10:14:00+00:00","article_modified_time":"2023-11-22T19:03:15+00:00","og_image":[{"width":724,"height":483,"url":"https:\/\/www.panvel.com\/blog\/wp-content\/uploads\/2022\/10\/iStock-1297125743.jpg","type":"image\/jpeg"}],"author":"Equipe Panvel","twitter_card":"summary_large_image","twitter_misc":{"Escrito por":"Equipe Panvel","Est. tempo de leitura":"3 minutos"},"schema":{"@context":"https:\/\/schema.org","@graph":[{"@type":"Article","@id":"https:\/\/www.panvel.com\/blog\/dicas-de-beleza\/conheca-os-agem-dos-cosmeticos-que-atuam-com-protecao-solar\/#article","isPartOf":{"@id":"https:\/\/www.panvel.com\/blog\/dicas-de-beleza\/conheca-os-agem-dos-cosmeticos-que-atuam-com-protecao-solar\/"},"author":{"name":"Equipe Panvel","@id":"https:\/\/www.panvel.com\/blog\/#\/schema\/person\/79f5c113f9621ed83897942f6e7501e3"},"headline":"Maquiagem que protege: saiba como agem os cosm\u00e9ticos com prote\u00e7\u00e3o solar\u00a0","datePublished":"2022-10-31T10:14:00+00:00","dateModified":"2023-11-22T19:03:15+00:00","mainEntityOfPage":{"@id":"https:\/\/www.panvel.com\/blog\/dicas-de-beleza\/conheca-os-agem-dos-cosmeticos-que-atuam-com-protecao-solar\/"},"wordCount":474,"commentCount":0,"publisher":{"@id":"https:\/\/www.panvel.com\/blog\/#organization"},"keywords":["Bem Estar","Cuidados com a Pele","Dicas","make filtro solar","maquiagem protetor solar","protetor","saude","solar"],"articleSection":["Rotina de Beleza"],"inLanguage":"pt-BR","potentialAction":[{"@type":"CommentAction","name":"Comment","target":["https:\/\/www.panvel.com\/blog\/dicas-de-beleza\/conheca-os-agem-dos-cosmeticos-que-atuam-com-protecao-solar\/#respond"]}]},{"@type":"WebPage","@id":"https:\/\/www.panvel.com\/blog\/dicas-de-beleza\/conheca-os-agem-dos-cosmeticos-que-atuam-com-protecao-solar\/","url":"https:\/\/www.panvel.com\/blog\/dicas-de-beleza\/conheca-os-agem-dos-cosmeticos-que-atuam-com-protecao-solar\/","name":"Maquiagem que protege: saiba como agem os cosm\u00e9ticos com prote\u00e7\u00e3o solar","isPartOf":{"@id":"https:\/\/www.panvel.com\/blog\/#website"},"datePublished":"2022-10-31T10:14:00+00:00","dateModified":"2023-11-22T19:03:15+00:00","description":"Produtos re\u00fanem finalidades distintas em uma mesma f\u00f3rmula, facilitando os cuidados com a pele e mantendo a hidrata\u00e7\u00e3o.","breadcrumb":{"@id":"https:\/\/www.panvel.com\/blog\/dicas-de-beleza\/conheca-os-agem-dos-cosmeticos-que-atuam-com-protecao-solar\/#breadcrumb"},"inLanguage":"pt-BR","potentialAction":[{"@type":"ReadAction","target":["https:\/\/www.panvel.com\/blog\/dicas-de-beleza\/conheca-os-agem-dos-cosmeticos-que-atuam-com-protecao-solar\/"]}]},{"@type":"BreadcrumbList","@id":"https:\/\/www.panvel.com\/blog\/dicas-de-beleza\/conheca-os-agem-dos-cosmeticos-que-atuam-com-protecao-solar\/#breadcrumb","itemListElement":[{"@type":"ListItem","position":1,"name":"Home","item":"https:\/\/www.panvel.com\/blog\/"},{"@type":"ListItem","position":2,"name":"Rotina de Beleza","item":"https:\/\/www.panvel.com\/blog\/dicas-de-beleza\/"},{"@type":"ListItem","position":3,"name":"Maquiagem que protege: saiba como agem os cosm\u00e9ticos com prote\u00e7\u00e3o solar\u00a0"}]},{"@type":"WebSite","@id":"https:\/\/www.panvel.com\/blog\/#website","url":"https:\/\/www.panvel.com\/blog\/","name":"Blog Bem Panvel","description":"Aqui voc\u00ea encontra conte\u00fados e dicas de sa\u00fade, beleza, bem-estar e muito mais.","publisher":{"@id":"https:\/\/www.panvel.com\/blog\/#organization"},"potentialAction":[{"@type":"SearchAction","target":{"@type":"EntryPoint","urlTemplate":"https:\/\/www.panvel.com\/blog\/?s={search_term_string}"},"query-input":"required name=search_term_string"}],"inLanguage":"pt-BR"},{"@type":"Organization","@id":"https:\/\/www.panvel.com\/blog\/#organization","name":"Panvel Farm\u00e1cias","url":"https:\/\/www.panvel.com\/blog\/","logo":{"@type":"ImageObject","inLanguage":"pt-BR","@id":"https:\/\/www.panvel.com\/blog\/#\/schema\/logo\/image\/","url":"https:\/\/www.panvel.com\/blog\/wp-content\/uploads\/2020\/10\/logo.png","contentUrl":"https:\/\/www.panvel.com\/blog\/wp-content\/uploads\/2020\/10\/logo.png","width":402,"height":53,"caption":"Panvel Farm\u00e1cias"},"image":{"@id":"https:\/\/www.panvel.com\/blog\/#\/schema\/logo\/image\/"}},{"@type":"Person","@id":"https:\/\/www.panvel.com\/blog\/#\/schema\/person\/79f5c113f9621ed83897942f6e7501e3","name":"Equipe Panvel","image":{"@type":"ImageObject","inLanguage":"pt-BR","@id":"https:\/\/www.panvel.com\/blog\/#\/schema\/person\/image\/","url":"https:\/\/www.panvel.com\/blog\/wp-content\/uploads\/2022\/09\/blog-panvel-1.jpg","contentUrl":"https:\/\/www.panvel.com\/blog\/wp-content\/uploads\/2022\/09\/blog-panvel-1.jpg","caption":"Equipe Panvel"},"description":"O Blog Bem Panvel conta com uma equipe formada por especialistas e traz para seus leitores conte\u00fados relevantes e de qualidade sobre sa\u00fade, beleza e bem-estar.","url":"https:\/\/www.panvel.com\/blog\/author\/dimedmkt\/"}]}},"_links":{"self":[{"href":"https:\/\/www.panvel.com\/blog\/wp-json\/wp\/v2\/posts\/5377"}],"collection":[{"href":"https:\/\/www.panvel.com\/blog\/wp-json\/wp\/v2\/posts"}],"about":[{"href":"https:\/\/www.panvel.com\/blog\/wp-json\/wp\/v2\/types\/post"}],"author":[{"embeddable":true,"href":"https:\/\/www.panvel.com\/blog\/wp-json\/wp\/v2\/users\/3"}],"replies":[{"embeddable":true,"href":"https:\/\/www.panvel.com\/blog\/wp-json\/wp\/v2\/comments?post=5377"}],"version-history":[{"count":2,"href":"https:\/\/www.panvel.com\/blog\/wp-json\/wp\/v2\/posts\/5377\/revisions"}],"predecessor-version":[{"id":5380,"href":"https:\/\/www.panvel.com\/blog\/wp-json\/wp\/v2\/posts\/5377\/revisions\/5380"}],"wp:featuredmedia":[{"embeddable":true,"href":"https:\/\/www.panvel.com\/blog\/wp-json\/wp\/v2\/media\/5378"}],"wp:attachment":[{"href":"https:\/\/www.panvel.com\/blog\/wp-json\/wp\/v2\/media?parent=5377"}],"wp:term":[{"taxonomy":"category","embeddable":true,"href":"https:\/\/www.panvel.com\/blog\/wp-json\/wp\/v2\/categories?post=5377"},{"taxonomy":"post_tag","embeddable":true,"href":"https:\/\/www.panvel.com\/blog\/wp-json\/wp\/v2\/tags?post=5377"},{"taxonomy":"sponsor","embeddable":true,"href":"https:\/\/www.panvel.com\/blog\/wp-json\/wp\/v2\/sponsor?post=5377"}],"curies":[{"name":"wp","href":"https:\/\/api.w.org\/{rel}","templated":true}]}}