{"id":5280,"date":"2022-10-03T10:57:09","date_gmt":"2022-10-03T13:57:09","guid":{"rendered":"\/blog\/?p=5280"},"modified":"2022-10-03T10:58:57","modified_gmt":"2022-10-03T13:58:57","slug":"revista-panvel-esta-de-cara-nova-para-voce","status":"publish","type":"post","link":"https:\/\/www.panvel.com\/blog\/espaco-panvel\/revista-panvel-esta-de-cara-nova-para-voce\/","title":{"rendered":"Revista Panvel est\u00e1 de cara nova para voc\u00ea"},"content":{"rendered":"\n<p>A Revista Panvel chega \u00e0s lojas e ao site a partir do m\u00eas de outubro com o novo projeto editorial. Dividida em cinco editorias, a publica\u00e7\u00e3o entrega ao leitor conte\u00fado sobre sa\u00fade e bem estar, cuidados di\u00e1rios, inf\u00e2ncia, beleza e Clinic, ao lado de uma diversidade de produtos e lan\u00e7amentos. A proposta \u00e9 melhorar a experi\u00eancia de leitura trazendo informa\u00e7\u00f5es \u00fateis e o melhor do nosso portif\u00f3lio de produtos para voc\u00ea que frequenta as lojas e compra nos canais digitais.<\/p>\n\n\n\n<p>A estreia acontece no m\u00eas das crian\u00e7as com os pequenos no centro da pauta. O texto de abertura aborda as rotinas de autocuidado desde a primeira inf\u00e2ncia. No come\u00e7o da vida, criam-se h\u00e1bitos saud\u00e1veis de higiene e de autocuidado, mas cada fase tem particularidades. Por isso, elaboramos uma lista com tarefas adequadas por idade, dos dois aos oito anos.<\/p>\n\n\n\n<p>Sabemos tamb\u00e9m que o comportamento dos adultos serve de modelo. Pensando nisso, a nossa dica do m\u00eas \u00e9 como ajudar na escolha da escova de dentes. De quanto em quanto tempo \u00e9 feita a troca da escova? Qual a diferen\u00e7a nos tipos de cabos e cerdas? H\u00e1 uma diversidade de materiais e tamanhos dispon\u00edveis. O nosso conte\u00fado responde!<\/p>\n\n\n\n<p>E como estamos no Outubro Rosa, a preven\u00e7\u00e3o ao c\u00e2ncer de mama n\u00e3o poderia faltar. A nossa equipe optou por abordar a quest\u00e3o na perspectiva da autoestima das mulheres que passam pelo tratamento. Entrevistamos uma psic\u00f3loga para entender como \u00e9 poss\u00edvel manter o equil\u00edbrio emocional quando j\u00e1 existe o diagn\u00f3stico e tamb\u00e9m como as pessoas ao redor s\u00e3o importantes para criar um ambiente acolhedor.<\/p>\n\n\n\n<p>A revista vem recheada de dicas, ofertas e lan\u00e7amentos de produtos. Ainda temos cupons exclusivos distribu\u00eddos pelas p\u00e1ginas da edi\u00e7\u00e3o. Fique atento para a novidade! \u00c9 simples de usar, voc\u00ea acessa o aplicativo, escolhe os seus produtos, aplica o cupom na cesta e compra com desconto.<\/p>\n\n\n\n<p>Confira a vers\u00e3o do RS abaixo, para os demais estados visite a <a href=\"https:\/\/www.panvel.com\/panvel\/ofertas\/revista-de-ofertas\/3170\">p\u00e1gina da revista.<\/a><\/p>\n\n\n\n<div style=\"position:relative;padding-top:max(60%,326px);height:0;width:100%\"><iframe allow=\"clipboard-write\" sandbox=\"allow-top-navigation allow-top-navigation-by-user-activation allow-downloads allow-scripts allow-same-origin allow-popups allow-modals allow-popups-to-escape-sandbox\" allowfullscreen=\"true\" style=\"position:absolute;border:none;width:100%;height:100%;left:0;right:0;top:0;bottom:0;\" src=\"https:\/\/e.issuu.com\/embed.html?d=rs_revista_panvel_outubro22&hideIssuuLogo=true&hideShareButton=true&u=panvelfarmacias\"><\/iframe><\/div>\n\n\n\n<p><strong>A nova Revista Panvel \u00e9 uma parceria com a ag\u00eancia Cartola Conte\u00fado. Anote o email da nossa equipe editorial e escreva sempre que quiser: <a href=\"mailto:revistapanvel@cartolaconteudo.com.br\" target=\"_blank\" rel=\"noreferrer noopener\">revistapanvel@cartolaconteudo.com.br<\/a> <\/strong><\/p>\n\n\n\n<p><strong>Afinal, queremos conte\u00fados bem voc\u00ea!<\/strong> \ud83d\ude42<\/p>\n","protected":false},"excerpt":{"rendered":"<p>Edi\u00e7\u00e3o de outubro entrega mais conte\u00fado, al\u00e9m de melhorar a experi\u00eancia de intera\u00e7\u00e3o com a publica\u00e7\u00e3o, que pode ser retirada nas lojas e acessada no site.<\/p>\n","protected":false},"author":3,"featured_media":5282,"comment_status":"open","ping_status":"open","sticky":false,"template":"","format":"standard","meta":[],"categories":[6],"tags":[31,179,151,822,15,823,821,25,820],"sponsor":[],"acf":[],"yoast_head":"<!-- This site is optimized with the Yoast SEO plugin v20.7 - https:\/\/yoast.com\/wordpress\/plugins\/seo\/ -->\n<title>Revista Panvel est\u00e1 de cara nova para voc\u00ea | Blog Bem Panvel<\/title>\n<meta name=\"description\" content=\"Edi\u00e7\u00e3o de outubro entrega mais conte\u00fado, al\u00e9m de melhorar a experi\u00eancia de intera\u00e7\u00e3o com a publica\u00e7\u00e3o, que pode ser retirada nas lojas e acessada no site.\" \/>\n<meta name=\"robots\" content=\"index, follow, max-snippet:-1, max-image-preview:large, max-video-preview:-1\" \/>\n<link rel=\"canonical\" href=\"https:\/\/www.panvel.com\/blog\/espaco-panvel\/revista-panvel-esta-de-cara-nova-para-voce\/\" \/>\n<meta property=\"og:locale\" content=\"pt_BR\" \/>\n<meta property=\"og:type\" content=\"article\" \/>\n<meta property=\"og:title\" content=\"Revista Panvel est\u00e1 de cara nova para voc\u00ea | Blog Bem Panvel\" \/>\n<meta property=\"og:description\" content=\"Edi\u00e7\u00e3o de outubro entrega mais conte\u00fado, al\u00e9m de melhorar a experi\u00eancia de intera\u00e7\u00e3o com a publica\u00e7\u00e3o, que pode ser retirada nas lojas e acessada no site.\" \/>\n<meta property=\"og:url\" content=\"https:\/\/www.panvel.com\/blog\/espaco-panvel\/revista-panvel-esta-de-cara-nova-para-voce\/\" \/>\n<meta property=\"og:site_name\" content=\"Blog Bem Panvel\" \/>\n<meta property=\"article:published_time\" content=\"2022-10-03T13:57:09+00:00\" \/>\n<meta property=\"article:modified_time\" content=\"2022-10-03T13:58:57+00:00\" \/>\n<meta property=\"og:image\" content=\"https:\/\/blog.panvel.com\/wp-content\/uploads\/2022\/10\/Div-Nova-Revista_Post-Blog.png\" \/>\n\t<meta property=\"og:image:width\" content=\"1522\" \/>\n\t<meta property=\"og:image:height\" content=\"1015\" \/>\n\t<meta property=\"og:image:type\" content=\"image\/png\" \/>\n<meta name=\"author\" content=\"Equipe Panvel\" \/>\n<meta name=\"twitter:card\" content=\"summary_large_image\" \/>\n<meta name=\"twitter:label1\" content=\"Escrito por\" \/>\n\t<meta name=\"twitter:data1\" content=\"Equipe Panvel\" \/>\n\t<meta name=\"twitter:label2\" content=\"Est. tempo de leitura\" \/>\n\t<meta name=\"twitter:data2\" content=\"2 minutos\" \/>\n<script type=\"application\/ld+json\" class=\"yoast-schema-graph\">{\"@context\":\"https:\/\/schema.org\",\"@graph\":[{\"@type\":\"Article\",\"@id\":\"https:\/\/www.panvel.com\/blog\/espaco-panvel\/revista-panvel-esta-de-cara-nova-para-voce\/#article\",\"isPartOf\":{\"@id\":\"https:\/\/www.panvel.com\/blog\/espaco-panvel\/revista-panvel-esta-de-cara-nova-para-voce\/\"},\"author\":{\"name\":\"Equipe Panvel\",\"@id\":\"https:\/\/www.panvel.com\/blog\/#\/schema\/person\/79f5c113f9621ed83897942f6e7501e3\"},\"headline\":\"Revista Panvel est\u00e1 de cara nova para voc\u00ea\",\"datePublished\":\"2022-10-03T13:57:09+00:00\",\"dateModified\":\"2022-10-03T13:58:57+00:00\",\"mainEntityOfPage\":{\"@id\":\"https:\/\/www.panvel.com\/blog\/espaco-panvel\/revista-panvel-esta-de-cara-nova-para-voce\/\"},\"wordCount\":397,\"commentCount\":0,\"publisher\":{\"@id\":\"https:\/\/www.panvel.com\/blog\/#organization\"},\"keywords\":[\"Bem Estar\",\"Cuidados com a sa\u00fade\",\"Cuidados com os Cabelos\",\"cupons\",\"Dicas\",\"dicas de sa\u00fade e beleza\",\"ofertas\",\"Produtos Panvel\",\"revista\"],\"articleSection\":[\"Espa\u00e7o Panvel\"],\"inLanguage\":\"pt-BR\",\"potentialAction\":[{\"@type\":\"CommentAction\",\"name\":\"Comment\",\"target\":[\"https:\/\/www.panvel.com\/blog\/espaco-panvel\/revista-panvel-esta-de-cara-nova-para-voce\/#respond\"]}]},{\"@type\":\"WebPage\",\"@id\":\"https:\/\/www.panvel.com\/blog\/espaco-panvel\/revista-panvel-esta-de-cara-nova-para-voce\/\",\"url\":\"https:\/\/www.panvel.com\/blog\/espaco-panvel\/revista-panvel-esta-de-cara-nova-para-voce\/\",\"name\":\"Revista Panvel est\u00e1 de cara nova para voc\u00ea | Blog Bem Panvel\",\"isPartOf\":{\"@id\":\"https:\/\/www.panvel.com\/blog\/#website\"},\"datePublished\":\"2022-10-03T13:57:09+00:00\",\"dateModified\":\"2022-10-03T13:58:57+00:00\",\"description\":\"Edi\u00e7\u00e3o de outubro entrega mais conte\u00fado, al\u00e9m de melhorar a experi\u00eancia de intera\u00e7\u00e3o com a publica\u00e7\u00e3o, que pode ser retirada nas lojas e acessada no site.\",\"breadcrumb\":{\"@id\":\"https:\/\/www.panvel.com\/blog\/espaco-panvel\/revista-panvel-esta-de-cara-nova-para-voce\/#breadcrumb\"},\"inLanguage\":\"pt-BR\",\"potentialAction\":[{\"@type\":\"ReadAction\",\"target\":[\"https:\/\/www.panvel.com\/blog\/espaco-panvel\/revista-panvel-esta-de-cara-nova-para-voce\/\"]}]},{\"@type\":\"BreadcrumbList\",\"@id\":\"https:\/\/www.panvel.com\/blog\/espaco-panvel\/revista-panvel-esta-de-cara-nova-para-voce\/#breadcrumb\",\"itemListElement\":[{\"@type\":\"ListItem\",\"position\":1,\"name\":\"Home\",\"item\":\"https:\/\/www.panvel.com\/blog\/\"},{\"@type\":\"ListItem\",\"position\":2,\"name\":\"Espa\u00e7o Panvel\",\"item\":\"https:\/\/www.panvel.com\/blog\/espaco-panvel\/\"},{\"@type\":\"ListItem\",\"position\":3,\"name\":\"Revista Panvel est\u00e1 de cara nova para voc\u00ea\"}]},{\"@type\":\"WebSite\",\"@id\":\"https:\/\/www.panvel.com\/blog\/#website\",\"url\":\"https:\/\/www.panvel.com\/blog\/\",\"name\":\"Blog Bem Panvel\",\"description\":\"Aqui voc\u00ea encontra conte\u00fados e dicas de sa\u00fade, beleza, bem-estar e muito mais.\",\"publisher\":{\"@id\":\"https:\/\/www.panvel.com\/blog\/#organization\"},\"potentialAction\":[{\"@type\":\"SearchAction\",\"target\":{\"@type\":\"EntryPoint\",\"urlTemplate\":\"https:\/\/www.panvel.com\/blog\/?s={search_term_string}\"},\"query-input\":\"required name=search_term_string\"}],\"inLanguage\":\"pt-BR\"},{\"@type\":\"Organization\",\"@id\":\"https:\/\/www.panvel.com\/blog\/#organization\",\"name\":\"Panvel Farm\u00e1cias\",\"url\":\"https:\/\/www.panvel.com\/blog\/\",\"logo\":{\"@type\":\"ImageObject\",\"inLanguage\":\"pt-BR\",\"@id\":\"https:\/\/www.panvel.com\/blog\/#\/schema\/logo\/image\/\",\"url\":\"https:\/\/www.panvel.com\/blog\/wp-content\/uploads\/2020\/10\/logo.png\",\"contentUrl\":\"https:\/\/www.panvel.com\/blog\/wp-content\/uploads\/2020\/10\/logo.png\",\"width\":402,\"height\":53,\"caption\":\"Panvel Farm\u00e1cias\"},\"image\":{\"@id\":\"https:\/\/www.panvel.com\/blog\/#\/schema\/logo\/image\/\"}},{\"@type\":\"Person\",\"@id\":\"https:\/\/www.panvel.com\/blog\/#\/schema\/person\/79f5c113f9621ed83897942f6e7501e3\",\"name\":\"Equipe Panvel\",\"image\":{\"@type\":\"ImageObject\",\"inLanguage\":\"pt-BR\",\"@id\":\"https:\/\/www.panvel.com\/blog\/#\/schema\/person\/image\/\",\"url\":\"https:\/\/www.panvel.com\/blog\/wp-content\/uploads\/2022\/09\/blog-panvel-1.jpg\",\"contentUrl\":\"https:\/\/www.panvel.com\/blog\/wp-content\/uploads\/2022\/09\/blog-panvel-1.jpg\",\"caption\":\"Equipe Panvel\"},\"description\":\"O Blog Bem Panvel conta com uma equipe formada por especialistas e traz para seus leitores conte\u00fados relevantes e de qualidade sobre sa\u00fade, beleza e bem-estar.\",\"url\":\"https:\/\/www.panvel.com\/blog\/author\/dimedmkt\/\"}]}<\/script>\n<!-- \/ Yoast SEO plugin. -->","yoast_head_json":{"title":"Revista Panvel est\u00e1 de cara nova para voc\u00ea | Blog Bem Panvel","description":"Edi\u00e7\u00e3o de outubro entrega mais conte\u00fado, al\u00e9m de melhorar a experi\u00eancia de intera\u00e7\u00e3o com a publica\u00e7\u00e3o, que pode ser retirada nas lojas e acessada no site.","robots":{"index":"index","follow":"follow","max-snippet":"max-snippet:-1","max-image-preview":"max-image-preview:large","max-video-preview":"max-video-preview:-1"},"canonical":"https:\/\/www.panvel.com\/blog\/espaco-panvel\/revista-panvel-esta-de-cara-nova-para-voce\/","og_locale":"pt_BR","og_type":"article","og_title":"Revista Panvel est\u00e1 de cara nova para voc\u00ea | Blog Bem Panvel","og_description":"Edi\u00e7\u00e3o de outubro entrega mais conte\u00fado, al\u00e9m de melhorar a experi\u00eancia de intera\u00e7\u00e3o com a publica\u00e7\u00e3o, que pode ser retirada nas lojas e acessada no site.","og_url":"https:\/\/www.panvel.com\/blog\/espaco-panvel\/revista-panvel-esta-de-cara-nova-para-voce\/","og_site_name":"Blog Bem Panvel","article_published_time":"2022-10-03T13:57:09+00:00","article_modified_time":"2022-10-03T13:58:57+00:00","og_image":[{"width":1522,"height":1015,"url":"https:\/\/blog.panvel.com\/wp-content\/uploads\/2022\/10\/Div-Nova-Revista_Post-Blog.png","type":"image\/png"}],"author":"Equipe Panvel","twitter_card":"summary_large_image","twitter_misc":{"Escrito por":"Equipe Panvel","Est. tempo de leitura":"2 minutos"},"schema":{"@context":"https:\/\/schema.org","@graph":[{"@type":"Article","@id":"https:\/\/www.panvel.com\/blog\/espaco-panvel\/revista-panvel-esta-de-cara-nova-para-voce\/#article","isPartOf":{"@id":"https:\/\/www.panvel.com\/blog\/espaco-panvel\/revista-panvel-esta-de-cara-nova-para-voce\/"},"author":{"name":"Equipe Panvel","@id":"https:\/\/www.panvel.com\/blog\/#\/schema\/person\/79f5c113f9621ed83897942f6e7501e3"},"headline":"Revista Panvel est\u00e1 de cara nova para voc\u00ea","datePublished":"2022-10-03T13:57:09+00:00","dateModified":"2022-10-03T13:58:57+00:00","mainEntityOfPage":{"@id":"https:\/\/www.panvel.com\/blog\/espaco-panvel\/revista-panvel-esta-de-cara-nova-para-voce\/"},"wordCount":397,"commentCount":0,"publisher":{"@id":"https:\/\/www.panvel.com\/blog\/#organization"},"keywords":["Bem Estar","Cuidados com a sa\u00fade","Cuidados com os Cabelos","cupons","Dicas","dicas de sa\u00fade e beleza","ofertas","Produtos Panvel","revista"],"articleSection":["Espa\u00e7o Panvel"],"inLanguage":"pt-BR","potentialAction":[{"@type":"CommentAction","name":"Comment","target":["https:\/\/www.panvel.com\/blog\/espaco-panvel\/revista-panvel-esta-de-cara-nova-para-voce\/#respond"]}]},{"@type":"WebPage","@id":"https:\/\/www.panvel.com\/blog\/espaco-panvel\/revista-panvel-esta-de-cara-nova-para-voce\/","url":"https:\/\/www.panvel.com\/blog\/espaco-panvel\/revista-panvel-esta-de-cara-nova-para-voce\/","name":"Revista Panvel est\u00e1 de cara nova para voc\u00ea | Blog Bem Panvel","isPartOf":{"@id":"https:\/\/www.panvel.com\/blog\/#website"},"datePublished":"2022-10-03T13:57:09+00:00","dateModified":"2022-10-03T13:58:57+00:00","description":"Edi\u00e7\u00e3o de outubro entrega mais conte\u00fado, al\u00e9m de melhorar a experi\u00eancia de intera\u00e7\u00e3o com a publica\u00e7\u00e3o, que pode ser retirada nas lojas e acessada no site.","breadcrumb":{"@id":"https:\/\/www.panvel.com\/blog\/espaco-panvel\/revista-panvel-esta-de-cara-nova-para-voce\/#breadcrumb"},"inLanguage":"pt-BR","potentialAction":[{"@type":"ReadAction","target":["https:\/\/www.panvel.com\/blog\/espaco-panvel\/revista-panvel-esta-de-cara-nova-para-voce\/"]}]},{"@type":"BreadcrumbList","@id":"https:\/\/www.panvel.com\/blog\/espaco-panvel\/revista-panvel-esta-de-cara-nova-para-voce\/#breadcrumb","itemListElement":[{"@type":"ListItem","position":1,"name":"Home","item":"https:\/\/www.panvel.com\/blog\/"},{"@type":"ListItem","position":2,"name":"Espa\u00e7o Panvel","item":"https:\/\/www.panvel.com\/blog\/espaco-panvel\/"},{"@type":"ListItem","position":3,"name":"Revista Panvel est\u00e1 de cara nova para voc\u00ea"}]},{"@type":"WebSite","@id":"https:\/\/www.panvel.com\/blog\/#website","url":"https:\/\/www.panvel.com\/blog\/","name":"Blog Bem Panvel","description":"Aqui voc\u00ea encontra conte\u00fados e dicas de sa\u00fade, beleza, bem-estar e muito mais.","publisher":{"@id":"https:\/\/www.panvel.com\/blog\/#organization"},"potentialAction":[{"@type":"SearchAction","target":{"@type":"EntryPoint","urlTemplate":"https:\/\/www.panvel.com\/blog\/?s={search_term_string}"},"query-input":"required name=search_term_string"}],"inLanguage":"pt-BR"},{"@type":"Organization","@id":"https:\/\/www.panvel.com\/blog\/#organization","name":"Panvel Farm\u00e1cias","url":"https:\/\/www.panvel.com\/blog\/","logo":{"@type":"ImageObject","inLanguage":"pt-BR","@id":"https:\/\/www.panvel.com\/blog\/#\/schema\/logo\/image\/","url":"https:\/\/www.panvel.com\/blog\/wp-content\/uploads\/2020\/10\/logo.png","contentUrl":"https:\/\/www.panvel.com\/blog\/wp-content\/uploads\/2020\/10\/logo.png","width":402,"height":53,"caption":"Panvel Farm\u00e1cias"},"image":{"@id":"https:\/\/www.panvel.com\/blog\/#\/schema\/logo\/image\/"}},{"@type":"Person","@id":"https:\/\/www.panvel.com\/blog\/#\/schema\/person\/79f5c113f9621ed83897942f6e7501e3","name":"Equipe Panvel","image":{"@type":"ImageObject","inLanguage":"pt-BR","@id":"https:\/\/www.panvel.com\/blog\/#\/schema\/person\/image\/","url":"https:\/\/www.panvel.com\/blog\/wp-content\/uploads\/2022\/09\/blog-panvel-1.jpg","contentUrl":"https:\/\/www.panvel.com\/blog\/wp-content\/uploads\/2022\/09\/blog-panvel-1.jpg","caption":"Equipe Panvel"},"description":"O Blog Bem Panvel conta com uma equipe formada por especialistas e traz para seus leitores conte\u00fados relevantes e de qualidade sobre sa\u00fade, beleza e bem-estar.","url":"https:\/\/www.panvel.com\/blog\/author\/dimedmkt\/"}]}},"_links":{"self":[{"href":"https:\/\/www.panvel.com\/blog\/wp-json\/wp\/v2\/posts\/5280"}],"collection":[{"href":"https:\/\/www.panvel.com\/blog\/wp-json\/wp\/v2\/posts"}],"about":[{"href":"https:\/\/www.panvel.com\/blog\/wp-json\/wp\/v2\/types\/post"}],"author":[{"embeddable":true,"href":"https:\/\/www.panvel.com\/blog\/wp-json\/wp\/v2\/users\/3"}],"replies":[{"embeddable":true,"href":"https:\/\/www.panvel.com\/blog\/wp-json\/wp\/v2\/comments?post=5280"}],"version-history":[{"count":2,"href":"https:\/\/www.panvel.com\/blog\/wp-json\/wp\/v2\/posts\/5280\/revisions"}],"predecessor-version":[{"id":5283,"href":"https:\/\/www.panvel.com\/blog\/wp-json\/wp\/v2\/posts\/5280\/revisions\/5283"}],"wp:featuredmedia":[{"embeddable":true,"href":"https:\/\/www.panvel.com\/blog\/wp-json\/wp\/v2\/media\/5282"}],"wp:attachment":[{"href":"https:\/\/www.panvel.com\/blog\/wp-json\/wp\/v2\/media?parent=5280"}],"wp:term":[{"taxonomy":"category","embeddable":true,"href":"https:\/\/www.panvel.com\/blog\/wp-json\/wp\/v2\/categories?post=5280"},{"taxonomy":"post_tag","embeddable":true,"href":"https:\/\/www.panvel.com\/blog\/wp-json\/wp\/v2\/tags?post=5280"},{"taxonomy":"sponsor","embeddable":true,"href":"https:\/\/www.panvel.com\/blog\/wp-json\/wp\/v2\/sponsor?post=5280"}],"curies":[{"name":"wp","href":"https:\/\/api.w.org\/{rel}","templated":true}]}}