{"id":5072,"date":"2022-08-11T13:25:00","date_gmt":"2022-08-11T16:25:00","guid":{"rendered":"\/blog\/?p=5072"},"modified":"2023-11-22T16:20:55","modified_gmt":"2023-11-22T19:20:55","slug":"doencas-cronicas-e-momento-de-retomar-exames-blog-bem-panvel","status":"publish","type":"post","link":"https:\/\/www.panvel.com\/blog\/dicas-de-saude\/doencas-cronicas-e-momento-de-retomar-exames-blog-bem-panvel\/","title":{"rendered":"Doen\u00e7as cr\u00f4nicas: passada a pandemia, \u00e9 momento de retomar exames e tratamentos"},"content":{"rendered":"\n<p>No momento em que a pandemia da Covid-19 aparenta se encaminhar para uma estabiliza\u00e7\u00e3o, \u00e9 tempo de colocar exames em dia e retomar o tratamento para pacientes com <strong>doen\u00e7as cr\u00f4nicas<\/strong> cujo acompanhamento foi prejudicado durante o isolamento social.<\/p>\n\n\n\n<p>Caracterizadas pela longa dura\u00e7\u00e3o, as <strong>doen\u00e7as cr\u00f4nicas<\/strong> atingem pessoas de todas as idades e costumam ser o resultado da combina\u00e7\u00e3o de fatores gen\u00e9ticos, fisiol\u00f3gicos e ambientais. Elas podem ser doen\u00e7as cardiovasculares, respirat\u00f3rias cr\u00f4nicas (bronquite, asma, rinite), hipertens\u00e3o, c\u00e2ncer, diabetes e doen\u00e7as metab\u00f3licas como a obesidade e o diabetes.<\/p>\n\n\n\n<h4 class=\"wp-block-heading\">Em meio \u00e0 pandemia, foram muitos os fatores que levaram as <strong>doen\u00e7as cr\u00f4nicas<\/strong> a serem deixadas temporariamente em segundo plano.<\/h4>\n\n\n\n<p>O m\u00e9dico Sergio Brodt, chefe do Servi\u00e7o de Medicina Interna do Hospital Moinhos de Vento, de Porto Alegre, destaca que muitos pacientes com <strong>doen\u00e7as cr\u00f4nicas<\/strong> evitaram sair de casa para consultar, devido ao receio de se contaminar no deslocamento ou at\u00e9 acessar as institui\u00e7\u00f5es hospitalares. \"Isso impediu que eles fizessem reavalia\u00e7\u00f5es de rotina durante a pandemia. Os que seguiram tomando os rem\u00e9dios regularmente e fazendo v\u00eddeo consultas conseguiram manter uma certa estabilidade. Muitos dos que deixaram de consultar tiveram problemas adicionais na sua doen\u00e7a.\", explica o m\u00e9dico.<\/p>\n\n\n\n<p>De acordo com Brodt, as \u00e1reas mais preocupantes s\u00e3o as de pacientes hematol\u00f3gicos e oncol\u00f3gicos e pacientes com doen\u00e7as degenerativas. S\u00e3o pacientes para os quais o medo de acessar o sistema de sa\u00fade pode ter provocado recidiva da doen\u00e7a, atraso no tratamento e at\u00e9 complica\u00e7\u00f5es mais s\u00e9rias, principalmente para quem tinha potencial risco de evolu\u00e7\u00e3o para um quadro mais grave.<\/p>\n\n\n\n<p>\"Os pacientes oncol\u00f3gicos, pneumopatas graves, cardiopatas graves, diab\u00e9ticos, pacientes com sintomas de complica\u00e7\u00e3o em casa, tipo dor no peito e in\u00edcio de AVC demoraram muito para ter coragem de sair de casa e consultar. Muitas vezes, chegaram j\u00e1 no hospital numa fase mais avan\u00e7ada da doen\u00e7a e com piores desfechos, pois estavam com receio de buscar atendimento especializado\", afirma o m\u00e9dico.<\/p>\n\n\n\n<p>Por isso, o momento \u00e9 de colocar exames e tratamento em dia. Veja as orienta\u00e7\u00f5es do especialista para pacientes com doen\u00e7as cr\u00f4nicas:<\/p>\n\n\n\n<ul><li>Complete todas as doses da vacina\u00e7\u00e3o, de acordo com a sua faixa et\u00e1ria<\/li><li>Mantenha o calend\u00e1rio vacinal em dia para todas as vacinas<\/li><li>Mantenha as consultas regulares com seu m\u00e9dico<\/li><li>Procurem as equipes e hospitais de refer\u00eancia para atualizar as terapias que possam estar suspensas temporariamente<\/li><li>Continue tomando os medicamentos e tendo acesso ao controle cr\u00f4nico da doen\u00e7a<\/li><li>Se perceber que n\u00e3o est\u00e1 bem, procure atendimento m\u00e9dico<\/li><\/ul>\n\n\n\n<p>\"Agora, com a vacina\u00e7\u00e3o, o medo de sair de casa j\u00e1 est\u00e1 bem menor. Acredito que daqui para a frente, exceto se surgirem novas cepas, esse problema vai se diluir e as coisas v\u00e3o voltar ao normal em breve\", acredita Brodt.<\/p>\n\n\n\n<p>Apesar disso, ele faz um alerta para quem convive com alguma <strong>doen\u00e7a cr\u00f4nica<\/strong> e fatores de risco: \u00e9 preciso lembrar que a pandemia n\u00e3o terminou. \"N\u00e3o se sinta envergonhado de usar m\u00e1scara e de manter o distanciamento social mesmo em lugares que estejam liberados. Se o shopping center n\u00e3o est\u00e1 cobrando m\u00e1scara, v\u00e1 de m\u00e1scara mesmo assim. Se tem algum jantar, e o restaurante estiver lotado, n\u00e3o entre\", recomenda.<\/p>\n\n\n\n<p>Por isso, o momento \u00e9 de continuar com o protocolo de cuidados rigorosos especialmente para as pessoas que t\u00eam <strong>doen\u00e7as cr\u00f4nicas<\/strong> e fazem terapias imunossupressoras. Uso de m\u00e1scara e distanciamento social continuam sendo importantes, mas lembre-se que \u00e9 importante manter o cuidado com a sua sa\u00fade, visitas aos seu m\u00e9dico regularmente deve ser mantida, e, se n\u00e3o puder, a telemedicina j\u00e1 est\u00e1 a sua disposi\u00e7\u00e3o.<\/p>\n","protected":false},"excerpt":{"rendered":"<p>Para muitas pessoas, acompanhamento de doen\u00e7as cr\u00f4nicas foi deixado em segundo plano nos \u00faltimos meses.<\/p>\n","protected":false},"author":18,"featured_media":5073,"comment_status":"open","ping_status":"closed","sticky":false,"template":"","format":"standard","meta":[],"categories":[5],"tags":[41,31,21,179,151,15],"sponsor":[],"acf":[],"yoast_head":"<!-- This site is optimized with the Yoast SEO plugin v20.7 - https:\/\/yoast.com\/wordpress\/plugins\/seo\/ -->\n<title>Doen\u00e7as cr\u00f4nicas: passada a pandemia, \u00e9 momento de retomar exames e tratamentos | Blog Bem Panvel<\/title>\n<meta name=\"description\" content=\"P\u00f3s-pandemia: como o acompanhamento de doen\u00e7as cr\u00f4nicas foi deixado em segundo plano nos \u00faltimos meses para muitas pessoas.\" \/>\n<meta name=\"robots\" content=\"index, follow, max-snippet:-1, max-image-preview:large, max-video-preview:-1\" \/>\n<link rel=\"canonical\" href=\"https:\/\/www.panvel.com\/blog\/dicas-de-saude\/doencas-cronicas-e-momento-de-retomar-exames-blog-bem-panvel\/\" \/>\n<meta property=\"og:locale\" content=\"pt_BR\" \/>\n<meta property=\"og:type\" content=\"article\" \/>\n<meta property=\"og:title\" content=\"Doen\u00e7as cr\u00f4nicas: passada a pandemia, \u00e9 momento de retomar exames e tratamentos | Blog Bem Panvel\" \/>\n<meta property=\"og:description\" content=\"P\u00f3s-pandemia: como o acompanhamento de doen\u00e7as cr\u00f4nicas foi deixado em segundo plano nos \u00faltimos meses para muitas pessoas.\" \/>\n<meta property=\"og:url\" content=\"https:\/\/www.panvel.com\/blog\/dicas-de-saude\/doencas-cronicas-e-momento-de-retomar-exames-blog-bem-panvel\/\" \/>\n<meta property=\"og:site_name\" content=\"Blog Bem Panvel\" \/>\n<meta property=\"article:published_time\" content=\"2022-08-11T16:25:00+00:00\" \/>\n<meta property=\"article:modified_time\" content=\"2023-11-22T19:20:55+00:00\" \/>\n<meta property=\"og:image\" content=\"https:\/\/www.panvel.com\/blog\/wp-content\/uploads\/2022\/08\/iStock-1373659740-e1660927115135.jpg\" \/>\n\t<meta property=\"og:image:width\" content=\"674\" \/>\n\t<meta property=\"og:image:height\" content=\"419\" \/>\n\t<meta property=\"og:image:type\" content=\"image\/jpeg\" \/>\n<meta name=\"author\" content=\"Dr. Sergio Fernando Monteiro Brodt\" \/>\n<meta name=\"twitter:card\" content=\"summary_large_image\" \/>\n<meta name=\"twitter:label1\" content=\"Escrito por\" \/>\n\t<meta name=\"twitter:data1\" content=\"Dr. Sergio Fernando Monteiro Brodt\" \/>\n\t<meta name=\"twitter:label2\" content=\"Est. tempo de leitura\" \/>\n\t<meta name=\"twitter:data2\" content=\"4 minutos\" \/>\n<script type=\"application\/ld+json\" class=\"yoast-schema-graph\">{\"@context\":\"https:\/\/schema.org\",\"@graph\":[{\"@type\":\"Article\",\"@id\":\"https:\/\/www.panvel.com\/blog\/dicas-de-saude\/doencas-cronicas-e-momento-de-retomar-exames-blog-bem-panvel\/#article\",\"isPartOf\":{\"@id\":\"https:\/\/www.panvel.com\/blog\/dicas-de-saude\/doencas-cronicas-e-momento-de-retomar-exames-blog-bem-panvel\/\"},\"author\":{\"name\":\"Dr. Sergio Fernando Monteiro Brodt\",\"@id\":\"https:\/\/www.panvel.com\/blog\/#\/schema\/person\/1a4bb6a6bbab2147d0da808f85ea0802\"},\"headline\":\"Doen\u00e7as cr\u00f4nicas: passada a pandemia, \u00e9 momento de retomar exames e tratamentos\",\"datePublished\":\"2022-08-11T16:25:00+00:00\",\"dateModified\":\"2023-11-22T19:20:55+00:00\",\"mainEntityOfPage\":{\"@id\":\"https:\/\/www.panvel.com\/blog\/dicas-de-saude\/doencas-cronicas-e-momento-de-retomar-exames-blog-bem-panvel\/\"},\"wordCount\":661,\"commentCount\":0,\"publisher\":{\"@id\":\"https:\/\/www.panvel.com\/blog\/#organization\"},\"keywords\":[\"Alimenta\u00e7\u00e3o\",\"Bem Estar\",\"Covid-19\",\"Cuidados com a sa\u00fade\",\"Cuidados com os Cabelos\",\"Dicas\"],\"articleSection\":[\"Rotina de Sa\u00fade\"],\"inLanguage\":\"pt-BR\",\"potentialAction\":[{\"@type\":\"CommentAction\",\"name\":\"Comment\",\"target\":[\"https:\/\/www.panvel.com\/blog\/dicas-de-saude\/doencas-cronicas-e-momento-de-retomar-exames-blog-bem-panvel\/#respond\"]}]},{\"@type\":\"WebPage\",\"@id\":\"https:\/\/www.panvel.com\/blog\/dicas-de-saude\/doencas-cronicas-e-momento-de-retomar-exames-blog-bem-panvel\/\",\"url\":\"https:\/\/www.panvel.com\/blog\/dicas-de-saude\/doencas-cronicas-e-momento-de-retomar-exames-blog-bem-panvel\/\",\"name\":\"Doen\u00e7as cr\u00f4nicas: passada a pandemia, \u00e9 momento de retomar exames e tratamentos | Blog Bem Panvel\",\"isPartOf\":{\"@id\":\"https:\/\/www.panvel.com\/blog\/#website\"},\"datePublished\":\"2022-08-11T16:25:00+00:00\",\"dateModified\":\"2023-11-22T19:20:55+00:00\",\"description\":\"P\u00f3s-pandemia: como o acompanhamento de doen\u00e7as cr\u00f4nicas foi deixado em segundo plano nos \u00faltimos meses para muitas pessoas.\",\"breadcrumb\":{\"@id\":\"https:\/\/www.panvel.com\/blog\/dicas-de-saude\/doencas-cronicas-e-momento-de-retomar-exames-blog-bem-panvel\/#breadcrumb\"},\"inLanguage\":\"pt-BR\",\"potentialAction\":[{\"@type\":\"ReadAction\",\"target\":[\"https:\/\/www.panvel.com\/blog\/dicas-de-saude\/doencas-cronicas-e-momento-de-retomar-exames-blog-bem-panvel\/\"]}]},{\"@type\":\"BreadcrumbList\",\"@id\":\"https:\/\/www.panvel.com\/blog\/dicas-de-saude\/doencas-cronicas-e-momento-de-retomar-exames-blog-bem-panvel\/#breadcrumb\",\"itemListElement\":[{\"@type\":\"ListItem\",\"position\":1,\"name\":\"Home\",\"item\":\"https:\/\/www.panvel.com\/blog\/\"},{\"@type\":\"ListItem\",\"position\":2,\"name\":\"Rotina de Sa\u00fade\",\"item\":\"https:\/\/www.panvel.com\/blog\/dicas-de-saude\/\"},{\"@type\":\"ListItem\",\"position\":3,\"name\":\"Doen\u00e7as cr\u00f4nicas: passada a pandemia, \u00e9 momento de retomar exames e tratamentos\"}]},{\"@type\":\"WebSite\",\"@id\":\"https:\/\/www.panvel.com\/blog\/#website\",\"url\":\"https:\/\/www.panvel.com\/blog\/\",\"name\":\"Blog Bem Panvel\",\"description\":\"Aqui voc\u00ea encontra conte\u00fados e dicas de sa\u00fade, beleza, bem-estar e muito mais.\",\"publisher\":{\"@id\":\"https:\/\/www.panvel.com\/blog\/#organization\"},\"potentialAction\":[{\"@type\":\"SearchAction\",\"target\":{\"@type\":\"EntryPoint\",\"urlTemplate\":\"https:\/\/www.panvel.com\/blog\/?s={search_term_string}\"},\"query-input\":\"required name=search_term_string\"}],\"inLanguage\":\"pt-BR\"},{\"@type\":\"Organization\",\"@id\":\"https:\/\/www.panvel.com\/blog\/#organization\",\"name\":\"Panvel Farm\u00e1cias\",\"url\":\"https:\/\/www.panvel.com\/blog\/\",\"logo\":{\"@type\":\"ImageObject\",\"inLanguage\":\"pt-BR\",\"@id\":\"https:\/\/www.panvel.com\/blog\/#\/schema\/logo\/image\/\",\"url\":\"https:\/\/www.panvel.com\/blog\/wp-content\/uploads\/2020\/10\/logo.png\",\"contentUrl\":\"https:\/\/www.panvel.com\/blog\/wp-content\/uploads\/2020\/10\/logo.png\",\"width\":402,\"height\":53,\"caption\":\"Panvel Farm\u00e1cias\"},\"image\":{\"@id\":\"https:\/\/www.panvel.com\/blog\/#\/schema\/logo\/image\/\"}},{\"@type\":\"Person\",\"@id\":\"https:\/\/www.panvel.com\/blog\/#\/schema\/person\/1a4bb6a6bbab2147d0da808f85ea0802\",\"name\":\"Dr. Sergio Fernando Monteiro Brodt\",\"image\":{\"@type\":\"ImageObject\",\"inLanguage\":\"pt-BR\",\"@id\":\"https:\/\/www.panvel.com\/blog\/#\/schema\/person\/image\/\",\"url\":\"https:\/\/www.panvel.com\/blog\/wp-content\/uploads\/2022\/09\/Sergio-Fernando-Monteiro-Brodt.jpg\",\"contentUrl\":\"https:\/\/www.panvel.com\/blog\/wp-content\/uploads\/2022\/09\/Sergio-Fernando-Monteiro-Brodt.jpg\",\"caption\":\"Dr. Sergio Fernando Monteiro Brodt\"},\"description\":\"Dr. Sergio Fernando Monteiro Brodt \u00e9 M\u00e9dico cl\u00ednico e intensivista, Chefe do Servi\u00e7o de Medicina Interna do Hospital Moinhos de Vento, preceptor da Resid\u00eancia M\u00e9dica (CRM-RS 20152)\",\"url\":\"https:\/\/www.panvel.com\/blog\/author\/sergio-fernando\/\"}]}<\/script>\n<!-- \/ Yoast SEO plugin. -->","yoast_head_json":{"title":"Doen\u00e7as cr\u00f4nicas: passada a pandemia, \u00e9 momento de retomar exames e tratamentos | Blog Bem Panvel","description":"P\u00f3s-pandemia: como o acompanhamento de doen\u00e7as cr\u00f4nicas foi deixado em segundo plano nos \u00faltimos meses para muitas pessoas.","robots":{"index":"index","follow":"follow","max-snippet":"max-snippet:-1","max-image-preview":"max-image-preview:large","max-video-preview":"max-video-preview:-1"},"canonical":"https:\/\/www.panvel.com\/blog\/dicas-de-saude\/doencas-cronicas-e-momento-de-retomar-exames-blog-bem-panvel\/","og_locale":"pt_BR","og_type":"article","og_title":"Doen\u00e7as cr\u00f4nicas: passada a pandemia, \u00e9 momento de retomar exames e tratamentos | Blog Bem Panvel","og_description":"P\u00f3s-pandemia: como o acompanhamento de doen\u00e7as cr\u00f4nicas foi deixado em segundo plano nos \u00faltimos meses para muitas pessoas.","og_url":"https:\/\/www.panvel.com\/blog\/dicas-de-saude\/doencas-cronicas-e-momento-de-retomar-exames-blog-bem-panvel\/","og_site_name":"Blog Bem Panvel","article_published_time":"2022-08-11T16:25:00+00:00","article_modified_time":"2023-11-22T19:20:55+00:00","og_image":[{"width":674,"height":419,"url":"https:\/\/www.panvel.com\/blog\/wp-content\/uploads\/2022\/08\/iStock-1373659740-e1660927115135.jpg","type":"image\/jpeg"}],"author":"Dr. Sergio Fernando Monteiro Brodt","twitter_card":"summary_large_image","twitter_misc":{"Escrito por":"Dr. Sergio Fernando Monteiro Brodt","Est. tempo de leitura":"4 minutos"},"schema":{"@context":"https:\/\/schema.org","@graph":[{"@type":"Article","@id":"https:\/\/www.panvel.com\/blog\/dicas-de-saude\/doencas-cronicas-e-momento-de-retomar-exames-blog-bem-panvel\/#article","isPartOf":{"@id":"https:\/\/www.panvel.com\/blog\/dicas-de-saude\/doencas-cronicas-e-momento-de-retomar-exames-blog-bem-panvel\/"},"author":{"name":"Dr. Sergio Fernando Monteiro Brodt","@id":"https:\/\/www.panvel.com\/blog\/#\/schema\/person\/1a4bb6a6bbab2147d0da808f85ea0802"},"headline":"Doen\u00e7as cr\u00f4nicas: passada a pandemia, \u00e9 momento de retomar exames e tratamentos","datePublished":"2022-08-11T16:25:00+00:00","dateModified":"2023-11-22T19:20:55+00:00","mainEntityOfPage":{"@id":"https:\/\/www.panvel.com\/blog\/dicas-de-saude\/doencas-cronicas-e-momento-de-retomar-exames-blog-bem-panvel\/"},"wordCount":661,"commentCount":0,"publisher":{"@id":"https:\/\/www.panvel.com\/blog\/#organization"},"keywords":["Alimenta\u00e7\u00e3o","Bem Estar","Covid-19","Cuidados com a sa\u00fade","Cuidados com os Cabelos","Dicas"],"articleSection":["Rotina de Sa\u00fade"],"inLanguage":"pt-BR","potentialAction":[{"@type":"CommentAction","name":"Comment","target":["https:\/\/www.panvel.com\/blog\/dicas-de-saude\/doencas-cronicas-e-momento-de-retomar-exames-blog-bem-panvel\/#respond"]}]},{"@type":"WebPage","@id":"https:\/\/www.panvel.com\/blog\/dicas-de-saude\/doencas-cronicas-e-momento-de-retomar-exames-blog-bem-panvel\/","url":"https:\/\/www.panvel.com\/blog\/dicas-de-saude\/doencas-cronicas-e-momento-de-retomar-exames-blog-bem-panvel\/","name":"Doen\u00e7as cr\u00f4nicas: passada a pandemia, \u00e9 momento de retomar exames e tratamentos | Blog Bem Panvel","isPartOf":{"@id":"https:\/\/www.panvel.com\/blog\/#website"},"datePublished":"2022-08-11T16:25:00+00:00","dateModified":"2023-11-22T19:20:55+00:00","description":"P\u00f3s-pandemia: como o acompanhamento de doen\u00e7as cr\u00f4nicas foi deixado em segundo plano nos \u00faltimos meses para muitas pessoas.","breadcrumb":{"@id":"https:\/\/www.panvel.com\/blog\/dicas-de-saude\/doencas-cronicas-e-momento-de-retomar-exames-blog-bem-panvel\/#breadcrumb"},"inLanguage":"pt-BR","potentialAction":[{"@type":"ReadAction","target":["https:\/\/www.panvel.com\/blog\/dicas-de-saude\/doencas-cronicas-e-momento-de-retomar-exames-blog-bem-panvel\/"]}]},{"@type":"BreadcrumbList","@id":"https:\/\/www.panvel.com\/blog\/dicas-de-saude\/doencas-cronicas-e-momento-de-retomar-exames-blog-bem-panvel\/#breadcrumb","itemListElement":[{"@type":"ListItem","position":1,"name":"Home","item":"https:\/\/www.panvel.com\/blog\/"},{"@type":"ListItem","position":2,"name":"Rotina de Sa\u00fade","item":"https:\/\/www.panvel.com\/blog\/dicas-de-saude\/"},{"@type":"ListItem","position":3,"name":"Doen\u00e7as cr\u00f4nicas: passada a pandemia, \u00e9 momento de retomar exames e tratamentos"}]},{"@type":"WebSite","@id":"https:\/\/www.panvel.com\/blog\/#website","url":"https:\/\/www.panvel.com\/blog\/","name":"Blog Bem Panvel","description":"Aqui voc\u00ea encontra conte\u00fados e dicas de sa\u00fade, beleza, bem-estar e muito mais.","publisher":{"@id":"https:\/\/www.panvel.com\/blog\/#organization"},"potentialAction":[{"@type":"SearchAction","target":{"@type":"EntryPoint","urlTemplate":"https:\/\/www.panvel.com\/blog\/?s={search_term_string}"},"query-input":"required name=search_term_string"}],"inLanguage":"pt-BR"},{"@type":"Organization","@id":"https:\/\/www.panvel.com\/blog\/#organization","name":"Panvel Farm\u00e1cias","url":"https:\/\/www.panvel.com\/blog\/","logo":{"@type":"ImageObject","inLanguage":"pt-BR","@id":"https:\/\/www.panvel.com\/blog\/#\/schema\/logo\/image\/","url":"https:\/\/www.panvel.com\/blog\/wp-content\/uploads\/2020\/10\/logo.png","contentUrl":"https:\/\/www.panvel.com\/blog\/wp-content\/uploads\/2020\/10\/logo.png","width":402,"height":53,"caption":"Panvel Farm\u00e1cias"},"image":{"@id":"https:\/\/www.panvel.com\/blog\/#\/schema\/logo\/image\/"}},{"@type":"Person","@id":"https:\/\/www.panvel.com\/blog\/#\/schema\/person\/1a4bb6a6bbab2147d0da808f85ea0802","name":"Dr. Sergio Fernando Monteiro Brodt","image":{"@type":"ImageObject","inLanguage":"pt-BR","@id":"https:\/\/www.panvel.com\/blog\/#\/schema\/person\/image\/","url":"https:\/\/www.panvel.com\/blog\/wp-content\/uploads\/2022\/09\/Sergio-Fernando-Monteiro-Brodt.jpg","contentUrl":"https:\/\/www.panvel.com\/blog\/wp-content\/uploads\/2022\/09\/Sergio-Fernando-Monteiro-Brodt.jpg","caption":"Dr. Sergio Fernando Monteiro Brodt"},"description":"Dr. Sergio Fernando Monteiro Brodt \u00e9 M\u00e9dico cl\u00ednico e intensivista, Chefe do Servi\u00e7o de Medicina Interna do Hospital Moinhos de Vento, preceptor da Resid\u00eancia M\u00e9dica (CRM-RS 20152)","url":"https:\/\/www.panvel.com\/blog\/author\/sergio-fernando\/"}]}},"_links":{"self":[{"href":"https:\/\/www.panvel.com\/blog\/wp-json\/wp\/v2\/posts\/5072"}],"collection":[{"href":"https:\/\/www.panvel.com\/blog\/wp-json\/wp\/v2\/posts"}],"about":[{"href":"https:\/\/www.panvel.com\/blog\/wp-json\/wp\/v2\/types\/post"}],"author":[{"embeddable":true,"href":"https:\/\/www.panvel.com\/blog\/wp-json\/wp\/v2\/users\/18"}],"replies":[{"embeddable":true,"href":"https:\/\/www.panvel.com\/blog\/wp-json\/wp\/v2\/comments?post=5072"}],"version-history":[{"count":1,"href":"https:\/\/www.panvel.com\/blog\/wp-json\/wp\/v2\/posts\/5072\/revisions"}],"predecessor-version":[{"id":5074,"href":"https:\/\/www.panvel.com\/blog\/wp-json\/wp\/v2\/posts\/5072\/revisions\/5074"}],"wp:featuredmedia":[{"embeddable":true,"href":"https:\/\/www.panvel.com\/blog\/wp-json\/wp\/v2\/media\/5073"}],"wp:attachment":[{"href":"https:\/\/www.panvel.com\/blog\/wp-json\/wp\/v2\/media?parent=5072"}],"wp:term":[{"taxonomy":"category","embeddable":true,"href":"https:\/\/www.panvel.com\/blog\/wp-json\/wp\/v2\/categories?post=5072"},{"taxonomy":"post_tag","embeddable":true,"href":"https:\/\/www.panvel.com\/blog\/wp-json\/wp\/v2\/tags?post=5072"},{"taxonomy":"sponsor","embeddable":true,"href":"https:\/\/www.panvel.com\/blog\/wp-json\/wp\/v2\/sponsor?post=5072"}],"curies":[{"name":"wp","href":"https:\/\/api.w.org\/{rel}","templated":true}]}}