{"id":3935,"date":"2021-12-21T09:09:29","date_gmt":"2021-12-21T12:09:29","guid":{"rendered":"\/blog\/?p=3935"},"modified":"2023-11-22T16:26:06","modified_gmt":"2023-11-22T19:26:06","slug":"guia-da-protecao-solar-infantil-como-proteger-o-seu-pequeno","status":"publish","type":"post","link":"https:\/\/www.panvel.com\/blog\/dicas-de-saude\/guia-da-protecao-solar-infantil-como-proteger-o-seu-pequeno\/","title":{"rendered":"Guia da prote\u00e7\u00e3o solar infantil: como proteger o seu pequeno"},"content":{"rendered":"\n<p><strong>Prote\u00e7\u00e3o solar<\/strong> n\u00e3o \u00e9 s\u00f3 coisa de adulto. De acordo com a Dr\u00aa Ana Elisa Kiszewski Bau, professora da UFCSPA e dermatologista pediatra da Santa Casa de Porto Alegre, estudos mostram que a exposi\u00e7\u00e3o solar excessiva na inf\u00e2ncia aumenta de forma significativa o <strong>risco de c\u00e2ncer de pele<\/strong> na idade adulta.<\/p>\n\n\n\n<p>\"Calcula-se que 80% de toda radia\u00e7\u00e3o solar que recebemos durante toda a vida ocorre nos primeiros 18 anos de idade\", escreveu a dermatologista no documento <a href=\"https:\/\/www.sbp.com.br\/fileadmin\/user_upload\/2012\/12\/Fotoproteo-na-infancia-e-adolescencia-para-o-pediatra-2015.pdf\">Prote\u00e7\u00e3o Solar na Inf\u00e2ncia<\/a>, divulgado pela Sociedade Brasileira de Dermatologia (SBD).<\/p>\n\n\n\n<p>Segundo ela, isso poderia ser explicado pelo fato das crian\u00e7as realizarem muitas atividades ao ar livre e de nem sempre utilizarem medidas de fotoprote\u00e7\u00e3o.<\/p>\n\n\n\n<p>Os motivos est\u00e3o postos. Precisa de uma justificativa maior para seguir a leitura e entender como funcionam os produtos de <strong>prote\u00e7\u00e3o solar infantil<\/strong>?<\/p>\n\n\n\n<p><\/p>\n\n\n\n<h2 class=\"wp-block-heading\">O risco dos raios ultravioletas para crian\u00e7as<\/h2>\n\n\n\n<p>\u00c9 consenso entre v\u00e1rios \u00f3rg\u00e3os reguladores e associa\u00e7\u00f5es m\u00e9dicas do mundo que os protetores solares <strong>n\u00e3o devem ser aplicados em beb\u00eas com menos de 6 meses<\/strong>.<\/p>\n\n\n\n<p>A exposi\u00e7\u00e3o solar, contudo, \u00e9 importante nessa idade. Mas n\u00e3o prolongada: segundo a SBD, 15 minutos duas ou tr\u00eas vezes por semana s\u00e3o o suficiente para manter os n\u00edveis adequados de vitamina D.<\/p>\n\n\n\n<p>A partir dos 6 meses, j\u00e1 podem \u2014 e devem \u2014 ser usados os protetores solares espec\u00edficos para o p\u00fablico infantil (veja o t\u00f3pico a seguir).<\/p>\n\n\n\n<p>Afinal, como dito na introdu\u00e7\u00e3o deste post, existe uma rela\u00e7\u00e3o entre a <strong>exposi\u00e7\u00e3o solar acumulativa<\/strong> e o desenvolvimento de <strong>carcinomas cut\u00e2neos<\/strong>.<\/p>\n\n\n\n<p>\"A prote\u00e7\u00e3o solar deve fazer parte do cotidiano das pessoas e, principalmente, das crian\u00e7as. O uso de filtros solares, chap\u00e9us, bon\u00e9s e roupas adequadas n\u00e3o deve se restringir apenas ao ambiente de praia ou piscina. Esse h\u00e1bito faz parte de medidas de seguran\u00e7a para a preven\u00e7\u00e3o da doen\u00e7a em qualquer localiza\u00e7\u00e3o\", alerta a equipe da <a href=\"http:\/\/www.usp.br\/aunantigo\/exibir?id=4947&amp;ed=873&amp;f=42\">Cl\u00ednica de Dermatologia do Hospital das Cl\u00ednicas da Faculdade de Medicina da USP<\/a>.<\/p>\n\n\n\n<p><\/p>\n\n\n\n<h2 class=\"wp-block-heading\">Crian\u00e7a pode usar qualquer protetor solar?<\/h2>\n\n\n\n<p>Simples e direto: <strong>n\u00e3o!<\/strong><\/p>\n\n\n\n<p>Quanto mais jovem \u00e9 a crian\u00e7a, mais sens\u00edvel \u00e9 a sua pele. Portanto, o mesmo produto que um adulto utiliza sem nenhum tipo de rea\u00e7\u00e3o pode causar alergias nos pequenos, por conta das subst\u00e2ncias qu\u00edmicas presentes na sua composi\u00e7\u00e3o.<\/p>\n\n\n\n<p><\/p>\n\n\n\n<h3 class=\"wp-block-heading\">Qual protetor solar usar nas crian\u00e7as?<\/h3>\n\n\n\n<p>Existem duas categorias principais de protetores solares: os que usam filtros f\u00edsicos e aqueles compostos por filtros qu\u00edmicos.<\/p>\n\n\n\n<ul><li><strong>Filtros f\u00edsicos:<\/strong> cont\u00eam pequenas part\u00edculas de di\u00f3xido de tit\u00e2nio, \u00f3xido de zinco e outros componentes que funcionam como uma barreira f\u00edsica que reflete os raios ultravioletas.<\/li><li><strong>Filtros qu\u00edmicos:<\/strong> t\u00eam componentes qu\u00edmicos que absorvem as radia\u00e7\u00f5es UVA e UVB.<\/li><\/ul>\n\n\n\n<p>Por sua textura mais leve e f\u00e1cil de espalhar, os filtros qu\u00edmicos s\u00e3o preferidos pelos adultos, por\u00e9m apresentam mais <strong>risco de dermatite<\/strong> (rea\u00e7\u00e3o de inflama\u00e7\u00e3o na pele), o que os torna impr\u00f3prios para uso em crian\u00e7as.<\/p>\n\n\n\n<p>Dos 6 meses aos 2 anos de idade, a recomenda\u00e7\u00e3o da SBD \u00e9 utilizar somente filtros 100% f\u00edsicos. A embalagem geralmente apresenta esse tipo de produto como protetor solar <strong>\"mineral\"<\/strong> ou <strong>\"baby\"<\/strong>.<\/p>\n\n\n\n<p>Apesar de a fama dos filtros f\u00edsicos ser de possu\u00edrem uma textura grossa e ruim de espalhar, hoje h\u00e1 produtos com formula\u00e7\u00f5es mais agrad\u00e1veis.<\/p>\n\n\n\n<p>A partir dos 2 anos de idade, podem ser usados <strong>protetores solares rotulados como infantis<\/strong>, que usam uma mistura de filtros qu\u00edmicos e f\u00edsicos, com composi\u00e7\u00e3o menos agressiva que os protetores para uso adulto.<\/p>\n\n\n\n<p>Mesmo assim, fique de olho para poss\u00edveis rea\u00e7\u00f5es na pele de seu filho. Se notar qualquer coisa diferente, suspenda o uso. Na d\u00favida, procure um dermatologista infantil.<\/p>\n\n\n\n<p><\/p>\n\n\n\n<h3 class=\"wp-block-heading\">Qual o FPS ideal?<\/h3>\n\n\n\n<p>Recomenda-se que seja aplicado um filtro com fator de prote\u00e7\u00e3o solar (FPS) de <strong>no m\u00ednimo 30<\/strong>.<\/p>\n\n\n\n<p>T\u00e3o importante quanto o n\u00famero do FPS \u00e9 reaplicar o produto de duas em duas horas \u2014 ou com frequ\u00eancia maior se a crian\u00e7a suar muito ou der um mergulho.<\/p>\n\n\n\n<p>Lembrando que a necessidade de prote\u00e7\u00e3o \u00e9 maior em pessoas com fototipos mais baixos, ou seja, peles com cor mais clara.<\/p>\n\n\n\n<p><\/p>\n\n\n\n<h3 class=\"wp-block-heading\">Roupas e acess\u00f3rios de prote\u00e7\u00e3o solar para crian\u00e7as<\/h3>\n\n\n\n<p>Al\u00e9m dos protetores solares de passar na pele, <strong>roupas e chap\u00e9us<\/strong> tamb\u00e9m ajudam bastante a proteger a crian\u00e7a dos perigos da radia\u00e7\u00e3o ultravioleta.<\/p>\n\n\n\n<p>As roupas normais j\u00e1 ajudam, mas voc\u00ea encontra pe\u00e7as com FPS (<a href=\"https:\/\/www.panvel.com\/panvel\/chapeu-fps50%2B-azul-marinho-g-24-36m\/p-355650\">chap\u00e9us<\/a> e <a href=\"https:\/\/www.panvel.com\/panvel\/camisa-banho-bup-baby-fps50-manga-longa-azul-marinho-g12--18-meses\/p-115025\">camisetas<\/a> com prote\u00e7\u00e3o solar infantil), que bloqueiam com maior efic\u00e1cia os raios solares.<\/p>\n\n\n\n<p><\/p>\n\n\n\n<h2 class=\"wp-block-heading\">Protetores solares infantis<\/h2>\n\n\n\n<p>Na linha <strong><a href=\"\/blog\/dicas-de-beleza\/panvel-solar-conheca-os-produtos-de-protecao-solar-da-panvel\/\">Panvel Solar<\/a><\/strong>, voc\u00ea encontra um <a href=\"https:\/\/www.panvel.com\/panvel\/protetor-solar-panvel-solar-kids-fps-60-120g\/p-876490\">filtro solar infantil com FPS 60<\/a>, para dar a m\u00e1xima prote\u00e7\u00e3o que sua crian\u00e7a precisa com total seguran\u00e7a.<\/p>\n\n\n\n<p>Sua f\u00f3rmula possui textura leve, de r\u00e1pida absor\u00e7\u00e3o, e cont\u00e9m vitamina E e aveia, que proporcionam hidrata\u00e7\u00e3o e aceleram a restaura\u00e7\u00e3o da pele.<\/p>\n\n\n\n<p>Voc\u00ea ainda encontra o produto dispon\u00edvel em kits para aumentar a divers\u00e3o do pequeno. Veja e aproveite:<\/p>\n\n\n\n<ul><li><a href=\"https:\/\/www.panvel.com\/panvel\/kit-panvel-solar-kids-fps-60-gratis-slime\/p-107469\"><strong>Kit protetor Panvel Solar Kids FPS 60 120g + slime<\/strong><\/a><\/li><li><a href=\"https:\/\/www.panvel.com\/panvel\/kit-panvel-solar-kids-fps-60-gratis-oculos-natacao\/p-112913\"><strong>Kit protetor Panvel Solar Kids FPS 60 120g + \u00f3culos de nata\u00e7\u00e3o<\/strong><\/a><\/li><\/ul>\n","protected":false},"excerpt":{"rendered":"<p>Como sua pele \u00e9 mais sens\u00edvel, a crian\u00e7a precisa de cuidados especiais na prote\u00e7\u00e3o solar. Descubra qual tipo de protetor solar \u00e9 ideal para os pequenos. <\/p>\n","protected":false},"author":3,"featured_media":3936,"comment_status":"open","ping_status":"closed","sticky":false,"template":"","format":"standard","meta":[],"categories":[5],"tags":[29,265,25,261,262],"sponsor":[],"acf":[],"yoast_head":"<!-- This site is optimized with the Yoast SEO plugin v20.7 - https:\/\/yoast.com\/wordpress\/plugins\/seo\/ -->\n<title>Guia da prote\u00e7\u00e3o solar infantil: como proteger o seu pequeno | Blog Bem Panvel<\/title>\n<meta name=\"description\" content=\"Como sua pele \u00e9 mais sens\u00edvel, a crian\u00e7a precisa de cuidados especiais na prote\u00e7\u00e3o solar. Descubra qual tipo de protetor solar \u00e9 ideal para os pequenos.\" \/>\n<meta name=\"robots\" content=\"index, follow, max-snippet:-1, max-image-preview:large, max-video-preview:-1\" \/>\n<link rel=\"canonical\" href=\"https:\/\/www.panvel.com\/blog\/dicas-de-saude\/guia-da-protecao-solar-infantil-como-proteger-o-seu-pequeno\/\" \/>\n<meta property=\"og:locale\" content=\"pt_BR\" \/>\n<meta property=\"og:type\" content=\"article\" \/>\n<meta property=\"og:title\" content=\"Guia da prote\u00e7\u00e3o solar infantil: como proteger o seu pequeno | Blog Bem Panvel\" \/>\n<meta property=\"og:description\" content=\"Como sua pele \u00e9 mais sens\u00edvel, a crian\u00e7a precisa de cuidados especiais na prote\u00e7\u00e3o solar. Descubra qual tipo de protetor solar \u00e9 ideal para os pequenos.\" \/>\n<meta property=\"og:url\" content=\"https:\/\/www.panvel.com\/blog\/dicas-de-saude\/guia-da-protecao-solar-infantil-como-proteger-o-seu-pequeno\/\" \/>\n<meta property=\"og:site_name\" content=\"Blog Bem Panvel\" \/>\n<meta property=\"article:published_time\" content=\"2021-12-21T12:09:29+00:00\" \/>\n<meta property=\"article:modified_time\" content=\"2023-11-22T19:26:06+00:00\" \/>\n<meta property=\"og:image\" content=\"https:\/\/www.panvel.com\/blog\/wp-content\/uploads\/2021\/12\/Guia-da-protecao-solar-infantil-como-proteger-o-seu-pequeno.jpg\" \/>\n\t<meta property=\"og:image:width\" content=\"724\" \/>\n\t<meta property=\"og:image:height\" content=\"480\" \/>\n\t<meta property=\"og:image:type\" content=\"image\/jpeg\" \/>\n<meta name=\"author\" content=\"Equipe Panvel\" \/>\n<meta name=\"twitter:card\" content=\"summary_large_image\" \/>\n<meta name=\"twitter:label1\" content=\"Escrito por\" \/>\n\t<meta name=\"twitter:data1\" content=\"Equipe Panvel\" \/>\n\t<meta name=\"twitter:label2\" content=\"Est. tempo de leitura\" \/>\n\t<meta name=\"twitter:data2\" content=\"5 minutos\" \/>\n<script type=\"application\/ld+json\" class=\"yoast-schema-graph\">{\"@context\":\"https:\/\/schema.org\",\"@graph\":[{\"@type\":\"Article\",\"@id\":\"https:\/\/www.panvel.com\/blog\/dicas-de-saude\/guia-da-protecao-solar-infantil-como-proteger-o-seu-pequeno\/#article\",\"isPartOf\":{\"@id\":\"https:\/\/www.panvel.com\/blog\/dicas-de-saude\/guia-da-protecao-solar-infantil-como-proteger-o-seu-pequeno\/\"},\"author\":{\"name\":\"Equipe Panvel\",\"@id\":\"https:\/\/www.panvel.com\/blog\/#\/schema\/person\/79f5c113f9621ed83897942f6e7501e3\"},\"headline\":\"Guia da prote\u00e7\u00e3o solar infantil: como proteger o seu pequeno\",\"datePublished\":\"2021-12-21T12:09:29+00:00\",\"dateModified\":\"2023-11-22T19:26:06+00:00\",\"mainEntityOfPage\":{\"@id\":\"https:\/\/www.panvel.com\/blog\/dicas-de-saude\/guia-da-protecao-solar-infantil-como-proteger-o-seu-pequeno\/\"},\"wordCount\":898,\"commentCount\":0,\"publisher\":{\"@id\":\"https:\/\/www.panvel.com\/blog\/#organization\"},\"keywords\":[\"Cuidados com a Pele\",\"Cuidados na inf\u00e2ncia\",\"Produtos Panvel\",\"Prote\u00e7\u00e3o solar\",\"Protetor solar infantil\"],\"articleSection\":[\"Rotina de Sa\u00fade\"],\"inLanguage\":\"pt-BR\",\"potentialAction\":[{\"@type\":\"CommentAction\",\"name\":\"Comment\",\"target\":[\"https:\/\/www.panvel.com\/blog\/dicas-de-saude\/guia-da-protecao-solar-infantil-como-proteger-o-seu-pequeno\/#respond\"]}]},{\"@type\":\"WebPage\",\"@id\":\"https:\/\/www.panvel.com\/blog\/dicas-de-saude\/guia-da-protecao-solar-infantil-como-proteger-o-seu-pequeno\/\",\"url\":\"https:\/\/www.panvel.com\/blog\/dicas-de-saude\/guia-da-protecao-solar-infantil-como-proteger-o-seu-pequeno\/\",\"name\":\"Guia da prote\u00e7\u00e3o solar infantil: como proteger o seu pequeno | Blog Bem Panvel\",\"isPartOf\":{\"@id\":\"https:\/\/www.panvel.com\/blog\/#website\"},\"datePublished\":\"2021-12-21T12:09:29+00:00\",\"dateModified\":\"2023-11-22T19:26:06+00:00\",\"description\":\"Como sua pele \u00e9 mais sens\u00edvel, a crian\u00e7a precisa de cuidados especiais na prote\u00e7\u00e3o solar. Descubra qual tipo de protetor solar \u00e9 ideal para os pequenos.\",\"breadcrumb\":{\"@id\":\"https:\/\/www.panvel.com\/blog\/dicas-de-saude\/guia-da-protecao-solar-infantil-como-proteger-o-seu-pequeno\/#breadcrumb\"},\"inLanguage\":\"pt-BR\",\"potentialAction\":[{\"@type\":\"ReadAction\",\"target\":[\"https:\/\/www.panvel.com\/blog\/dicas-de-saude\/guia-da-protecao-solar-infantil-como-proteger-o-seu-pequeno\/\"]}]},{\"@type\":\"BreadcrumbList\",\"@id\":\"https:\/\/www.panvel.com\/blog\/dicas-de-saude\/guia-da-protecao-solar-infantil-como-proteger-o-seu-pequeno\/#breadcrumb\",\"itemListElement\":[{\"@type\":\"ListItem\",\"position\":1,\"name\":\"Home\",\"item\":\"https:\/\/www.panvel.com\/blog\/\"},{\"@type\":\"ListItem\",\"position\":2,\"name\":\"Rotina de Sa\u00fade\",\"item\":\"https:\/\/www.panvel.com\/blog\/dicas-de-saude\/\"},{\"@type\":\"ListItem\",\"position\":3,\"name\":\"Guia da prote\u00e7\u00e3o solar infantil: como proteger o seu pequeno\"}]},{\"@type\":\"WebSite\",\"@id\":\"https:\/\/www.panvel.com\/blog\/#website\",\"url\":\"https:\/\/www.panvel.com\/blog\/\",\"name\":\"Blog Bem Panvel\",\"description\":\"Aqui voc\u00ea encontra conte\u00fados e dicas de sa\u00fade, beleza, bem-estar e muito mais.\",\"publisher\":{\"@id\":\"https:\/\/www.panvel.com\/blog\/#organization\"},\"potentialAction\":[{\"@type\":\"SearchAction\",\"target\":{\"@type\":\"EntryPoint\",\"urlTemplate\":\"https:\/\/www.panvel.com\/blog\/?s={search_term_string}\"},\"query-input\":\"required name=search_term_string\"}],\"inLanguage\":\"pt-BR\"},{\"@type\":\"Organization\",\"@id\":\"https:\/\/www.panvel.com\/blog\/#organization\",\"name\":\"Panvel Farm\u00e1cias\",\"url\":\"https:\/\/www.panvel.com\/blog\/\",\"logo\":{\"@type\":\"ImageObject\",\"inLanguage\":\"pt-BR\",\"@id\":\"https:\/\/www.panvel.com\/blog\/#\/schema\/logo\/image\/\",\"url\":\"https:\/\/www.panvel.com\/blog\/wp-content\/uploads\/2020\/10\/logo.png\",\"contentUrl\":\"https:\/\/www.panvel.com\/blog\/wp-content\/uploads\/2020\/10\/logo.png\",\"width\":402,\"height\":53,\"caption\":\"Panvel Farm\u00e1cias\"},\"image\":{\"@id\":\"https:\/\/www.panvel.com\/blog\/#\/schema\/logo\/image\/\"}},{\"@type\":\"Person\",\"@id\":\"https:\/\/www.panvel.com\/blog\/#\/schema\/person\/79f5c113f9621ed83897942f6e7501e3\",\"name\":\"Equipe Panvel\",\"image\":{\"@type\":\"ImageObject\",\"inLanguage\":\"pt-BR\",\"@id\":\"https:\/\/www.panvel.com\/blog\/#\/schema\/person\/image\/\",\"url\":\"https:\/\/www.panvel.com\/blog\/wp-content\/uploads\/2022\/09\/blog-panvel-1.jpg\",\"contentUrl\":\"https:\/\/www.panvel.com\/blog\/wp-content\/uploads\/2022\/09\/blog-panvel-1.jpg\",\"caption\":\"Equipe Panvel\"},\"description\":\"O Blog Bem Panvel conta com uma equipe formada por especialistas e traz para seus leitores conte\u00fados relevantes e de qualidade sobre sa\u00fade, beleza e bem-estar.\",\"url\":\"https:\/\/www.panvel.com\/blog\/author\/dimedmkt\/\"}]}<\/script>\n<!-- \/ Yoast SEO plugin. -->","yoast_head_json":{"title":"Guia da prote\u00e7\u00e3o solar infantil: como proteger o seu pequeno | Blog Bem Panvel","description":"Como sua pele \u00e9 mais sens\u00edvel, a crian\u00e7a precisa de cuidados especiais na prote\u00e7\u00e3o solar. Descubra qual tipo de protetor solar \u00e9 ideal para os pequenos.","robots":{"index":"index","follow":"follow","max-snippet":"max-snippet:-1","max-image-preview":"max-image-preview:large","max-video-preview":"max-video-preview:-1"},"canonical":"https:\/\/www.panvel.com\/blog\/dicas-de-saude\/guia-da-protecao-solar-infantil-como-proteger-o-seu-pequeno\/","og_locale":"pt_BR","og_type":"article","og_title":"Guia da prote\u00e7\u00e3o solar infantil: como proteger o seu pequeno | Blog Bem Panvel","og_description":"Como sua pele \u00e9 mais sens\u00edvel, a crian\u00e7a precisa de cuidados especiais na prote\u00e7\u00e3o solar. Descubra qual tipo de protetor solar \u00e9 ideal para os pequenos.","og_url":"https:\/\/www.panvel.com\/blog\/dicas-de-saude\/guia-da-protecao-solar-infantil-como-proteger-o-seu-pequeno\/","og_site_name":"Blog Bem Panvel","article_published_time":"2021-12-21T12:09:29+00:00","article_modified_time":"2023-11-22T19:26:06+00:00","og_image":[{"width":724,"height":480,"url":"https:\/\/www.panvel.com\/blog\/wp-content\/uploads\/2021\/12\/Guia-da-protecao-solar-infantil-como-proteger-o-seu-pequeno.jpg","type":"image\/jpeg"}],"author":"Equipe Panvel","twitter_card":"summary_large_image","twitter_misc":{"Escrito por":"Equipe Panvel","Est. tempo de leitura":"5 minutos"},"schema":{"@context":"https:\/\/schema.org","@graph":[{"@type":"Article","@id":"https:\/\/www.panvel.com\/blog\/dicas-de-saude\/guia-da-protecao-solar-infantil-como-proteger-o-seu-pequeno\/#article","isPartOf":{"@id":"https:\/\/www.panvel.com\/blog\/dicas-de-saude\/guia-da-protecao-solar-infantil-como-proteger-o-seu-pequeno\/"},"author":{"name":"Equipe Panvel","@id":"https:\/\/www.panvel.com\/blog\/#\/schema\/person\/79f5c113f9621ed83897942f6e7501e3"},"headline":"Guia da prote\u00e7\u00e3o solar infantil: como proteger o seu pequeno","datePublished":"2021-12-21T12:09:29+00:00","dateModified":"2023-11-22T19:26:06+00:00","mainEntityOfPage":{"@id":"https:\/\/www.panvel.com\/blog\/dicas-de-saude\/guia-da-protecao-solar-infantil-como-proteger-o-seu-pequeno\/"},"wordCount":898,"commentCount":0,"publisher":{"@id":"https:\/\/www.panvel.com\/blog\/#organization"},"keywords":["Cuidados com a Pele","Cuidados na inf\u00e2ncia","Produtos Panvel","Prote\u00e7\u00e3o solar","Protetor solar infantil"],"articleSection":["Rotina de Sa\u00fade"],"inLanguage":"pt-BR","potentialAction":[{"@type":"CommentAction","name":"Comment","target":["https:\/\/www.panvel.com\/blog\/dicas-de-saude\/guia-da-protecao-solar-infantil-como-proteger-o-seu-pequeno\/#respond"]}]},{"@type":"WebPage","@id":"https:\/\/www.panvel.com\/blog\/dicas-de-saude\/guia-da-protecao-solar-infantil-como-proteger-o-seu-pequeno\/","url":"https:\/\/www.panvel.com\/blog\/dicas-de-saude\/guia-da-protecao-solar-infantil-como-proteger-o-seu-pequeno\/","name":"Guia da prote\u00e7\u00e3o solar infantil: como proteger o seu pequeno | Blog Bem Panvel","isPartOf":{"@id":"https:\/\/www.panvel.com\/blog\/#website"},"datePublished":"2021-12-21T12:09:29+00:00","dateModified":"2023-11-22T19:26:06+00:00","description":"Como sua pele \u00e9 mais sens\u00edvel, a crian\u00e7a precisa de cuidados especiais na prote\u00e7\u00e3o solar. Descubra qual tipo de protetor solar \u00e9 ideal para os pequenos.","breadcrumb":{"@id":"https:\/\/www.panvel.com\/blog\/dicas-de-saude\/guia-da-protecao-solar-infantil-como-proteger-o-seu-pequeno\/#breadcrumb"},"inLanguage":"pt-BR","potentialAction":[{"@type":"ReadAction","target":["https:\/\/www.panvel.com\/blog\/dicas-de-saude\/guia-da-protecao-solar-infantil-como-proteger-o-seu-pequeno\/"]}]},{"@type":"BreadcrumbList","@id":"https:\/\/www.panvel.com\/blog\/dicas-de-saude\/guia-da-protecao-solar-infantil-como-proteger-o-seu-pequeno\/#breadcrumb","itemListElement":[{"@type":"ListItem","position":1,"name":"Home","item":"https:\/\/www.panvel.com\/blog\/"},{"@type":"ListItem","position":2,"name":"Rotina de Sa\u00fade","item":"https:\/\/www.panvel.com\/blog\/dicas-de-saude\/"},{"@type":"ListItem","position":3,"name":"Guia da prote\u00e7\u00e3o solar infantil: como proteger o seu pequeno"}]},{"@type":"WebSite","@id":"https:\/\/www.panvel.com\/blog\/#website","url":"https:\/\/www.panvel.com\/blog\/","name":"Blog Bem Panvel","description":"Aqui voc\u00ea encontra conte\u00fados e dicas de sa\u00fade, beleza, bem-estar e muito mais.","publisher":{"@id":"https:\/\/www.panvel.com\/blog\/#organization"},"potentialAction":[{"@type":"SearchAction","target":{"@type":"EntryPoint","urlTemplate":"https:\/\/www.panvel.com\/blog\/?s={search_term_string}"},"query-input":"required name=search_term_string"}],"inLanguage":"pt-BR"},{"@type":"Organization","@id":"https:\/\/www.panvel.com\/blog\/#organization","name":"Panvel Farm\u00e1cias","url":"https:\/\/www.panvel.com\/blog\/","logo":{"@type":"ImageObject","inLanguage":"pt-BR","@id":"https:\/\/www.panvel.com\/blog\/#\/schema\/logo\/image\/","url":"https:\/\/www.panvel.com\/blog\/wp-content\/uploads\/2020\/10\/logo.png","contentUrl":"https:\/\/www.panvel.com\/blog\/wp-content\/uploads\/2020\/10\/logo.png","width":402,"height":53,"caption":"Panvel Farm\u00e1cias"},"image":{"@id":"https:\/\/www.panvel.com\/blog\/#\/schema\/logo\/image\/"}},{"@type":"Person","@id":"https:\/\/www.panvel.com\/blog\/#\/schema\/person\/79f5c113f9621ed83897942f6e7501e3","name":"Equipe Panvel","image":{"@type":"ImageObject","inLanguage":"pt-BR","@id":"https:\/\/www.panvel.com\/blog\/#\/schema\/person\/image\/","url":"https:\/\/www.panvel.com\/blog\/wp-content\/uploads\/2022\/09\/blog-panvel-1.jpg","contentUrl":"https:\/\/www.panvel.com\/blog\/wp-content\/uploads\/2022\/09\/blog-panvel-1.jpg","caption":"Equipe Panvel"},"description":"O Blog Bem Panvel conta com uma equipe formada por especialistas e traz para seus leitores conte\u00fados relevantes e de qualidade sobre sa\u00fade, beleza e bem-estar.","url":"https:\/\/www.panvel.com\/blog\/author\/dimedmkt\/"}]}},"_links":{"self":[{"href":"https:\/\/www.panvel.com\/blog\/wp-json\/wp\/v2\/posts\/3935"}],"collection":[{"href":"https:\/\/www.panvel.com\/blog\/wp-json\/wp\/v2\/posts"}],"about":[{"href":"https:\/\/www.panvel.com\/blog\/wp-json\/wp\/v2\/types\/post"}],"author":[{"embeddable":true,"href":"https:\/\/www.panvel.com\/blog\/wp-json\/wp\/v2\/users\/3"}],"replies":[{"embeddable":true,"href":"https:\/\/www.panvel.com\/blog\/wp-json\/wp\/v2\/comments?post=3935"}],"version-history":[{"count":1,"href":"https:\/\/www.panvel.com\/blog\/wp-json\/wp\/v2\/posts\/3935\/revisions"}],"predecessor-version":[{"id":3937,"href":"https:\/\/www.panvel.com\/blog\/wp-json\/wp\/v2\/posts\/3935\/revisions\/3937"}],"wp:featuredmedia":[{"embeddable":true,"href":"https:\/\/www.panvel.com\/blog\/wp-json\/wp\/v2\/media\/3936"}],"wp:attachment":[{"href":"https:\/\/www.panvel.com\/blog\/wp-json\/wp\/v2\/media?parent=3935"}],"wp:term":[{"taxonomy":"category","embeddable":true,"href":"https:\/\/www.panvel.com\/blog\/wp-json\/wp\/v2\/categories?post=3935"},{"taxonomy":"post_tag","embeddable":true,"href":"https:\/\/www.panvel.com\/blog\/wp-json\/wp\/v2\/tags?post=3935"},{"taxonomy":"sponsor","embeddable":true,"href":"https:\/\/www.panvel.com\/blog\/wp-json\/wp\/v2\/sponsor?post=3935"}],"curies":[{"name":"wp","href":"https:\/\/api.w.org\/{rel}","templated":true}]}}