{"id":3758,"date":"2021-11-11T18:16:23","date_gmt":"2021-11-11T21:16:23","guid":{"rendered":"\/blog\/?p=3758"},"modified":"2026-02-06T14:48:58","modified_gmt":"2026-02-06T17:48:58","slug":"fobia-social-entenda-o-que-e-e-quando-e-hora-de-buscar-ajuda","status":"publish","type":"post","link":"https:\/\/www.panvel.com\/blog\/dicas-de-saude\/fobia-social-entenda-o-que-e-e-quando-e-hora-de-buscar-ajuda\/","title":{"rendered":"Fobia social: entenda o que \u00e9 e quando \u00e9 hora de buscar ajuda"},"content":{"rendered":"\n<p>Sentir medo ou timidez em determinadas situa\u00e7\u00f5es \u00e9 uma caracter\u00edstica normal de todo o ser humano. No entanto, quando esses sentimentos passam a interferir na vida de uma pessoa, \u00e9 preciso ter mais cuidado. Medo ou <a href=\"\/blog\/dicas-de-saude\/como-controlar-a-ansiedade-na-pandemia-confira-7-dicas\/\" target=\"_blank\" rel=\"noreferrer noopener\">ansiedade<\/a> excessivos em situa\u00e7\u00f5es de exposi\u00e7\u00e3o social, como&nbsp; temer muito ser julgado de forma negativa pelas pessoas ao redor, s\u00e3o sintomas de <strong>fobia social<\/strong> - tamb\u00e9m conhecida por <strong>transtorno de ansiedade social.<\/strong><\/p>\n\n\n\n<p>Indiv\u00edduos acometidos por esse transtorno geralmente sentem dificuldades em manter intera\u00e7\u00f5es sociais, como iniciar uma conversa, encontrar um grupo de pessoas, ser observado ao comer e beber e administrar uma palestra ou aula. Esses tipos de intera\u00e7\u00f5es, que podem parecer muito comuns do nosso cotidiano, s\u00e3o enfrentadas com muito sofrimento por pessoas que t\u00eam<strong> fobia social<\/strong>, causando grandes impactos na vida afetiva, acad\u00eamica e profissional desses indiv\u00edduos.&nbsp;<\/p>\n\n\n\n<p>De acordo com psic\u00f3loga Maisa dos Santos Rigoni, professora do Curso de Gradua\u00e7\u00e3o em Psicologia da Pontif\u00edcia Universidade Cat\u00f3lica do Rio Grande do Sul (PUCRS), um portador do transtorno pode, por exemplo, perder emprego, amizades, se afastar de familiares e evitar fazer atividades que impliquem contato com outras pessoas. \u201cEsse transtorno acaba tornando as pessoas mais vulner\u00e1veis, inseguras, que frente a situa\u00e7\u00f5es sociais e\/ou escolares, por exemplo, sentem como desagrad\u00e1veis e isso faz com que queiram evit\u00e1-las a todo custo\u201d.<\/p>\n\n\n\n<p>Ela explica que a <strong>ansiedade social<\/strong> n\u00e3o \u00e9 uma condi\u00e7\u00e3o eventual, visto que \u00e9 uma problema que est\u00e1 muito presente na vida da pessoa, no m\u00ednimo h\u00e1 seis meses. \u201cCausa sofrimento significativo na vida do sujeito, afetando a parte profissional, social e em \u00e1reas importantes da vida da pessoa. Ela vai restringindo cada vez mais seus contatos e oportunidades\u201d. <\/p>\n\n\n\n<p><\/p>\n\n\n\n<h2 class=\"wp-block-heading\">Causas<\/h2>\n\n\n\n<p>A<strong> fobia social<\/strong> pode come\u00e7ar na inf\u00e2ncia e estender-se para a vida adulta. Segundo a Maisa, h\u00e1 anos a fobia social \u00e9 apontada como um dos <strong>transtornos mais comuns na inf\u00e2ncia<\/strong>. Ela explica que esse transtorno, muitas vezes, pode estar relacionado a uma viv\u00eancia negativa e intensa do passado, como uma situa\u00e7\u00e3o de exposi\u00e7\u00e3o, humilha\u00e7\u00e3o e constrangimento intenso. Al\u00e9m disso, pessoas que s\u00e3o muito t\u00edmidas, que ficam nervosas ou ansiosas com mais facilidade, podem ter uma propens\u00e3o maior \u00e0 fobia social. O bullying \u00e9 outro fator que pode causar ansiedade social.<\/p>\n\n\n\n<p>Por isso, conseguir detectar sinais e sintomas j\u00e1 na inf\u00e2ncia \u00e9 fundamental para obter um tratamento precoce e adequado. \u201cO importante \u00e9 quando a pessoa perceber o menor sinal de que est\u00e1 ficando receosa perante o contato com os demais, ela deve <strong>procurar ajuda de um profissional<\/strong> que est\u00e1 habilitado a avaliar e trabalhar estas quest\u00f5es\u201d.<\/p>\n\n\n\n<p><\/p>\n\n\n\n<h2 class=\"wp-block-heading\">Principais sintomas<\/h2>\n\n\n\n<p>Primeiro, \u00e9 preciso entender e diferenciar o medo, que \u00e9 um mecanismo de defesa e sobreviv\u00eancia natural do ser humano, da fobia. De acordo com a psic\u00f3loga, o medo precisa estar calibrado para nos auxiliar em determinadas situa\u00e7\u00f5es.<\/p>\n\n\n\n<p>O medo \u00e9 aquele sentimento que prepara nosso corpo para situa\u00e7\u00f5es que demandam perigo, como . \u201cSe o medo for excessivo, desproporcional, ele pode nos paralisar. A\u00ed j\u00e1 estamos falando da fobia, que \u00e9 um medo espec\u00edfico e intenso, muitas vezes irracional, que paralisa\u201d, esclarece.<\/p>\n\n\n\n<p>Quando o portador de <strong>fobia social<\/strong> passa por situa\u00e7\u00f5es que demandam intera\u00e7\u00e3o com outros indiv\u00edduos, ele pode apresentar sintomas como medo de ser ridicularizado e julgado de forma negativa. Al\u00e9m disso, tamb\u00e9m podem ocorrer sinais e sintomas caracter\u00edsticos de ansiedade intensa, como:<\/p>\n\n\n\n<ul>\n<li>tontura;<\/li>\n\n\n\n<li>tremedeira;<\/li>\n\n\n\n<li>n\u00e1usea;<\/li>\n\n\n\n<li>transpira\u00e7\u00e3o excessiva;<\/li>\n\n\n\n<li>aumento do ritmo card\u00edaco;<\/li>\n\n\n\n<li>dificuldade para respirar e falar;<\/li>\n\n\n\n<li>problemas estomacais.<\/li>\n<\/ul>\n\n\n\n<p>\u201cCada sujeito pode apresentar sinais diferentes. Quanto mais intenso for o medo e a ansiedade, mais a pessoa vai apresentar sintomas (...) Em geral, a pessoa evita as situa\u00e7\u00f5es sociais, e, quando n\u00e3o consegue evitar, ela suporta com muito sofrimento\u201d, aponta Maisa.<\/p>\n\n\n\n<p>Nas <strong>crian\u00e7as<\/strong>, os sintomas mais percept\u00edveis s\u00e3o o&nbsp; inc\u00f4modo, o medo de intera\u00e7\u00e3o e contato com outras pessoas, desencadeando crises de choro e de raiva.<\/p>\n\n\n\n<p><\/p>\n\n\n\n<h2 class=\"wp-block-heading\">Buscando ajuda<\/h2>\n\n\n\n<p>O tratamento para a fobia social, assim como qualquer outra condi\u00e7\u00e3o que leve a sofrimento ps\u00edquico, requer a ajuda de um profissional. No caso da <strong>ansiedade social<\/strong>, a psic\u00f3loga enfatiza que quando o portador come\u00e7a a restringir sua vida, como seus relacionamentos, se afastando dos familiares e amigos, \u00e9 indicativo de que o aux\u00edlio de um profissional torna-se necess\u00e1rio. Em determinados casos, no entanto, o indiv\u00edduo pode n\u00e3o conseguir buscar ajuda sozinho, sendo necess\u00e1rio o suporte de pessoas pr\u00f3ximas, salienta a profissional.<\/p>\n\n\n\n<p>A psicoterapia \u00e9 o principal meio de auxiliar as pessoas. Com a ajuda de um profissional habilitado, o objetivo \u00e9 fazer com que o paciente reconhe\u00e7a a exist\u00eancia e a origem dos pensamentos negativos que o cercam, do medo de ser julgado. \u201cNa psicoterapia, a pessoa vai precisar entender a exist\u00eancia, a origem desses pensamentos negativos que ela tem, e aprender a lidar com isso, principalmente perceber que ela n\u00e3o est\u00e1 sendo julgada o tempo todo, que a ansiedade e o medo fazem parte, e podem ser enfrentados\u201d, destaca Maisa.<\/p>\n\n\n\n<p>Al\u00e9m disso, para alguns pacientes, o tratamento psicoter\u00e1pico pode ser combinado com o uso de medicamentos psicof\u00e1rmacos. Cabe ressaltar que a indica\u00e7\u00e3o de medicamentos deve ser sempre prescrita por um profissional.<\/p>\n\n\n\n<p>A psic\u00f3loga refor\u00e7a que somente a medica\u00e7\u00e3o n\u00e3o ir\u00e1 resolver o problema. \u201cA medica\u00e7\u00e3o vai diminuir os sintomas, mas n\u00e3o vai tratar a causa da ansiedade social. As duas coisas precisam estar alinhadas para que a pessoa consiga resolver a situa\u00e7\u00e3o e ter qualidade de vida, ter uma vida social saud\u00e1vel\u201d.<br><br>A Panvel em parceria com a Vittude, oferece o servi\u00e7o de&nbsp;<a href=\"https:\/\/www.panvel.com\/panvel\/panvelClinic.do\" target=\"_blank\" rel=\"noreferrer noopener\">terapia online<\/a>. Voc\u00ea tem acesso a psic\u00f3logos das mais diversas abordagens em todo o pa\u00eds, para falar o que sente e se permitir ser cuidado. <\/p>\n\n\n\n<p>Fonte: <a href=\"https:\/\/inforhealth.com.br\/\" target=\"_blank\" rel=\"noreferrer noopener\">Infohealth<\/a><\/p>\n","protected":false},"excerpt":{"rendered":"<p>Transtorno que pode causar impactos negativos na vida social, profissional e afetiva de uma pessoa<\/p>\n","protected":false},"author":3,"featured_media":3759,"comment_status":"open","ping_status":"closed","sticky":false,"template":"","format":"standard","meta":[],"categories":[5],"tags":[179,241,80,30],"sponsor":[],"acf":[],"yoast_head":"<!-- This site is optimized with the Yoast SEO plugin v20.7 - https:\/\/yoast.com\/wordpress\/plugins\/seo\/ -->\n<title>Fobia social: entenda o que \u00e9 e quando \u00e9 hora de buscar ajuda | Blog Bem Panvel<\/title>\n<meta name=\"description\" content=\"Transtorno que pode causar impactos negativos na vida social, profissional e afetiva de uma pessoa. Conhe\u00e7a mais acessando nosso conte\u00fado.\" \/>\n<meta name=\"robots\" content=\"index, follow, max-snippet:-1, max-image-preview:large, max-video-preview:-1\" \/>\n<link rel=\"canonical\" href=\"https:\/\/www.panvel.com\/blog\/dicas-de-saude\/fobia-social-entenda-o-que-e-e-quando-e-hora-de-buscar-ajuda\/\" \/>\n<meta property=\"og:locale\" content=\"pt_BR\" \/>\n<meta property=\"og:type\" content=\"article\" \/>\n<meta property=\"og:title\" content=\"Fobia social: entenda o que \u00e9 e quando \u00e9 hora de buscar ajuda | Blog Bem Panvel\" \/>\n<meta property=\"og:description\" content=\"Transtorno que pode causar impactos negativos na vida social, profissional e afetiva de uma pessoa. Conhe\u00e7a mais acessando nosso conte\u00fado.\" \/>\n<meta property=\"og:url\" content=\"https:\/\/www.panvel.com\/blog\/dicas-de-saude\/fobia-social-entenda-o-que-e-e-quando-e-hora-de-buscar-ajuda\/\" \/>\n<meta property=\"og:site_name\" content=\"Blog Bem Panvel\" \/>\n<meta property=\"article:published_time\" content=\"2021-11-11T21:16:23+00:00\" \/>\n<meta property=\"article:modified_time\" content=\"2026-02-06T17:48:58+00:00\" \/>\n<meta property=\"og:image\" content=\"https:\/\/www.panvel.com\/blog\/wp-content\/uploads\/2021\/11\/Fobia-Social.jpg\" \/>\n\t<meta property=\"og:image:width\" content=\"724\" \/>\n\t<meta property=\"og:image:height\" content=\"422\" \/>\n\t<meta property=\"og:image:type\" content=\"image\/jpeg\" \/>\n<meta name=\"author\" content=\"Equipe Panvel\" \/>\n<meta name=\"twitter:card\" content=\"summary_large_image\" \/>\n<meta name=\"twitter:label1\" content=\"Escrito por\" \/>\n\t<meta name=\"twitter:data1\" content=\"Equipe Panvel\" \/>\n\t<meta name=\"twitter:label2\" content=\"Est. tempo de leitura\" \/>\n\t<meta name=\"twitter:data2\" content=\"6 minutos\" \/>\n<script type=\"application\/ld+json\" class=\"yoast-schema-graph\">{\"@context\":\"https:\/\/schema.org\",\"@graph\":[{\"@type\":\"Article\",\"@id\":\"https:\/\/www.panvel.com\/blog\/dicas-de-saude\/fobia-social-entenda-o-que-e-e-quando-e-hora-de-buscar-ajuda\/#article\",\"isPartOf\":{\"@id\":\"https:\/\/www.panvel.com\/blog\/dicas-de-saude\/fobia-social-entenda-o-que-e-e-quando-e-hora-de-buscar-ajuda\/\"},\"author\":{\"name\":\"Equipe Panvel\",\"@id\":\"https:\/\/www.panvel.com\/blog\/#\/schema\/person\/79f5c113f9621ed83897942f6e7501e3\"},\"headline\":\"Fobia social: entenda o que \u00e9 e quando \u00e9 hora de buscar ajuda\",\"datePublished\":\"2021-11-11T21:16:23+00:00\",\"dateModified\":\"2026-02-06T17:48:58+00:00\",\"mainEntityOfPage\":{\"@id\":\"https:\/\/www.panvel.com\/blog\/dicas-de-saude\/fobia-social-entenda-o-que-e-e-quando-e-hora-de-buscar-ajuda\/\"},\"wordCount\":1011,\"commentCount\":0,\"publisher\":{\"@id\":\"https:\/\/www.panvel.com\/blog\/#organization\"},\"keywords\":[\"Cuidados com a sa\u00fade\",\"Fobia Social\",\"Panvel Clinic\",\"Sa\u00fade Mental\"],\"articleSection\":[\"Rotina de Sa\u00fade\"],\"inLanguage\":\"pt-BR\",\"potentialAction\":[{\"@type\":\"CommentAction\",\"name\":\"Comment\",\"target\":[\"https:\/\/www.panvel.com\/blog\/dicas-de-saude\/fobia-social-entenda-o-que-e-e-quando-e-hora-de-buscar-ajuda\/#respond\"]}]},{\"@type\":\"WebPage\",\"@id\":\"https:\/\/www.panvel.com\/blog\/dicas-de-saude\/fobia-social-entenda-o-que-e-e-quando-e-hora-de-buscar-ajuda\/\",\"url\":\"https:\/\/www.panvel.com\/blog\/dicas-de-saude\/fobia-social-entenda-o-que-e-e-quando-e-hora-de-buscar-ajuda\/\",\"name\":\"Fobia social: entenda o que \u00e9 e quando \u00e9 hora de buscar ajuda | Blog Bem Panvel\",\"isPartOf\":{\"@id\":\"https:\/\/www.panvel.com\/blog\/#website\"},\"datePublished\":\"2021-11-11T21:16:23+00:00\",\"dateModified\":\"2026-02-06T17:48:58+00:00\",\"description\":\"Transtorno que pode causar impactos negativos na vida social, profissional e afetiva de uma pessoa. Conhe\u00e7a mais acessando nosso conte\u00fado.\",\"breadcrumb\":{\"@id\":\"https:\/\/www.panvel.com\/blog\/dicas-de-saude\/fobia-social-entenda-o-que-e-e-quando-e-hora-de-buscar-ajuda\/#breadcrumb\"},\"inLanguage\":\"pt-BR\",\"potentialAction\":[{\"@type\":\"ReadAction\",\"target\":[\"https:\/\/www.panvel.com\/blog\/dicas-de-saude\/fobia-social-entenda-o-que-e-e-quando-e-hora-de-buscar-ajuda\/\"]}]},{\"@type\":\"BreadcrumbList\",\"@id\":\"https:\/\/www.panvel.com\/blog\/dicas-de-saude\/fobia-social-entenda-o-que-e-e-quando-e-hora-de-buscar-ajuda\/#breadcrumb\",\"itemListElement\":[{\"@type\":\"ListItem\",\"position\":1,\"name\":\"Home\",\"item\":\"https:\/\/www.panvel.com\/blog\/\"},{\"@type\":\"ListItem\",\"position\":2,\"name\":\"Rotina de Sa\u00fade\",\"item\":\"https:\/\/www.panvel.com\/blog\/dicas-de-saude\/\"},{\"@type\":\"ListItem\",\"position\":3,\"name\":\"Fobia social: entenda o que \u00e9 e quando \u00e9 hora de buscar ajuda\"}]},{\"@type\":\"WebSite\",\"@id\":\"https:\/\/www.panvel.com\/blog\/#website\",\"url\":\"https:\/\/www.panvel.com\/blog\/\",\"name\":\"Blog Bem Panvel\",\"description\":\"Aqui voc\u00ea encontra conte\u00fados e dicas de sa\u00fade, beleza, bem-estar e muito mais.\",\"publisher\":{\"@id\":\"https:\/\/www.panvel.com\/blog\/#organization\"},\"potentialAction\":[{\"@type\":\"SearchAction\",\"target\":{\"@type\":\"EntryPoint\",\"urlTemplate\":\"https:\/\/www.panvel.com\/blog\/?s={search_term_string}\"},\"query-input\":\"required name=search_term_string\"}],\"inLanguage\":\"pt-BR\"},{\"@type\":\"Organization\",\"@id\":\"https:\/\/www.panvel.com\/blog\/#organization\",\"name\":\"Panvel Farm\u00e1cias\",\"url\":\"https:\/\/www.panvel.com\/blog\/\",\"logo\":{\"@type\":\"ImageObject\",\"inLanguage\":\"pt-BR\",\"@id\":\"https:\/\/www.panvel.com\/blog\/#\/schema\/logo\/image\/\",\"url\":\"https:\/\/www.panvel.com\/blog\/wp-content\/uploads\/2020\/10\/logo.png\",\"contentUrl\":\"https:\/\/www.panvel.com\/blog\/wp-content\/uploads\/2020\/10\/logo.png\",\"width\":402,\"height\":53,\"caption\":\"Panvel Farm\u00e1cias\"},\"image\":{\"@id\":\"https:\/\/www.panvel.com\/blog\/#\/schema\/logo\/image\/\"}},{\"@type\":\"Person\",\"@id\":\"https:\/\/www.panvel.com\/blog\/#\/schema\/person\/79f5c113f9621ed83897942f6e7501e3\",\"name\":\"Equipe Panvel\",\"image\":{\"@type\":\"ImageObject\",\"inLanguage\":\"pt-BR\",\"@id\":\"https:\/\/www.panvel.com\/blog\/#\/schema\/person\/image\/\",\"url\":\"https:\/\/www.panvel.com\/blog\/wp-content\/uploads\/2022\/09\/blog-panvel-1.jpg\",\"contentUrl\":\"https:\/\/www.panvel.com\/blog\/wp-content\/uploads\/2022\/09\/blog-panvel-1.jpg\",\"caption\":\"Equipe Panvel\"},\"description\":\"O Blog Bem Panvel conta com uma equipe formada por especialistas e traz para seus leitores conte\u00fados relevantes e de qualidade sobre sa\u00fade, beleza e bem-estar.\",\"url\":\"https:\/\/www.panvel.com\/blog\/author\/dimedmkt\/\"}]}<\/script>\n<!-- \/ Yoast SEO plugin. -->","yoast_head_json":{"title":"Fobia social: entenda o que \u00e9 e quando \u00e9 hora de buscar ajuda | Blog Bem Panvel","description":"Transtorno que pode causar impactos negativos na vida social, profissional e afetiva de uma pessoa. Conhe\u00e7a mais acessando nosso conte\u00fado.","robots":{"index":"index","follow":"follow","max-snippet":"max-snippet:-1","max-image-preview":"max-image-preview:large","max-video-preview":"max-video-preview:-1"},"canonical":"https:\/\/www.panvel.com\/blog\/dicas-de-saude\/fobia-social-entenda-o-que-e-e-quando-e-hora-de-buscar-ajuda\/","og_locale":"pt_BR","og_type":"article","og_title":"Fobia social: entenda o que \u00e9 e quando \u00e9 hora de buscar ajuda | Blog Bem Panvel","og_description":"Transtorno que pode causar impactos negativos na vida social, profissional e afetiva de uma pessoa. Conhe\u00e7a mais acessando nosso conte\u00fado.","og_url":"https:\/\/www.panvel.com\/blog\/dicas-de-saude\/fobia-social-entenda-o-que-e-e-quando-e-hora-de-buscar-ajuda\/","og_site_name":"Blog Bem Panvel","article_published_time":"2021-11-11T21:16:23+00:00","article_modified_time":"2026-02-06T17:48:58+00:00","og_image":[{"width":724,"height":422,"url":"https:\/\/www.panvel.com\/blog\/wp-content\/uploads\/2021\/11\/Fobia-Social.jpg","type":"image\/jpeg"}],"author":"Equipe Panvel","twitter_card":"summary_large_image","twitter_misc":{"Escrito por":"Equipe Panvel","Est. tempo de leitura":"6 minutos"},"schema":{"@context":"https:\/\/schema.org","@graph":[{"@type":"Article","@id":"https:\/\/www.panvel.com\/blog\/dicas-de-saude\/fobia-social-entenda-o-que-e-e-quando-e-hora-de-buscar-ajuda\/#article","isPartOf":{"@id":"https:\/\/www.panvel.com\/blog\/dicas-de-saude\/fobia-social-entenda-o-que-e-e-quando-e-hora-de-buscar-ajuda\/"},"author":{"name":"Equipe Panvel","@id":"https:\/\/www.panvel.com\/blog\/#\/schema\/person\/79f5c113f9621ed83897942f6e7501e3"},"headline":"Fobia social: entenda o que \u00e9 e quando \u00e9 hora de buscar ajuda","datePublished":"2021-11-11T21:16:23+00:00","dateModified":"2026-02-06T17:48:58+00:00","mainEntityOfPage":{"@id":"https:\/\/www.panvel.com\/blog\/dicas-de-saude\/fobia-social-entenda-o-que-e-e-quando-e-hora-de-buscar-ajuda\/"},"wordCount":1011,"commentCount":0,"publisher":{"@id":"https:\/\/www.panvel.com\/blog\/#organization"},"keywords":["Cuidados com a sa\u00fade","Fobia Social","Panvel Clinic","Sa\u00fade Mental"],"articleSection":["Rotina de Sa\u00fade"],"inLanguage":"pt-BR","potentialAction":[{"@type":"CommentAction","name":"Comment","target":["https:\/\/www.panvel.com\/blog\/dicas-de-saude\/fobia-social-entenda-o-que-e-e-quando-e-hora-de-buscar-ajuda\/#respond"]}]},{"@type":"WebPage","@id":"https:\/\/www.panvel.com\/blog\/dicas-de-saude\/fobia-social-entenda-o-que-e-e-quando-e-hora-de-buscar-ajuda\/","url":"https:\/\/www.panvel.com\/blog\/dicas-de-saude\/fobia-social-entenda-o-que-e-e-quando-e-hora-de-buscar-ajuda\/","name":"Fobia social: entenda o que \u00e9 e quando \u00e9 hora de buscar ajuda | Blog Bem Panvel","isPartOf":{"@id":"https:\/\/www.panvel.com\/blog\/#website"},"datePublished":"2021-11-11T21:16:23+00:00","dateModified":"2026-02-06T17:48:58+00:00","description":"Transtorno que pode causar impactos negativos na vida social, profissional e afetiva de uma pessoa. Conhe\u00e7a mais acessando nosso conte\u00fado.","breadcrumb":{"@id":"https:\/\/www.panvel.com\/blog\/dicas-de-saude\/fobia-social-entenda-o-que-e-e-quando-e-hora-de-buscar-ajuda\/#breadcrumb"},"inLanguage":"pt-BR","potentialAction":[{"@type":"ReadAction","target":["https:\/\/www.panvel.com\/blog\/dicas-de-saude\/fobia-social-entenda-o-que-e-e-quando-e-hora-de-buscar-ajuda\/"]}]},{"@type":"BreadcrumbList","@id":"https:\/\/www.panvel.com\/blog\/dicas-de-saude\/fobia-social-entenda-o-que-e-e-quando-e-hora-de-buscar-ajuda\/#breadcrumb","itemListElement":[{"@type":"ListItem","position":1,"name":"Home","item":"https:\/\/www.panvel.com\/blog\/"},{"@type":"ListItem","position":2,"name":"Rotina de Sa\u00fade","item":"https:\/\/www.panvel.com\/blog\/dicas-de-saude\/"},{"@type":"ListItem","position":3,"name":"Fobia social: entenda o que \u00e9 e quando \u00e9 hora de buscar ajuda"}]},{"@type":"WebSite","@id":"https:\/\/www.panvel.com\/blog\/#website","url":"https:\/\/www.panvel.com\/blog\/","name":"Blog Bem Panvel","description":"Aqui voc\u00ea encontra conte\u00fados e dicas de sa\u00fade, beleza, bem-estar e muito mais.","publisher":{"@id":"https:\/\/www.panvel.com\/blog\/#organization"},"potentialAction":[{"@type":"SearchAction","target":{"@type":"EntryPoint","urlTemplate":"https:\/\/www.panvel.com\/blog\/?s={search_term_string}"},"query-input":"required name=search_term_string"}],"inLanguage":"pt-BR"},{"@type":"Organization","@id":"https:\/\/www.panvel.com\/blog\/#organization","name":"Panvel Farm\u00e1cias","url":"https:\/\/www.panvel.com\/blog\/","logo":{"@type":"ImageObject","inLanguage":"pt-BR","@id":"https:\/\/www.panvel.com\/blog\/#\/schema\/logo\/image\/","url":"https:\/\/www.panvel.com\/blog\/wp-content\/uploads\/2020\/10\/logo.png","contentUrl":"https:\/\/www.panvel.com\/blog\/wp-content\/uploads\/2020\/10\/logo.png","width":402,"height":53,"caption":"Panvel Farm\u00e1cias"},"image":{"@id":"https:\/\/www.panvel.com\/blog\/#\/schema\/logo\/image\/"}},{"@type":"Person","@id":"https:\/\/www.panvel.com\/blog\/#\/schema\/person\/79f5c113f9621ed83897942f6e7501e3","name":"Equipe Panvel","image":{"@type":"ImageObject","inLanguage":"pt-BR","@id":"https:\/\/www.panvel.com\/blog\/#\/schema\/person\/image\/","url":"https:\/\/www.panvel.com\/blog\/wp-content\/uploads\/2022\/09\/blog-panvel-1.jpg","contentUrl":"https:\/\/www.panvel.com\/blog\/wp-content\/uploads\/2022\/09\/blog-panvel-1.jpg","caption":"Equipe Panvel"},"description":"O Blog Bem Panvel conta com uma equipe formada por especialistas e traz para seus leitores conte\u00fados relevantes e de qualidade sobre sa\u00fade, beleza e bem-estar.","url":"https:\/\/www.panvel.com\/blog\/author\/dimedmkt\/"}]}},"_links":{"self":[{"href":"https:\/\/www.panvel.com\/blog\/wp-json\/wp\/v2\/posts\/3758"}],"collection":[{"href":"https:\/\/www.panvel.com\/blog\/wp-json\/wp\/v2\/posts"}],"about":[{"href":"https:\/\/www.panvel.com\/blog\/wp-json\/wp\/v2\/types\/post"}],"author":[{"embeddable":true,"href":"https:\/\/www.panvel.com\/blog\/wp-json\/wp\/v2\/users\/3"}],"replies":[{"embeddable":true,"href":"https:\/\/www.panvel.com\/blog\/wp-json\/wp\/v2\/comments?post=3758"}],"version-history":[{"count":2,"href":"https:\/\/www.panvel.com\/blog\/wp-json\/wp\/v2\/posts\/3758\/revisions"}],"predecessor-version":[{"id":10671,"href":"https:\/\/www.panvel.com\/blog\/wp-json\/wp\/v2\/posts\/3758\/revisions\/10671"}],"wp:featuredmedia":[{"embeddable":true,"href":"https:\/\/www.panvel.com\/blog\/wp-json\/wp\/v2\/media\/3759"}],"wp:attachment":[{"href":"https:\/\/www.panvel.com\/blog\/wp-json\/wp\/v2\/media?parent=3758"}],"wp:term":[{"taxonomy":"category","embeddable":true,"href":"https:\/\/www.panvel.com\/blog\/wp-json\/wp\/v2\/categories?post=3758"},{"taxonomy":"post_tag","embeddable":true,"href":"https:\/\/www.panvel.com\/blog\/wp-json\/wp\/v2\/tags?post=3758"},{"taxonomy":"sponsor","embeddable":true,"href":"https:\/\/www.panvel.com\/blog\/wp-json\/wp\/v2\/sponsor?post=3758"}],"curies":[{"name":"wp","href":"https:\/\/api.w.org\/{rel}","templated":true}]}}