{"id":3497,"date":"2021-09-10T18:48:49","date_gmt":"2021-09-10T21:48:49","guid":{"rendered":"\/blog\/?p=3497"},"modified":"2026-02-06T15:42:39","modified_gmt":"2026-02-06T18:42:39","slug":"setembro-amarelo-falar-sobre-suicidio-e-preciso","status":"publish","type":"post","link":"https:\/\/www.panvel.com\/blog\/dicas-de-saude\/setembro-amarelo-falar-sobre-suicidio-e-preciso\/","title":{"rendered":"Setembro Amarelo: falar sobre suic\u00eddio \u00e9 preciso"},"content":{"rendered":"\n<p>Pouco se fala sobre suic\u00eddio, mas ele continua sendo uma das principais causas de morte em todo o mundo, revelam estimativas recentes da <a href=\"https:\/\/www.who.int\/publications\/i\/item\/9789240026643\" target=\"_blank\" rel=\"noreferrer noopener\">Organiza\u00e7\u00e3o Mundial da Sa\u00fade (OMS)<\/a>. Em 2019, segundo a OMS, mais de 700 mil pessoas morreram em decorr\u00eancia de suic\u00eddio, o que representa uma em cada 100 mortes. A organiza\u00e7\u00e3o afirma que, todos os anos, mais pessoas morrem como resultado de suic\u00eddio do que HIV ou homic\u00eddio, por exemplo. No Brasil, de acordo com a <a href=\"https:\/\/www.abp.org.br\/\" target=\"_blank\" rel=\"noreferrer noopener\">Associa\u00e7\u00e3o Brasileira de Psiquiatria<\/a> (ABP), os casos de suic\u00eddio passam de 13 mil ao ano, podendo ser bem maiores em decorr\u00eancia das subnotifica\u00e7\u00f5es. E, durante a pandemia de Covid-19, houve um maior agravamento dos transtornos mentais.<\/p>\n\n\n\n<p>Mas, apesar dos n\u00fameros alarmantes, por que ainda assim a palavra \u201csuic\u00eddio\u201d carrega um peso t\u00e3o dif\u00edcil de ser discutido pela sociedade? O tema, que trata-se de uma quest\u00e3o de <strong>sa\u00fade p\u00fablica<\/strong>, ainda \u00e9 tratado como <strong>um tabu<\/strong>, sofrendo com a falta de investimentos em estudos, campanhas e estrat\u00e9gias de preven\u00e7\u00e3o ao suic\u00eddio. E quando um assunto n\u00e3o \u00e9 amplamente discutido por todos, pouco se sabe e pouco se compreende sobre ele.<\/p>\n\n\n\n<p>\u201cPrecisamos trabalhar mais com a divulga\u00e7\u00e3o de servi\u00e7os gratuitos e com a aten\u00e7\u00e3o \u00e0 <a href=\"\/blog\/dicas-de-saude\/janeiro-branco-a-importancia-do-cuidado-com-a-saude-mental\/\" target=\"_blank\" rel=\"noreferrer noopener\">sa\u00fade mental<\/a>, que a pr\u00f3pria rede p\u00fablica n\u00e3o d\u00e1 a devida aten\u00e7\u00e3o\u201d, aponta a psic\u00f3loga cl\u00ednica Samantha Dubugras S\u00e1, doutora em psicologia, diretora interdisciplinar do <a href=\"https:\/\/www.institutoproteger.com.br\/\" target=\"_blank\" rel=\"noreferrer noopener\">Instituto Proteger<\/a> e professora do curso de Psicologia da Pontif\u00edcia Universidade Cat\u00f3lica do Rio Grande do Sul (PUCRS). Para ela, o assunto ainda \u00e9 um tabu por tudo que cerca o comportamento suicida e pelo medo que as pessoas t\u00eam de falar sobre. Por\u00e9m, segundo a psic\u00f3loga, falar \u00e9 a quest\u00e3o-chave.<\/p>\n\n\n\n<p>\u201cPoder falar sobre o suic\u00eddio \u00e9 justamente para poder psicoeducar a popula\u00e7\u00e3o em geral sobre como manejar a situa\u00e7\u00e3o. Ou seja, falar em suic\u00eddio n\u00e3o leva as pessoas a se matarem, pelo contr\u00e1rio, abre um espa\u00e7o de escuta para que as pessoas possam falar sobre pensamentos suicidas. \u00c9 trabalhar com preven\u00e7\u00e3o\u201d, afirma.<\/p>\n\n\n\n<p>No entanto, segundo a psic\u00f3loga, para acolher algu\u00e9m que est\u00e1 precisando de ajuda, \u00e9 preciso se atentar a <strong>quatro passos essenciais<\/strong>:<\/p>\n\n\n\n<p>1) \u00c9 preciso identificar e estar atento aos poss\u00edveis sinais que a pessoa possa dar;<\/p>\n\n\n\n<p>2) Avaliar a gravidade da situa\u00e7\u00e3o;<\/p>\n\n\n\n<p>3) Escutar, acolher sem julgamentos;<\/p>\n\n\n\n<p>4) Ajudar a pessoa a buscar um acompanhamento psicol\u00f3gico.<\/p>\n\n\n\n<figure class=\"wp-block-image size-large\"><img decoding=\"async\" loading=\"lazy\" width=\"1024\" height=\"681\" src=\"\/blog\/wp-content\/uploads\/2021\/09\/Setembro-Amarelo_ajuda-1024x681.jpg\" alt=\"\" class=\"wp-image-3501\" srcset=\"https:\/\/www.panvel.com\/blog\/wp-content\/uploads\/2021\/09\/Setembro-Amarelo_ajuda-1024x681.jpg 1024w, https:\/\/www.panvel.com\/blog\/wp-content\/uploads\/2021\/09\/Setembro-Amarelo_ajuda-300x200.jpg 300w, https:\/\/www.panvel.com\/blog\/wp-content\/uploads\/2021\/09\/Setembro-Amarelo_ajuda-768x511.jpg 768w, https:\/\/www.panvel.com\/blog\/wp-content\/uploads\/2021\/09\/Setembro-Amarelo_ajuda-1080x719.jpg 1080w, https:\/\/www.panvel.com\/blog\/wp-content\/uploads\/2021\/09\/Setembro-Amarelo_ajuda-980x652.jpg 980w, https:\/\/www.panvel.com\/blog\/wp-content\/uploads\/2021\/09\/Setembro-Amarelo_ajuda-480x319.jpg 480w, https:\/\/www.panvel.com\/blog\/wp-content\/uploads\/2021\/09\/Setembro-Amarelo_ajuda.jpg 1255w\" sizes=\"(max-width: 1024px) 100vw, 1024px\" \/><\/figure>\n\n\n\n<p><\/p>\n\n\n\n<h2 class=\"wp-block-heading\">Entender os sinais \u00e9 preciso<\/h2>\n\n\n\n<p>De acordo com Samantha, \u00e9 poss\u00edvel que os sinais sejam percebidos principalmente por pessoas mais pr\u00f3ximas, como familiares e amigos. Ela destaca que \u00e9 sempre importante estar atento a mudan\u00e7as de comportamento, atitudes e rotina, que n\u00e3o s\u00e3o habituais da pessoa e possam indicar que algo n\u00e3o vai bem, como isolamento, mudan\u00e7as de humor, frases como \u201cqueria estar morto\u201d e apatia.<\/p>\n\n\n\n<p>No entanto, <strong>nem sempre os sinais podem estar presentes<\/strong>. Por isso, al\u00e9m disso, a psic\u00f3loga ressalta que, por mais simples que pare\u00e7a, sempre perguntar como a pessoa est\u00e1 se sentindo pode ajudar a dar espa\u00e7o para que ela se abra e se sinta confort\u00e1vel para falar sobre seus sentimentos.<\/p>\n\n\n\n<p>\u201cAcho que o di\u00e1logo [com os filhos] \u00e9 muito importante, mas tamb\u00e9m \u00e9 algo a ser constru\u00eddo com os pais desde sempre. \u00c9 importante tamb\u00e9m entender e deixar claro, principalmente para as crian\u00e7as e os adolescentes que ainda est\u00e3o em forma\u00e7\u00e3o, que nem sempre vamos estar legais e est\u00e1 tudo bem. Faz parte ter dias mais tristes ou mais alegres\u201d.<\/p>\n\n\n\n<p>Ainda \u00e9 preciso saber diferenciar o sentimento de tristeza da depress\u00e3o. A tristeza, que \u00e9 um dos principais sintomas associados \u00e0 depress\u00e3o, segundo a psic\u00f3loga,&nbsp; compreende duas quest\u00f5es: <strong>a<\/strong> <strong>depress\u00e3o<\/strong> sem tristeza, onde vemos mais a apatia ou o vazio; e <strong>a tristeza<\/strong>, que \u00e9 um sentimento como a alegria e tantos outros.<\/p>\n\n\n\n<p>\u201cA tristeza tem nome, a depress\u00e3o n\u00e3o. Ou seja, a pessoa est\u00e1 chateada ou triste por algum motivo que ela sabe dizer. \u00c9 uma rea\u00e7\u00e3o a uma situa\u00e7\u00e3o que causa tristeza. \u00c9 como o luto, eu fico triste e choro porque eu perdi algu\u00e9m. Agora, a depress\u00e3o \u00e9 mais difusa, no sentido em que a pessoa se sente triste e n\u00e3o sabe dizer muito bem o porqu\u00ea. \u00c9 algo que vai se acumulando e ela pode ficar desanimada, sem vontade de fazer as coisas\u201d.<\/p>\n\n\n\n<p>Al\u00e9m do mais, Samantha explica que a depress\u00e3o abrange um conjunto de sintomas, que incluem altera\u00e7\u00f5es de sono e apetite, ganho ou perda de peso sem inten\u00e7\u00e3o e de forma acelerada, por exemplo. \u201cEm se tratar de depress\u00e3o, a pessoa n\u00e3o se deprime de um dia para o outro. \u00c9 um processo e por isso passa muitas vezes despercebido, porque como \u00e9 mais lento, os sintomas v\u00e3o surgindo, v\u00e3o se acumulando e daqui a pouco o des\u00e2nimo toma conta\u201d, alerta.<\/p>\n\n\n\n<p><\/p>\n\n\n\n<figure class=\"wp-block-image size-large\"><img decoding=\"async\" loading=\"lazy\" width=\"1024\" height=\"663\" src=\"\/blog\/wp-content\/uploads\/2021\/09\/Setembro-Amarelo_sinais-1024x663.jpg\" alt=\"Setembro Amarelo, sinais\" class=\"wp-image-3499\" srcset=\"https:\/\/www.panvel.com\/blog\/wp-content\/uploads\/2021\/09\/Setembro-Amarelo_sinais-1024x663.jpg 1024w, https:\/\/www.panvel.com\/blog\/wp-content\/uploads\/2021\/09\/Setembro-Amarelo_sinais-300x194.jpg 300w, https:\/\/www.panvel.com\/blog\/wp-content\/uploads\/2021\/09\/Setembro-Amarelo_sinais-768x498.jpg 768w, https:\/\/www.panvel.com\/blog\/wp-content\/uploads\/2021\/09\/Setembro-Amarelo_sinais-1080x700.jpg 1080w, https:\/\/www.panvel.com\/blog\/wp-content\/uploads\/2021\/09\/Setembro-Amarelo_sinais-980x635.jpg 980w, https:\/\/www.panvel.com\/blog\/wp-content\/uploads\/2021\/09\/Setembro-Amarelo_sinais-480x311.jpg 480w, https:\/\/www.panvel.com\/blog\/wp-content\/uploads\/2021\/09\/Setembro-Amarelo_sinais.jpg 1272w\" sizes=\"(max-width: 1024px) 100vw, 1024px\" \/><\/figure>\n\n\n\n<h2 class=\"wp-block-heading\">Fatores de risco<\/h2>\n\n\n\n<p>Na cartilha \u201c<a href=\"http:\/\/www.flip3d.com.br\/web\/pub\/cfm\/index9\/?numero=14\" target=\"_blank\" rel=\"noreferrer noopener\">Suic\u00eddio: informando para prevenir<\/a>\u201d, da Associa\u00e7\u00e3o Brasileira de Psiquiatria (ABP) e do Conselho Federal de Medicina (CFM), existem <strong>dois fatores de risco principais para o suic\u00eddio<\/strong>:<\/p>\n\n\n\n<ul>\n<li><strong>Tentativa pr\u00e9via de suic\u00eddio: <\/strong>este \u00e9 o fator preditivo isolado mais importante. Indiv\u00edduos que tentaram suic\u00eddio previamente t\u00eam de cinco a seis vezes mais chances de tentar suic\u00eddio novamente. Estima-se que 50% daqueles que se suicidaram j\u00e1 haviam tentado previamente.<\/li>\n\n\n\n<li><strong>Doen\u00e7a mental:<\/strong> quase todas as pessoas suicidas tinham uma doen\u00e7a mental, muitas vezes n\u00e3o diagnosticada, frequentemente n\u00e3o tratada ou n\u00e3o tratada de forma adequada.<\/li>\n<\/ul>\n\n\n\n<p>Os transtornos psiqui\u00e1tricos mais comuns incluem: depress\u00e3o, transtorno bipolar, alcoolismo e abuso\/depend\u00eancia de outras drogas e transtornos de personalidade e esquizofrenia. A cartilha aponta que pacientes com m\u00faltiplas comorbidades psiqui\u00e1tricas t\u00eam um risco aumentado, ou seja, quanto mais diagn\u00f3sticos, maior o risco.&nbsp; \u201cDepress\u00e3o, ansiedade e alcoolismo s\u00e3o tr\u00eas transtornos mentais muito relacionados ao comportamento suicida. A OMS estima que 97% das pessoas que cometeram suic\u00eddio tinham um transtorno mental\u201d, afirma a professora de psicologia da PUCRS.<\/p>\n\n\n\n<p>Ela ainda enfatiza que \u00e9 importante distinguir fatores que predisp\u00f5em, o que s\u00e3o fatores de risco para uma <strong>depress\u00e3o ou para um comportamento suicida<\/strong>, e os precipitadores, que s\u00e3o os gatilhos. Samantha explica que se uma pessoa j\u00e1 vinha em sofrimento, tentativas pr\u00e9vias, hist\u00f3rico familiar de depress\u00e3o, ideias de morte, e acontece alguma situa\u00e7\u00e3o mais impactante que a leva a cometer o ato, \u00e9 caracterizado como um fator precipitador.<\/p>\n\n\n\n<p>\u201cOs gatilhos todos n\u00f3s podemos vivenciar. Por exemplo, se uma pessoa vem relativamente bem, uma demiss\u00e3o n\u00e3o vai precipitar um ato suicida, porque ela n\u00e3o tem os fatores de risco\u201d, comenta. \u201cAgora, se a pessoa j\u00e1 tem crise de ansiedade, faz uso abusivo de \u00e1lcool e drogas, tem hist\u00f3rico de perdas, a crise est\u00e1 se instalando e daqui a pouco tem uma gota d'\u00e1gua que talvez seja o limite em que a pessoa n\u00e3o suporta mais, e talvez ela n\u00e3o tenha conseguido buscar ajuda.&nbsp; E isso se associa tamb\u00e9m \u00e0 quest\u00e3o das redes sociais, que muitas vezes precipita o ato\u201d, completa.<\/p>\n\n\n\n<p><\/p>\n\n\n\n<h2 class=\"wp-block-heading\">Sinal de alerta entre os jovens e as redes sociais<\/h2>\n\n\n\n<p>O suic\u00eddio entre jovens est\u00e1, cada vez mais, chamando a aten\u00e7\u00e3o de entidades de sa\u00fade. A OMS revela que entre os jovens, na faixa et\u00e1ria de 15 a 29 anos, <strong>o suic\u00eddio foi a quarta causa de morte<\/strong>, ficando atr\u00e1s apenas de acidentes no tr\u00e2nsito, tuberculose e viol\u00eancia interpessoal.<\/p>\n\n\n\n<p>De acordo com a cartilha da ABP e do CFM, os comportamentos suicidas entre os jovens e os adolescentes est\u00e3o associados a motiva\u00e7\u00f5es complexas, o que inclui humor depressivo, abuso de subst\u00e2ncias como \u00e1lcool e drogas, problemas emocionais, familiares e sociais, hist\u00f3ria familiar de transtorno psiqui\u00e1trico, rejei\u00e7\u00e3o familiar, neglig\u00eancia, al\u00e9m de abuso f\u00edsico e sexual na inf\u00e2ncia.<\/p>\n\n\n\n<p>Atualmente, as redes sociais desempenham um papel de influ\u00eancia na vida dos jovens, que, muitas vezes, pode ser prejudicial \u00e0 <strong>sa\u00fade mental.<\/strong> Para a psic\u00f3loga, o problema se concentra em como os jovens fazem <strong>uso das redes sociais<\/strong>, que, em muitos casos, causam sofrimento emocional e abalo psicol\u00f3gico, em decorr\u00eancia \u00e0 exposi\u00e7\u00e3o frequente e \u00e0 necessidade de aprova\u00e7\u00e3o. \u201cIsso j\u00e1 vem sendo um culto \u00e0 felicidade, que \u00e9 ficar nas redes e ter uma percep\u00e7\u00e3o equivocada [de vida], que parece que est\u00e1 todo mundo bem e todo mundo feliz, onde s\u00f3 eu que n\u00e3o estou. \u00c9 importante as pessoas se conscientizarem e, quem sabe, mostrarem a vida como ela \u00e9, sem filtros. Parece que a felicidade depende dos likes\u201d, explica.<\/p>\n\n\n\n<p>Al\u00e9m disso, a psic\u00f3loga atenta para uma situa\u00e7\u00e3o que est\u00e1 se tornando cada vez mais recorrente: usu\u00e1rios de redes sociais, que n\u00e3o possuem qualquer preparo, est\u00e3o oferecendo apoio para quem tem pensamentos suicidas. A diretora interdisciplinar do Instituto Proteger esclarece que, por mais que a inten\u00e7\u00e3o seja ajudar, \u00e9 preciso preparo para manejar a situa\u00e7\u00e3o. \u201cPara se oferecer dessa forma, \u00e9 preciso ter um treinamento e preparo, porque pode ser dif\u00edcil at\u00e9 para a pessoa que est\u00e1 se oferecendo\u201d, alerta.<\/p>\n\n\n\n<p>\u201cUma coisa \u00e9 uma pessoa pr\u00f3xima a ti que venha falar em ideias de morte, que est\u00e1 triste ou deprimido e poder acolher e ouvir, sem julgamento, e poder auxiliar essa pessoa a buscar ajuda especializada. Outra \u00e9 disponibilizar as redes sociais para qualquer pessoa para falar sobre suic\u00eddio, por mais que seja bem intencionado n\u00e3o \u00e9 t\u00e3o simples\u201d, esclarece Samantha.<\/p>\n\n\n\n<figure class=\"wp-block-image size-large\"><img decoding=\"async\" loading=\"lazy\" width=\"1024\" height=\"684\" src=\"\/blog\/wp-content\/uploads\/2021\/09\/Setembro-Amarelo_jovens-1024x684.jpg\" alt=\"\" class=\"wp-image-3502\" srcset=\"https:\/\/www.panvel.com\/blog\/wp-content\/uploads\/2021\/09\/Setembro-Amarelo_jovens-1024x684.jpg 1024w, https:\/\/www.panvel.com\/blog\/wp-content\/uploads\/2021\/09\/Setembro-Amarelo_jovens-300x200.jpg 300w, https:\/\/www.panvel.com\/blog\/wp-content\/uploads\/2021\/09\/Setembro-Amarelo_jovens-768x513.jpg 768w, https:\/\/www.panvel.com\/blog\/wp-content\/uploads\/2021\/09\/Setembro-Amarelo_jovens-1080x721.jpg 1080w, https:\/\/www.panvel.com\/blog\/wp-content\/uploads\/2021\/09\/Setembro-Amarelo_jovens-980x655.jpg 980w, https:\/\/www.panvel.com\/blog\/wp-content\/uploads\/2021\/09\/Setembro-Amarelo_jovens-480x321.jpg 480w, https:\/\/www.panvel.com\/blog\/wp-content\/uploads\/2021\/09\/Setembro-Amarelo_jovens.jpg 1253w\" sizes=\"(max-width: 1024px) 100vw, 1024px\" \/><\/figure>\n\n\n\n<p><\/p>\n\n\n\n<h2 class=\"wp-block-heading\">Onde buscar ajuda<\/h2>\n\n\n\n<p>Procurar ajuda ou ajudar algu\u00e9m a procurar, \u00e9 um passo de suma import\u00e2ncia, uma vez que grande parte dos transtornos mentais, como a depress\u00e3o e a ansiedade, podem ser tratados com a <strong>psicoterapia<\/strong> e medicamentos, que devem ser sempre assistidos por um profissional. No Brasil, existem in\u00fameros locais de <strong>atendimento psicol\u00f3gico e psiqui\u00e1trico gratuitos<\/strong> ou que atendem pessoas com baixa renda. Abaixo, voc\u00ea encontra alguns deles:<\/p>\n\n\n\n<p><strong>CVV - Centro de Valoriza\u00e7\u00e3o da Vida:<\/strong> atendimento 24 horas pelo telefone 188 ou via chat e e-mail. Para saber mais, acesse o site <strong><a href=\"https:\/\/www.cvv.org.br\/\" target=\"_blank\" rel=\"noreferrer noopener\">cvv.org.br.<\/a><\/strong><\/p>\n\n\n\n<p><strong>Rede de Aten\u00e7\u00e3o Psicossocial (Raps):<\/strong> disponibilizado pelo Minist\u00e9rio da Sa\u00fade, Raps \u00e9 &nbsp;um servi\u00e7o de sa\u00fade aberto e comunit\u00e1rio constitu\u00eddo por equipe multiprofissional e que atua sobre a \u00f3tica interdisciplinar e realiza prioritariamente atendimento \u00e0s pessoas com sofrimento ou transtorno mental. <a href=\"https:\/\/www.google.com\/maps\/d\/u\/0\/viewer?mid=147YqFIKG6PUhFw606aazeZbcZCEzK2Oh&amp;ll=-19.37626227580281%2C-52.569305911668266&amp;z=3\" target=\"_blank\" rel=\"noreferrer noopener\"><strong>Clicando aqui<\/strong><\/a>, voc\u00ea encontra um mapa para verificar a rede de atendimento mais pr\u00f3xima de voc\u00ea.<\/p>\n\n\n\n<p><\/p>\n\n\n\n<p><strong>Institui\u00e7\u00f5es com consultas a baixo custo em Porto Alegre:<\/strong><\/p>\n\n\n\n<ul>\n<li>Funda\u00e7\u00e3o Universit\u00e1ria M\u00e1rio Martins: (51) 3333-3266 e (51) 98585-0120&nbsp;<\/li>\n\n\n\n<li>ITIPOA Psican\u00e1lise e Criatividade: (51) 3311-3008 e (51) 99926-2936&nbsp;<\/li>\n\n\n\n<li>Instituto Cyro Martins: (51) 3338-6041 e (51) 99805-5808<\/li>\n\n\n\n<li>Sigmund Freud Associa\u00e7\u00e3o Psicanal\u00edtica: (51) 99627-9382<\/li>\n\n\n\n<li>Centro de Estudos Atendimento e Pesquisa da Inf\u00e2ncia e da Adolesc\u00eancia (Ceapia): (51) 3343-6490<\/li>\n\n\n\n<li>Contempor\u00e2neo: Instituto de Psican\u00e1lise e Transdisciplinaridade: WhatsApp (51) 98275-0189<\/li>\n\n\n\n<li>Centro de Estudos da Fam\u00edlia e do Indiv\u00edduo (Cefi): (51) 99420-7006<\/li>\n\n\n\n<li>Centro de Estudos Psicanal\u00edticos de Porto Alegre: (54) 98416-6397<\/li>\n\n\n\n<li>Instituto Wilfred Bion: (51) 3319-7665 e (51) 99172-7977&nbsp;<\/li>\n<\/ul>\n\n\n\n<p><strong>Universidades<\/strong><\/p>\n\n\n\n<p><strong>UFRGS - Universidade Federal do Rio Grande do Sul:<\/strong> a Cl\u00ednica de Atendimento Psicol\u00f3gico \u00e9 um servi\u00e7o-escola do Instituto de Psicologia da UFRGS. Maiores informa\u00e7\u00f5es atrav\u00e9s do telefone, (51) 3308 2024, e-mail <a href=\"mailto:clinicap@ufrgs.br\" target=\"_blank\" rel=\"noreferrer noopener\"><strong>clinicap@ufrgs.br<\/strong><\/a> ou acesse <a href=\"https:\/\/www.ufrgs.br\/clinica\/\" target=\"_blank\" rel=\"noreferrer noopener\"><strong>ufrgs.br\/clinica<\/strong><\/a>.<\/p>\n\n\n\n<p><strong>PUCRS - Pontif\u00edcia Universidade Cat\u00f3lica do Rio Grande do Sul: <\/strong>disponibiliza o <strong>Servi\u00e7o de Atendimento e Pesquisa em Psicologia (SAPP)<\/strong>. Informa\u00e7\u00f5es e marca\u00e7\u00e3o de consultas devem ser feitas atrav\u00e9s do telefone: Telefone: (51) 3320.3561.<br><br>Compartilhe esse conte\u00fado com amigos e familiares para que mais pessoas fiquem informadas.<\/p>\n\n\n\n<p>Fonte: <a href=\"https:\/\/inforhealth.com.br\/\">Infohealth<\/a><\/p>\n","protected":false},"excerpt":{"rendered":"<p>Tema ainda considerado um tabu na sociedade, \u00e9 fundamental falar sobre a preven\u00e7\u00e3o do suic\u00eddio todos os dias<\/p>\n","protected":false},"author":3,"featured_media":3503,"comment_status":"open","ping_status":"closed","sticky":false,"template":"","format":"standard","meta":[],"categories":[5],"tags":[179,20,30],"sponsor":[],"acf":[],"yoast_head":"<!-- This site is optimized with the Yoast SEO plugin v20.7 - https:\/\/yoast.com\/wordpress\/plugins\/seo\/ -->\n<title>Setembro Amarelo: falar sobre suic\u00eddio \u00e9 preciso | Blog Bem Panvel<\/title>\n<meta name=\"description\" content=\"Tema ainda considerado um tabu na sociedade, \u00e9 fundamental falar sobre a preven\u00e7\u00e3o do suic\u00eddio todos os dias.\" \/>\n<meta name=\"robots\" content=\"index, follow, max-snippet:-1, max-image-preview:large, max-video-preview:-1\" \/>\n<link rel=\"canonical\" href=\"https:\/\/www.panvel.com\/blog\/dicas-de-saude\/setembro-amarelo-falar-sobre-suicidio-e-preciso\/\" \/>\n<meta property=\"og:locale\" content=\"pt_BR\" \/>\n<meta property=\"og:type\" content=\"article\" \/>\n<meta property=\"og:title\" content=\"Setembro Amarelo: falar sobre suic\u00eddio \u00e9 preciso | Blog Bem Panvel\" \/>\n<meta property=\"og:description\" content=\"Tema ainda considerado um tabu na sociedade, \u00e9 fundamental falar sobre a preven\u00e7\u00e3o do suic\u00eddio todos os dias.\" \/>\n<meta property=\"og:url\" content=\"https:\/\/www.panvel.com\/blog\/dicas-de-saude\/setembro-amarelo-falar-sobre-suicidio-e-preciso\/\" \/>\n<meta property=\"og:site_name\" content=\"Blog Bem Panvel\" \/>\n<meta property=\"article:published_time\" content=\"2021-09-10T21:48:49+00:00\" \/>\n<meta property=\"article:modified_time\" content=\"2026-02-06T18:42:39+00:00\" \/>\n<meta property=\"og:image\" content=\"https:\/\/www.panvel.com\/blog\/wp-content\/uploads\/2021\/09\/Setembro-Amarelo.jpg\" \/>\n\t<meta property=\"og:image:width\" content=\"788\" \/>\n\t<meta property=\"og:image:height\" content=\"342\" \/>\n\t<meta property=\"og:image:type\" content=\"image\/jpeg\" \/>\n<meta name=\"author\" content=\"Equipe Panvel\" \/>\n<meta name=\"twitter:card\" content=\"summary_large_image\" \/>\n<meta name=\"twitter:label1\" content=\"Escrito por\" \/>\n\t<meta name=\"twitter:data1\" content=\"Equipe Panvel\" \/>\n\t<meta name=\"twitter:label2\" content=\"Est. tempo de leitura\" \/>\n\t<meta name=\"twitter:data2\" content=\"11 minutos\" \/>\n<script type=\"application\/ld+json\" class=\"yoast-schema-graph\">{\"@context\":\"https:\/\/schema.org\",\"@graph\":[{\"@type\":\"Article\",\"@id\":\"https:\/\/www.panvel.com\/blog\/dicas-de-saude\/setembro-amarelo-falar-sobre-suicidio-e-preciso\/#article\",\"isPartOf\":{\"@id\":\"https:\/\/www.panvel.com\/blog\/dicas-de-saude\/setembro-amarelo-falar-sobre-suicidio-e-preciso\/\"},\"author\":{\"name\":\"Equipe Panvel\",\"@id\":\"https:\/\/www.panvel.com\/blog\/#\/schema\/person\/79f5c113f9621ed83897942f6e7501e3\"},\"headline\":\"Setembro Amarelo: falar sobre suic\u00eddio \u00e9 preciso\",\"datePublished\":\"2021-09-10T21:48:49+00:00\",\"dateModified\":\"2026-02-06T18:42:39+00:00\",\"mainEntityOfPage\":{\"@id\":\"https:\/\/www.panvel.com\/blog\/dicas-de-saude\/setembro-amarelo-falar-sobre-suicidio-e-preciso\/\"},\"wordCount\":1984,\"commentCount\":0,\"publisher\":{\"@id\":\"https:\/\/www.panvel.com\/blog\/#organization\"},\"keywords\":[\"Cuidados com a sa\u00fade\",\"Preven\u00e7\u00e3o\",\"Sa\u00fade Mental\"],\"articleSection\":[\"Rotina de Sa\u00fade\"],\"inLanguage\":\"pt-BR\",\"potentialAction\":[{\"@type\":\"CommentAction\",\"name\":\"Comment\",\"target\":[\"https:\/\/www.panvel.com\/blog\/dicas-de-saude\/setembro-amarelo-falar-sobre-suicidio-e-preciso\/#respond\"]}]},{\"@type\":\"WebPage\",\"@id\":\"https:\/\/www.panvel.com\/blog\/dicas-de-saude\/setembro-amarelo-falar-sobre-suicidio-e-preciso\/\",\"url\":\"https:\/\/www.panvel.com\/blog\/dicas-de-saude\/setembro-amarelo-falar-sobre-suicidio-e-preciso\/\",\"name\":\"Setembro Amarelo: falar sobre suic\u00eddio \u00e9 preciso | Blog Bem Panvel\",\"isPartOf\":{\"@id\":\"https:\/\/www.panvel.com\/blog\/#website\"},\"datePublished\":\"2021-09-10T21:48:49+00:00\",\"dateModified\":\"2026-02-06T18:42:39+00:00\",\"description\":\"Tema ainda considerado um tabu na sociedade, \u00e9 fundamental falar sobre a preven\u00e7\u00e3o do suic\u00eddio todos os dias.\",\"breadcrumb\":{\"@id\":\"https:\/\/www.panvel.com\/blog\/dicas-de-saude\/setembro-amarelo-falar-sobre-suicidio-e-preciso\/#breadcrumb\"},\"inLanguage\":\"pt-BR\",\"potentialAction\":[{\"@type\":\"ReadAction\",\"target\":[\"https:\/\/www.panvel.com\/blog\/dicas-de-saude\/setembro-amarelo-falar-sobre-suicidio-e-preciso\/\"]}]},{\"@type\":\"BreadcrumbList\",\"@id\":\"https:\/\/www.panvel.com\/blog\/dicas-de-saude\/setembro-amarelo-falar-sobre-suicidio-e-preciso\/#breadcrumb\",\"itemListElement\":[{\"@type\":\"ListItem\",\"position\":1,\"name\":\"Home\",\"item\":\"https:\/\/www.panvel.com\/blog\/\"},{\"@type\":\"ListItem\",\"position\":2,\"name\":\"Rotina de Sa\u00fade\",\"item\":\"https:\/\/www.panvel.com\/blog\/dicas-de-saude\/\"},{\"@type\":\"ListItem\",\"position\":3,\"name\":\"Setembro Amarelo: falar sobre suic\u00eddio \u00e9 preciso\"}]},{\"@type\":\"WebSite\",\"@id\":\"https:\/\/www.panvel.com\/blog\/#website\",\"url\":\"https:\/\/www.panvel.com\/blog\/\",\"name\":\"Blog Bem Panvel\",\"description\":\"Aqui voc\u00ea encontra conte\u00fados e dicas de sa\u00fade, beleza, bem-estar e muito mais.\",\"publisher\":{\"@id\":\"https:\/\/www.panvel.com\/blog\/#organization\"},\"potentialAction\":[{\"@type\":\"SearchAction\",\"target\":{\"@type\":\"EntryPoint\",\"urlTemplate\":\"https:\/\/www.panvel.com\/blog\/?s={search_term_string}\"},\"query-input\":\"required name=search_term_string\"}],\"inLanguage\":\"pt-BR\"},{\"@type\":\"Organization\",\"@id\":\"https:\/\/www.panvel.com\/blog\/#organization\",\"name\":\"Panvel Farm\u00e1cias\",\"url\":\"https:\/\/www.panvel.com\/blog\/\",\"logo\":{\"@type\":\"ImageObject\",\"inLanguage\":\"pt-BR\",\"@id\":\"https:\/\/www.panvel.com\/blog\/#\/schema\/logo\/image\/\",\"url\":\"https:\/\/www.panvel.com\/blog\/wp-content\/uploads\/2020\/10\/logo.png\",\"contentUrl\":\"https:\/\/www.panvel.com\/blog\/wp-content\/uploads\/2020\/10\/logo.png\",\"width\":402,\"height\":53,\"caption\":\"Panvel Farm\u00e1cias\"},\"image\":{\"@id\":\"https:\/\/www.panvel.com\/blog\/#\/schema\/logo\/image\/\"}},{\"@type\":\"Person\",\"@id\":\"https:\/\/www.panvel.com\/blog\/#\/schema\/person\/79f5c113f9621ed83897942f6e7501e3\",\"name\":\"Equipe Panvel\",\"image\":{\"@type\":\"ImageObject\",\"inLanguage\":\"pt-BR\",\"@id\":\"https:\/\/www.panvel.com\/blog\/#\/schema\/person\/image\/\",\"url\":\"https:\/\/www.panvel.com\/blog\/wp-content\/uploads\/2022\/09\/blog-panvel-1.jpg\",\"contentUrl\":\"https:\/\/www.panvel.com\/blog\/wp-content\/uploads\/2022\/09\/blog-panvel-1.jpg\",\"caption\":\"Equipe Panvel\"},\"description\":\"O Blog Bem Panvel conta com uma equipe formada por especialistas e traz para seus leitores conte\u00fados relevantes e de qualidade sobre sa\u00fade, beleza e bem-estar.\",\"url\":\"https:\/\/www.panvel.com\/blog\/author\/dimedmkt\/\"}]}<\/script>\n<!-- \/ Yoast SEO plugin. -->","yoast_head_json":{"title":"Setembro Amarelo: falar sobre suic\u00eddio \u00e9 preciso | Blog Bem Panvel","description":"Tema ainda considerado um tabu na sociedade, \u00e9 fundamental falar sobre a preven\u00e7\u00e3o do suic\u00eddio todos os dias.","robots":{"index":"index","follow":"follow","max-snippet":"max-snippet:-1","max-image-preview":"max-image-preview:large","max-video-preview":"max-video-preview:-1"},"canonical":"https:\/\/www.panvel.com\/blog\/dicas-de-saude\/setembro-amarelo-falar-sobre-suicidio-e-preciso\/","og_locale":"pt_BR","og_type":"article","og_title":"Setembro Amarelo: falar sobre suic\u00eddio \u00e9 preciso | Blog Bem Panvel","og_description":"Tema ainda considerado um tabu na sociedade, \u00e9 fundamental falar sobre a preven\u00e7\u00e3o do suic\u00eddio todos os dias.","og_url":"https:\/\/www.panvel.com\/blog\/dicas-de-saude\/setembro-amarelo-falar-sobre-suicidio-e-preciso\/","og_site_name":"Blog Bem Panvel","article_published_time":"2021-09-10T21:48:49+00:00","article_modified_time":"2026-02-06T18:42:39+00:00","og_image":[{"width":788,"height":342,"url":"https:\/\/www.panvel.com\/blog\/wp-content\/uploads\/2021\/09\/Setembro-Amarelo.jpg","type":"image\/jpeg"}],"author":"Equipe Panvel","twitter_card":"summary_large_image","twitter_misc":{"Escrito por":"Equipe Panvel","Est. tempo de leitura":"11 minutos"},"schema":{"@context":"https:\/\/schema.org","@graph":[{"@type":"Article","@id":"https:\/\/www.panvel.com\/blog\/dicas-de-saude\/setembro-amarelo-falar-sobre-suicidio-e-preciso\/#article","isPartOf":{"@id":"https:\/\/www.panvel.com\/blog\/dicas-de-saude\/setembro-amarelo-falar-sobre-suicidio-e-preciso\/"},"author":{"name":"Equipe Panvel","@id":"https:\/\/www.panvel.com\/blog\/#\/schema\/person\/79f5c113f9621ed83897942f6e7501e3"},"headline":"Setembro Amarelo: falar sobre suic\u00eddio \u00e9 preciso","datePublished":"2021-09-10T21:48:49+00:00","dateModified":"2026-02-06T18:42:39+00:00","mainEntityOfPage":{"@id":"https:\/\/www.panvel.com\/blog\/dicas-de-saude\/setembro-amarelo-falar-sobre-suicidio-e-preciso\/"},"wordCount":1984,"commentCount":0,"publisher":{"@id":"https:\/\/www.panvel.com\/blog\/#organization"},"keywords":["Cuidados com a sa\u00fade","Preven\u00e7\u00e3o","Sa\u00fade Mental"],"articleSection":["Rotina de Sa\u00fade"],"inLanguage":"pt-BR","potentialAction":[{"@type":"CommentAction","name":"Comment","target":["https:\/\/www.panvel.com\/blog\/dicas-de-saude\/setembro-amarelo-falar-sobre-suicidio-e-preciso\/#respond"]}]},{"@type":"WebPage","@id":"https:\/\/www.panvel.com\/blog\/dicas-de-saude\/setembro-amarelo-falar-sobre-suicidio-e-preciso\/","url":"https:\/\/www.panvel.com\/blog\/dicas-de-saude\/setembro-amarelo-falar-sobre-suicidio-e-preciso\/","name":"Setembro Amarelo: falar sobre suic\u00eddio \u00e9 preciso | Blog Bem Panvel","isPartOf":{"@id":"https:\/\/www.panvel.com\/blog\/#website"},"datePublished":"2021-09-10T21:48:49+00:00","dateModified":"2026-02-06T18:42:39+00:00","description":"Tema ainda considerado um tabu na sociedade, \u00e9 fundamental falar sobre a preven\u00e7\u00e3o do suic\u00eddio todos os dias.","breadcrumb":{"@id":"https:\/\/www.panvel.com\/blog\/dicas-de-saude\/setembro-amarelo-falar-sobre-suicidio-e-preciso\/#breadcrumb"},"inLanguage":"pt-BR","potentialAction":[{"@type":"ReadAction","target":["https:\/\/www.panvel.com\/blog\/dicas-de-saude\/setembro-amarelo-falar-sobre-suicidio-e-preciso\/"]}]},{"@type":"BreadcrumbList","@id":"https:\/\/www.panvel.com\/blog\/dicas-de-saude\/setembro-amarelo-falar-sobre-suicidio-e-preciso\/#breadcrumb","itemListElement":[{"@type":"ListItem","position":1,"name":"Home","item":"https:\/\/www.panvel.com\/blog\/"},{"@type":"ListItem","position":2,"name":"Rotina de Sa\u00fade","item":"https:\/\/www.panvel.com\/blog\/dicas-de-saude\/"},{"@type":"ListItem","position":3,"name":"Setembro Amarelo: falar sobre suic\u00eddio \u00e9 preciso"}]},{"@type":"WebSite","@id":"https:\/\/www.panvel.com\/blog\/#website","url":"https:\/\/www.panvel.com\/blog\/","name":"Blog Bem Panvel","description":"Aqui voc\u00ea encontra conte\u00fados e dicas de sa\u00fade, beleza, bem-estar e muito mais.","publisher":{"@id":"https:\/\/www.panvel.com\/blog\/#organization"},"potentialAction":[{"@type":"SearchAction","target":{"@type":"EntryPoint","urlTemplate":"https:\/\/www.panvel.com\/blog\/?s={search_term_string}"},"query-input":"required name=search_term_string"}],"inLanguage":"pt-BR"},{"@type":"Organization","@id":"https:\/\/www.panvel.com\/blog\/#organization","name":"Panvel Farm\u00e1cias","url":"https:\/\/www.panvel.com\/blog\/","logo":{"@type":"ImageObject","inLanguage":"pt-BR","@id":"https:\/\/www.panvel.com\/blog\/#\/schema\/logo\/image\/","url":"https:\/\/www.panvel.com\/blog\/wp-content\/uploads\/2020\/10\/logo.png","contentUrl":"https:\/\/www.panvel.com\/blog\/wp-content\/uploads\/2020\/10\/logo.png","width":402,"height":53,"caption":"Panvel Farm\u00e1cias"},"image":{"@id":"https:\/\/www.panvel.com\/blog\/#\/schema\/logo\/image\/"}},{"@type":"Person","@id":"https:\/\/www.panvel.com\/blog\/#\/schema\/person\/79f5c113f9621ed83897942f6e7501e3","name":"Equipe Panvel","image":{"@type":"ImageObject","inLanguage":"pt-BR","@id":"https:\/\/www.panvel.com\/blog\/#\/schema\/person\/image\/","url":"https:\/\/www.panvel.com\/blog\/wp-content\/uploads\/2022\/09\/blog-panvel-1.jpg","contentUrl":"https:\/\/www.panvel.com\/blog\/wp-content\/uploads\/2022\/09\/blog-panvel-1.jpg","caption":"Equipe Panvel"},"description":"O Blog Bem Panvel conta com uma equipe formada por especialistas e traz para seus leitores conte\u00fados relevantes e de qualidade sobre sa\u00fade, beleza e bem-estar.","url":"https:\/\/www.panvel.com\/blog\/author\/dimedmkt\/"}]}},"_links":{"self":[{"href":"https:\/\/www.panvel.com\/blog\/wp-json\/wp\/v2\/posts\/3497"}],"collection":[{"href":"https:\/\/www.panvel.com\/blog\/wp-json\/wp\/v2\/posts"}],"about":[{"href":"https:\/\/www.panvel.com\/blog\/wp-json\/wp\/v2\/types\/post"}],"author":[{"embeddable":true,"href":"https:\/\/www.panvel.com\/blog\/wp-json\/wp\/v2\/users\/3"}],"replies":[{"embeddable":true,"href":"https:\/\/www.panvel.com\/blog\/wp-json\/wp\/v2\/comments?post=3497"}],"version-history":[{"count":3,"href":"https:\/\/www.panvel.com\/blog\/wp-json\/wp\/v2\/posts\/3497\/revisions"}],"predecessor-version":[{"id":10680,"href":"https:\/\/www.panvel.com\/blog\/wp-json\/wp\/v2\/posts\/3497\/revisions\/10680"}],"wp:featuredmedia":[{"embeddable":true,"href":"https:\/\/www.panvel.com\/blog\/wp-json\/wp\/v2\/media\/3503"}],"wp:attachment":[{"href":"https:\/\/www.panvel.com\/blog\/wp-json\/wp\/v2\/media?parent=3497"}],"wp:term":[{"taxonomy":"category","embeddable":true,"href":"https:\/\/www.panvel.com\/blog\/wp-json\/wp\/v2\/categories?post=3497"},{"taxonomy":"post_tag","embeddable":true,"href":"https:\/\/www.panvel.com\/blog\/wp-json\/wp\/v2\/tags?post=3497"},{"taxonomy":"sponsor","embeddable":true,"href":"https:\/\/www.panvel.com\/blog\/wp-json\/wp\/v2\/sponsor?post=3497"}],"curies":[{"name":"wp","href":"https:\/\/api.w.org\/{rel}","templated":true}]}}