{"id":2851,"date":"2021-06-03T08:00:00","date_gmt":"2021-06-03T11:00:00","guid":{"rendered":"\/blog\/?p=2851"},"modified":"2023-11-22T16:28:22","modified_gmt":"2023-11-22T19:28:22","slug":"dia-de-conscientizacao-sobre-os-riscos-da-obesidade-infantil","status":"publish","type":"post","link":"https:\/\/www.panvel.com\/blog\/dicas-de-saude\/dia-de-conscientizacao-sobre-os-riscos-da-obesidade-infantil\/","title":{"rendered":"Dia de conscientiza\u00e7\u00e3o sobre os riscos da obesidade infantil"},"content":{"rendered":"\n<p>A obesidade \u00e9 considerada um fator de risco para o desenvolvimento de v\u00e1rias doen\u00e7as ao longo da vida. Quando falamos das crian\u00e7as, ent\u00e3o, ela pode ser mais perigosa. O <strong>Dia da Conscientiza\u00e7\u00e3o Contra a Obesidade Infantil<\/strong>, nesta quinta-feira, alerta sobre os cuidados na preven\u00e7\u00e3o e tratamento.<\/p>\n\n\n\n<p>Considerada uma epidemia mundial, a <strong>obesidade infantil<\/strong> \u00e9 a doen\u00e7a cr\u00f4nica mais comum dessa faixa et\u00e1ria. A estimativa da Organiza\u00e7\u00e3o Mundial da Sa\u00fade (<a href=\"https:\/\/www.who.int\/es\" target=\"_blank\" rel=\"noreferrer noopener\">OMS<\/a>) \u00e9 de que 41 milh\u00f5es de crian\u00e7as com menos de cinco anos estejam acima do peso em todo o mundo. No Brasil, 33,5% das crian\u00e7as sofrem com sobrepeso ou obesidade.<\/p>\n\n\n\n<p>Al\u00e9m da maior probabilidade de uma <strong>crian\u00e7a com excesso de peso<\/strong> se tornar um adulto com <strong>obesidade<\/strong>, essa condi\u00e7\u00e3o prejudica o funcionamento do organismo em diversos aspectos. \"O excesso de gordura corporal interfere diretamente em seus processos metab\u00f3licos. Por isso as crian\u00e7as podem desenvolver <a href=\"\/blog\/dicas-de-saude\/diabetes-alimentacao-e-estilo-de-vida-fazem-a-diferenca-no-tratamento\/\" target=\"_blank\" rel=\"noreferrer noopener\">diabetes<\/a>, press\u00e3o alta e altera\u00e7\u00f5es de colesterol, al\u00e9m de apneia do sono e altera\u00e7\u00f5es articulares\", diz a pediatra Natasha Balen Carazzo, p\u00f3s-graduada em Nutrologia e professora de Medicina da Universidade de Passo Fundo (UPF).<\/p>\n\n\n\n<p><\/p>\n\n\n\n<h2 class=\"wp-block-heading\">Como detectar a obesidade infantil?<\/h2>\n\n\n\n<p>A doutora Natasha explica que a classifica\u00e7\u00e3o da <strong>obesidade na inf\u00e2ncia<\/strong> varia conforme o g\u00eanero e idade da crian\u00e7a. Al\u00e9m do c\u00e1lculo do \u00cdndice de Massa Corporal (IMC), \u00e9 necess\u00e1rio avaliar a curva de crescimento infantil. Fique atento: esse diagn\u00f3stico s\u00f3 pode ser feito por um profissional de sa\u00fade - como pediatra, nutricionista ou educador f\u00edsico. Eles est\u00e3o capacitados para avaliar se a crian\u00e7a apresenta ou n\u00e3o <strong>obesidade infantil<\/strong> e direcionar a fam\u00edlia para o tratamento adequado. Para isso, o profissional ir\u00e1 considerar:<\/p>\n\n\n\n<ul><li>Antecedentes de obesidade na fam\u00edlia e problemas de sa\u00fade relacionados \u00e0 ela, como a diabetes;<\/li><li>H\u00e1bitos alimentares da crian\u00e7a;<\/li><li>N\u00edvel de atividade f\u00edsica da crian\u00e7a;<\/li><li>Hist\u00f3rico psicossocial, como altera\u00e7\u00f5es no sono, tristeza ou se a crian\u00e7a se sente isolada e enfrenta situa\u00e7\u00f5es como bullying.<\/li><\/ul>\n\n\n\n<p>\"Al\u00e9m do IMC, a medida da circunfer\u00eancia abdominal e a defini\u00e7\u00e3o do percentual de gordura das crian\u00e7as tamb\u00e9m s\u00e3o alguns dados adicionais que nos ajudam a tirar conclus\u00f5es sobre o <strong>excesso de peso nas crian\u00e7as<\/strong>\", afirma a pediatra. O tratamento para a <strong>obesidade infantil<\/strong> vai considerar a idade, peso e caracter\u00edsticas da crian\u00e7a. Geralmente, passa pela mudan\u00e7a dos h\u00e1bitos aliment\u00edcios e pelo aumento das atividades f\u00edsicas. Em situa\u00e7\u00f5es espec\u00edficas, tamb\u00e9m pode incluir medica\u00e7\u00e3o.<\/p>\n\n\n\n<p><\/p>\n\n\n\n<h2 class=\"wp-block-heading\">Como desenvolver bons h\u00e1bitos de alimenta\u00e7\u00e3o nas crian\u00e7as?<\/h2>\n\n\n\n<p>Por sua experi\u00eancia no consult\u00f3rio, a pediatra observa que as maiores barreiras \u00e0 <strong><a href=\"\/blog\/dicas-de-saude\/coma-bem-dicas-de-alimentacao-saudavel\/\" target=\"_blank\" rel=\"noreferrer noopener\">alimenta\u00e7\u00e3o saud\u00e1vel<\/a><\/strong> come\u00e7am aos dois anos. \"Percebo que, at\u00e9 a crian\u00e7a atingir essa idade, muitos pais capricham na alimenta\u00e7\u00e3o delas. Fazem uma boa introdu\u00e7\u00e3o alimentar e evitam doces e refrigerantes, o que est\u00e1 super recomendado. Por\u00e9m, a partir dos dois anos, a crian\u00e7a come\u00e7a a consumir a mesma comida da fam\u00edlia, e pode iniciar um ganho de peso muito r\u00e1pido\", conta Natasha.<br><br>Esse ganho r\u00e1pido de peso ocorre porque, a partir dos dois anos, muitos pais esquecem que a base para uma <strong>alimenta\u00e7\u00e3o infantil saud\u00e1vel<\/strong> - assim como a adulta -, s\u00e3o os alimentos saud\u00e1veis, como frutas e legumes, e n\u00e3o guloseimas, salgadinhos e alimentos ultra processados.<\/p>\n\n\n\n<p>\"\u00c9 preciso, controlar o consumo de alimentos muito cal\u00f3ricos, manter uma rotina de atividade f\u00edsica com as crian\u00e7as e servir de exemplo para elas. As crian\u00e7as prestam muito mais aten\u00e7\u00e3o no que os pais fazem do que naquilo que eles falam\", diz a m\u00e9dica.<\/p>\n\n\n\n<p>Veja as dicas para melhorar a alimenta\u00e7\u00e3o das crian\u00e7as:<\/p>\n\n\n\n<ul><li>Priorize frutas e verduras;<\/li><li>Evite ao m\u00e1ximo alimentos processados ou ultra processados como\u00a0 bolachas e biscoitos doces ou salgados;<\/li><li>Cozinhe mais em casa: comidas pr\u00e9-preparadas t\u00eam altos \u00edndices de a\u00e7\u00facar, calorias e gordura;<\/li><li>Limite refrigerantes e bebidas a\u00e7ucaradas. Sim, isso inclui sucos de frutas industrializados. Al\u00e9m do baixo valor nutritivo, elas podem fazer a crian\u00e7a se sentir cheia e n\u00e3o comer alimentos saud\u00e1veis;<\/li><li>Fa\u00e7a as refei\u00e7\u00f5es junto da crian\u00e7a. Ao se alimentar assistindo TV ou na frente do computador, ela pode comer r\u00e1pido e n\u00e3o se dar conta do gosto ou da quantidade de alimentos ingerida;<\/li><li>Sirva por\u00e7\u00f5es de tamanhos adequados: as crian\u00e7as n\u00e3o precisam de tanta comida quanto os adultos. Ofere\u00e7a quantidades menores e sirva novamente se ela ainda estiver com fome. Permita que a crian\u00e7a coma at\u00e9 se sentir satisfeita - mesmo se ainda restar comida no prato.<\/li><\/ul>\n\n\n\n<p>Quer mais uma diquinha? Risque alimentos ricos em a\u00e7\u00facar, corantes e excesso de gorduras saturadas, como sorvetes, doces e refrigerantes, daqueles a serem oferecidos a crian\u00e7as com menos de dois anos. E, mesmo ap\u00f3s essa idade, recomenda-se bastante controle. \"Uma rotina regrada funciona melhor para manter a sa\u00fade a longo prazo, do que realizar proibi\u00e7\u00f5es\", explica a pediatra.<\/p>\n\n\n\n<figure class=\"wp-block-image size-large\"><img decoding=\"async\" loading=\"lazy\" width=\"1024\" height=\"683\" src=\"\/blog\/wp-content\/uploads\/2021\/06\/Obesidade-infantil-alimentacao-saudavel-1024x683.jpg\" alt=\"Obesidade infantil, crian\u00e7as comem frutas\" class=\"wp-image-2855\" srcset=\"https:\/\/www.panvel.com\/blog\/wp-content\/uploads\/2021\/06\/Obesidade-infantil-alimentacao-saudavel-1024x683.jpg 1024w, https:\/\/www.panvel.com\/blog\/wp-content\/uploads\/2021\/06\/Obesidade-infantil-alimentacao-saudavel-300x200.jpg 300w, https:\/\/www.panvel.com\/blog\/wp-content\/uploads\/2021\/06\/Obesidade-infantil-alimentacao-saudavel-768x512.jpg 768w, https:\/\/www.panvel.com\/blog\/wp-content\/uploads\/2021\/06\/Obesidade-infantil-alimentacao-saudavel-1080x720.jpg 1080w, https:\/\/www.panvel.com\/blog\/wp-content\/uploads\/2021\/06\/Obesidade-infantil-alimentacao-saudavel-980x653.jpg 980w, https:\/\/www.panvel.com\/blog\/wp-content\/uploads\/2021\/06\/Obesidade-infantil-alimentacao-saudavel-480x320.jpg 480w, https:\/\/www.panvel.com\/blog\/wp-content\/uploads\/2021\/06\/Obesidade-infantil-alimentacao-saudavel.jpg 1254w\" sizes=\"(max-width: 1024px) 100vw, 1024px\" \/><\/figure>\n\n\n\n<h2 class=\"wp-block-heading\">H\u00e1bitos saud\u00e1veis: da inf\u00e2ncia para a vida<\/h2>\n\n\n\n<p>T\u00e3o importante quanto a alimenta\u00e7\u00e3o, a atividade f\u00edsica \u00e9 fundamental para que as crian\u00e7as possam queimar calorias. \u00c9 uma pr\u00e1tica cujos resultados v\u00e3o al\u00e9m do controle do peso. Praticar esportes ou atividades f\u00edsicas regularmente fortalece ossos e m\u00fasculos, ajuda as crian\u00e7as a terem uma boa noite de sono e permanecerem alertas durante o dia, reduz a ansiedade e o <a href=\"\/blog\/dicas-de-saude\/cortisol-aprenda-como-controlar-os-niveis-do-hormonio-do-estresse\/\" target=\"_blank\" rel=\"noreferrer noopener\">estresse<\/a> e ajuda a aumentar a autoestima e o controle do colesterol.<\/p>\n\n\n\n<p>\"A atividade f\u00edsica atua na preven\u00e7\u00e3o e no tratamento da <strong>obesidade infantil<\/strong>. As crian\u00e7as precisam se manter ativas. Brincadeiras e atividades que aumentem a frequ\u00eancia card\u00edaca elevam o gasto cal\u00f3rico e s\u00e3o potentes redutoras de ansiedade\", diz Natasha.<\/p>\n\n\n\n<p><\/p>\n\n\n\n<h2 class=\"wp-block-heading\">Voc\u00ea tem estimulado seu filho a praticar atividades f\u00edsicas? <\/h2>\n\n\n\n<p>Assim como a alimenta\u00e7\u00e3o, o exemplo tamb\u00e9m pode vir dos adultos. Se exercitar juntos \u00e9, al\u00e9m de saud\u00e1vel, divertido, e ajuda a estreitar os v\u00ednculos entre pais e filhos. Estabelecer h\u00e1bitos saud\u00e1veis ainda na inf\u00e2ncia ajudar\u00e1 as crian\u00e7as a manter um peso saud\u00e1vel na adolesc\u00eancia e na vida adulta.<\/p>\n\n\n\n<p>\"Sabemos que nosso estilo de vida hoje \u00e9 de uma menor movimenta\u00e7\u00e3o e de maior consumo de alimentos industrializados, mas n\u00e3o podemos esquecer que a crian\u00e7a tem direito a uma vida saud\u00e1vel. Elas s\u00e3o apenas crian\u00e7as e n\u00e3o sabem como fazer escolhas nutricionais adequadas. Os pais precisam ser exemplo e cuidar da sa\u00fade dos seus pequenos. Com certeza no futuro eles ir\u00e3o agradecer pelo carinho e cuidado que tiveram com eles\", acredita a pediatra Natasha.<br><\/p>\n\n\n\n<figure class=\"wp-block-image size-large\"><img decoding=\"async\" loading=\"lazy\" width=\"1024\" height=\"683\" src=\"\/blog\/wp-content\/uploads\/2021\/06\/Obesidade-infantil-atividades-fisicas-1024x683.jpg\" alt=\"Obesidade infantil, m\u00e3e e filho praticando atividade f\u00edsica\" class=\"wp-image-2857\" srcset=\"https:\/\/www.panvel.com\/blog\/wp-content\/uploads\/2021\/06\/Obesidade-infantil-atividades-fisicas-1024x683.jpg 1024w, https:\/\/www.panvel.com\/blog\/wp-content\/uploads\/2021\/06\/Obesidade-infantil-atividades-fisicas-300x200.jpg 300w, https:\/\/www.panvel.com\/blog\/wp-content\/uploads\/2021\/06\/Obesidade-infantil-atividades-fisicas-768x512.jpg 768w, https:\/\/www.panvel.com\/blog\/wp-content\/uploads\/2021\/06\/Obesidade-infantil-atividades-fisicas-1080x720.jpg 1080w, https:\/\/www.panvel.com\/blog\/wp-content\/uploads\/2021\/06\/Obesidade-infantil-atividades-fisicas-980x653.jpg 980w, https:\/\/www.panvel.com\/blog\/wp-content\/uploads\/2021\/06\/Obesidade-infantil-atividades-fisicas-480x320.jpg 480w, https:\/\/www.panvel.com\/blog\/wp-content\/uploads\/2021\/06\/Obesidade-infantil-atividades-fisicas.jpg 1254w\" sizes=\"(max-width: 1024px) 100vw, 1024px\" \/><\/figure>\n\n\n\n<p><br>Que tal aproveitar o <strong>Dia da Conscientiza\u00e7\u00e3o Contra a Obesidade Infantil <\/strong>para repensar h\u00e1bitos alimentares e planejar uma rotina mais saud\u00e1vel? Voc\u00ea pode mudar a alimenta\u00e7\u00e3o aos poucos e aproveitar o feriado para praticar algum esporte ao ar livre. O primeiro passo \u00e9 o mais importante para incluir novos h\u00e1bitos na rotina da sua fam\u00edlia!<\/p>\n","protected":false},"excerpt":{"rendered":"<p>Doen\u00e7a cr\u00f4nica mais comum da inf\u00e2ncia, a obesidade pode ser fator para desenvolvimento de diabetes, press\u00e3o alta e altera\u00e7\u00f5es de colesterol<\/p>\n","protected":false},"author":3,"featured_media":2854,"comment_status":"open","ping_status":"open","sticky":false,"template":"","format":"standard","meta":[],"categories":[5],"tags":[41,66,169],"sponsor":[],"acf":[],"yoast_head":"<!-- This site is optimized with the Yoast SEO plugin v20.7 - https:\/\/yoast.com\/wordpress\/plugins\/seo\/ -->\n<title>Dia de conscientiza\u00e7\u00e3o sobre os riscos da obesidade infantil | Blog Bem Panvel<\/title>\n<meta name=\"description\" content=\"Obesidade infantil: doen\u00e7a cr\u00f4nica mais comum da inf\u00e2ncia, pode ser fator para desenvolvimento de diabetes, press\u00e3o alta e altera\u00e7\u00f5es de colesterol\" \/>\n<meta name=\"robots\" content=\"index, follow, max-snippet:-1, max-image-preview:large, max-video-preview:-1\" \/>\n<link rel=\"canonical\" href=\"https:\/\/www.panvel.com\/blog\/dicas-de-saude\/dia-de-conscientizacao-sobre-os-riscos-da-obesidade-infantil\/\" \/>\n<meta property=\"og:locale\" content=\"pt_BR\" \/>\n<meta property=\"og:type\" content=\"article\" \/>\n<meta property=\"og:title\" content=\"Dia de conscientiza\u00e7\u00e3o sobre os riscos da obesidade infantil | Blog Bem Panvel\" \/>\n<meta property=\"og:description\" content=\"Obesidade infantil: doen\u00e7a cr\u00f4nica mais comum da inf\u00e2ncia, pode ser fator para desenvolvimento de diabetes, press\u00e3o alta e altera\u00e7\u00f5es de colesterol\" \/>\n<meta property=\"og:url\" content=\"https:\/\/www.panvel.com\/blog\/dicas-de-saude\/dia-de-conscientizacao-sobre-os-riscos-da-obesidade-infantil\/\" \/>\n<meta property=\"og:site_name\" content=\"Blog Bem Panvel\" \/>\n<meta property=\"article:published_time\" content=\"2021-06-03T11:00:00+00:00\" \/>\n<meta property=\"article:modified_time\" content=\"2023-11-22T19:28:22+00:00\" \/>\n<meta property=\"og:image\" content=\"https:\/\/www.panvel.com\/blog\/wp-content\/uploads\/2021\/06\/Obesidade-infantil.jpg\" \/>\n\t<meta property=\"og:image:width\" content=\"736\" \/>\n\t<meta property=\"og:image:height\" content=\"420\" \/>\n\t<meta property=\"og:image:type\" content=\"image\/jpeg\" \/>\n<meta name=\"author\" content=\"Equipe Panvel\" \/>\n<meta name=\"twitter:card\" content=\"summary_large_image\" \/>\n<meta name=\"twitter:label1\" content=\"Escrito por\" \/>\n\t<meta name=\"twitter:data1\" content=\"Equipe Panvel\" \/>\n\t<meta name=\"twitter:label2\" content=\"Est. tempo de leitura\" \/>\n\t<meta name=\"twitter:data2\" content=\"6 minutos\" \/>\n<script type=\"application\/ld+json\" class=\"yoast-schema-graph\">{\"@context\":\"https:\/\/schema.org\",\"@graph\":[{\"@type\":\"Article\",\"@id\":\"https:\/\/www.panvel.com\/blog\/dicas-de-saude\/dia-de-conscientizacao-sobre-os-riscos-da-obesidade-infantil\/#article\",\"isPartOf\":{\"@id\":\"https:\/\/www.panvel.com\/blog\/dicas-de-saude\/dia-de-conscientizacao-sobre-os-riscos-da-obesidade-infantil\/\"},\"author\":{\"name\":\"Equipe Panvel\",\"@id\":\"https:\/\/www.panvel.com\/blog\/#\/schema\/person\/79f5c113f9621ed83897942f6e7501e3\"},\"headline\":\"Dia de conscientiza\u00e7\u00e3o sobre os riscos da obesidade infantil\",\"datePublished\":\"2021-06-03T11:00:00+00:00\",\"dateModified\":\"2023-11-22T19:28:22+00:00\",\"mainEntityOfPage\":{\"@id\":\"https:\/\/www.panvel.com\/blog\/dicas-de-saude\/dia-de-conscientizacao-sobre-os-riscos-da-obesidade-infantil\/\"},\"wordCount\":1230,\"commentCount\":0,\"publisher\":{\"@id\":\"https:\/\/www.panvel.com\/blog\/#organization\"},\"keywords\":[\"Alimenta\u00e7\u00e3o\",\"H\u00e1bitos Saud\u00e1veis\",\"Obesidade Infantil\"],\"articleSection\":[\"Rotina de Sa\u00fade\"],\"inLanguage\":\"pt-BR\",\"potentialAction\":[{\"@type\":\"CommentAction\",\"name\":\"Comment\",\"target\":[\"https:\/\/www.panvel.com\/blog\/dicas-de-saude\/dia-de-conscientizacao-sobre-os-riscos-da-obesidade-infantil\/#respond\"]}]},{\"@type\":\"WebPage\",\"@id\":\"https:\/\/www.panvel.com\/blog\/dicas-de-saude\/dia-de-conscientizacao-sobre-os-riscos-da-obesidade-infantil\/\",\"url\":\"https:\/\/www.panvel.com\/blog\/dicas-de-saude\/dia-de-conscientizacao-sobre-os-riscos-da-obesidade-infantil\/\",\"name\":\"Dia de conscientiza\u00e7\u00e3o sobre os riscos da obesidade infantil | Blog Bem Panvel\",\"isPartOf\":{\"@id\":\"https:\/\/www.panvel.com\/blog\/#website\"},\"datePublished\":\"2021-06-03T11:00:00+00:00\",\"dateModified\":\"2023-11-22T19:28:22+00:00\",\"description\":\"Obesidade infantil: doen\u00e7a cr\u00f4nica mais comum da inf\u00e2ncia, pode ser fator para desenvolvimento de diabetes, press\u00e3o alta e altera\u00e7\u00f5es de colesterol\",\"breadcrumb\":{\"@id\":\"https:\/\/www.panvel.com\/blog\/dicas-de-saude\/dia-de-conscientizacao-sobre-os-riscos-da-obesidade-infantil\/#breadcrumb\"},\"inLanguage\":\"pt-BR\",\"potentialAction\":[{\"@type\":\"ReadAction\",\"target\":[\"https:\/\/www.panvel.com\/blog\/dicas-de-saude\/dia-de-conscientizacao-sobre-os-riscos-da-obesidade-infantil\/\"]}]},{\"@type\":\"BreadcrumbList\",\"@id\":\"https:\/\/www.panvel.com\/blog\/dicas-de-saude\/dia-de-conscientizacao-sobre-os-riscos-da-obesidade-infantil\/#breadcrumb\",\"itemListElement\":[{\"@type\":\"ListItem\",\"position\":1,\"name\":\"Home\",\"item\":\"https:\/\/www.panvel.com\/blog\/\"},{\"@type\":\"ListItem\",\"position\":2,\"name\":\"Rotina de Sa\u00fade\",\"item\":\"https:\/\/www.panvel.com\/blog\/dicas-de-saude\/\"},{\"@type\":\"ListItem\",\"position\":3,\"name\":\"Dia de conscientiza\u00e7\u00e3o sobre os riscos da obesidade infantil\"}]},{\"@type\":\"WebSite\",\"@id\":\"https:\/\/www.panvel.com\/blog\/#website\",\"url\":\"https:\/\/www.panvel.com\/blog\/\",\"name\":\"Blog Bem Panvel\",\"description\":\"Aqui voc\u00ea encontra conte\u00fados e dicas de sa\u00fade, beleza, bem-estar e muito mais.\",\"publisher\":{\"@id\":\"https:\/\/www.panvel.com\/blog\/#organization\"},\"potentialAction\":[{\"@type\":\"SearchAction\",\"target\":{\"@type\":\"EntryPoint\",\"urlTemplate\":\"https:\/\/www.panvel.com\/blog\/?s={search_term_string}\"},\"query-input\":\"required name=search_term_string\"}],\"inLanguage\":\"pt-BR\"},{\"@type\":\"Organization\",\"@id\":\"https:\/\/www.panvel.com\/blog\/#organization\",\"name\":\"Panvel Farm\u00e1cias\",\"url\":\"https:\/\/www.panvel.com\/blog\/\",\"logo\":{\"@type\":\"ImageObject\",\"inLanguage\":\"pt-BR\",\"@id\":\"https:\/\/www.panvel.com\/blog\/#\/schema\/logo\/image\/\",\"url\":\"https:\/\/www.panvel.com\/blog\/wp-content\/uploads\/2020\/10\/logo.png\",\"contentUrl\":\"https:\/\/www.panvel.com\/blog\/wp-content\/uploads\/2020\/10\/logo.png\",\"width\":402,\"height\":53,\"caption\":\"Panvel Farm\u00e1cias\"},\"image\":{\"@id\":\"https:\/\/www.panvel.com\/blog\/#\/schema\/logo\/image\/\"}},{\"@type\":\"Person\",\"@id\":\"https:\/\/www.panvel.com\/blog\/#\/schema\/person\/79f5c113f9621ed83897942f6e7501e3\",\"name\":\"Equipe Panvel\",\"image\":{\"@type\":\"ImageObject\",\"inLanguage\":\"pt-BR\",\"@id\":\"https:\/\/www.panvel.com\/blog\/#\/schema\/person\/image\/\",\"url\":\"https:\/\/www.panvel.com\/blog\/wp-content\/uploads\/2022\/09\/blog-panvel-1.jpg\",\"contentUrl\":\"https:\/\/www.panvel.com\/blog\/wp-content\/uploads\/2022\/09\/blog-panvel-1.jpg\",\"caption\":\"Equipe Panvel\"},\"description\":\"O Blog Bem Panvel conta com uma equipe formada por especialistas e traz para seus leitores conte\u00fados relevantes e de qualidade sobre sa\u00fade, beleza e bem-estar.\",\"url\":\"https:\/\/www.panvel.com\/blog\/author\/dimedmkt\/\"}]}<\/script>\n<!-- \/ Yoast SEO plugin. -->","yoast_head_json":{"title":"Dia de conscientiza\u00e7\u00e3o sobre os riscos da obesidade infantil | Blog Bem Panvel","description":"Obesidade infantil: doen\u00e7a cr\u00f4nica mais comum da inf\u00e2ncia, pode ser fator para desenvolvimento de diabetes, press\u00e3o alta e altera\u00e7\u00f5es de colesterol","robots":{"index":"index","follow":"follow","max-snippet":"max-snippet:-1","max-image-preview":"max-image-preview:large","max-video-preview":"max-video-preview:-1"},"canonical":"https:\/\/www.panvel.com\/blog\/dicas-de-saude\/dia-de-conscientizacao-sobre-os-riscos-da-obesidade-infantil\/","og_locale":"pt_BR","og_type":"article","og_title":"Dia de conscientiza\u00e7\u00e3o sobre os riscos da obesidade infantil | Blog Bem Panvel","og_description":"Obesidade infantil: doen\u00e7a cr\u00f4nica mais comum da inf\u00e2ncia, pode ser fator para desenvolvimento de diabetes, press\u00e3o alta e altera\u00e7\u00f5es de colesterol","og_url":"https:\/\/www.panvel.com\/blog\/dicas-de-saude\/dia-de-conscientizacao-sobre-os-riscos-da-obesidade-infantil\/","og_site_name":"Blog Bem Panvel","article_published_time":"2021-06-03T11:00:00+00:00","article_modified_time":"2023-11-22T19:28:22+00:00","og_image":[{"width":736,"height":420,"url":"https:\/\/www.panvel.com\/blog\/wp-content\/uploads\/2021\/06\/Obesidade-infantil.jpg","type":"image\/jpeg"}],"author":"Equipe Panvel","twitter_card":"summary_large_image","twitter_misc":{"Escrito por":"Equipe Panvel","Est. tempo de leitura":"6 minutos"},"schema":{"@context":"https:\/\/schema.org","@graph":[{"@type":"Article","@id":"https:\/\/www.panvel.com\/blog\/dicas-de-saude\/dia-de-conscientizacao-sobre-os-riscos-da-obesidade-infantil\/#article","isPartOf":{"@id":"https:\/\/www.panvel.com\/blog\/dicas-de-saude\/dia-de-conscientizacao-sobre-os-riscos-da-obesidade-infantil\/"},"author":{"name":"Equipe Panvel","@id":"https:\/\/www.panvel.com\/blog\/#\/schema\/person\/79f5c113f9621ed83897942f6e7501e3"},"headline":"Dia de conscientiza\u00e7\u00e3o sobre os riscos da obesidade infantil","datePublished":"2021-06-03T11:00:00+00:00","dateModified":"2023-11-22T19:28:22+00:00","mainEntityOfPage":{"@id":"https:\/\/www.panvel.com\/blog\/dicas-de-saude\/dia-de-conscientizacao-sobre-os-riscos-da-obesidade-infantil\/"},"wordCount":1230,"commentCount":0,"publisher":{"@id":"https:\/\/www.panvel.com\/blog\/#organization"},"keywords":["Alimenta\u00e7\u00e3o","H\u00e1bitos Saud\u00e1veis","Obesidade Infantil"],"articleSection":["Rotina de Sa\u00fade"],"inLanguage":"pt-BR","potentialAction":[{"@type":"CommentAction","name":"Comment","target":["https:\/\/www.panvel.com\/blog\/dicas-de-saude\/dia-de-conscientizacao-sobre-os-riscos-da-obesidade-infantil\/#respond"]}]},{"@type":"WebPage","@id":"https:\/\/www.panvel.com\/blog\/dicas-de-saude\/dia-de-conscientizacao-sobre-os-riscos-da-obesidade-infantil\/","url":"https:\/\/www.panvel.com\/blog\/dicas-de-saude\/dia-de-conscientizacao-sobre-os-riscos-da-obesidade-infantil\/","name":"Dia de conscientiza\u00e7\u00e3o sobre os riscos da obesidade infantil | Blog Bem Panvel","isPartOf":{"@id":"https:\/\/www.panvel.com\/blog\/#website"},"datePublished":"2021-06-03T11:00:00+00:00","dateModified":"2023-11-22T19:28:22+00:00","description":"Obesidade infantil: doen\u00e7a cr\u00f4nica mais comum da inf\u00e2ncia, pode ser fator para desenvolvimento de diabetes, press\u00e3o alta e altera\u00e7\u00f5es de colesterol","breadcrumb":{"@id":"https:\/\/www.panvel.com\/blog\/dicas-de-saude\/dia-de-conscientizacao-sobre-os-riscos-da-obesidade-infantil\/#breadcrumb"},"inLanguage":"pt-BR","potentialAction":[{"@type":"ReadAction","target":["https:\/\/www.panvel.com\/blog\/dicas-de-saude\/dia-de-conscientizacao-sobre-os-riscos-da-obesidade-infantil\/"]}]},{"@type":"BreadcrumbList","@id":"https:\/\/www.panvel.com\/blog\/dicas-de-saude\/dia-de-conscientizacao-sobre-os-riscos-da-obesidade-infantil\/#breadcrumb","itemListElement":[{"@type":"ListItem","position":1,"name":"Home","item":"https:\/\/www.panvel.com\/blog\/"},{"@type":"ListItem","position":2,"name":"Rotina de Sa\u00fade","item":"https:\/\/www.panvel.com\/blog\/dicas-de-saude\/"},{"@type":"ListItem","position":3,"name":"Dia de conscientiza\u00e7\u00e3o sobre os riscos da obesidade infantil"}]},{"@type":"WebSite","@id":"https:\/\/www.panvel.com\/blog\/#website","url":"https:\/\/www.panvel.com\/blog\/","name":"Blog Bem Panvel","description":"Aqui voc\u00ea encontra conte\u00fados e dicas de sa\u00fade, beleza, bem-estar e muito mais.","publisher":{"@id":"https:\/\/www.panvel.com\/blog\/#organization"},"potentialAction":[{"@type":"SearchAction","target":{"@type":"EntryPoint","urlTemplate":"https:\/\/www.panvel.com\/blog\/?s={search_term_string}"},"query-input":"required name=search_term_string"}],"inLanguage":"pt-BR"},{"@type":"Organization","@id":"https:\/\/www.panvel.com\/blog\/#organization","name":"Panvel Farm\u00e1cias","url":"https:\/\/www.panvel.com\/blog\/","logo":{"@type":"ImageObject","inLanguage":"pt-BR","@id":"https:\/\/www.panvel.com\/blog\/#\/schema\/logo\/image\/","url":"https:\/\/www.panvel.com\/blog\/wp-content\/uploads\/2020\/10\/logo.png","contentUrl":"https:\/\/www.panvel.com\/blog\/wp-content\/uploads\/2020\/10\/logo.png","width":402,"height":53,"caption":"Panvel Farm\u00e1cias"},"image":{"@id":"https:\/\/www.panvel.com\/blog\/#\/schema\/logo\/image\/"}},{"@type":"Person","@id":"https:\/\/www.panvel.com\/blog\/#\/schema\/person\/79f5c113f9621ed83897942f6e7501e3","name":"Equipe Panvel","image":{"@type":"ImageObject","inLanguage":"pt-BR","@id":"https:\/\/www.panvel.com\/blog\/#\/schema\/person\/image\/","url":"https:\/\/www.panvel.com\/blog\/wp-content\/uploads\/2022\/09\/blog-panvel-1.jpg","contentUrl":"https:\/\/www.panvel.com\/blog\/wp-content\/uploads\/2022\/09\/blog-panvel-1.jpg","caption":"Equipe Panvel"},"description":"O Blog Bem Panvel conta com uma equipe formada por especialistas e traz para seus leitores conte\u00fados relevantes e de qualidade sobre sa\u00fade, beleza e bem-estar.","url":"https:\/\/www.panvel.com\/blog\/author\/dimedmkt\/"}]}},"_links":{"self":[{"href":"https:\/\/www.panvel.com\/blog\/wp-json\/wp\/v2\/posts\/2851"}],"collection":[{"href":"https:\/\/www.panvel.com\/blog\/wp-json\/wp\/v2\/posts"}],"about":[{"href":"https:\/\/www.panvel.com\/blog\/wp-json\/wp\/v2\/types\/post"}],"author":[{"embeddable":true,"href":"https:\/\/www.panvel.com\/blog\/wp-json\/wp\/v2\/users\/3"}],"replies":[{"embeddable":true,"href":"https:\/\/www.panvel.com\/blog\/wp-json\/wp\/v2\/comments?post=2851"}],"version-history":[{"count":3,"href":"https:\/\/www.panvel.com\/blog\/wp-json\/wp\/v2\/posts\/2851\/revisions"}],"predecessor-version":[{"id":2859,"href":"https:\/\/www.panvel.com\/blog\/wp-json\/wp\/v2\/posts\/2851\/revisions\/2859"}],"wp:featuredmedia":[{"embeddable":true,"href":"https:\/\/www.panvel.com\/blog\/wp-json\/wp\/v2\/media\/2854"}],"wp:attachment":[{"href":"https:\/\/www.panvel.com\/blog\/wp-json\/wp\/v2\/media?parent=2851"}],"wp:term":[{"taxonomy":"category","embeddable":true,"href":"https:\/\/www.panvel.com\/blog\/wp-json\/wp\/v2\/categories?post=2851"},{"taxonomy":"post_tag","embeddable":true,"href":"https:\/\/www.panvel.com\/blog\/wp-json\/wp\/v2\/tags?post=2851"},{"taxonomy":"sponsor","embeddable":true,"href":"https:\/\/www.panvel.com\/blog\/wp-json\/wp\/v2\/sponsor?post=2851"}],"curies":[{"name":"wp","href":"https:\/\/api.w.org\/{rel}","templated":true}]}}