{"id":2819,"date":"2021-05-28T10:00:00","date_gmt":"2021-05-28T13:00:00","guid":{"rendered":"\/blog\/?p=2819"},"modified":"2023-11-22T15:55:40","modified_gmt":"2023-11-22T18:55:40","slug":"mamaes-de-primeira-viagem-o-que-nao-pode-faltar-na-mala-da-maternidade","status":"publish","type":"post","link":"https:\/\/www.panvel.com\/blog\/bebe-e-crianca\/mamaes-de-primeira-viagem-o-que-nao-pode-faltar-na-mala-da-maternidade\/","title":{"rendered":"Mam\u00e3es de primeira viagem: o que n\u00e3o pode faltar na mala da maternidade"},"content":{"rendered":"\n<p>Arrumar a <strong>mala da maternidade<\/strong> pode ser um momento super empolgante para as mam\u00e3es de primeira viagem e, ao mesmo tempo, cheio de d\u00favidas e incertezas. Afinal, <strong>o que precisa realmente ser colocado na mala da maternidade<\/strong> para garantir que nenhum imprevisto aconte\u00e7a?<\/p>\n\n\n\n<p>Para que essa tarefa seja curtida ao m\u00e1ximo e n\u00e3o se torne algo estressante, <strong>preparamos algumas dicas de itens indispens\u00e1veis que devem estar na mala da maternidade<\/strong>. Uma boa sugest\u00e3o para que voc\u00ea n\u00e3o esque\u00e7a de nada \u00e9 fazer um <em>checklist <\/em>com essa listinha em m\u00e3os. Vamos l\u00e1?<\/p>\n\n\n\n<p><\/p>\n\n\n\n<h2 class=\"wp-block-heading\">O que colocar na mala da maternidade?<\/h2>\n\n\n\n<p>Ap\u00f3s o nascimento do beb\u00ea, independentemente de ser parto normal ou ces\u00e1rea, \u00e9 necess\u00e1rio ficar um ou mais dias no hospital para a recupera\u00e7\u00e3o da m\u00e3e e do beb\u00ea. Por isso, <strong>\u00e9 essencial que na mala da maternidade tenham, principalmente, <\/strong><a href=\"\/blog\/dicas-de-saude\/linha-panvel-baby-bebes-limpinhos-cheirosos-e-bem-cuidados\/\" target=\"_blank\" rel=\"noreferrer noopener\"><strong>produtos de higiene e cuidados para o beb\u00ea<\/strong><\/a> suficientes para durar entre dois a quatro dias.<\/p>\n\n\n\n<p>Algumas mam\u00e3es tamb\u00e9m gostam de separar uma <strong>roupinha especial para a sa\u00edda do beb\u00ea do hospital<\/strong>. Ent\u00e3o, n\u00e3o esque\u00e7a de coloc\u00e1-la na mala da maternidade.<\/p>\n\n\n\n<p>Outro ponto bem importante \u00e9 observar a <strong>temperatura que estar\u00e1 fazendo no m\u00eas de previs\u00e3o do nascimento do beb\u00ea<\/strong>. Se fizer muito frio, n\u00e3o dispense touquinhas, meias e luvinhas com tecidos mais quentinhos. J\u00e1 se for nascer no ver\u00e3o, opte por roupinhas com panos mais leves.<\/p>\n\n\n\n<p><\/p>\n\n\n\n<h3 class=\"wp-block-heading\">Quais itens colocar na mala do beb\u00ea?<\/h3>\n\n\n\n<ul><li>4 macac\u00f5es de manga comprida<\/li><li>6 bodies<\/li><li>4 pijamas com p\u00e9s fechados<\/li><li>4 pares de meias<\/li><li>6 cal\u00e7as com p\u00e9s fechados<\/li><li>Roupinha para sa\u00edda da maternidade<\/li><li>2 mantas soft ou cobertor<\/li><li>6 paninhos de boca<\/li><li>1 pacote de <a href=\"https:\/\/www.panvel.com\/panvel\/produtos-panvel\/mamae-e-bebe\/fralda\/c-32835\" target=\"_blank\" rel=\"noreferrer noopener\">fralda descart\u00e1vel<\/a><\/li><li><a href=\"https:\/\/www.panvel.com\/panvel\/produtos-panvel\/mamae-e-bebe\/lencos-umedecidos\/c-33165?submarca=panvel%20baby\" target=\"_blank\" rel=\"noreferrer noopener\">Len\u00e7os umedecidos<\/a><\/li><li><a href=\"https:\/\/www.panvel.com\/panvel\/produtos-panvel\/mamae-e-bebe\/creme-para-assadura\/c-33163\" target=\"_blank\" rel=\"noreferrer noopener\">Pomada para assadura<\/a><\/li><li>2 toalhas fraldas (com ou sem capuz)<\/li><li><a href=\"https:\/\/www.panvel.com\/panvel\/sabonete-liquido-infantil-panvel-baby-200ml\/p-113243\" target=\"_blank\" rel=\"noreferrer noopener\">Sabonete l\u00edquido<\/a><\/li><li><a href=\"https:\/\/www.panvel.com\/panvel\/shampoo-infantil-panvel-baby-200ml\/p-113242\" target=\"_blank\" rel=\"noreferrer noopener\">Shampoo para rec\u00e9m-nascidos<\/a><\/li><li>1 sacolinha para colocar as roupas sujas<\/li><\/ul>\n\n\n\n<p>No caso das roupinhas, lembre-se de tirar as etiquetas que possam incomodar o beb\u00ea e, se poss\u00edvel, escolha sempre roupas com tecidos org\u00e2nicos ou 100% algod\u00e3o. Tamb\u00e9m prefira pe\u00e7as com aberturas que facilitem na hora de trocar a fralda e limpar o beb\u00ea.<\/p>\n\n\n\n<p><strong>Com esses itens na mala da maternidade e observando alguns detalhes, o seu beb\u00ea estar\u00e1 limpinho e confort\u00e1vel<\/strong> at\u00e9 chegar em casa e conhecer o seu novo lar. Para acomodar esses produtos, a mala n\u00e3o precisa ser t\u00e3o grande. Por\u00e9m, algumas mam\u00e3es tamb\u00e9m gostam de levar utens\u00edlios para decorar o quarto, como lembrancinhas e enfeites de porta, por exemplo. Se esse for o seu caso, talvez seja necess\u00e1rio avaliar a necessidade de uma mala um pouco maior.<\/p>\n\n\n\n<figure class=\"wp-block-image size-large\"><img decoding=\"async\" loading=\"lazy\" width=\"1024\" height=\"683\" src=\"\/blog\/wp-content\/uploads\/2021\/05\/Mamae-primeira-viagem-1024x683.jpg\" alt=\"Mam\u00e3e primeira viagem preparando malinha do beb\u00ea\" class=\"wp-image-2823\" srcset=\"https:\/\/www.panvel.com\/blog\/wp-content\/uploads\/2021\/05\/Mamae-primeira-viagem-1024x683.jpg 1024w, https:\/\/www.panvel.com\/blog\/wp-content\/uploads\/2021\/05\/Mamae-primeira-viagem-300x200.jpg 300w, https:\/\/www.panvel.com\/blog\/wp-content\/uploads\/2021\/05\/Mamae-primeira-viagem-768x513.jpg 768w, https:\/\/www.panvel.com\/blog\/wp-content\/uploads\/2021\/05\/Mamae-primeira-viagem-1080x721.jpg 1080w, https:\/\/www.panvel.com\/blog\/wp-content\/uploads\/2021\/05\/Mamae-primeira-viagem-980x654.jpg 980w, https:\/\/www.panvel.com\/blog\/wp-content\/uploads\/2021\/05\/Mamae-primeira-viagem-480x320.jpg 480w, https:\/\/www.panvel.com\/blog\/wp-content\/uploads\/2021\/05\/Mamae-primeira-viagem.jpg 1254w\" sizes=\"(max-width: 1024px) 100vw, 1024px\" \/><\/figure>\n\n\n\n<h2 class=\"wp-block-heading\">Quais os cuidados com a m\u00e3e?<\/h2>\n\n\n\n<p>Com a chegada de um beb\u00ea, \u00e9 natural que a aten\u00e7\u00e3o seja destinada ao rec\u00e9m-nascido. Por\u00e9m, <strong>as mam\u00e3es n\u00e3o podem esquecer que elas tamb\u00e9m necessitam de cuidados especiais<\/strong> e que a mala da maternidade precisa conter itens para elas tamb\u00e9m.<\/p>\n\n\n\n<p>Voc\u00ea pode optar por fazer duas malas diferentes (uma para o beb\u00ea e outra para voc\u00ea) ou colocar tudo em uma s\u00f3. Neste caso, tamb\u00e9m \u00e9 essencial escolher uma mala maior e que tenha espa\u00e7o para colocar tudo o que voc\u00ea vai precisar. Quais itens colocar na mala da m\u00e3e?<\/p>\n\n\n\n<ul><li>3 camisolas ou pijamas<\/li><li>1 roup\u00e3o<\/li><li>4 calcinhas confort\u00e1veis<\/li><li>4 pares de meias<\/li><li>2 suti\u00e3s de amamenta\u00e7\u00e3o (com abertura frontal)<\/li><li><a href=\"https:\/\/www.panvel.com\/panvel\/absorvente-para-seios-panvel-essencial-com-30-unidades\/p-115903\" target=\"_blank\" rel=\"noreferrer noopener\">Absorventes para os seios<\/a><\/li><li>Chinelo e pantufa<\/li><li>1 muda de roupa para a sa\u00edda da maternidade<\/li><li><a href=\"https:\/\/www.panvel.com\/panvel\/produtos-panvel\/cuidados-diarios\/higiene-bucal\/c-30727?submarca=Panvel%20Oral\" target=\"_blank\" rel=\"noreferrer noopener\">Escova de dente<\/a><\/li><li><a href=\"https:\/\/www.panvel.com\/panvel\/buscarProduto.do?paginaAtual=1&amp;termoPesquisa=shampoo+panvel&amp;filtro=%5Bdescricao_da_familia%3DPanvel+Hair+Therapy%5D\" target=\"_blank\" rel=\"noreferrer noopener\">Shampoo e condicionador<\/a><\/li><li><a href=\"https:\/\/www.panvel.com\/panvel\/produtos-panvel\/banho\/sabonetes\/c-30739\" target=\"_blank\" rel=\"noreferrer noopener\">Sabonete<\/a><\/li><li>Pasta de dente<\/li><li><a href=\"https:\/\/www.panvel.com\/panvel\/produtos-panvel\/cuidados-diarios\/c-30692?submarca=Panvel%20Sempre%20Bem\" target=\"_blank\" rel=\"noreferrer noopener\">Desodorante<\/a><\/li><li><a href=\"https:\/\/www.panvel.com\/panvel\/buscarProduto.do?termoPesquisa=Escova%20de%20cabelos%20Panvel%20acess%C3%B3rios\" target=\"_blank\" rel=\"noreferrer noopener\">Escova de cabelo<\/a><\/li><li><a href=\"https:\/\/www.panvel.com\/panvel\/absorvente-panvel-essencial-suave-cabas-leve-16-pague-14\/p-805860\" target=\"_blank\" rel=\"noreferrer noopener\">Absorvente noturno<\/a><\/li><\/ul>\n\n\n\n<p><\/p>\n\n\n\n<h2 class=\"wp-block-heading\">Com quanto tempo de anteced\u00eancia devo arrumar a mala da maternidade?<\/h2>\n\n\n\n<p>Vamos combinar que, o que menos as mam\u00e3es precisam \u00e9 mais um motivo de preocupa\u00e7\u00e3o ou que gere ansiedade, n\u00e3o \u00e9 mesmo? <strong>Arrumar a mala da maternidade com anteced\u00eancia<\/strong> \u00e9 um grande passo para evitar surpresas desagrad\u00e1veis ou estresse desnecess\u00e1rio.<\/p>\n\n\n\n<p>Como geralmente as mam\u00e3es j\u00e1 sabem quando o beb\u00ea ir\u00e1 nascer (ou pelo menos t\u00eam uma previs\u00e3o) <strong>o ideal \u00e9 deixar tudo pronto alguns meses antes<\/strong>. Isso porque \u00e9 importante ter um tempo para lavar todas as pe\u00e7as de roupa antes de coloc\u00e1-las na mala do beb\u00ea. Outra dica \u00e9, <strong>depois de limpas, coloc\u00e1-las em saquinhos separados, montando \u201ckits\u201d para cada dia<\/strong>.<\/p>\n\n\n\n<p><strong>Curta esse momento com calma, dedique algumas horas do seu dia apenas para isso e aproveite para deixar tudo arrumadinho como voc\u00ea imaginou<\/strong>. Arrumar a mala da maternidade pode ser, inclusive, relaxante. Se achar uma boa, convide os av\u00f3s ou familiares para participarem e ajudarem na tarefa tamb\u00e9m.<\/p>\n\n\n\n<p><\/p>\n\n\n\n<figure class=\"wp-block-image size-large\"><img decoding=\"async\" loading=\"lazy\" width=\"1024\" height=\"683\" src=\"\/blog\/wp-content\/uploads\/2021\/05\/Mamae-prepara-mala-1024x683.jpg\" alt=\"\" class=\"wp-image-2824\" srcset=\"https:\/\/www.panvel.com\/blog\/wp-content\/uploads\/2021\/05\/Mamae-prepara-mala-1024x683.jpg 1024w, https:\/\/www.panvel.com\/blog\/wp-content\/uploads\/2021\/05\/Mamae-prepara-mala-300x200.jpg 300w, https:\/\/www.panvel.com\/blog\/wp-content\/uploads\/2021\/05\/Mamae-prepara-mala-768x512.jpg 768w, https:\/\/www.panvel.com\/blog\/wp-content\/uploads\/2021\/05\/Mamae-prepara-mala-1080x720.jpg 1080w, https:\/\/www.panvel.com\/blog\/wp-content\/uploads\/2021\/05\/Mamae-prepara-mala-980x653.jpg 980w, https:\/\/www.panvel.com\/blog\/wp-content\/uploads\/2021\/05\/Mamae-prepara-mala-480x320.jpg 480w, https:\/\/www.panvel.com\/blog\/wp-content\/uploads\/2021\/05\/Mamae-prepara-mala.jpg 1254w\" sizes=\"(max-width: 1024px) 100vw, 1024px\" \/><\/figure>\n\n\n\n<h2 class=\"wp-block-heading\">O que fa\u00e7o se esquecer de algo da mala da maternidade?<\/h2>\n\n\n\n<p>Muita calma nessa hora! Esquecer de algo faz parte e pode acontecer sim. Mesmo que voc\u00ea tenha se preparado e montado a mala da maternidade com anteced\u00eancia e paci\u00eancia, pode ser que algum item tenha ficado de fora.<\/p>\n\n\n\n<p>Nesse caso, pe\u00e7a para o pai, av\u00f3 ou quem estiver como acompanhante no quarto com voc\u00ea e o beb\u00ea buscar o item faltante. E lembre-se, a <a href=\"https:\/\/www.panvel.com\/panvel\/produtos-panvel\/mamae-e-bebe\/c-30695\">Panvel tem uma linha super completa para a mam\u00e3e e o beb\u00ea<\/a> e voc\u00ea pode pedir pelo Al\u00f4 Panvel, comprar online ou ir at\u00e9 a unidade mais pr\u00f3xima.<\/p>\n","protected":false},"excerpt":{"rendered":"<p>\u00c9 natural ter d\u00favidas sobre os itens essenciais que devem ser colocados na mala da maternidade. Acesse a lista completa e confira as nossas dicas!<\/p>\n","protected":false},"author":3,"featured_media":2821,"comment_status":"open","ping_status":"open","sticky":false,"template":"","format":"standard","meta":[],"categories":[582],"tags":[15,159,158,160],"sponsor":[],"acf":[],"yoast_head":"<!-- This site is optimized with the Yoast SEO plugin v20.7 - https:\/\/yoast.com\/wordpress\/plugins\/seo\/ -->\n<title>Mam\u00e3es de primeira viagem: o que n\u00e3o pode faltar na mala da maternidade | Blog Bem Panvel<\/title>\n<meta name=\"description\" content=\"\u00c9 natural ter d\u00favidas sobre os itens essenciais que devem ser colocados na mala da maternidade. Acesse a lista completa e confira as nossas dicas!\" \/>\n<meta name=\"robots\" content=\"index, follow, max-snippet:-1, max-image-preview:large, max-video-preview:-1\" \/>\n<link rel=\"canonical\" href=\"https:\/\/www.panvel.com\/blog\/bebe-e-crianca\/mamaes-de-primeira-viagem-o-que-nao-pode-faltar-na-mala-da-maternidade\/\" \/>\n<meta property=\"og:locale\" content=\"pt_BR\" \/>\n<meta property=\"og:type\" content=\"article\" \/>\n<meta property=\"og:title\" content=\"Mam\u00e3es de primeira viagem: o que n\u00e3o pode faltar na mala da maternidade | Blog Bem Panvel\" \/>\n<meta property=\"og:description\" content=\"\u00c9 natural ter d\u00favidas sobre os itens essenciais que devem ser colocados na mala da maternidade. Acesse a lista completa e confira as nossas dicas!\" \/>\n<meta property=\"og:url\" content=\"https:\/\/www.panvel.com\/blog\/bebe-e-crianca\/mamaes-de-primeira-viagem-o-que-nao-pode-faltar-na-mala-da-maternidade\/\" \/>\n<meta property=\"og:site_name\" content=\"Blog Bem Panvel\" \/>\n<meta property=\"article:published_time\" content=\"2021-05-28T13:00:00+00:00\" \/>\n<meta property=\"article:modified_time\" content=\"2023-11-22T18:55:40+00:00\" \/>\n<meta property=\"og:image\" content=\"https:\/\/www.panvel.com\/blog\/wp-content\/uploads\/2021\/05\/Gestante-malinha.jpg\" \/>\n\t<meta property=\"og:image:width\" content=\"800\" \/>\n\t<meta property=\"og:image:height\" content=\"419\" \/>\n\t<meta property=\"og:image:type\" content=\"image\/jpeg\" \/>\n<meta name=\"author\" content=\"Equipe Panvel\" \/>\n<meta name=\"twitter:card\" content=\"summary_large_image\" \/>\n<meta name=\"twitter:label1\" content=\"Escrito por\" \/>\n\t<meta name=\"twitter:data1\" content=\"Equipe Panvel\" \/>\n\t<meta name=\"twitter:label2\" content=\"Est. tempo de leitura\" \/>\n\t<meta name=\"twitter:data2\" content=\"5 minutos\" \/>\n<script type=\"application\/ld+json\" class=\"yoast-schema-graph\">{\"@context\":\"https:\/\/schema.org\",\"@graph\":[{\"@type\":\"Article\",\"@id\":\"https:\/\/www.panvel.com\/blog\/bebe-e-crianca\/mamaes-de-primeira-viagem-o-que-nao-pode-faltar-na-mala-da-maternidade\/#article\",\"isPartOf\":{\"@id\":\"https:\/\/www.panvel.com\/blog\/bebe-e-crianca\/mamaes-de-primeira-viagem-o-que-nao-pode-faltar-na-mala-da-maternidade\/\"},\"author\":{\"name\":\"Equipe Panvel\",\"@id\":\"https:\/\/www.panvel.com\/blog\/#\/schema\/person\/79f5c113f9621ed83897942f6e7501e3\"},\"headline\":\"Mam\u00e3es de primeira viagem: o que n\u00e3o pode faltar na mala da maternidade\",\"datePublished\":\"2021-05-28T13:00:00+00:00\",\"dateModified\":\"2023-11-22T18:55:40+00:00\",\"mainEntityOfPage\":{\"@id\":\"https:\/\/www.panvel.com\/blog\/bebe-e-crianca\/mamaes-de-primeira-viagem-o-que-nao-pode-faltar-na-mala-da-maternidade\/\"},\"wordCount\":899,\"commentCount\":0,\"publisher\":{\"@id\":\"https:\/\/www.panvel.com\/blog\/#organization\"},\"keywords\":[\"Dicas\",\"Gestantes\",\"Gravidez\",\"Semana da Gestante\"],\"articleSection\":[\"Beb\u00ea e Crian\u00e7a\"],\"inLanguage\":\"pt-BR\",\"potentialAction\":[{\"@type\":\"CommentAction\",\"name\":\"Comment\",\"target\":[\"https:\/\/www.panvel.com\/blog\/bebe-e-crianca\/mamaes-de-primeira-viagem-o-que-nao-pode-faltar-na-mala-da-maternidade\/#respond\"]}]},{\"@type\":\"WebPage\",\"@id\":\"https:\/\/www.panvel.com\/blog\/bebe-e-crianca\/mamaes-de-primeira-viagem-o-que-nao-pode-faltar-na-mala-da-maternidade\/\",\"url\":\"https:\/\/www.panvel.com\/blog\/bebe-e-crianca\/mamaes-de-primeira-viagem-o-que-nao-pode-faltar-na-mala-da-maternidade\/\",\"name\":\"Mam\u00e3es de primeira viagem: o que n\u00e3o pode faltar na mala da maternidade | Blog Bem Panvel\",\"isPartOf\":{\"@id\":\"https:\/\/www.panvel.com\/blog\/#website\"},\"datePublished\":\"2021-05-28T13:00:00+00:00\",\"dateModified\":\"2023-11-22T18:55:40+00:00\",\"description\":\"\u00c9 natural ter d\u00favidas sobre os itens essenciais que devem ser colocados na mala da maternidade. Acesse a lista completa e confira as nossas dicas!\",\"breadcrumb\":{\"@id\":\"https:\/\/www.panvel.com\/blog\/bebe-e-crianca\/mamaes-de-primeira-viagem-o-que-nao-pode-faltar-na-mala-da-maternidade\/#breadcrumb\"},\"inLanguage\":\"pt-BR\",\"potentialAction\":[{\"@type\":\"ReadAction\",\"target\":[\"https:\/\/www.panvel.com\/blog\/bebe-e-crianca\/mamaes-de-primeira-viagem-o-que-nao-pode-faltar-na-mala-da-maternidade\/\"]}]},{\"@type\":\"BreadcrumbList\",\"@id\":\"https:\/\/www.panvel.com\/blog\/bebe-e-crianca\/mamaes-de-primeira-viagem-o-que-nao-pode-faltar-na-mala-da-maternidade\/#breadcrumb\",\"itemListElement\":[{\"@type\":\"ListItem\",\"position\":1,\"name\":\"Home\",\"item\":\"https:\/\/www.panvel.com\/blog\/\"},{\"@type\":\"ListItem\",\"position\":2,\"name\":\"Beb\u00ea e Crian\u00e7a\",\"item\":\"https:\/\/www.panvel.com\/blog\/bebe-e-crianca\/\"},{\"@type\":\"ListItem\",\"position\":3,\"name\":\"Mam\u00e3es de primeira viagem: o que n\u00e3o pode faltar na mala da maternidade\"}]},{\"@type\":\"WebSite\",\"@id\":\"https:\/\/www.panvel.com\/blog\/#website\",\"url\":\"https:\/\/www.panvel.com\/blog\/\",\"name\":\"Blog Bem Panvel\",\"description\":\"Aqui voc\u00ea encontra conte\u00fados e dicas de sa\u00fade, beleza, bem-estar e muito mais.\",\"publisher\":{\"@id\":\"https:\/\/www.panvel.com\/blog\/#organization\"},\"potentialAction\":[{\"@type\":\"SearchAction\",\"target\":{\"@type\":\"EntryPoint\",\"urlTemplate\":\"https:\/\/www.panvel.com\/blog\/?s={search_term_string}\"},\"query-input\":\"required name=search_term_string\"}],\"inLanguage\":\"pt-BR\"},{\"@type\":\"Organization\",\"@id\":\"https:\/\/www.panvel.com\/blog\/#organization\",\"name\":\"Panvel Farm\u00e1cias\",\"url\":\"https:\/\/www.panvel.com\/blog\/\",\"logo\":{\"@type\":\"ImageObject\",\"inLanguage\":\"pt-BR\",\"@id\":\"https:\/\/www.panvel.com\/blog\/#\/schema\/logo\/image\/\",\"url\":\"https:\/\/www.panvel.com\/blog\/wp-content\/uploads\/2020\/10\/logo.png\",\"contentUrl\":\"https:\/\/www.panvel.com\/blog\/wp-content\/uploads\/2020\/10\/logo.png\",\"width\":402,\"height\":53,\"caption\":\"Panvel Farm\u00e1cias\"},\"image\":{\"@id\":\"https:\/\/www.panvel.com\/blog\/#\/schema\/logo\/image\/\"}},{\"@type\":\"Person\",\"@id\":\"https:\/\/www.panvel.com\/blog\/#\/schema\/person\/79f5c113f9621ed83897942f6e7501e3\",\"name\":\"Equipe Panvel\",\"image\":{\"@type\":\"ImageObject\",\"inLanguage\":\"pt-BR\",\"@id\":\"https:\/\/www.panvel.com\/blog\/#\/schema\/person\/image\/\",\"url\":\"https:\/\/www.panvel.com\/blog\/wp-content\/uploads\/2022\/09\/blog-panvel-1.jpg\",\"contentUrl\":\"https:\/\/www.panvel.com\/blog\/wp-content\/uploads\/2022\/09\/blog-panvel-1.jpg\",\"caption\":\"Equipe Panvel\"},\"description\":\"O Blog Bem Panvel conta com uma equipe formada por especialistas e traz para seus leitores conte\u00fados relevantes e de qualidade sobre sa\u00fade, beleza e bem-estar.\",\"url\":\"https:\/\/www.panvel.com\/blog\/author\/dimedmkt\/\"}]}<\/script>\n<!-- \/ Yoast SEO plugin. -->","yoast_head_json":{"title":"Mam\u00e3es de primeira viagem: o que n\u00e3o pode faltar na mala da maternidade | Blog Bem Panvel","description":"\u00c9 natural ter d\u00favidas sobre os itens essenciais que devem ser colocados na mala da maternidade. Acesse a lista completa e confira as nossas dicas!","robots":{"index":"index","follow":"follow","max-snippet":"max-snippet:-1","max-image-preview":"max-image-preview:large","max-video-preview":"max-video-preview:-1"},"canonical":"https:\/\/www.panvel.com\/blog\/bebe-e-crianca\/mamaes-de-primeira-viagem-o-que-nao-pode-faltar-na-mala-da-maternidade\/","og_locale":"pt_BR","og_type":"article","og_title":"Mam\u00e3es de primeira viagem: o que n\u00e3o pode faltar na mala da maternidade | Blog Bem Panvel","og_description":"\u00c9 natural ter d\u00favidas sobre os itens essenciais que devem ser colocados na mala da maternidade. Acesse a lista completa e confira as nossas dicas!","og_url":"https:\/\/www.panvel.com\/blog\/bebe-e-crianca\/mamaes-de-primeira-viagem-o-que-nao-pode-faltar-na-mala-da-maternidade\/","og_site_name":"Blog Bem Panvel","article_published_time":"2021-05-28T13:00:00+00:00","article_modified_time":"2023-11-22T18:55:40+00:00","og_image":[{"width":800,"height":419,"url":"https:\/\/www.panvel.com\/blog\/wp-content\/uploads\/2021\/05\/Gestante-malinha.jpg","type":"image\/jpeg"}],"author":"Equipe Panvel","twitter_card":"summary_large_image","twitter_misc":{"Escrito por":"Equipe Panvel","Est. tempo de leitura":"5 minutos"},"schema":{"@context":"https:\/\/schema.org","@graph":[{"@type":"Article","@id":"https:\/\/www.panvel.com\/blog\/bebe-e-crianca\/mamaes-de-primeira-viagem-o-que-nao-pode-faltar-na-mala-da-maternidade\/#article","isPartOf":{"@id":"https:\/\/www.panvel.com\/blog\/bebe-e-crianca\/mamaes-de-primeira-viagem-o-que-nao-pode-faltar-na-mala-da-maternidade\/"},"author":{"name":"Equipe Panvel","@id":"https:\/\/www.panvel.com\/blog\/#\/schema\/person\/79f5c113f9621ed83897942f6e7501e3"},"headline":"Mam\u00e3es de primeira viagem: o que n\u00e3o pode faltar na mala da maternidade","datePublished":"2021-05-28T13:00:00+00:00","dateModified":"2023-11-22T18:55:40+00:00","mainEntityOfPage":{"@id":"https:\/\/www.panvel.com\/blog\/bebe-e-crianca\/mamaes-de-primeira-viagem-o-que-nao-pode-faltar-na-mala-da-maternidade\/"},"wordCount":899,"commentCount":0,"publisher":{"@id":"https:\/\/www.panvel.com\/blog\/#organization"},"keywords":["Dicas","Gestantes","Gravidez","Semana da Gestante"],"articleSection":["Beb\u00ea e Crian\u00e7a"],"inLanguage":"pt-BR","potentialAction":[{"@type":"CommentAction","name":"Comment","target":["https:\/\/www.panvel.com\/blog\/bebe-e-crianca\/mamaes-de-primeira-viagem-o-que-nao-pode-faltar-na-mala-da-maternidade\/#respond"]}]},{"@type":"WebPage","@id":"https:\/\/www.panvel.com\/blog\/bebe-e-crianca\/mamaes-de-primeira-viagem-o-que-nao-pode-faltar-na-mala-da-maternidade\/","url":"https:\/\/www.panvel.com\/blog\/bebe-e-crianca\/mamaes-de-primeira-viagem-o-que-nao-pode-faltar-na-mala-da-maternidade\/","name":"Mam\u00e3es de primeira viagem: o que n\u00e3o pode faltar na mala da maternidade | Blog Bem Panvel","isPartOf":{"@id":"https:\/\/www.panvel.com\/blog\/#website"},"datePublished":"2021-05-28T13:00:00+00:00","dateModified":"2023-11-22T18:55:40+00:00","description":"\u00c9 natural ter d\u00favidas sobre os itens essenciais que devem ser colocados na mala da maternidade. Acesse a lista completa e confira as nossas dicas!","breadcrumb":{"@id":"https:\/\/www.panvel.com\/blog\/bebe-e-crianca\/mamaes-de-primeira-viagem-o-que-nao-pode-faltar-na-mala-da-maternidade\/#breadcrumb"},"inLanguage":"pt-BR","potentialAction":[{"@type":"ReadAction","target":["https:\/\/www.panvel.com\/blog\/bebe-e-crianca\/mamaes-de-primeira-viagem-o-que-nao-pode-faltar-na-mala-da-maternidade\/"]}]},{"@type":"BreadcrumbList","@id":"https:\/\/www.panvel.com\/blog\/bebe-e-crianca\/mamaes-de-primeira-viagem-o-que-nao-pode-faltar-na-mala-da-maternidade\/#breadcrumb","itemListElement":[{"@type":"ListItem","position":1,"name":"Home","item":"https:\/\/www.panvel.com\/blog\/"},{"@type":"ListItem","position":2,"name":"Beb\u00ea e Crian\u00e7a","item":"https:\/\/www.panvel.com\/blog\/bebe-e-crianca\/"},{"@type":"ListItem","position":3,"name":"Mam\u00e3es de primeira viagem: o que n\u00e3o pode faltar na mala da maternidade"}]},{"@type":"WebSite","@id":"https:\/\/www.panvel.com\/blog\/#website","url":"https:\/\/www.panvel.com\/blog\/","name":"Blog Bem Panvel","description":"Aqui voc\u00ea encontra conte\u00fados e dicas de sa\u00fade, beleza, bem-estar e muito mais.","publisher":{"@id":"https:\/\/www.panvel.com\/blog\/#organization"},"potentialAction":[{"@type":"SearchAction","target":{"@type":"EntryPoint","urlTemplate":"https:\/\/www.panvel.com\/blog\/?s={search_term_string}"},"query-input":"required name=search_term_string"}],"inLanguage":"pt-BR"},{"@type":"Organization","@id":"https:\/\/www.panvel.com\/blog\/#organization","name":"Panvel Farm\u00e1cias","url":"https:\/\/www.panvel.com\/blog\/","logo":{"@type":"ImageObject","inLanguage":"pt-BR","@id":"https:\/\/www.panvel.com\/blog\/#\/schema\/logo\/image\/","url":"https:\/\/www.panvel.com\/blog\/wp-content\/uploads\/2020\/10\/logo.png","contentUrl":"https:\/\/www.panvel.com\/blog\/wp-content\/uploads\/2020\/10\/logo.png","width":402,"height":53,"caption":"Panvel Farm\u00e1cias"},"image":{"@id":"https:\/\/www.panvel.com\/blog\/#\/schema\/logo\/image\/"}},{"@type":"Person","@id":"https:\/\/www.panvel.com\/blog\/#\/schema\/person\/79f5c113f9621ed83897942f6e7501e3","name":"Equipe Panvel","image":{"@type":"ImageObject","inLanguage":"pt-BR","@id":"https:\/\/www.panvel.com\/blog\/#\/schema\/person\/image\/","url":"https:\/\/www.panvel.com\/blog\/wp-content\/uploads\/2022\/09\/blog-panvel-1.jpg","contentUrl":"https:\/\/www.panvel.com\/blog\/wp-content\/uploads\/2022\/09\/blog-panvel-1.jpg","caption":"Equipe Panvel"},"description":"O Blog Bem Panvel conta com uma equipe formada por especialistas e traz para seus leitores conte\u00fados relevantes e de qualidade sobre sa\u00fade, beleza e bem-estar.","url":"https:\/\/www.panvel.com\/blog\/author\/dimedmkt\/"}]}},"_links":{"self":[{"href":"https:\/\/www.panvel.com\/blog\/wp-json\/wp\/v2\/posts\/2819"}],"collection":[{"href":"https:\/\/www.panvel.com\/blog\/wp-json\/wp\/v2\/posts"}],"about":[{"href":"https:\/\/www.panvel.com\/blog\/wp-json\/wp\/v2\/types\/post"}],"author":[{"embeddable":true,"href":"https:\/\/www.panvel.com\/blog\/wp-json\/wp\/v2\/users\/3"}],"replies":[{"embeddable":true,"href":"https:\/\/www.panvel.com\/blog\/wp-json\/wp\/v2\/comments?post=2819"}],"version-history":[{"count":2,"href":"https:\/\/www.panvel.com\/blog\/wp-json\/wp\/v2\/posts\/2819\/revisions"}],"predecessor-version":[{"id":2825,"href":"https:\/\/www.panvel.com\/blog\/wp-json\/wp\/v2\/posts\/2819\/revisions\/2825"}],"wp:featuredmedia":[{"embeddable":true,"href":"https:\/\/www.panvel.com\/blog\/wp-json\/wp\/v2\/media\/2821"}],"wp:attachment":[{"href":"https:\/\/www.panvel.com\/blog\/wp-json\/wp\/v2\/media?parent=2819"}],"wp:term":[{"taxonomy":"category","embeddable":true,"href":"https:\/\/www.panvel.com\/blog\/wp-json\/wp\/v2\/categories?post=2819"},{"taxonomy":"post_tag","embeddable":true,"href":"https:\/\/www.panvel.com\/blog\/wp-json\/wp\/v2\/tags?post=2819"},{"taxonomy":"sponsor","embeddable":true,"href":"https:\/\/www.panvel.com\/blog\/wp-json\/wp\/v2\/sponsor?post=2819"}],"curies":[{"name":"wp","href":"https:\/\/api.w.org\/{rel}","templated":true}]}}