{"id":2023,"date":"2021-01-22T08:12:00","date_gmt":"2021-01-22T11:12:00","guid":{"rendered":"\/blog\/?p=2023"},"modified":"2023-11-22T16:30:32","modified_gmt":"2023-11-22T19:30:32","slug":"conheca-as-micoses-mais-comuns-no-verao-e-aprenda-a-se-prevenir","status":"publish","type":"post","link":"https:\/\/www.panvel.com\/blog\/dicas-de-saude\/conheca-as-micoses-mais-comuns-no-verao-e-aprenda-a-se-prevenir\/","title":{"rendered":"Conhe\u00e7a as micoses mais comuns no ver\u00e3o e aprenda a se prevenir"},"content":{"rendered":"\n<p>Locais mais abafados, maior quantidade de suor, roupas \u00famidas em contato com o corpo\u2026 J\u00e1 reparou que, nessa \u00e9poca do ano, sempre aparece algu\u00e9m relatando casos de <strong>micoses<\/strong>? Elas s\u00e3o um dos \"\u00f4nus\" da esta\u00e7\u00e3o em que saudamos o contato com o mar e com o astro rei.<\/p>\n\n\n\n<p>\u00c9 no ver\u00e3o que as <strong>infec\u00e7\u00f5es causadas por fungos<\/strong> encontram a \u00e9poca mais prop\u00edcia para se manifestar, devido \u00e0 combina\u00e7\u00e3o do clima quente com h\u00e1bitos como frequentar piscinas p\u00fablicas ou andar de p\u00e9s descal\u00e7os. S\u00e3o as <strong>micoses de ver\u00e3o<\/strong>. O tempo de f\u00e9rias e descanso tamb\u00e9m pode levar ao relaxamento dos cuidados, deixando-nos mais expostos.<\/p>\n\n\n\n<p>\"As <strong>micoses<\/strong> s\u00e3o causadas por v\u00e1rios tipos de <strong>fungos<\/strong>, dependendo do lugar de acometimento e do tipo de manifesta\u00e7\u00e3o cl\u00ednica\", explica a m\u00e9dica Nicole Peruchi, p\u00f3s-graduanda do Servi\u00e7o de Dermatologia da Universidade Federal do Rio de Janeiro (UFRJ).<\/p>\n\n\n\n<p>Por isso, vamos explicar quais tipos s\u00e3o os mais comuns em cada parte do corpo, como preveni-las para aproveitar o ver\u00e3o livre de <strong>fungos na pele<\/strong> - e os cuidados a serem adotados caso eles tenham aparecido.<\/p>\n\n\n\n<p><\/p>\n\n\n\n<h2 class=\"wp-block-heading\">Cabe\u00e7a<\/h2>\n\n\n\n<p><strong>Micoses no couro cabeludo<\/strong> podem provocar coceira e queda dos fios de cabelo, tanto de forma difusa quanto em formato de clareira. S\u00e3o mais comuns em crian\u00e7as, que podem se contaminar pela areia, por bichinhos de estima\u00e7\u00e3o ou at\u00e9 de outras crian\u00e7as. A indica\u00e7\u00e3o \u00e9 ficar atento a objetos como pentes, escovas e presilhas de cabelo que podem transmitir o fungo para mais pessoas.<\/p>\n\n\n\n<p><\/p>\n\n\n\n<h2 class=\"wp-block-heading\">Dorso<\/h2>\n\n\n\n<p>O famoso pano branco, como \u00e9 chamada a <strong>micose de praia ou de piscina<\/strong>, costuma se manifestar nas costas, perto do pesco\u00e7o, na regi\u00e3o do colo e bra\u00e7os. A <strong>pitir\u00edase versicolor<\/strong> \u00e9 mais recorrente em jovens, pois a oleosidade na pele, provocada pela alta atividade hormonal, \u00e9 um ambiente prop\u00edcio \u00e0 prolifera\u00e7\u00e3o do fungo. Quando exposta ao sol, a pele com fungo n\u00e3o bronzeia. Ela pode ficar branca, rosa, acastanhada ou de outras cores. \"Mesmo ap\u00f3s o tratamento, a pele pode n\u00e3o voltar \u00e0 colora\u00e7\u00e3o normal por v\u00e1rios meses. \u00c9 poss\u00edvel que fique assim por um tempo mesmo j\u00e1 tendo tratado a doen\u00e7a\", explica a m\u00e9dica Nicole.<\/p>\n\n\n\n<p><\/p>\n\n\n\n<h2 class=\"wp-block-heading\">Pernas, bra\u00e7os, coxas e pesco\u00e7o<\/h2>\n\n\n\n<p>A <strong>tinea corporis<\/strong> se manifesta em forma de manchas arredondadas e avermelhadas, com bordas escamosas que geralmente permanecem claras no centro e podem co\u00e7ar. Esse tipo de <strong>micose<\/strong> <strong>de ver\u00e3o<\/strong> \u00e9 comum por auto inocula\u00e7\u00e3o, ou seja, a transfer\u00eancia do fungo de um local para outro do pr\u00f3prio corpo ou em contato com outras pessoas, com animais ou solo contaminado, especialmente na esta\u00e7\u00e3o mais quente do ano, quando as atividades ao ar livre s\u00e3o mais frequentes.<\/p>\n\n\n\n<p><\/p>\n\n\n\n<h2 class=\"wp-block-heading\">Virilha<\/h2>\n\n\n\n<p>Excesso de roupa, uso prolongado de roupa \u00famida, roupas \u00edntimas de tecido sint\u00e9tico ou n\u00e3o secar bem ap\u00f3s o banho s\u00e3o algumas das condi\u00e7\u00f5es favor\u00e1veis ao aparecimento da <strong>tinea cruris<\/strong>. As manchas podem ser avermelhadas e provocar coceira e irrita\u00e7\u00e3o. S\u00e3o mais comuns em adultos e em pessoas com obesidade.<\/p>\n\n\n\n<p><\/p>\n\n\n\n<h2 class=\"wp-block-heading\">P\u00e9s<\/h2>\n\n\n\n<p>As <strong>frieiras<\/strong>, tamb\u00e9m conhecidas como <strong>p\u00e9 de atleta<\/strong>, provocam desconforto e descama\u00e7\u00e3o entre os dedos. Costumam aparecer em pessoas que ficam com meias molhadas por algum tempo ou n\u00e3o secam bem a regi\u00e3o entre os dedos dos p\u00e9s. Pacientes idosos ou com comorbidades como diabetes devem receber aten\u00e7\u00e3o especial no tratamento, pois as fissuras provocadas pelas frieiras podem ser uma porta de entrada para bact\u00e9rias e infec\u00e7\u00f5es. Procure manter os dedos secos e arejados nessa \u00e9poca do ano.<\/p>\n\n\n\n<p><\/p>\n\n\n\n<h2 class=\"wp-block-heading\">Unhas<\/h2>\n\n\n\n<p>As <strong>infec\u00e7\u00f5es f\u00fangicas<\/strong> nas unhas geralmente se manifestam nos p\u00e9s e frequentemente s\u00e3o observadas em idosos, mas podem ocorrer nas m\u00e3os e em adultos. A transmiss\u00e3o de uma pessoa diretamente para outra \u00e9 poss\u00edvel, mas \u00e9 bem menos comum, geralmente acontece quando materiais como lixas, alicates e cortadores de unhas contaminados s\u00e3o compartilhados. <\/p>\n\n\n\n<p>A unha com micose fica mais grossa e com cor branco amarelada ou amarelo acastanhada.<\/p>\n\n\n\n<p>\"\u00c9 importante que a avalia\u00e7\u00e3o e o diagn\u00f3stico sejam realizados por profissionais para identificar se se trata de micose ou de sinal de alguma outra doen\u00e7a, como a psor\u00edase\", explica Nicole.<\/p>\n\n\n\n<p><\/p>\n\n\n\n<figure class=\"wp-block-image size-large\"><img decoding=\"async\" loading=\"lazy\" width=\"1024\" height=\"683\" src=\"\/blog\/wp-content\/uploads\/2021\/01\/Micoses_imagem2-1024x683.jpg\" alt=\"Micoses unha\" class=\"wp-image-2025\" srcset=\"https:\/\/www.panvel.com\/blog\/wp-content\/uploads\/2021\/01\/Micoses_imagem2-1024x683.jpg 1024w, https:\/\/www.panvel.com\/blog\/wp-content\/uploads\/2021\/01\/Micoses_imagem2-300x200.jpg 300w, https:\/\/www.panvel.com\/blog\/wp-content\/uploads\/2021\/01\/Micoses_imagem2-768x512.jpg 768w, https:\/\/www.panvel.com\/blog\/wp-content\/uploads\/2021\/01\/Micoses_imagem2-1080x720.jpg 1080w, https:\/\/www.panvel.com\/blog\/wp-content\/uploads\/2021\/01\/Micoses_imagem2-980x653.jpg 980w, https:\/\/www.panvel.com\/blog\/wp-content\/uploads\/2021\/01\/Micoses_imagem2-480x320.jpg 480w, https:\/\/www.panvel.com\/blog\/wp-content\/uploads\/2021\/01\/Micoses_imagem2.jpg 1254w\" sizes=\"(max-width: 1024px) 100vw, 1024px\" \/><\/figure>\n\n\n\n<p><\/p>\n\n\n\n<h2 class=\"wp-block-heading\">Como prevenir as micoses?<\/h2>\n\n\n\n<p>Como os fungos causadores da <strong>micose<\/strong> podem ser transmitidos por objetos, pessoas e ambientes, como piso de vesti\u00e1rios e de piscinas, \u00e9 preciso adotar formas de preven\u00e7\u00e3o. \"Est\u00e1 todo mundo de f\u00e9rias, ent\u00e3o \u00e9 comum que haja menos aten\u00e7\u00e3o nessa \u00e9poca, justamente a mais perigosa para as micoses. Mas h\u00e1 pequenos descuidos que podem disseminar ainda mais os fungos\", explica a m\u00e9dica. <\/p>\n\n\n\n<p><\/p>\n\n\n\n<p>Veja as recomenda\u00e7\u00f5es dela:<\/p>\n\n\n\n<ul><li>Evite deixar roupas \u00famidas, como biqu\u00ednis e bermudas, em contato com a pele por muito tempo<\/li><li>Use sempre chinelos em locais como academias, saunas, chuveiros e vesti\u00e1rios<\/li><li>N\u00e3o compartilhe objetos pessoais como toalhas, sapatos e meias<\/li><li>Evite usar sapatos fechados ou usar o mesmo sapato por dias seguidos<\/li><li>Prefira roupas \u00edntimas de algod\u00e3o<\/li><li>Se for \u00e0 manicure, procure levar seu pr\u00f3prio material, especialmente as lixas<\/li><li>Mantenha a pele sempre limpa e seca, se poss\u00edvel, secando as regi\u00f5es da virilha e entre os dedos com o jato frio de um secador de cabelos<\/li><li>Quem est\u00e1 com frieiras deve colocar meias nos p\u00e9s antes de colocar a roupa \u00edntima, para evitar espalhar a infec\u00e7\u00e3o<\/li><li>Se algu\u00e9m na mesma casa apresentar qualquer sintoma, verificar se pode ter havido transmiss\u00e3o para outras pessoas<\/li><\/ul>\n\n\n\n<p><\/p>\n\n\n\n<h2 class=\"wp-block-heading\">Como tratar as micoses?<\/h2>\n\n\n\n<p>De acordo com Nicole, o <strong>tratamento para as micoses<\/strong> n\u00e3o \u00e9 complexo na maioria dos casos. \"N\u00f3s usamos medica\u00e7\u00e3o antif\u00fangica em forma de xampus, esmaltes, pomadas, cremes e sprays ou comprimidos orais, de acordo com o local e o tamanho da infec\u00e7\u00e3o, assim como a esp\u00e9cie do fungo. Muitas vezes, o paciente precisa de disciplina para aderir ao tratamento, pois um caso de fungo na unha pode demorar mais de seis meses para ser resolvido\", exemplifica.<\/p>\n\n\n\n<p><\/p>\n\n\n\n<h3 class=\"wp-block-heading\">E os tratamentos caseiros, funcionam?<\/h3>\n\n\n\n<p><\/p>\n\n\n\n<p>A m\u00e9dica alerta para os riscos da automedica\u00e7\u00e3o e das tentativas de <strong>tratamento caseiro<\/strong> antes de procurar um m\u00e9dico dermatologista. \"Algumas pomadinhas que as pessoas t\u00eam em casa e j\u00e1 come\u00e7am a passar s\u00e3o inofensivas, mas outras podem ter antibi\u00f3ticos e cortic\u00f3ides que atrapalham o diagn\u00f3stico. Em algumas situa\u00e7\u00f5es, como les\u00f5es no meio dos p\u00e9s de pacientes diab\u00e9ticos, \u00e9 a oportunidade para infec\u00e7\u00f5es entrarem por ali, apresentando um risco para o paciente\", afirma a m\u00e9dica.<\/p>\n\n\n\n<p>At\u00e9 mesmo uma <strong>receita caseira<\/strong> comum, como a de diluir uma parte de vinagre de ma\u00e7\u00e3 para quatro partes de \u00e1gua, deixando as unhas do p\u00e9 de molho por 10 minutos por dia, s\u00f3 \u00e9 recomendada pela m\u00e9dica como complemento ao <strong>tratamento m\u00e9dico<\/strong>. \"Essa receitinha popular ainda n\u00e3o tem respaldo cient\u00edfico, at\u00e9 pode ser associada ao tratamento porque, de acordo com estudos pr\u00e9vios, o fungo que mais causa as <strong>micoses de unha<\/strong> \u00e9 morto em laborat\u00f3rio em PH \u00e1cido. Ao aplicar o vinagre na unha, ainda n\u00e3o conseguimos chegar no PH necess\u00e1rio para de fato matar o fungo, mas o uso dele n\u00e3o apresentou efeitos adversos aos pacientes dos estudos... ainda precisamos de mais evid\u00eancias.\u201d explica a m\u00e9dica.<\/p>\n\n\n\n<p>Anotou as dicas? Agora, \u00e9 preciso coloc\u00e1-las em pr\u00e1tica para passar o ver\u00e3o bem longe das micoses. Se, mesmo assim, notar alguma mudan\u00e7a na pele que indique a presen\u00e7a de fungos, procure atendimento m\u00e9dico para ter acesso ao tratamento adequado!<\/p>\n","protected":false},"excerpt":{"rendered":"<p>Micoses de ver\u00e3o: Combina\u00e7\u00e3o de clima quente com h\u00e1bitos como frequentar piscinas tornam a esta\u00e7\u00e3o prop\u00edcia \u00e0 infec\u00e7\u00e3o por fungos. Acesse e saiba mais<\/p>\n","protected":false},"author":3,"featured_media":2024,"comment_status":"open","ping_status":"open","sticky":false,"template":"","format":"standard","meta":[],"categories":[5],"tags":[83,81,20],"sponsor":[],"acf":[],"yoast_head":"<!-- This site is optimized with the Yoast SEO plugin v20.7 - https:\/\/yoast.com\/wordpress\/plugins\/seo\/ -->\n<title>Conhe\u00e7a as micoses mais comuns no ver\u00e3o e aprenda a se prevenir | Blog Bem Panvel<\/title>\n<meta name=\"description\" content=\"Micoses de ver\u00e3o: Combina\u00e7\u00e3o de clima quente com h\u00e1bitos como frequentar piscinas tornam a esta\u00e7\u00e3o prop\u00edcia \u00e0 infec\u00e7\u00e3o por fungos. Saiba mais\" \/>\n<meta name=\"robots\" content=\"index, follow, max-snippet:-1, max-image-preview:large, max-video-preview:-1\" \/>\n<link rel=\"canonical\" href=\"https:\/\/www.panvel.com\/blog\/dicas-de-saude\/conheca-as-micoses-mais-comuns-no-verao-e-aprenda-a-se-prevenir\/\" \/>\n<meta property=\"og:locale\" content=\"pt_BR\" \/>\n<meta property=\"og:type\" content=\"article\" \/>\n<meta property=\"og:title\" content=\"Conhe\u00e7a as micoses mais comuns no ver\u00e3o e aprenda a se prevenir | Blog Bem Panvel\" \/>\n<meta property=\"og:description\" content=\"Micoses de ver\u00e3o: Combina\u00e7\u00e3o de clima quente com h\u00e1bitos como frequentar piscinas tornam a esta\u00e7\u00e3o prop\u00edcia \u00e0 infec\u00e7\u00e3o por fungos. Saiba mais\" \/>\n<meta property=\"og:url\" content=\"https:\/\/www.panvel.com\/blog\/dicas-de-saude\/conheca-as-micoses-mais-comuns-no-verao-e-aprenda-a-se-prevenir\/\" \/>\n<meta property=\"og:site_name\" content=\"Blog Bem Panvel\" \/>\n<meta property=\"article:published_time\" content=\"2021-01-22T11:12:00+00:00\" \/>\n<meta property=\"article:modified_time\" content=\"2023-11-22T19:30:32+00:00\" \/>\n<meta property=\"og:image\" content=\"https:\/\/www.panvel.com\/blog\/wp-content\/uploads\/2021\/01\/Micoses_capa-1.jpg\" \/>\n\t<meta property=\"og:image:width\" content=\"2500\" \/>\n\t<meta property=\"og:image:height\" content=\"1318\" \/>\n\t<meta property=\"og:image:type\" content=\"image\/jpeg\" \/>\n<meta name=\"author\" content=\"Equipe Panvel\" \/>\n<meta name=\"twitter:card\" content=\"summary_large_image\" \/>\n<meta name=\"twitter:label1\" content=\"Escrito por\" \/>\n\t<meta name=\"twitter:data1\" content=\"Equipe Panvel\" \/>\n\t<meta name=\"twitter:label2\" content=\"Est. tempo de leitura\" \/>\n\t<meta name=\"twitter:data2\" content=\"6 minutos\" \/>\n<script type=\"application\/ld+json\" class=\"yoast-schema-graph\">{\"@context\":\"https:\/\/schema.org\",\"@graph\":[{\"@type\":\"Article\",\"@id\":\"https:\/\/www.panvel.com\/blog\/dicas-de-saude\/conheca-as-micoses-mais-comuns-no-verao-e-aprenda-a-se-prevenir\/#article\",\"isPartOf\":{\"@id\":\"https:\/\/www.panvel.com\/blog\/dicas-de-saude\/conheca-as-micoses-mais-comuns-no-verao-e-aprenda-a-se-prevenir\/\"},\"author\":{\"name\":\"Equipe Panvel\",\"@id\":\"https:\/\/www.panvel.com\/blog\/#\/schema\/person\/79f5c113f9621ed83897942f6e7501e3\"},\"headline\":\"Conhe\u00e7a as micoses mais comuns no ver\u00e3o e aprenda a se prevenir\",\"datePublished\":\"2021-01-22T11:12:00+00:00\",\"dateModified\":\"2023-11-22T19:30:32+00:00\",\"mainEntityOfPage\":{\"@id\":\"https:\/\/www.panvel.com\/blog\/dicas-de-saude\/conheca-as-micoses-mais-comuns-no-verao-e-aprenda-a-se-prevenir\/\"},\"wordCount\":1309,\"commentCount\":2,\"publisher\":{\"@id\":\"https:\/\/www.panvel.com\/blog\/#organization\"},\"keywords\":[\"Cuidados de Ver\u00e3o\",\"micoses\",\"Preven\u00e7\u00e3o\"],\"articleSection\":[\"Rotina de Sa\u00fade\"],\"inLanguage\":\"pt-BR\",\"potentialAction\":[{\"@type\":\"CommentAction\",\"name\":\"Comment\",\"target\":[\"https:\/\/www.panvel.com\/blog\/dicas-de-saude\/conheca-as-micoses-mais-comuns-no-verao-e-aprenda-a-se-prevenir\/#respond\"]}]},{\"@type\":\"WebPage\",\"@id\":\"https:\/\/www.panvel.com\/blog\/dicas-de-saude\/conheca-as-micoses-mais-comuns-no-verao-e-aprenda-a-se-prevenir\/\",\"url\":\"https:\/\/www.panvel.com\/blog\/dicas-de-saude\/conheca-as-micoses-mais-comuns-no-verao-e-aprenda-a-se-prevenir\/\",\"name\":\"Conhe\u00e7a as micoses mais comuns no ver\u00e3o e aprenda a se prevenir | Blog Bem Panvel\",\"isPartOf\":{\"@id\":\"https:\/\/www.panvel.com\/blog\/#website\"},\"datePublished\":\"2021-01-22T11:12:00+00:00\",\"dateModified\":\"2023-11-22T19:30:32+00:00\",\"description\":\"Micoses de ver\u00e3o: Combina\u00e7\u00e3o de clima quente com h\u00e1bitos como frequentar piscinas tornam a esta\u00e7\u00e3o prop\u00edcia \u00e0 infec\u00e7\u00e3o por fungos. Saiba mais\",\"breadcrumb\":{\"@id\":\"https:\/\/www.panvel.com\/blog\/dicas-de-saude\/conheca-as-micoses-mais-comuns-no-verao-e-aprenda-a-se-prevenir\/#breadcrumb\"},\"inLanguage\":\"pt-BR\",\"potentialAction\":[{\"@type\":\"ReadAction\",\"target\":[\"https:\/\/www.panvel.com\/blog\/dicas-de-saude\/conheca-as-micoses-mais-comuns-no-verao-e-aprenda-a-se-prevenir\/\"]}]},{\"@type\":\"BreadcrumbList\",\"@id\":\"https:\/\/www.panvel.com\/blog\/dicas-de-saude\/conheca-as-micoses-mais-comuns-no-verao-e-aprenda-a-se-prevenir\/#breadcrumb\",\"itemListElement\":[{\"@type\":\"ListItem\",\"position\":1,\"name\":\"Home\",\"item\":\"https:\/\/www.panvel.com\/blog\/\"},{\"@type\":\"ListItem\",\"position\":2,\"name\":\"Rotina de Sa\u00fade\",\"item\":\"https:\/\/www.panvel.com\/blog\/dicas-de-saude\/\"},{\"@type\":\"ListItem\",\"position\":3,\"name\":\"Conhe\u00e7a as micoses mais comuns no ver\u00e3o e aprenda a se prevenir\"}]},{\"@type\":\"WebSite\",\"@id\":\"https:\/\/www.panvel.com\/blog\/#website\",\"url\":\"https:\/\/www.panvel.com\/blog\/\",\"name\":\"Blog Bem Panvel\",\"description\":\"Aqui voc\u00ea encontra conte\u00fados e dicas de sa\u00fade, beleza, bem-estar e muito mais.\",\"publisher\":{\"@id\":\"https:\/\/www.panvel.com\/blog\/#organization\"},\"potentialAction\":[{\"@type\":\"SearchAction\",\"target\":{\"@type\":\"EntryPoint\",\"urlTemplate\":\"https:\/\/www.panvel.com\/blog\/?s={search_term_string}\"},\"query-input\":\"required name=search_term_string\"}],\"inLanguage\":\"pt-BR\"},{\"@type\":\"Organization\",\"@id\":\"https:\/\/www.panvel.com\/blog\/#organization\",\"name\":\"Panvel Farm\u00e1cias\",\"url\":\"https:\/\/www.panvel.com\/blog\/\",\"logo\":{\"@type\":\"ImageObject\",\"inLanguage\":\"pt-BR\",\"@id\":\"https:\/\/www.panvel.com\/blog\/#\/schema\/logo\/image\/\",\"url\":\"https:\/\/www.panvel.com\/blog\/wp-content\/uploads\/2020\/10\/logo.png\",\"contentUrl\":\"https:\/\/www.panvel.com\/blog\/wp-content\/uploads\/2020\/10\/logo.png\",\"width\":402,\"height\":53,\"caption\":\"Panvel Farm\u00e1cias\"},\"image\":{\"@id\":\"https:\/\/www.panvel.com\/blog\/#\/schema\/logo\/image\/\"}},{\"@type\":\"Person\",\"@id\":\"https:\/\/www.panvel.com\/blog\/#\/schema\/person\/79f5c113f9621ed83897942f6e7501e3\",\"name\":\"Equipe Panvel\",\"image\":{\"@type\":\"ImageObject\",\"inLanguage\":\"pt-BR\",\"@id\":\"https:\/\/www.panvel.com\/blog\/#\/schema\/person\/image\/\",\"url\":\"https:\/\/www.panvel.com\/blog\/wp-content\/uploads\/2022\/09\/blog-panvel-1.jpg\",\"contentUrl\":\"https:\/\/www.panvel.com\/blog\/wp-content\/uploads\/2022\/09\/blog-panvel-1.jpg\",\"caption\":\"Equipe Panvel\"},\"description\":\"O Blog Bem Panvel conta com uma equipe formada por especialistas e traz para seus leitores conte\u00fados relevantes e de qualidade sobre sa\u00fade, beleza e bem-estar.\",\"url\":\"https:\/\/www.panvel.com\/blog\/author\/dimedmkt\/\"}]}<\/script>\n<!-- \/ Yoast SEO plugin. -->","yoast_head_json":{"title":"Conhe\u00e7a as micoses mais comuns no ver\u00e3o e aprenda a se prevenir | Blog Bem Panvel","description":"Micoses de ver\u00e3o: Combina\u00e7\u00e3o de clima quente com h\u00e1bitos como frequentar piscinas tornam a esta\u00e7\u00e3o prop\u00edcia \u00e0 infec\u00e7\u00e3o por fungos. Saiba mais","robots":{"index":"index","follow":"follow","max-snippet":"max-snippet:-1","max-image-preview":"max-image-preview:large","max-video-preview":"max-video-preview:-1"},"canonical":"https:\/\/www.panvel.com\/blog\/dicas-de-saude\/conheca-as-micoses-mais-comuns-no-verao-e-aprenda-a-se-prevenir\/","og_locale":"pt_BR","og_type":"article","og_title":"Conhe\u00e7a as micoses mais comuns no ver\u00e3o e aprenda a se prevenir | Blog Bem Panvel","og_description":"Micoses de ver\u00e3o: Combina\u00e7\u00e3o de clima quente com h\u00e1bitos como frequentar piscinas tornam a esta\u00e7\u00e3o prop\u00edcia \u00e0 infec\u00e7\u00e3o por fungos. Saiba mais","og_url":"https:\/\/www.panvel.com\/blog\/dicas-de-saude\/conheca-as-micoses-mais-comuns-no-verao-e-aprenda-a-se-prevenir\/","og_site_name":"Blog Bem Panvel","article_published_time":"2021-01-22T11:12:00+00:00","article_modified_time":"2023-11-22T19:30:32+00:00","og_image":[{"width":2500,"height":1318,"url":"https:\/\/www.panvel.com\/blog\/wp-content\/uploads\/2021\/01\/Micoses_capa-1.jpg","type":"image\/jpeg"}],"author":"Equipe Panvel","twitter_card":"summary_large_image","twitter_misc":{"Escrito por":"Equipe Panvel","Est. tempo de leitura":"6 minutos"},"schema":{"@context":"https:\/\/schema.org","@graph":[{"@type":"Article","@id":"https:\/\/www.panvel.com\/blog\/dicas-de-saude\/conheca-as-micoses-mais-comuns-no-verao-e-aprenda-a-se-prevenir\/#article","isPartOf":{"@id":"https:\/\/www.panvel.com\/blog\/dicas-de-saude\/conheca-as-micoses-mais-comuns-no-verao-e-aprenda-a-se-prevenir\/"},"author":{"name":"Equipe Panvel","@id":"https:\/\/www.panvel.com\/blog\/#\/schema\/person\/79f5c113f9621ed83897942f6e7501e3"},"headline":"Conhe\u00e7a as micoses mais comuns no ver\u00e3o e aprenda a se prevenir","datePublished":"2021-01-22T11:12:00+00:00","dateModified":"2023-11-22T19:30:32+00:00","mainEntityOfPage":{"@id":"https:\/\/www.panvel.com\/blog\/dicas-de-saude\/conheca-as-micoses-mais-comuns-no-verao-e-aprenda-a-se-prevenir\/"},"wordCount":1309,"commentCount":2,"publisher":{"@id":"https:\/\/www.panvel.com\/blog\/#organization"},"keywords":["Cuidados de Ver\u00e3o","micoses","Preven\u00e7\u00e3o"],"articleSection":["Rotina de Sa\u00fade"],"inLanguage":"pt-BR","potentialAction":[{"@type":"CommentAction","name":"Comment","target":["https:\/\/www.panvel.com\/blog\/dicas-de-saude\/conheca-as-micoses-mais-comuns-no-verao-e-aprenda-a-se-prevenir\/#respond"]}]},{"@type":"WebPage","@id":"https:\/\/www.panvel.com\/blog\/dicas-de-saude\/conheca-as-micoses-mais-comuns-no-verao-e-aprenda-a-se-prevenir\/","url":"https:\/\/www.panvel.com\/blog\/dicas-de-saude\/conheca-as-micoses-mais-comuns-no-verao-e-aprenda-a-se-prevenir\/","name":"Conhe\u00e7a as micoses mais comuns no ver\u00e3o e aprenda a se prevenir | Blog Bem Panvel","isPartOf":{"@id":"https:\/\/www.panvel.com\/blog\/#website"},"datePublished":"2021-01-22T11:12:00+00:00","dateModified":"2023-11-22T19:30:32+00:00","description":"Micoses de ver\u00e3o: Combina\u00e7\u00e3o de clima quente com h\u00e1bitos como frequentar piscinas tornam a esta\u00e7\u00e3o prop\u00edcia \u00e0 infec\u00e7\u00e3o por fungos. Saiba mais","breadcrumb":{"@id":"https:\/\/www.panvel.com\/blog\/dicas-de-saude\/conheca-as-micoses-mais-comuns-no-verao-e-aprenda-a-se-prevenir\/#breadcrumb"},"inLanguage":"pt-BR","potentialAction":[{"@type":"ReadAction","target":["https:\/\/www.panvel.com\/blog\/dicas-de-saude\/conheca-as-micoses-mais-comuns-no-verao-e-aprenda-a-se-prevenir\/"]}]},{"@type":"BreadcrumbList","@id":"https:\/\/www.panvel.com\/blog\/dicas-de-saude\/conheca-as-micoses-mais-comuns-no-verao-e-aprenda-a-se-prevenir\/#breadcrumb","itemListElement":[{"@type":"ListItem","position":1,"name":"Home","item":"https:\/\/www.panvel.com\/blog\/"},{"@type":"ListItem","position":2,"name":"Rotina de Sa\u00fade","item":"https:\/\/www.panvel.com\/blog\/dicas-de-saude\/"},{"@type":"ListItem","position":3,"name":"Conhe\u00e7a as micoses mais comuns no ver\u00e3o e aprenda a se prevenir"}]},{"@type":"WebSite","@id":"https:\/\/www.panvel.com\/blog\/#website","url":"https:\/\/www.panvel.com\/blog\/","name":"Blog Bem Panvel","description":"Aqui voc\u00ea encontra conte\u00fados e dicas de sa\u00fade, beleza, bem-estar e muito mais.","publisher":{"@id":"https:\/\/www.panvel.com\/blog\/#organization"},"potentialAction":[{"@type":"SearchAction","target":{"@type":"EntryPoint","urlTemplate":"https:\/\/www.panvel.com\/blog\/?s={search_term_string}"},"query-input":"required name=search_term_string"}],"inLanguage":"pt-BR"},{"@type":"Organization","@id":"https:\/\/www.panvel.com\/blog\/#organization","name":"Panvel Farm\u00e1cias","url":"https:\/\/www.panvel.com\/blog\/","logo":{"@type":"ImageObject","inLanguage":"pt-BR","@id":"https:\/\/www.panvel.com\/blog\/#\/schema\/logo\/image\/","url":"https:\/\/www.panvel.com\/blog\/wp-content\/uploads\/2020\/10\/logo.png","contentUrl":"https:\/\/www.panvel.com\/blog\/wp-content\/uploads\/2020\/10\/logo.png","width":402,"height":53,"caption":"Panvel Farm\u00e1cias"},"image":{"@id":"https:\/\/www.panvel.com\/blog\/#\/schema\/logo\/image\/"}},{"@type":"Person","@id":"https:\/\/www.panvel.com\/blog\/#\/schema\/person\/79f5c113f9621ed83897942f6e7501e3","name":"Equipe Panvel","image":{"@type":"ImageObject","inLanguage":"pt-BR","@id":"https:\/\/www.panvel.com\/blog\/#\/schema\/person\/image\/","url":"https:\/\/www.panvel.com\/blog\/wp-content\/uploads\/2022\/09\/blog-panvel-1.jpg","contentUrl":"https:\/\/www.panvel.com\/blog\/wp-content\/uploads\/2022\/09\/blog-panvel-1.jpg","caption":"Equipe Panvel"},"description":"O Blog Bem Panvel conta com uma equipe formada por especialistas e traz para seus leitores conte\u00fados relevantes e de qualidade sobre sa\u00fade, beleza e bem-estar.","url":"https:\/\/www.panvel.com\/blog\/author\/dimedmkt\/"}]}},"_links":{"self":[{"href":"https:\/\/www.panvel.com\/blog\/wp-json\/wp\/v2\/posts\/2023"}],"collection":[{"href":"https:\/\/www.panvel.com\/blog\/wp-json\/wp\/v2\/posts"}],"about":[{"href":"https:\/\/www.panvel.com\/blog\/wp-json\/wp\/v2\/types\/post"}],"author":[{"embeddable":true,"href":"https:\/\/www.panvel.com\/blog\/wp-json\/wp\/v2\/users\/3"}],"replies":[{"embeddable":true,"href":"https:\/\/www.panvel.com\/blog\/wp-json\/wp\/v2\/comments?post=2023"}],"version-history":[{"count":9,"href":"https:\/\/www.panvel.com\/blog\/wp-json\/wp\/v2\/posts\/2023\/revisions"}],"predecessor-version":[{"id":2038,"href":"https:\/\/www.panvel.com\/blog\/wp-json\/wp\/v2\/posts\/2023\/revisions\/2038"}],"wp:featuredmedia":[{"embeddable":true,"href":"https:\/\/www.panvel.com\/blog\/wp-json\/wp\/v2\/media\/2024"}],"wp:attachment":[{"href":"https:\/\/www.panvel.com\/blog\/wp-json\/wp\/v2\/media?parent=2023"}],"wp:term":[{"taxonomy":"category","embeddable":true,"href":"https:\/\/www.panvel.com\/blog\/wp-json\/wp\/v2\/categories?post=2023"},{"taxonomy":"post_tag","embeddable":true,"href":"https:\/\/www.panvel.com\/blog\/wp-json\/wp\/v2\/tags?post=2023"},{"taxonomy":"sponsor","embeddable":true,"href":"https:\/\/www.panvel.com\/blog\/wp-json\/wp\/v2\/sponsor?post=2023"}],"curies":[{"name":"wp","href":"https:\/\/api.w.org\/{rel}","templated":true}]}}