{"id":10314,"date":"2025-05-20T17:25:00","date_gmt":"2025-05-20T20:25:00","guid":{"rendered":"https:\/\/www.panvel.com\/blog\/?p=10314"},"modified":"2025-06-05T17:26:10","modified_gmt":"2025-06-05T20:26:10","slug":"malaria-cuidados-e-tratamento","status":"publish","type":"post","link":"https:\/\/www.panvel.com\/blog\/dicas-de-saude\/malaria-cuidados-e-tratamento\/","title":{"rendered":"Mal\u00e1ria: o que voc\u00ea precisa saber sobre essa doen\u00e7a ainda presente no Brasil"},"content":{"rendered":"\n<p><\/p>\n\n\n\n<p>A mal\u00e1ria \u00e9 uma doen\u00e7a infecciosa grave, causada por parasitas do g\u00eanero <em>Plasmodium<\/em> e transmitida pela picada da f\u00eamea do mosquito <em>Anopheles<\/em>. Apesar de muitas vezes associada a pa\u00edses africanos, a mal\u00e1ria continua sendo um importante problema de sa\u00fade p\u00fablica no Brasil, especialmente na regi\u00e3o amaz\u00f4nica.<\/p>\n\n\n\n<h2 class=\"wp-block-heading\"><strong>Quais s\u00e3o os sintomas da mal\u00e1ria?<\/strong><\/h2>\n\n\n\n<p><\/p>\n\n\n\n<p>A apresenta\u00e7\u00e3o cl\u00ednica da mal\u00e1ria pode variar bastante. Segundo a professora Marina Rodrigues da Silva, do curso de Medicina da Universidade Feevale, os sintomas v\u00e3o \u201cde quadros leves a severos\u201d. Entre os sinais mais comuns est\u00e3o febre, calafrios, dor de cabe\u00e7a, dores musculares (mialgia) e uma sensa\u00e7\u00e3o geral de mal-estar. \u201cEsses sintomas costumam aparecer de forma intermitente, correspondendo ao ciclo de vida do parasita que causa a doen\u00e7a\u201d, explica a professora.<\/p>\n\n\n\n<p>Em alguns casos, podem surgir manifesta\u00e7\u00f5es menos comuns, como n\u00e1useas, v\u00f4mitos, diarreia, fadiga, dores nas articula\u00e7\u00f5es e dor abdominal. J\u00e1 os quadros graves exigem aten\u00e7\u00e3o imediata, pois podem evoluir para complica\u00e7\u00f5es como insufici\u00eancia renal ou respirat\u00f3ria, confus\u00e3o mental, convuls\u00f5es, coma e at\u00e9 mesmo \u00f3bito. Marina ressalta que o quadro cl\u00ednico pode depender de fatores como \u201cidade, imunidade do paciente e exposi\u00e7\u00e3o pr\u00e9via \u00e0 mal\u00e1ria\u201d.<\/p>\n\n\n\n<h2 class=\"wp-block-heading\"><strong>A mal\u00e1ria \u00e9 um risco real no Brasil?<\/strong><\/h2>\n\n\n\n<p><\/p>\n\n\n\n<p>Sim, e \u00e9 preciso estar atento. \u201cA mal\u00e1ria \u00e9 motivo de preocupa\u00e7\u00e3o significativa no Brasil, especialmente na regi\u00e3o amaz\u00f4nica, onde ocorrem a maioria dos casos\u201d, afirma a professora. Embora a doen\u00e7a esteja concentrada principalmente nessa \u00e1rea, h\u00e1 riscos em outras regi\u00f5es do pa\u00eds devido \u00e0 movimenta\u00e7\u00e3o de pessoas oriundas de locais end\u00eamicos e \u00e0 presen\u00e7a do mosquito transmissor em \u00e1reas n\u00e3o end\u00eamicas. Isso torna poss\u00edvel a ocorr\u00eancia de casos importados e, consequentemente, o atraso no diagn\u00f3stico e tratamento.<\/p>\n\n\n\n<h2 class=\"wp-block-heading\"><strong>Como \u00e9 feito o tratamento da mal\u00e1ria?<\/strong><\/h2>\n\n\n\n<p><\/p>\n\n\n\n<p>O tratamento da mal\u00e1ria \u00e9 eficaz, desde que iniciado precocemente. Ele consiste no uso de medicamentos que atuam em diferentes fases do ciclo do parasita. \u201cS\u00e3o usadas medica\u00e7\u00f5es diferentes para tratar a fase aguda da infec\u00e7\u00e3o, destruir as formas latentes evitando as reca\u00eddas e interromper a transmiss\u00e3o\u201d, esclarece Marina.<\/p>\n\n\n\n<p>Esses medicamentos fazem parte de um programa estrat\u00e9gico do Minist\u00e9rio da Sa\u00fade e s\u00e3o distribu\u00eddos diretamente aos estados, ou seja, n\u00e3o est\u00e3o dispon\u00edveis comercialmente. O acesso ao tratamento gratuito \u00e9 essencial para controlar e reduzir os casos da doen\u00e7a no pa\u00eds.<\/p>\n\n\n\n<h2 class=\"wp-block-heading\"><strong>Como se prevenir da mal\u00e1ria?<\/strong><\/h2>\n\n\n\n<p><\/p>\n\n\n\n<p>A preven\u00e7\u00e3o \u00e9 fundamental, especialmente para quem vai viajar para \u00e1reas end\u00eamicas, como a regi\u00e3o amaz\u00f4nica. A professora destaca que \u201c\u00e9 recomendada a quimioprofilaxia com medica\u00e7\u00f5es que devem ser iniciadas 1 a 2 dias antes da viagem\u201d. Essa medida ajuda a evitar o desenvolvimento da doen\u00e7a mesmo que haja contato com o parasita.<\/p>\n\n\n\n<p>Al\u00e9m disso, \u00e9 importante adotar a\u00e7\u00f5es para evitar picadas de mosquitos, como o uso de repelentes, roupas de manga longa e redes mosquiteiras impregnadas com inseticida. Marina alerta: \u201c\u00c9 importante que os viajantes consultem um especialista antes da partida para receber orienta\u00e7\u00f5es espec\u00edficas e garantir que as medidas de preven\u00e7\u00e3o sejam adequadamente implementadas\u201d.<\/p>\n\n\n\n<p>Embora trat\u00e1vel e preven\u00edvel, a mal\u00e1ria ainda representa um risco real no Brasil. A informa\u00e7\u00e3o correta, o diagn\u00f3stico precoce e as medidas de preven\u00e7\u00e3o s\u00e3o essenciais para evitar complica\u00e7\u00f5es. Ao planejar uma viagem para regi\u00f5es onde a doen\u00e7a \u00e9 end\u00eamica, procure orienta\u00e7\u00e3o m\u00e9dica com anteced\u00eancia e fique atento aos sintomas ap\u00f3s o retorno.<\/p>\n\n\n\n<p><\/p>\n","protected":false},"excerpt":{"rendered":"<p>A mal\u00e1ria \u00e9 trat\u00e1vel e preven\u00edvel \u2014 conhecer os sintomas e formas de prote\u00e7\u00e3o pode fazer toda a diferen\u00e7a.<\/p>\n","protected":false},"author":3,"featured_media":10426,"comment_status":"open","ping_status":"open","sticky":false,"template":"","format":"standard","meta":[],"categories":[5],"tags":[179,2832,418,419,2833,2834],"sponsor":[],"acf":[],"yoast_head":"<!-- This site is optimized with the Yoast SEO plugin v20.7 - https:\/\/yoast.com\/wordpress\/plugins\/seo\/ -->\n<title>Mal\u00e1ria: conhe\u00e7a os riscos, sintomas e formas de preven\u00e7\u00e3o<\/title>\n<meta name=\"description\" content=\"A mal\u00e1ria \u00e9 trat\u00e1vel e preven\u00edvel \u2014 conhecer os sintomas e formas de prote\u00e7\u00e3o pode fazer toda a diferen\u00e7a. | Leia mais no Blog Panvel.\" \/>\n<meta name=\"robots\" content=\"index, follow, max-snippet:-1, max-image-preview:large, max-video-preview:-1\" \/>\n<link rel=\"canonical\" href=\"https:\/\/www.panvel.com\/blog\/dicas-de-saude\/malaria-cuidados-e-tratamento\/\" \/>\n<meta property=\"og:locale\" content=\"pt_BR\" \/>\n<meta property=\"og:type\" content=\"article\" \/>\n<meta property=\"og:title\" content=\"Mal\u00e1ria: conhe\u00e7a os riscos, sintomas e formas de preven\u00e7\u00e3o\" \/>\n<meta property=\"og:description\" content=\"A mal\u00e1ria \u00e9 trat\u00e1vel e preven\u00edvel \u2014 conhecer os sintomas e formas de prote\u00e7\u00e3o pode fazer toda a diferen\u00e7a. | Leia mais no Blog Panvel.\" \/>\n<meta property=\"og:url\" content=\"https:\/\/www.panvel.com\/blog\/dicas-de-saude\/malaria-cuidados-e-tratamento\/\" \/>\n<meta property=\"og:site_name\" content=\"Blog Bem Panvel\" \/>\n<meta property=\"article:published_time\" content=\"2025-05-20T20:25:00+00:00\" \/>\n<meta property=\"article:modified_time\" content=\"2025-06-05T20:26:10+00:00\" \/>\n<meta property=\"og:image\" content=\"https:\/\/www.panvel.com\/blog\/wp-content\/uploads\/2025\/06\/666.jpg\" \/>\n\t<meta property=\"og:image:width\" content=\"739\" \/>\n\t<meta property=\"og:image:height\" content=\"416\" \/>\n\t<meta property=\"og:image:type\" content=\"image\/jpeg\" \/>\n<meta name=\"author\" content=\"Equipe Panvel\" \/>\n<meta name=\"twitter:card\" content=\"summary_large_image\" \/>\n<meta name=\"twitter:label1\" content=\"Escrito por\" \/>\n\t<meta name=\"twitter:data1\" content=\"Equipe Panvel\" \/>\n\t<meta name=\"twitter:label2\" content=\"Est. tempo de leitura\" \/>\n\t<meta name=\"twitter:data2\" content=\"3 minutos\" \/>\n<script type=\"application\/ld+json\" class=\"yoast-schema-graph\">{\"@context\":\"https:\/\/schema.org\",\"@graph\":[{\"@type\":\"Article\",\"@id\":\"https:\/\/www.panvel.com\/blog\/dicas-de-saude\/malaria-cuidados-e-tratamento\/#article\",\"isPartOf\":{\"@id\":\"https:\/\/www.panvel.com\/blog\/dicas-de-saude\/malaria-cuidados-e-tratamento\/\"},\"author\":{\"name\":\"Equipe Panvel\",\"@id\":\"https:\/\/www.panvel.com\/blog\/#\/schema\/person\/79f5c113f9621ed83897942f6e7501e3\"},\"headline\":\"Mal\u00e1ria: o que voc\u00ea precisa saber sobre essa doen\u00e7a ainda presente no Brasil\",\"datePublished\":\"2025-05-20T20:25:00+00:00\",\"dateModified\":\"2025-06-05T20:26:10+00:00\",\"mainEntityOfPage\":{\"@id\":\"https:\/\/www.panvel.com\/blog\/dicas-de-saude\/malaria-cuidados-e-tratamento\/\"},\"wordCount\":626,\"commentCount\":0,\"publisher\":{\"@id\":\"https:\/\/www.panvel.com\/blog\/#organization\"},\"keywords\":[\"Cuidados com a sa\u00fade\",\"Mal\u00e1ria\",\"saude\",\"sa\u00fade\",\"sintomas mal\u00e1ria\",\"tratamento mal\u00e1ria\"],\"articleSection\":[\"Rotina de Sa\u00fade\"],\"inLanguage\":\"pt-BR\",\"potentialAction\":[{\"@type\":\"CommentAction\",\"name\":\"Comment\",\"target\":[\"https:\/\/www.panvel.com\/blog\/dicas-de-saude\/malaria-cuidados-e-tratamento\/#respond\"]}]},{\"@type\":\"WebPage\",\"@id\":\"https:\/\/www.panvel.com\/blog\/dicas-de-saude\/malaria-cuidados-e-tratamento\/\",\"url\":\"https:\/\/www.panvel.com\/blog\/dicas-de-saude\/malaria-cuidados-e-tratamento\/\",\"name\":\"Mal\u00e1ria: conhe\u00e7a os riscos, sintomas e formas de preven\u00e7\u00e3o\",\"isPartOf\":{\"@id\":\"https:\/\/www.panvel.com\/blog\/#website\"},\"datePublished\":\"2025-05-20T20:25:00+00:00\",\"dateModified\":\"2025-06-05T20:26:10+00:00\",\"description\":\"A mal\u00e1ria \u00e9 trat\u00e1vel e preven\u00edvel \u2014 conhecer os sintomas e formas de prote\u00e7\u00e3o pode fazer toda a diferen\u00e7a. | Leia mais no Blog Panvel.\",\"breadcrumb\":{\"@id\":\"https:\/\/www.panvel.com\/blog\/dicas-de-saude\/malaria-cuidados-e-tratamento\/#breadcrumb\"},\"inLanguage\":\"pt-BR\",\"potentialAction\":[{\"@type\":\"ReadAction\",\"target\":[\"https:\/\/www.panvel.com\/blog\/dicas-de-saude\/malaria-cuidados-e-tratamento\/\"]}]},{\"@type\":\"BreadcrumbList\",\"@id\":\"https:\/\/www.panvel.com\/blog\/dicas-de-saude\/malaria-cuidados-e-tratamento\/#breadcrumb\",\"itemListElement\":[{\"@type\":\"ListItem\",\"position\":1,\"name\":\"Home\",\"item\":\"https:\/\/www.panvel.com\/blog\/\"},{\"@type\":\"ListItem\",\"position\":2,\"name\":\"Rotina de Sa\u00fade\",\"item\":\"https:\/\/www.panvel.com\/blog\/dicas-de-saude\/\"},{\"@type\":\"ListItem\",\"position\":3,\"name\":\"Mal\u00e1ria: o que voc\u00ea precisa saber sobre essa doen\u00e7a ainda presente no Brasil\"}]},{\"@type\":\"WebSite\",\"@id\":\"https:\/\/www.panvel.com\/blog\/#website\",\"url\":\"https:\/\/www.panvel.com\/blog\/\",\"name\":\"Blog Bem Panvel\",\"description\":\"Aqui voc\u00ea encontra conte\u00fados e dicas de sa\u00fade, beleza, bem-estar e muito mais.\",\"publisher\":{\"@id\":\"https:\/\/www.panvel.com\/blog\/#organization\"},\"potentialAction\":[{\"@type\":\"SearchAction\",\"target\":{\"@type\":\"EntryPoint\",\"urlTemplate\":\"https:\/\/www.panvel.com\/blog\/?s={search_term_string}\"},\"query-input\":\"required name=search_term_string\"}],\"inLanguage\":\"pt-BR\"},{\"@type\":\"Organization\",\"@id\":\"https:\/\/www.panvel.com\/blog\/#organization\",\"name\":\"Panvel Farm\u00e1cias\",\"url\":\"https:\/\/www.panvel.com\/blog\/\",\"logo\":{\"@type\":\"ImageObject\",\"inLanguage\":\"pt-BR\",\"@id\":\"https:\/\/www.panvel.com\/blog\/#\/schema\/logo\/image\/\",\"url\":\"https:\/\/www.panvel.com\/blog\/wp-content\/uploads\/2020\/10\/logo.png\",\"contentUrl\":\"https:\/\/www.panvel.com\/blog\/wp-content\/uploads\/2020\/10\/logo.png\",\"width\":402,\"height\":53,\"caption\":\"Panvel Farm\u00e1cias\"},\"image\":{\"@id\":\"https:\/\/www.panvel.com\/blog\/#\/schema\/logo\/image\/\"}},{\"@type\":\"Person\",\"@id\":\"https:\/\/www.panvel.com\/blog\/#\/schema\/person\/79f5c113f9621ed83897942f6e7501e3\",\"name\":\"Equipe Panvel\",\"image\":{\"@type\":\"ImageObject\",\"inLanguage\":\"pt-BR\",\"@id\":\"https:\/\/www.panvel.com\/blog\/#\/schema\/person\/image\/\",\"url\":\"https:\/\/www.panvel.com\/blog\/wp-content\/uploads\/2022\/09\/blog-panvel-1.jpg\",\"contentUrl\":\"https:\/\/www.panvel.com\/blog\/wp-content\/uploads\/2022\/09\/blog-panvel-1.jpg\",\"caption\":\"Equipe Panvel\"},\"description\":\"O Blog Bem Panvel conta com uma equipe formada por especialistas e traz para seus leitores conte\u00fados relevantes e de qualidade sobre sa\u00fade, beleza e bem-estar.\",\"url\":\"https:\/\/www.panvel.com\/blog\/author\/dimedmkt\/\"}]}<\/script>\n<!-- \/ Yoast SEO plugin. -->","yoast_head_json":{"title":"Mal\u00e1ria: conhe\u00e7a os riscos, sintomas e formas de preven\u00e7\u00e3o","description":"A mal\u00e1ria \u00e9 trat\u00e1vel e preven\u00edvel \u2014 conhecer os sintomas e formas de prote\u00e7\u00e3o pode fazer toda a diferen\u00e7a. | Leia mais no Blog Panvel.","robots":{"index":"index","follow":"follow","max-snippet":"max-snippet:-1","max-image-preview":"max-image-preview:large","max-video-preview":"max-video-preview:-1"},"canonical":"https:\/\/www.panvel.com\/blog\/dicas-de-saude\/malaria-cuidados-e-tratamento\/","og_locale":"pt_BR","og_type":"article","og_title":"Mal\u00e1ria: conhe\u00e7a os riscos, sintomas e formas de preven\u00e7\u00e3o","og_description":"A mal\u00e1ria \u00e9 trat\u00e1vel e preven\u00edvel \u2014 conhecer os sintomas e formas de prote\u00e7\u00e3o pode fazer toda a diferen\u00e7a. | Leia mais no Blog Panvel.","og_url":"https:\/\/www.panvel.com\/blog\/dicas-de-saude\/malaria-cuidados-e-tratamento\/","og_site_name":"Blog Bem Panvel","article_published_time":"2025-05-20T20:25:00+00:00","article_modified_time":"2025-06-05T20:26:10+00:00","og_image":[{"width":739,"height":416,"url":"https:\/\/www.panvel.com\/blog\/wp-content\/uploads\/2025\/06\/666.jpg","type":"image\/jpeg"}],"author":"Equipe Panvel","twitter_card":"summary_large_image","twitter_misc":{"Escrito por":"Equipe Panvel","Est. tempo de leitura":"3 minutos"},"schema":{"@context":"https:\/\/schema.org","@graph":[{"@type":"Article","@id":"https:\/\/www.panvel.com\/blog\/dicas-de-saude\/malaria-cuidados-e-tratamento\/#article","isPartOf":{"@id":"https:\/\/www.panvel.com\/blog\/dicas-de-saude\/malaria-cuidados-e-tratamento\/"},"author":{"name":"Equipe Panvel","@id":"https:\/\/www.panvel.com\/blog\/#\/schema\/person\/79f5c113f9621ed83897942f6e7501e3"},"headline":"Mal\u00e1ria: o que voc\u00ea precisa saber sobre essa doen\u00e7a ainda presente no Brasil","datePublished":"2025-05-20T20:25:00+00:00","dateModified":"2025-06-05T20:26:10+00:00","mainEntityOfPage":{"@id":"https:\/\/www.panvel.com\/blog\/dicas-de-saude\/malaria-cuidados-e-tratamento\/"},"wordCount":626,"commentCount":0,"publisher":{"@id":"https:\/\/www.panvel.com\/blog\/#organization"},"keywords":["Cuidados com a sa\u00fade","Mal\u00e1ria","saude","sa\u00fade","sintomas mal\u00e1ria","tratamento mal\u00e1ria"],"articleSection":["Rotina de Sa\u00fade"],"inLanguage":"pt-BR","potentialAction":[{"@type":"CommentAction","name":"Comment","target":["https:\/\/www.panvel.com\/blog\/dicas-de-saude\/malaria-cuidados-e-tratamento\/#respond"]}]},{"@type":"WebPage","@id":"https:\/\/www.panvel.com\/blog\/dicas-de-saude\/malaria-cuidados-e-tratamento\/","url":"https:\/\/www.panvel.com\/blog\/dicas-de-saude\/malaria-cuidados-e-tratamento\/","name":"Mal\u00e1ria: conhe\u00e7a os riscos, sintomas e formas de preven\u00e7\u00e3o","isPartOf":{"@id":"https:\/\/www.panvel.com\/blog\/#website"},"datePublished":"2025-05-20T20:25:00+00:00","dateModified":"2025-06-05T20:26:10+00:00","description":"A mal\u00e1ria \u00e9 trat\u00e1vel e preven\u00edvel \u2014 conhecer os sintomas e formas de prote\u00e7\u00e3o pode fazer toda a diferen\u00e7a. | Leia mais no Blog Panvel.","breadcrumb":{"@id":"https:\/\/www.panvel.com\/blog\/dicas-de-saude\/malaria-cuidados-e-tratamento\/#breadcrumb"},"inLanguage":"pt-BR","potentialAction":[{"@type":"ReadAction","target":["https:\/\/www.panvel.com\/blog\/dicas-de-saude\/malaria-cuidados-e-tratamento\/"]}]},{"@type":"BreadcrumbList","@id":"https:\/\/www.panvel.com\/blog\/dicas-de-saude\/malaria-cuidados-e-tratamento\/#breadcrumb","itemListElement":[{"@type":"ListItem","position":1,"name":"Home","item":"https:\/\/www.panvel.com\/blog\/"},{"@type":"ListItem","position":2,"name":"Rotina de Sa\u00fade","item":"https:\/\/www.panvel.com\/blog\/dicas-de-saude\/"},{"@type":"ListItem","position":3,"name":"Mal\u00e1ria: o que voc\u00ea precisa saber sobre essa doen\u00e7a ainda presente no Brasil"}]},{"@type":"WebSite","@id":"https:\/\/www.panvel.com\/blog\/#website","url":"https:\/\/www.panvel.com\/blog\/","name":"Blog Bem Panvel","description":"Aqui voc\u00ea encontra conte\u00fados e dicas de sa\u00fade, beleza, bem-estar e muito mais.","publisher":{"@id":"https:\/\/www.panvel.com\/blog\/#organization"},"potentialAction":[{"@type":"SearchAction","target":{"@type":"EntryPoint","urlTemplate":"https:\/\/www.panvel.com\/blog\/?s={search_term_string}"},"query-input":"required name=search_term_string"}],"inLanguage":"pt-BR"},{"@type":"Organization","@id":"https:\/\/www.panvel.com\/blog\/#organization","name":"Panvel Farm\u00e1cias","url":"https:\/\/www.panvel.com\/blog\/","logo":{"@type":"ImageObject","inLanguage":"pt-BR","@id":"https:\/\/www.panvel.com\/blog\/#\/schema\/logo\/image\/","url":"https:\/\/www.panvel.com\/blog\/wp-content\/uploads\/2020\/10\/logo.png","contentUrl":"https:\/\/www.panvel.com\/blog\/wp-content\/uploads\/2020\/10\/logo.png","width":402,"height":53,"caption":"Panvel Farm\u00e1cias"},"image":{"@id":"https:\/\/www.panvel.com\/blog\/#\/schema\/logo\/image\/"}},{"@type":"Person","@id":"https:\/\/www.panvel.com\/blog\/#\/schema\/person\/79f5c113f9621ed83897942f6e7501e3","name":"Equipe Panvel","image":{"@type":"ImageObject","inLanguage":"pt-BR","@id":"https:\/\/www.panvel.com\/blog\/#\/schema\/person\/image\/","url":"https:\/\/www.panvel.com\/blog\/wp-content\/uploads\/2022\/09\/blog-panvel-1.jpg","contentUrl":"https:\/\/www.panvel.com\/blog\/wp-content\/uploads\/2022\/09\/blog-panvel-1.jpg","caption":"Equipe Panvel"},"description":"O Blog Bem Panvel conta com uma equipe formada por especialistas e traz para seus leitores conte\u00fados relevantes e de qualidade sobre sa\u00fade, beleza e bem-estar.","url":"https:\/\/www.panvel.com\/blog\/author\/dimedmkt\/"}]}},"_links":{"self":[{"href":"https:\/\/www.panvel.com\/blog\/wp-json\/wp\/v2\/posts\/10314"}],"collection":[{"href":"https:\/\/www.panvel.com\/blog\/wp-json\/wp\/v2\/posts"}],"about":[{"href":"https:\/\/www.panvel.com\/blog\/wp-json\/wp\/v2\/types\/post"}],"author":[{"embeddable":true,"href":"https:\/\/www.panvel.com\/blog\/wp-json\/wp\/v2\/users\/3"}],"replies":[{"embeddable":true,"href":"https:\/\/www.panvel.com\/blog\/wp-json\/wp\/v2\/comments?post=10314"}],"version-history":[{"count":2,"href":"https:\/\/www.panvel.com\/blog\/wp-json\/wp\/v2\/posts\/10314\/revisions"}],"predecessor-version":[{"id":10319,"href":"https:\/\/www.panvel.com\/blog\/wp-json\/wp\/v2\/posts\/10314\/revisions\/10319"}],"wp:featuredmedia":[{"embeddable":true,"href":"https:\/\/www.panvel.com\/blog\/wp-json\/wp\/v2\/media\/10426"}],"wp:attachment":[{"href":"https:\/\/www.panvel.com\/blog\/wp-json\/wp\/v2\/media?parent=10314"}],"wp:term":[{"taxonomy":"category","embeddable":true,"href":"https:\/\/www.panvel.com\/blog\/wp-json\/wp\/v2\/categories?post=10314"},{"taxonomy":"post_tag","embeddable":true,"href":"https:\/\/www.panvel.com\/blog\/wp-json\/wp\/v2\/tags?post=10314"},{"taxonomy":"sponsor","embeddable":true,"href":"https:\/\/www.panvel.com\/blog\/wp-json\/wp\/v2\/sponsor?post=10314"}],"curies":[{"name":"wp","href":"https:\/\/api.w.org\/{rel}","templated":true}]}}