{"id":10310,"date":"2025-05-09T16:47:33","date_gmt":"2025-05-09T19:47:33","guid":{"rendered":"https:\/\/www.panvel.com\/blog\/?p=10310"},"modified":"2025-05-09T16:47:34","modified_gmt":"2025-05-09T19:47:34","slug":"meningite-importancia-da-vacinacao","status":"publish","type":"post","link":"https:\/\/www.panvel.com\/blog\/dicas-de-saude\/meningite-importancia-da-vacinacao\/","title":{"rendered":"Meningite: o que \u00e9, como se prevenir e por que a vacina\u00e7\u00e3o \u00e9 essencial"},"content":{"rendered":"\n<p><\/p>\n\n\n\n<p>A meningite \u00e9 uma inflama\u00e7\u00e3o das meninges \u2014 as membranas que envolvem o c\u00e9rebro e a medula espinhal \u2014 e pode ser causada por v\u00edrus, bact\u00e9rias, fungos ou outros microrganismos. Trata-se de uma doen\u00e7a grave que pode evoluir rapidamente e deixar sequelas permanentes ou at\u00e9 levar \u00e0 morte. Por isso, informa\u00e7\u00e3o e preven\u00e7\u00e3o s\u00e3o fundamentais para combater esse problema de sa\u00fade p\u00fablica.<\/p>\n\n\n\n<h2 class=\"wp-block-heading\"><strong>Tipos e causas da meningite<\/strong><\/h2>\n\n\n\n<p><\/p>\n\n\n\n<h3 class=\"wp-block-heading\">Os casos mais comuns de meningite s\u00e3o:<\/h3>\n\n\n\n<ul>\n<li><strong>Meningites virais<\/strong>: geralmente s\u00e3o menos graves, com boa recupera\u00e7\u00e3o e raramente deixam sequelas.<\/li>\n\n\n\n<li><strong>Meningites bacterianas<\/strong>: causadas por bact\u00e9rias como o meningococo, o <em>&nbsp;<\/em>pneumococo e o <em>Haemophilus influenzae<\/em> tipo B (Hib), s\u00e3o altamente perigosas e exigem tratamento imediato.<\/li>\n<\/ul>\n\n\n\n<h2 class=\"wp-block-heading\"><strong>Como a meningite \u00e9 transmitida?<\/strong><\/h2>\n\n\n\n<p><\/p>\n\n\n\n<p>A transmiss\u00e3o ocorre por meio do contato com secre\u00e7\u00f5es respirat\u00f3rias de pessoas infectadas, como got\u00edculas de saliva, espirros, tosse ou beijo. Ambientes fechados e aglomera\u00e7\u00f5es facilitam a dissemina\u00e7\u00e3o do agente causador. Por isso, surtos s\u00e3o mais frequentes em creches, escolas, alojamentos estudantis e outros espa\u00e7os coletivos.<\/p>\n\n\n\n<h2 class=\"wp-block-heading\"><strong>Sintomas: aten\u00e7\u00e3o aos sinais<\/strong><\/h2>\n\n\n\n<p><\/p>\n\n\n\n<p>Os sintomas da meningite podem variar conforme a idade da pessoa e o agente causador, mas \u00e9 importante ficar atento aos seguintes sinais:<\/p>\n\n\n\n<ul>\n<li>Febre alta repentina<\/li>\n\n\n\n<li>Dor de cabe\u00e7a intensa<\/li>\n\n\n\n<li>Rigidez na nuca<\/li>\n\n\n\n<li>V\u00f4mitos<\/li>\n\n\n\n<li>Sensibilidade \u00e0 luz (fotofobia)<\/li>\n\n\n\n<li>Confus\u00e3o mental ou sonol\u00eancia<\/li>\n\n\n\n<li>Convuls\u00f5es<\/li>\n\n\n\n<li>Em crian\u00e7as pequenas: choro persistente, moleira inchada, recusa alimentar e irritabilidade<\/li>\n<\/ul>\n\n\n\n<p>Nos casos mais graves, a evolu\u00e7\u00e3o pode ser muito r\u00e1pida \u2014 por isso, ao identificar sintomas suspeitos, \u00e9 essencial procurar atendimento m\u00e9dico imediato.<\/p>\n\n\n\n<h2 class=\"wp-block-heading\"><strong>Preven\u00e7\u00e3o: atitudes que salvam vidas<\/strong><\/h2>\n\n\n\n<p><\/p>\n\n\n\n<p>A principal forma de preven\u00e7\u00e3o da meningite bacteriana \u00e9 a vacina\u00e7\u00e3o. Conhe\u00e7a as vacinas que protegem contra os principais agentes bacterianos. E lembre-se que no Panvel Clinic voc\u00ea se vacina contra a meningite em salas c\u00f4modas e reservadas, com flexibilidade de hor\u00e1rios e farmac\u00eauticos especializados:<\/p>\n\n\n\n<ul>\n<li><strong>Vacina BCG<\/strong>: protege contra formas graves de tuberculose, incluindo meningite tuberculosa<\/li>\n\n\n\n<li><a href=\"https:\/\/www.panvel.com\/panvel\/vacina-pentavalente-infanrix-penta-gsk\/p-120398\"><strong>Vacina Pentavalente<\/strong><\/a>: protege contra o <em>Haemophilus influenzae<\/em> tipo B<\/li>\n\n\n\n<li><a href=\"https:\/\/www.panvel.com\/panvel\/vacina-pneumococica-10-synflorix-1-seringa-05ml-gsk-geladeira\/p-112216\"><strong>Vacina Pneumoc\u00f3cica 10-valente<\/strong><\/a>: protege contra o <em>Streptococcus pneumoniae<\/em><\/li>\n\n\n\n<li><strong>Vacina Meningoc\u00f3cica C conjugada<\/strong>: protege contra o <em>Neisseria meningitidis<\/em> do tipo C<\/li>\n\n\n\n<li><a href=\"https:\/\/www.panvel.com\/panvel\/vacina-meningite-acwy-nimenrix-pfizer\/p-833330\"><strong>Vacina Meningoc\u00f3cica ACWY e B<\/strong><\/a>: dispon\u00edveis em cl\u00ednicas privadas, como o Panvel Clinic, ampliam a prote\u00e7\u00e3o para outros tipos de meningococo<\/li>\n<\/ul>\n\n\n\n<p>Al\u00e9m da vacina\u00e7\u00e3o, algumas atitudes ajudam a evitar o cont\u00e1gio, como:<\/p>\n\n\n\n<ul>\n<li>Manter os ambientes ventilados<\/li>\n\n\n\n<li>Higienizar as m\u00e3os com frequ\u00eancia<\/li>\n\n\n\n<li>Evitar compartilhar objetos de uso pessoal<\/li>\n\n\n\n<li>Manter uma boa alimenta\u00e7\u00e3o para fortalecer a imunidade<\/li>\n<\/ul>\n\n\n\n<h2 class=\"wp-block-heading\"><strong>A import\u00e2ncia da vacina\u00e7\u00e3o<\/strong><\/h2>\n\n\n\n<p><\/p>\n\n\n\n<p>A vacina\u00e7\u00e3o \u00e9 uma das estrat\u00e9gias mais eficazes para controlar surtos e proteger a popula\u00e7\u00e3o, especialmente os grupos mais vulner\u00e1veis, como beb\u00eas, crian\u00e7as, adolescentes e idosos. Ao se vacinar, a pessoa n\u00e3o apenas se protege, mas tamb\u00e9m ajuda a reduzir a circula\u00e7\u00e3o dos microrganismos, contribuindo para a chamada imunidade coletiva.<\/p>\n\n\n\n<p>Infelizmente, nos \u00faltimos anos, o Brasil tem enfrentado uma queda nas coberturas vacinais, o que aumenta o risco do retorno de doen\u00e7as graves que estavam sob controle, como a meningite. Por isso, \u00e9 fundamental manter a caderneta de vacina\u00e7\u00e3o atualizada e incentivar a imuniza\u00e7\u00e3o em todas as faixas et\u00e1rias.A meningite \u00e9 uma doen\u00e7a grave, mas que pode ser evitada com atitudes simples e eficazes. Conhecer os sintomas, buscar atendimento r\u00e1pido e, principalmente, manter a vacina\u00e7\u00e3o em dia s\u00e3o passos essenciais para se proteger. A vacina\u00e7\u00e3o e a informa\u00e7\u00e3o s\u00e3o as melhores aliadas na preven\u00e7\u00e3o.\u00a0<\/p>\n\n\n\n<p><\/p>\n","protected":false},"excerpt":{"rendered":"<p>Doen\u00e7a pode evoluir rapidamente e deixar sequelas permanentes ou at\u00e9 levar \u00e0 morte.<\/p>\n","protected":false},"author":3,"featured_media":10311,"comment_status":"open","ping_status":"open","sticky":false,"template":"","format":"standard","meta":[],"categories":[5],"tags":[179,515,2831,520,2829,2830,2828],"sponsor":[],"acf":[],"yoast_head":"<!-- This site is optimized with the Yoast SEO plugin v20.7 - https:\/\/yoast.com\/wordpress\/plugins\/seo\/ -->\n<title>Meningite: preven\u00e7\u00e3o e import\u00e2ncia da vacina<\/title>\n<meta name=\"description\" content=\"Doen\u00e7a pode evoluir rapidamente e deixar sequelas permanentes ou at\u00e9 levar \u00e0 morte. | Leia mais no Blog Panvel.\" \/>\n<meta name=\"robots\" content=\"index, follow, max-snippet:-1, max-image-preview:large, max-video-preview:-1\" \/>\n<link rel=\"canonical\" href=\"https:\/\/www.panvel.com\/blog\/dicas-de-saude\/meningite-importancia-da-vacinacao\/\" \/>\n<meta property=\"og:locale\" content=\"pt_BR\" \/>\n<meta property=\"og:type\" content=\"article\" \/>\n<meta property=\"og:title\" content=\"Meningite: preven\u00e7\u00e3o e import\u00e2ncia da vacina\" \/>\n<meta property=\"og:description\" content=\"Doen\u00e7a pode evoluir rapidamente e deixar sequelas permanentes ou at\u00e9 levar \u00e0 morte. | Leia mais no Blog Panvel.\" \/>\n<meta property=\"og:url\" content=\"https:\/\/www.panvel.com\/blog\/dicas-de-saude\/meningite-importancia-da-vacinacao\/\" \/>\n<meta property=\"og:site_name\" content=\"Blog Bem Panvel\" \/>\n<meta property=\"article:published_time\" content=\"2025-05-09T19:47:33+00:00\" \/>\n<meta property=\"article:modified_time\" content=\"2025-05-09T19:47:34+00:00\" \/>\n<meta property=\"og:image\" content=\"https:\/\/www.panvel.com\/blog\/wp-content\/uploads\/2025\/05\/vacina-1024x496-1.jpg\" \/>\n\t<meta property=\"og:image:width\" content=\"1024\" \/>\n\t<meta property=\"og:image:height\" content=\"496\" \/>\n\t<meta property=\"og:image:type\" content=\"image\/jpeg\" \/>\n<meta name=\"author\" content=\"Equipe Panvel\" \/>\n<meta name=\"twitter:card\" content=\"summary_large_image\" \/>\n<meta name=\"twitter:label1\" content=\"Escrito por\" \/>\n\t<meta name=\"twitter:data1\" content=\"Equipe Panvel\" \/>\n\t<meta name=\"twitter:label2\" content=\"Est. tempo de leitura\" \/>\n\t<meta name=\"twitter:data2\" content=\"3 minutos\" \/>\n<script type=\"application\/ld+json\" class=\"yoast-schema-graph\">{\"@context\":\"https:\/\/schema.org\",\"@graph\":[{\"@type\":\"Article\",\"@id\":\"https:\/\/www.panvel.com\/blog\/dicas-de-saude\/meningite-importancia-da-vacinacao\/#article\",\"isPartOf\":{\"@id\":\"https:\/\/www.panvel.com\/blog\/dicas-de-saude\/meningite-importancia-da-vacinacao\/\"},\"author\":{\"name\":\"Equipe Panvel\",\"@id\":\"https:\/\/www.panvel.com\/blog\/#\/schema\/person\/79f5c113f9621ed83897942f6e7501e3\"},\"headline\":\"Meningite: o que \u00e9, como se prevenir e por que a vacina\u00e7\u00e3o \u00e9 essencial\",\"datePublished\":\"2025-05-09T19:47:33+00:00\",\"dateModified\":\"2025-05-09T19:47:34+00:00\",\"mainEntityOfPage\":{\"@id\":\"https:\/\/www.panvel.com\/blog\/dicas-de-saude\/meningite-importancia-da-vacinacao\/\"},\"wordCount\":613,\"commentCount\":0,\"publisher\":{\"@id\":\"https:\/\/www.panvel.com\/blog\/#organization\"},\"keywords\":[\"Cuidados com a sa\u00fade\",\"meningite\",\"meningite morte\",\"meningite preven\u00e7\u00e3o\",\"meningite problemas\",\"meningite sequelas\",\"meningite vacina\u00e7\u00e3o\"],\"articleSection\":[\"Rotina de Sa\u00fade\"],\"inLanguage\":\"pt-BR\",\"potentialAction\":[{\"@type\":\"CommentAction\",\"name\":\"Comment\",\"target\":[\"https:\/\/www.panvel.com\/blog\/dicas-de-saude\/meningite-importancia-da-vacinacao\/#respond\"]}]},{\"@type\":\"WebPage\",\"@id\":\"https:\/\/www.panvel.com\/blog\/dicas-de-saude\/meningite-importancia-da-vacinacao\/\",\"url\":\"https:\/\/www.panvel.com\/blog\/dicas-de-saude\/meningite-importancia-da-vacinacao\/\",\"name\":\"Meningite: preven\u00e7\u00e3o e import\u00e2ncia da vacina\",\"isPartOf\":{\"@id\":\"https:\/\/www.panvel.com\/blog\/#website\"},\"datePublished\":\"2025-05-09T19:47:33+00:00\",\"dateModified\":\"2025-05-09T19:47:34+00:00\",\"description\":\"Doen\u00e7a pode evoluir rapidamente e deixar sequelas permanentes ou at\u00e9 levar \u00e0 morte. | Leia mais no Blog Panvel.\",\"breadcrumb\":{\"@id\":\"https:\/\/www.panvel.com\/blog\/dicas-de-saude\/meningite-importancia-da-vacinacao\/#breadcrumb\"},\"inLanguage\":\"pt-BR\",\"potentialAction\":[{\"@type\":\"ReadAction\",\"target\":[\"https:\/\/www.panvel.com\/blog\/dicas-de-saude\/meningite-importancia-da-vacinacao\/\"]}]},{\"@type\":\"BreadcrumbList\",\"@id\":\"https:\/\/www.panvel.com\/blog\/dicas-de-saude\/meningite-importancia-da-vacinacao\/#breadcrumb\",\"itemListElement\":[{\"@type\":\"ListItem\",\"position\":1,\"name\":\"Home\",\"item\":\"https:\/\/www.panvel.com\/blog\/\"},{\"@type\":\"ListItem\",\"position\":2,\"name\":\"Rotina de Sa\u00fade\",\"item\":\"https:\/\/www.panvel.com\/blog\/dicas-de-saude\/\"},{\"@type\":\"ListItem\",\"position\":3,\"name\":\"Meningite: o que \u00e9, como se prevenir e por que a vacina\u00e7\u00e3o \u00e9 essencial\"}]},{\"@type\":\"WebSite\",\"@id\":\"https:\/\/www.panvel.com\/blog\/#website\",\"url\":\"https:\/\/www.panvel.com\/blog\/\",\"name\":\"Blog Bem Panvel\",\"description\":\"Aqui voc\u00ea encontra conte\u00fados e dicas de sa\u00fade, beleza, bem-estar e muito mais.\",\"publisher\":{\"@id\":\"https:\/\/www.panvel.com\/blog\/#organization\"},\"potentialAction\":[{\"@type\":\"SearchAction\",\"target\":{\"@type\":\"EntryPoint\",\"urlTemplate\":\"https:\/\/www.panvel.com\/blog\/?s={search_term_string}\"},\"query-input\":\"required name=search_term_string\"}],\"inLanguage\":\"pt-BR\"},{\"@type\":\"Organization\",\"@id\":\"https:\/\/www.panvel.com\/blog\/#organization\",\"name\":\"Panvel Farm\u00e1cias\",\"url\":\"https:\/\/www.panvel.com\/blog\/\",\"logo\":{\"@type\":\"ImageObject\",\"inLanguage\":\"pt-BR\",\"@id\":\"https:\/\/www.panvel.com\/blog\/#\/schema\/logo\/image\/\",\"url\":\"https:\/\/www.panvel.com\/blog\/wp-content\/uploads\/2020\/10\/logo.png\",\"contentUrl\":\"https:\/\/www.panvel.com\/blog\/wp-content\/uploads\/2020\/10\/logo.png\",\"width\":402,\"height\":53,\"caption\":\"Panvel Farm\u00e1cias\"},\"image\":{\"@id\":\"https:\/\/www.panvel.com\/blog\/#\/schema\/logo\/image\/\"}},{\"@type\":\"Person\",\"@id\":\"https:\/\/www.panvel.com\/blog\/#\/schema\/person\/79f5c113f9621ed83897942f6e7501e3\",\"name\":\"Equipe Panvel\",\"image\":{\"@type\":\"ImageObject\",\"inLanguage\":\"pt-BR\",\"@id\":\"https:\/\/www.panvel.com\/blog\/#\/schema\/person\/image\/\",\"url\":\"https:\/\/www.panvel.com\/blog\/wp-content\/uploads\/2022\/09\/blog-panvel-1.jpg\",\"contentUrl\":\"https:\/\/www.panvel.com\/blog\/wp-content\/uploads\/2022\/09\/blog-panvel-1.jpg\",\"caption\":\"Equipe Panvel\"},\"description\":\"O Blog Bem Panvel conta com uma equipe formada por especialistas e traz para seus leitores conte\u00fados relevantes e de qualidade sobre sa\u00fade, beleza e bem-estar.\",\"url\":\"https:\/\/www.panvel.com\/blog\/author\/dimedmkt\/\"}]}<\/script>\n<!-- \/ Yoast SEO plugin. -->","yoast_head_json":{"title":"Meningite: preven\u00e7\u00e3o e import\u00e2ncia da vacina","description":"Doen\u00e7a pode evoluir rapidamente e deixar sequelas permanentes ou at\u00e9 levar \u00e0 morte. | Leia mais no Blog Panvel.","robots":{"index":"index","follow":"follow","max-snippet":"max-snippet:-1","max-image-preview":"max-image-preview:large","max-video-preview":"max-video-preview:-1"},"canonical":"https:\/\/www.panvel.com\/blog\/dicas-de-saude\/meningite-importancia-da-vacinacao\/","og_locale":"pt_BR","og_type":"article","og_title":"Meningite: preven\u00e7\u00e3o e import\u00e2ncia da vacina","og_description":"Doen\u00e7a pode evoluir rapidamente e deixar sequelas permanentes ou at\u00e9 levar \u00e0 morte. | Leia mais no Blog Panvel.","og_url":"https:\/\/www.panvel.com\/blog\/dicas-de-saude\/meningite-importancia-da-vacinacao\/","og_site_name":"Blog Bem Panvel","article_published_time":"2025-05-09T19:47:33+00:00","article_modified_time":"2025-05-09T19:47:34+00:00","og_image":[{"width":1024,"height":496,"url":"https:\/\/www.panvel.com\/blog\/wp-content\/uploads\/2025\/05\/vacina-1024x496-1.jpg","type":"image\/jpeg"}],"author":"Equipe Panvel","twitter_card":"summary_large_image","twitter_misc":{"Escrito por":"Equipe Panvel","Est. tempo de leitura":"3 minutos"},"schema":{"@context":"https:\/\/schema.org","@graph":[{"@type":"Article","@id":"https:\/\/www.panvel.com\/blog\/dicas-de-saude\/meningite-importancia-da-vacinacao\/#article","isPartOf":{"@id":"https:\/\/www.panvel.com\/blog\/dicas-de-saude\/meningite-importancia-da-vacinacao\/"},"author":{"name":"Equipe Panvel","@id":"https:\/\/www.panvel.com\/blog\/#\/schema\/person\/79f5c113f9621ed83897942f6e7501e3"},"headline":"Meningite: o que \u00e9, como se prevenir e por que a vacina\u00e7\u00e3o \u00e9 essencial","datePublished":"2025-05-09T19:47:33+00:00","dateModified":"2025-05-09T19:47:34+00:00","mainEntityOfPage":{"@id":"https:\/\/www.panvel.com\/blog\/dicas-de-saude\/meningite-importancia-da-vacinacao\/"},"wordCount":613,"commentCount":0,"publisher":{"@id":"https:\/\/www.panvel.com\/blog\/#organization"},"keywords":["Cuidados com a sa\u00fade","meningite","meningite morte","meningite preven\u00e7\u00e3o","meningite problemas","meningite sequelas","meningite vacina\u00e7\u00e3o"],"articleSection":["Rotina de Sa\u00fade"],"inLanguage":"pt-BR","potentialAction":[{"@type":"CommentAction","name":"Comment","target":["https:\/\/www.panvel.com\/blog\/dicas-de-saude\/meningite-importancia-da-vacinacao\/#respond"]}]},{"@type":"WebPage","@id":"https:\/\/www.panvel.com\/blog\/dicas-de-saude\/meningite-importancia-da-vacinacao\/","url":"https:\/\/www.panvel.com\/blog\/dicas-de-saude\/meningite-importancia-da-vacinacao\/","name":"Meningite: preven\u00e7\u00e3o e import\u00e2ncia da vacina","isPartOf":{"@id":"https:\/\/www.panvel.com\/blog\/#website"},"datePublished":"2025-05-09T19:47:33+00:00","dateModified":"2025-05-09T19:47:34+00:00","description":"Doen\u00e7a pode evoluir rapidamente e deixar sequelas permanentes ou at\u00e9 levar \u00e0 morte. | Leia mais no Blog Panvel.","breadcrumb":{"@id":"https:\/\/www.panvel.com\/blog\/dicas-de-saude\/meningite-importancia-da-vacinacao\/#breadcrumb"},"inLanguage":"pt-BR","potentialAction":[{"@type":"ReadAction","target":["https:\/\/www.panvel.com\/blog\/dicas-de-saude\/meningite-importancia-da-vacinacao\/"]}]},{"@type":"BreadcrumbList","@id":"https:\/\/www.panvel.com\/blog\/dicas-de-saude\/meningite-importancia-da-vacinacao\/#breadcrumb","itemListElement":[{"@type":"ListItem","position":1,"name":"Home","item":"https:\/\/www.panvel.com\/blog\/"},{"@type":"ListItem","position":2,"name":"Rotina de Sa\u00fade","item":"https:\/\/www.panvel.com\/blog\/dicas-de-saude\/"},{"@type":"ListItem","position":3,"name":"Meningite: o que \u00e9, como se prevenir e por que a vacina\u00e7\u00e3o \u00e9 essencial"}]},{"@type":"WebSite","@id":"https:\/\/www.panvel.com\/blog\/#website","url":"https:\/\/www.panvel.com\/blog\/","name":"Blog Bem Panvel","description":"Aqui voc\u00ea encontra conte\u00fados e dicas de sa\u00fade, beleza, bem-estar e muito mais.","publisher":{"@id":"https:\/\/www.panvel.com\/blog\/#organization"},"potentialAction":[{"@type":"SearchAction","target":{"@type":"EntryPoint","urlTemplate":"https:\/\/www.panvel.com\/blog\/?s={search_term_string}"},"query-input":"required name=search_term_string"}],"inLanguage":"pt-BR"},{"@type":"Organization","@id":"https:\/\/www.panvel.com\/blog\/#organization","name":"Panvel Farm\u00e1cias","url":"https:\/\/www.panvel.com\/blog\/","logo":{"@type":"ImageObject","inLanguage":"pt-BR","@id":"https:\/\/www.panvel.com\/blog\/#\/schema\/logo\/image\/","url":"https:\/\/www.panvel.com\/blog\/wp-content\/uploads\/2020\/10\/logo.png","contentUrl":"https:\/\/www.panvel.com\/blog\/wp-content\/uploads\/2020\/10\/logo.png","width":402,"height":53,"caption":"Panvel Farm\u00e1cias"},"image":{"@id":"https:\/\/www.panvel.com\/blog\/#\/schema\/logo\/image\/"}},{"@type":"Person","@id":"https:\/\/www.panvel.com\/blog\/#\/schema\/person\/79f5c113f9621ed83897942f6e7501e3","name":"Equipe Panvel","image":{"@type":"ImageObject","inLanguage":"pt-BR","@id":"https:\/\/www.panvel.com\/blog\/#\/schema\/person\/image\/","url":"https:\/\/www.panvel.com\/blog\/wp-content\/uploads\/2022\/09\/blog-panvel-1.jpg","contentUrl":"https:\/\/www.panvel.com\/blog\/wp-content\/uploads\/2022\/09\/blog-panvel-1.jpg","caption":"Equipe Panvel"},"description":"O Blog Bem Panvel conta com uma equipe formada por especialistas e traz para seus leitores conte\u00fados relevantes e de qualidade sobre sa\u00fade, beleza e bem-estar.","url":"https:\/\/www.panvel.com\/blog\/author\/dimedmkt\/"}]}},"_links":{"self":[{"href":"https:\/\/www.panvel.com\/blog\/wp-json\/wp\/v2\/posts\/10310"}],"collection":[{"href":"https:\/\/www.panvel.com\/blog\/wp-json\/wp\/v2\/posts"}],"about":[{"href":"https:\/\/www.panvel.com\/blog\/wp-json\/wp\/v2\/types\/post"}],"author":[{"embeddable":true,"href":"https:\/\/www.panvel.com\/blog\/wp-json\/wp\/v2\/users\/3"}],"replies":[{"embeddable":true,"href":"https:\/\/www.panvel.com\/blog\/wp-json\/wp\/v2\/comments?post=10310"}],"version-history":[{"count":1,"href":"https:\/\/www.panvel.com\/blog\/wp-json\/wp\/v2\/posts\/10310\/revisions"}],"predecessor-version":[{"id":10312,"href":"https:\/\/www.panvel.com\/blog\/wp-json\/wp\/v2\/posts\/10310\/revisions\/10312"}],"wp:featuredmedia":[{"embeddable":true,"href":"https:\/\/www.panvel.com\/blog\/wp-json\/wp\/v2\/media\/10311"}],"wp:attachment":[{"href":"https:\/\/www.panvel.com\/blog\/wp-json\/wp\/v2\/media?parent=10310"}],"wp:term":[{"taxonomy":"category","embeddable":true,"href":"https:\/\/www.panvel.com\/blog\/wp-json\/wp\/v2\/categories?post=10310"},{"taxonomy":"post_tag","embeddable":true,"href":"https:\/\/www.panvel.com\/blog\/wp-json\/wp\/v2\/tags?post=10310"},{"taxonomy":"sponsor","embeddable":true,"href":"https:\/\/www.panvel.com\/blog\/wp-json\/wp\/v2\/sponsor?post=10310"}],"curies":[{"name":"wp","href":"https:\/\/api.w.org\/{rel}","templated":true}]}}