{"id":10178,"date":"2025-04-08T17:24:01","date_gmt":"2025-04-08T20:24:01","guid":{"rendered":"https:\/\/www.panvel.com\/blog\/?p=10178"},"modified":"2025-04-08T17:24:03","modified_gmt":"2025-04-08T20:24:03","slug":"doenca-de-parkinson-sintomas-tratamentos-e-prevencao","status":"publish","type":"post","link":"https:\/\/www.panvel.com\/blog\/dicas-de-saude\/doenca-de-parkinson-sintomas-tratamentos-e-prevencao\/","title":{"rendered":"Doen\u00e7a de Parkinson: sintomas, tratamentos e preven\u00e7\u00e3o"},"content":{"rendered":"\n<p><\/p>\n\n\n\n<p>A Doen\u00e7a de Parkinson \u00e9 uma doen\u00e7a neurodegenerativa, progressiva e incapacitante, principalmente se n\u00e3o tratada adequadamente. Sua incid\u00eancia vem aumentando nas \u00faltimas d\u00e9cadas, sobretudo nos pacientes mais idosos, a partir dos 65 anos.<\/p>\n\n\n\n<p>Ela \u00e9 causada pelo ac\u00famulo anormal da prote\u00edna alfa-sinucle\u00edna nas c\u00e9lulas. Em excesso, essa subst\u00e2ncia se torna t\u00f3xica, gerando processos danosos progressivos com o passar do tempo. \u201cA degenera\u00e7\u00e3o dos neur\u00f4nios na subst\u00e2ncia negra do c\u00e9rebro, causado pelo ac\u00famulo de alfa-sinucle\u00edna, leva \u00e0 diminui\u00e7\u00e3o da produ\u00e7\u00e3o de dopamina, neurotransmissor que est\u00e1 em falta nesta doen\u00e7a. Basicamente, queiramos ou n\u00e3o, a doen\u00e7a vai evoluir, invariavelmente\u201d, explica o <a href=\"https:\/\/www.instagram.com\/drvitorpicancoo\/\">neurologista Vitor Pican\u00e7o<\/a>.<\/p>\n\n\n\n<h3 class=\"wp-block-heading\"><strong>Sintomas da Doen\u00e7a de Parkinson<\/strong><\/h3>\n\n\n\n<p><\/p>\n\n\n\n<p>Os sintomas da doen\u00e7a de Parkinson geralmente se desenvolvem de forma gradual e podem variar de pessoa para pessoa. Os principais sinais e sintomas incluem:<\/p>\n\n\n\n<ul>\n<li><strong>Tremores de repouso<\/strong>: movimentos involunt\u00e1rios, na forma de tremor, que ocorrem quando o paciente est\u00e1 em posi\u00e7\u00e3o de repouso com seu membro.<\/li>\n\n\n\n<li><strong>Bradicinesia<\/strong>: lentid\u00e3o de movimentos, o paciente se torna menos \u00e1gil.<\/li>\n\n\n\n<li><strong>Rigidez muscular<\/strong>: aumento do t\u00f4nus muscular, gerando aquela sensa\u00e7\u00e3o de travamento e dificuldade na movimenta\u00e7\u00e3o.<\/li>\n\n\n\n<li><strong>Instabilidade postural<\/strong>: dificuldade em manter o equil\u00edbrio, aumentando o risco de quedas.<\/li>\n<\/ul>\n\n\n\n<p>\"\u00c9 importante lembrar que o tremor n\u00e3o \u00e9 o principal sintoma da doen\u00e7a de Parkinson. Ele pode estar ausente em at\u00e9 20% dos casos. O sinal indispens\u00e1vel \u00e9 a bradicinesia, que pode estar associada ao tremor e\/ou rigidez. Esta \u00e9 a tr\u00edade principal da doen\u00e7a\", explica o neurologista.<\/p>\n\n\n\n<p>Outros sintomas motores s\u00e3o a perda da express\u00e3o facial e a dificuldade na articula\u00e7\u00e3o da fala e na degluti\u00e7\u00e3o. Al\u00e9m disso, h\u00e1 sintomas n\u00e3o motores, como dificuldade para evacuar diariamente, altera\u00e7\u00e3o do olfato, dist\u00farbios do sono, depress\u00e3o, ansiedade, dor, altera\u00e7\u00e3o cognitiva, sintomas urin\u00e1rios de incontin\u00eancia, disfun\u00e7\u00e3o sexual e saliva\u00e7\u00e3o excessiva, entre outros.<\/p>\n\n\n\n<p>\u201cSintomas como dificuldade para evacuar, altera\u00e7\u00e3o de olfato e dist\u00farbio comportamental do sono REM, podem estar presentes antes mesmo dos sintomas motores surgirem, at\u00e9 10 anos antes\u201d, ressalta o m\u00e9dico.<\/p>\n\n\n\n<h3 class=\"wp-block-heading\"><strong>Tratamento da doen\u00e7a de Parkinson<\/strong><\/h3>\n\n\n\n<p><\/p>\n\n\n\n<p>Embora n\u00e3o haja cura para a doen\u00e7a de Parkinson, existem diversas abordagens terap\u00eauticas que visam controlar os sintomas e melhorar a qualidade de vida dos pacientes. A principal terapia, desde a d\u00e9cada de 70, \u00e9 a levodopa. Conhe\u00e7a<\/p>\n\n\n\n<ul>\n<li><strong>Medicamentos<\/strong>: o tratamento farmacol\u00f3gico \u00e9 a base do manejo sintom\u00e1tico, sendo a levodopa a principal medica\u00e7\u00e3o, por\u00e9m temos outros, podemos citar alguns: pramipexol, entacapone, rasagilina, safinamida, clozapina e amantadina. A combina\u00e7\u00e3o que ser\u00e1 utilizada depende de cada caso.<br><\/li>\n\n\n\n<li><strong>Fisioterapia e exerc\u00edcios f\u00edsicos<\/strong>: a pr\u00e1tica regular de atividades f\u00edsicas \u00e9 fundamental no manejo da doen\u00e7a de Parkinson. Exerc\u00edcios que melhoram a flexibilidade, for\u00e7a e equil\u00edbrio auxiliam na manuten\u00e7\u00e3o da mobilidade e na preven\u00e7\u00e3o de complica\u00e7\u00f5es.<br><\/li>\n\n\n\n<li><strong>Terapias complementares<\/strong>: al\u00e9m da fisioterapia, outras interven\u00e7\u00f5es, como fonoaudiologia e terapia ocupacional, podem ser ben\u00e9ficas para tratar dificuldades na fala, degluti\u00e7\u00e3o e realiza\u00e7\u00e3o de atividades di\u00e1rias.<br><\/li>\n\n\n\n<li><strong>Cirurgia<\/strong>: em casos selecionados, quando os sintomas n\u00e3o s\u00e3o adequadamente controlados com medicamentos, a estimula\u00e7\u00e3o cerebral profunda (DBS) pode ser considerada. Este procedimento envolve a implanta\u00e7\u00e3o de eletrodos em \u00e1reas espec\u00edficas do c\u00e9rebro para modular a atividade neuronal e aliviar os sintomas motores.<\/li>\n<\/ul>\n\n\n\n<p>\"O tratamento \u00e9 individualizado e deve ser ajustado ao longo do tempo. Em muitos casos, conseguimos proporcionar uma boa qualidade de vida ao paciente com a combina\u00e7\u00e3o certa de medicamentos e terapias complementares\", afirma o neurologista.<\/p>\n\n\n\n<h3 class=\"wp-block-heading\"><strong>Preven\u00e7\u00e3o da doen\u00e7a de Parkinson<\/strong><\/h3>\n\n\n\n<p><\/p>\n\n\n\n<p>Embora n\u00e3o exista uma forma comprovada de prevenir a doen\u00e7a de Parkinson, a ado\u00e7\u00e3o de um estilo de vida saud\u00e1vel pode reduzir o risco de desenvolvimento da doen\u00e7a. Recomenda-se:<\/p>\n\n\n\n<ul>\n<li>Pr\u00e1tica regular de atividades f\u00edsicas<\/li>\n\n\n\n<li>Manuten\u00e7\u00e3o de uma dieta equilibrada, especialmente a dieta mediterr\u00e2nea<\/li>\n\n\n\n<li>Sono de qualidade<\/li>\n\n\n\n<li>Controle de fatores de riscos cardiovasculares.<\/li>\n<\/ul>\n\n\n\n<p>\u201cEmbora o tabagismo, conforme a literatura nos informa, funcione como um fator protetor, n\u00e3o \u00e9 orientado que o paciente fume, visto os outros danos importantes causados pela pr\u00e1tica\u201d, explica Pican\u00e7o.<\/p>\n\n\n\n<p>\u00c9 importante destacar que, diante de sintomas sugestivos da doen\u00e7a de Parkinson, \u00e9 essencial procurar um neurologista para avalia\u00e7\u00e3o e diagn\u00f3stico precisos. O acompanhamento m\u00e9dico adequado permite a implementa\u00e7\u00e3o de estrat\u00e9gias terap\u00eauticas personalizadas, visando o bem-estar e a qualidade de vida do paciente.<\/p>\n\n\n<div class=\"wp-block-image\">\n<figure class=\"alignleft size-full is-resized\"><img decoding=\"async\" loading=\"lazy\" src=\"https:\/\/www.panvel.com\/blog\/wp-content\/uploads\/2025\/04\/doutorVitor.jpg\" alt=\"\" class=\"wp-image-10179\" width=\"290\" height=\"290\" srcset=\"https:\/\/www.panvel.com\/blog\/wp-content\/uploads\/2025\/04\/doutorVitor.jpg 640w, https:\/\/www.panvel.com\/blog\/wp-content\/uploads\/2025\/04\/doutorVitor-300x300.jpg 300w, https:\/\/www.panvel.com\/blog\/wp-content\/uploads\/2025\/04\/doutorVitor-150x150.jpg 150w\" sizes=\"(max-width: 290px) 100vw, 290px\" \/><\/figure><\/div>\n\n\n<p>Dr. Vitor Pican\u00e7o<\/p>\n\n\n\n<p><\/p>\n\n\n\n<p>M\u00e9dico neurologista, especialista em &nbsp;Dist\u00farbios do Movimento (D. Parkinson) e Cefaleia pelo Hospital de Cl\u00ednicas de Porto Alegre. Tamb\u00e9m \u00e9 membro do corpo cl\u00ednico da Santa Casa de Miseric\u00f3rdia de Porto Alegre.<\/p>\n\n\n\n<p><\/p>\n","protected":false},"excerpt":{"rendered":"<p>Conhe\u00e7a os avan\u00e7os no combate ao Parkinson e saiba como identificar os primeiros sinais.<\/p>\n","protected":false},"author":3,"featured_media":10186,"comment_status":"open","ping_status":"open","sticky":false,"template":"","format":"standard","meta":[],"categories":[5],"tags":[179,499,2785,2788,418,419,2787,2786],"sponsor":[],"acf":[],"yoast_head":"<!-- This site is optimized with the Yoast SEO plugin v20.7 - https:\/\/yoast.com\/wordpress\/plugins\/seo\/ -->\n<title>Doen\u00e7a de Parkinson: sintomas, tratamentos e preven\u00e7\u00e3o<\/title>\n<meta name=\"description\" content=\"Conhe\u00e7a os avan\u00e7os no combate ao Parkinson e saiba como identificar os primeiros sinais. | Leia mais no Blog Panvel.\" \/>\n<meta name=\"robots\" content=\"index, follow, max-snippet:-1, max-image-preview:large, max-video-preview:-1\" \/>\n<link rel=\"canonical\" href=\"https:\/\/www.panvel.com\/blog\/dicas-de-saude\/doenca-de-parkinson-sintomas-tratamentos-e-prevencao\/\" \/>\n<meta property=\"og:locale\" content=\"pt_BR\" \/>\n<meta property=\"og:type\" content=\"article\" \/>\n<meta property=\"og:title\" content=\"Doen\u00e7a de Parkinson: sintomas, tratamentos e preven\u00e7\u00e3o\" \/>\n<meta property=\"og:description\" content=\"Conhe\u00e7a os avan\u00e7os no combate ao Parkinson e saiba como identificar os primeiros sinais. | Leia mais no Blog Panvel.\" \/>\n<meta property=\"og:url\" content=\"https:\/\/www.panvel.com\/blog\/dicas-de-saude\/doenca-de-parkinson-sintomas-tratamentos-e-prevencao\/\" \/>\n<meta property=\"og:site_name\" content=\"Blog Bem Panvel\" \/>\n<meta property=\"article:published_time\" content=\"2025-04-08T20:24:01+00:00\" \/>\n<meta property=\"article:modified_time\" content=\"2025-04-08T20:24:03+00:00\" \/>\n<meta property=\"og:image\" content=\"https:\/\/www.panvel.com\/blog\/wp-content\/uploads\/2025\/04\/Blog-1024x496-mao-1.jpg\" \/>\n\t<meta property=\"og:image:width\" content=\"1024\" \/>\n\t<meta property=\"og:image:height\" content=\"496\" \/>\n\t<meta property=\"og:image:type\" content=\"image\/jpeg\" \/>\n<meta name=\"author\" content=\"Equipe Panvel\" \/>\n<meta name=\"twitter:card\" content=\"summary_large_image\" \/>\n<meta name=\"twitter:label1\" content=\"Escrito por\" \/>\n\t<meta name=\"twitter:data1\" content=\"Equipe Panvel\" \/>\n\t<meta name=\"twitter:label2\" content=\"Est. tempo de leitura\" \/>\n\t<meta name=\"twitter:data2\" content=\"5 minutos\" \/>\n<script type=\"application\/ld+json\" class=\"yoast-schema-graph\">{\"@context\":\"https:\/\/schema.org\",\"@graph\":[{\"@type\":\"Article\",\"@id\":\"https:\/\/www.panvel.com\/blog\/dicas-de-saude\/doenca-de-parkinson-sintomas-tratamentos-e-prevencao\/#article\",\"isPartOf\":{\"@id\":\"https:\/\/www.panvel.com\/blog\/dicas-de-saude\/doenca-de-parkinson-sintomas-tratamentos-e-prevencao\/\"},\"author\":{\"name\":\"Equipe Panvel\",\"@id\":\"https:\/\/www.panvel.com\/blog\/#\/schema\/person\/79f5c113f9621ed83897942f6e7501e3\"},\"headline\":\"Doen\u00e7a de Parkinson: sintomas, tratamentos e preven\u00e7\u00e3o\",\"datePublished\":\"2025-04-08T20:24:01+00:00\",\"dateModified\":\"2025-04-08T20:24:03+00:00\",\"mainEntityOfPage\":{\"@id\":\"https:\/\/www.panvel.com\/blog\/dicas-de-saude\/doenca-de-parkinson-sintomas-tratamentos-e-prevencao\/\"},\"wordCount\":817,\"commentCount\":0,\"publisher\":{\"@id\":\"https:\/\/www.panvel.com\/blog\/#organization\"},\"keywords\":[\"Cuidados com a sa\u00fade\",\"Doen\u00e7a de Parkinson\",\"mal de parkinson\",\"parkinson m\u00e9dico\",\"saude\",\"sa\u00fade\",\"sintomas parkinson\",\"tratamento parkinson\"],\"articleSection\":[\"Rotina de Sa\u00fade\"],\"inLanguage\":\"pt-BR\",\"potentialAction\":[{\"@type\":\"CommentAction\",\"name\":\"Comment\",\"target\":[\"https:\/\/www.panvel.com\/blog\/dicas-de-saude\/doenca-de-parkinson-sintomas-tratamentos-e-prevencao\/#respond\"]}]},{\"@type\":\"WebPage\",\"@id\":\"https:\/\/www.panvel.com\/blog\/dicas-de-saude\/doenca-de-parkinson-sintomas-tratamentos-e-prevencao\/\",\"url\":\"https:\/\/www.panvel.com\/blog\/dicas-de-saude\/doenca-de-parkinson-sintomas-tratamentos-e-prevencao\/\",\"name\":\"Doen\u00e7a de Parkinson: sintomas, tratamentos e preven\u00e7\u00e3o\",\"isPartOf\":{\"@id\":\"https:\/\/www.panvel.com\/blog\/#website\"},\"datePublished\":\"2025-04-08T20:24:01+00:00\",\"dateModified\":\"2025-04-08T20:24:03+00:00\",\"description\":\"Conhe\u00e7a os avan\u00e7os no combate ao Parkinson e saiba como identificar os primeiros sinais. | Leia mais no Blog Panvel.\",\"breadcrumb\":{\"@id\":\"https:\/\/www.panvel.com\/blog\/dicas-de-saude\/doenca-de-parkinson-sintomas-tratamentos-e-prevencao\/#breadcrumb\"},\"inLanguage\":\"pt-BR\",\"potentialAction\":[{\"@type\":\"ReadAction\",\"target\":[\"https:\/\/www.panvel.com\/blog\/dicas-de-saude\/doenca-de-parkinson-sintomas-tratamentos-e-prevencao\/\"]}]},{\"@type\":\"BreadcrumbList\",\"@id\":\"https:\/\/www.panvel.com\/blog\/dicas-de-saude\/doenca-de-parkinson-sintomas-tratamentos-e-prevencao\/#breadcrumb\",\"itemListElement\":[{\"@type\":\"ListItem\",\"position\":1,\"name\":\"Home\",\"item\":\"https:\/\/www.panvel.com\/blog\/\"},{\"@type\":\"ListItem\",\"position\":2,\"name\":\"Rotina de Sa\u00fade\",\"item\":\"https:\/\/www.panvel.com\/blog\/dicas-de-saude\/\"},{\"@type\":\"ListItem\",\"position\":3,\"name\":\"Doen\u00e7a de Parkinson: sintomas, tratamentos e preven\u00e7\u00e3o\"}]},{\"@type\":\"WebSite\",\"@id\":\"https:\/\/www.panvel.com\/blog\/#website\",\"url\":\"https:\/\/www.panvel.com\/blog\/\",\"name\":\"Blog Bem Panvel\",\"description\":\"Aqui voc\u00ea encontra conte\u00fados e dicas de sa\u00fade, beleza, bem-estar e muito mais.\",\"publisher\":{\"@id\":\"https:\/\/www.panvel.com\/blog\/#organization\"},\"potentialAction\":[{\"@type\":\"SearchAction\",\"target\":{\"@type\":\"EntryPoint\",\"urlTemplate\":\"https:\/\/www.panvel.com\/blog\/?s={search_term_string}\"},\"query-input\":\"required name=search_term_string\"}],\"inLanguage\":\"pt-BR\"},{\"@type\":\"Organization\",\"@id\":\"https:\/\/www.panvel.com\/blog\/#organization\",\"name\":\"Panvel Farm\u00e1cias\",\"url\":\"https:\/\/www.panvel.com\/blog\/\",\"logo\":{\"@type\":\"ImageObject\",\"inLanguage\":\"pt-BR\",\"@id\":\"https:\/\/www.panvel.com\/blog\/#\/schema\/logo\/image\/\",\"url\":\"https:\/\/www.panvel.com\/blog\/wp-content\/uploads\/2020\/10\/logo.png\",\"contentUrl\":\"https:\/\/www.panvel.com\/blog\/wp-content\/uploads\/2020\/10\/logo.png\",\"width\":402,\"height\":53,\"caption\":\"Panvel Farm\u00e1cias\"},\"image\":{\"@id\":\"https:\/\/www.panvel.com\/blog\/#\/schema\/logo\/image\/\"}},{\"@type\":\"Person\",\"@id\":\"https:\/\/www.panvel.com\/blog\/#\/schema\/person\/79f5c113f9621ed83897942f6e7501e3\",\"name\":\"Equipe Panvel\",\"image\":{\"@type\":\"ImageObject\",\"inLanguage\":\"pt-BR\",\"@id\":\"https:\/\/www.panvel.com\/blog\/#\/schema\/person\/image\/\",\"url\":\"https:\/\/www.panvel.com\/blog\/wp-content\/uploads\/2022\/09\/blog-panvel-1.jpg\",\"contentUrl\":\"https:\/\/www.panvel.com\/blog\/wp-content\/uploads\/2022\/09\/blog-panvel-1.jpg\",\"caption\":\"Equipe Panvel\"},\"description\":\"O Blog Bem Panvel conta com uma equipe formada por especialistas e traz para seus leitores conte\u00fados relevantes e de qualidade sobre sa\u00fade, beleza e bem-estar.\",\"url\":\"https:\/\/www.panvel.com\/blog\/author\/dimedmkt\/\"}]}<\/script>\n<!-- \/ Yoast SEO plugin. -->","yoast_head_json":{"title":"Doen\u00e7a de Parkinson: sintomas, tratamentos e preven\u00e7\u00e3o","description":"Conhe\u00e7a os avan\u00e7os no combate ao Parkinson e saiba como identificar os primeiros sinais. | Leia mais no Blog Panvel.","robots":{"index":"index","follow":"follow","max-snippet":"max-snippet:-1","max-image-preview":"max-image-preview:large","max-video-preview":"max-video-preview:-1"},"canonical":"https:\/\/www.panvel.com\/blog\/dicas-de-saude\/doenca-de-parkinson-sintomas-tratamentos-e-prevencao\/","og_locale":"pt_BR","og_type":"article","og_title":"Doen\u00e7a de Parkinson: sintomas, tratamentos e preven\u00e7\u00e3o","og_description":"Conhe\u00e7a os avan\u00e7os no combate ao Parkinson e saiba como identificar os primeiros sinais. | Leia mais no Blog Panvel.","og_url":"https:\/\/www.panvel.com\/blog\/dicas-de-saude\/doenca-de-parkinson-sintomas-tratamentos-e-prevencao\/","og_site_name":"Blog Bem Panvel","article_published_time":"2025-04-08T20:24:01+00:00","article_modified_time":"2025-04-08T20:24:03+00:00","og_image":[{"width":1024,"height":496,"url":"https:\/\/www.panvel.com\/blog\/wp-content\/uploads\/2025\/04\/Blog-1024x496-mao-1.jpg","type":"image\/jpeg"}],"author":"Equipe Panvel","twitter_card":"summary_large_image","twitter_misc":{"Escrito por":"Equipe Panvel","Est. tempo de leitura":"5 minutos"},"schema":{"@context":"https:\/\/schema.org","@graph":[{"@type":"Article","@id":"https:\/\/www.panvel.com\/blog\/dicas-de-saude\/doenca-de-parkinson-sintomas-tratamentos-e-prevencao\/#article","isPartOf":{"@id":"https:\/\/www.panvel.com\/blog\/dicas-de-saude\/doenca-de-parkinson-sintomas-tratamentos-e-prevencao\/"},"author":{"name":"Equipe Panvel","@id":"https:\/\/www.panvel.com\/blog\/#\/schema\/person\/79f5c113f9621ed83897942f6e7501e3"},"headline":"Doen\u00e7a de Parkinson: sintomas, tratamentos e preven\u00e7\u00e3o","datePublished":"2025-04-08T20:24:01+00:00","dateModified":"2025-04-08T20:24:03+00:00","mainEntityOfPage":{"@id":"https:\/\/www.panvel.com\/blog\/dicas-de-saude\/doenca-de-parkinson-sintomas-tratamentos-e-prevencao\/"},"wordCount":817,"commentCount":0,"publisher":{"@id":"https:\/\/www.panvel.com\/blog\/#organization"},"keywords":["Cuidados com a sa\u00fade","Doen\u00e7a de Parkinson","mal de parkinson","parkinson m\u00e9dico","saude","sa\u00fade","sintomas parkinson","tratamento parkinson"],"articleSection":["Rotina de Sa\u00fade"],"inLanguage":"pt-BR","potentialAction":[{"@type":"CommentAction","name":"Comment","target":["https:\/\/www.panvel.com\/blog\/dicas-de-saude\/doenca-de-parkinson-sintomas-tratamentos-e-prevencao\/#respond"]}]},{"@type":"WebPage","@id":"https:\/\/www.panvel.com\/blog\/dicas-de-saude\/doenca-de-parkinson-sintomas-tratamentos-e-prevencao\/","url":"https:\/\/www.panvel.com\/blog\/dicas-de-saude\/doenca-de-parkinson-sintomas-tratamentos-e-prevencao\/","name":"Doen\u00e7a de Parkinson: sintomas, tratamentos e preven\u00e7\u00e3o","isPartOf":{"@id":"https:\/\/www.panvel.com\/blog\/#website"},"datePublished":"2025-04-08T20:24:01+00:00","dateModified":"2025-04-08T20:24:03+00:00","description":"Conhe\u00e7a os avan\u00e7os no combate ao Parkinson e saiba como identificar os primeiros sinais. | Leia mais no Blog Panvel.","breadcrumb":{"@id":"https:\/\/www.panvel.com\/blog\/dicas-de-saude\/doenca-de-parkinson-sintomas-tratamentos-e-prevencao\/#breadcrumb"},"inLanguage":"pt-BR","potentialAction":[{"@type":"ReadAction","target":["https:\/\/www.panvel.com\/blog\/dicas-de-saude\/doenca-de-parkinson-sintomas-tratamentos-e-prevencao\/"]}]},{"@type":"BreadcrumbList","@id":"https:\/\/www.panvel.com\/blog\/dicas-de-saude\/doenca-de-parkinson-sintomas-tratamentos-e-prevencao\/#breadcrumb","itemListElement":[{"@type":"ListItem","position":1,"name":"Home","item":"https:\/\/www.panvel.com\/blog\/"},{"@type":"ListItem","position":2,"name":"Rotina de Sa\u00fade","item":"https:\/\/www.panvel.com\/blog\/dicas-de-saude\/"},{"@type":"ListItem","position":3,"name":"Doen\u00e7a de Parkinson: sintomas, tratamentos e preven\u00e7\u00e3o"}]},{"@type":"WebSite","@id":"https:\/\/www.panvel.com\/blog\/#website","url":"https:\/\/www.panvel.com\/blog\/","name":"Blog Bem Panvel","description":"Aqui voc\u00ea encontra conte\u00fados e dicas de sa\u00fade, beleza, bem-estar e muito mais.","publisher":{"@id":"https:\/\/www.panvel.com\/blog\/#organization"},"potentialAction":[{"@type":"SearchAction","target":{"@type":"EntryPoint","urlTemplate":"https:\/\/www.panvel.com\/blog\/?s={search_term_string}"},"query-input":"required name=search_term_string"}],"inLanguage":"pt-BR"},{"@type":"Organization","@id":"https:\/\/www.panvel.com\/blog\/#organization","name":"Panvel Farm\u00e1cias","url":"https:\/\/www.panvel.com\/blog\/","logo":{"@type":"ImageObject","inLanguage":"pt-BR","@id":"https:\/\/www.panvel.com\/blog\/#\/schema\/logo\/image\/","url":"https:\/\/www.panvel.com\/blog\/wp-content\/uploads\/2020\/10\/logo.png","contentUrl":"https:\/\/www.panvel.com\/blog\/wp-content\/uploads\/2020\/10\/logo.png","width":402,"height":53,"caption":"Panvel Farm\u00e1cias"},"image":{"@id":"https:\/\/www.panvel.com\/blog\/#\/schema\/logo\/image\/"}},{"@type":"Person","@id":"https:\/\/www.panvel.com\/blog\/#\/schema\/person\/79f5c113f9621ed83897942f6e7501e3","name":"Equipe Panvel","image":{"@type":"ImageObject","inLanguage":"pt-BR","@id":"https:\/\/www.panvel.com\/blog\/#\/schema\/person\/image\/","url":"https:\/\/www.panvel.com\/blog\/wp-content\/uploads\/2022\/09\/blog-panvel-1.jpg","contentUrl":"https:\/\/www.panvel.com\/blog\/wp-content\/uploads\/2022\/09\/blog-panvel-1.jpg","caption":"Equipe Panvel"},"description":"O Blog Bem Panvel conta com uma equipe formada por especialistas e traz para seus leitores conte\u00fados relevantes e de qualidade sobre sa\u00fade, beleza e bem-estar.","url":"https:\/\/www.panvel.com\/blog\/author\/dimedmkt\/"}]}},"_links":{"self":[{"href":"https:\/\/www.panvel.com\/blog\/wp-json\/wp\/v2\/posts\/10178"}],"collection":[{"href":"https:\/\/www.panvel.com\/blog\/wp-json\/wp\/v2\/posts"}],"about":[{"href":"https:\/\/www.panvel.com\/blog\/wp-json\/wp\/v2\/types\/post"}],"author":[{"embeddable":true,"href":"https:\/\/www.panvel.com\/blog\/wp-json\/wp\/v2\/users\/3"}],"replies":[{"embeddable":true,"href":"https:\/\/www.panvel.com\/blog\/wp-json\/wp\/v2\/comments?post=10178"}],"version-history":[{"count":2,"href":"https:\/\/www.panvel.com\/blog\/wp-json\/wp\/v2\/posts\/10178\/revisions"}],"predecessor-version":[{"id":10187,"href":"https:\/\/www.panvel.com\/blog\/wp-json\/wp\/v2\/posts\/10178\/revisions\/10187"}],"wp:featuredmedia":[{"embeddable":true,"href":"https:\/\/www.panvel.com\/blog\/wp-json\/wp\/v2\/media\/10186"}],"wp:attachment":[{"href":"https:\/\/www.panvel.com\/blog\/wp-json\/wp\/v2\/media?parent=10178"}],"wp:term":[{"taxonomy":"category","embeddable":true,"href":"https:\/\/www.panvel.com\/blog\/wp-json\/wp\/v2\/categories?post=10178"},{"taxonomy":"post_tag","embeddable":true,"href":"https:\/\/www.panvel.com\/blog\/wp-json\/wp\/v2\/tags?post=10178"},{"taxonomy":"sponsor","embeddable":true,"href":"https:\/\/www.panvel.com\/blog\/wp-json\/wp\/v2\/sponsor?post=10178"}],"curies":[{"name":"wp","href":"https:\/\/api.w.org\/{rel}","templated":true}]}}