{"id":10159,"date":"2025-04-23T11:21:07","date_gmt":"2025-04-23T14:21:07","guid":{"rendered":"https:\/\/www.panvel.com\/blog\/?p=10159"},"modified":"2025-04-23T11:21:08","modified_gmt":"2025-04-23T14:21:08","slug":"dercos-ajuda-no-combate-a-queda-capilar","status":"publish","type":"post","link":"https:\/\/www.panvel.com\/blog\/dicas-de-beleza\/dercos-ajuda-no-combate-a-queda-capilar\/","title":{"rendered":"Conhe\u00e7a tr\u00eas produtos aliados no combate \u00e0 queda de cabelos"},"content":{"rendered":"\n<p><\/p>\n\n\n\n<p>Os cabelos s\u00e3o parte essencial da nossa identidade, e quando come\u00e7am a cair em excesso, \u00e9 natural que haja preocupa\u00e7\u00e3o. Al\u00e9m de afetar a apar\u00eancia, a queda pode influenciar na autoestima, autoconfian\u00e7a e bem-estar. Se voc\u00ea j\u00e1 notou fios acumulando no travesseiro ou saindo em grande quantidade no banho, o ideal \u00e9 come\u00e7ar a utilizar produtos que ajudam a restaurar a for\u00e7a dos fios e reduzir a queda.<\/p>\n\n\n\n<p>A Vichy desenvolveu a linha Dercos Energy+, uma inova\u00e7\u00e3o poderosa que combina ci\u00eancia e tecnologia para revitalizar o couro cabeludo, fortalecer a fibra capilar e estimular um crescimento saud\u00e1vel. Com ativos cuidadosamente selecionados, a linha \u00e9 a aliada perfeita de quem deseja recuperar cabelos mais densos, resistentes e cheios de vida.<\/p>\n\n\n\n<h3 class=\"wp-block-heading\"><strong>Como Funciona a Linha Dercos Energy+?<\/strong><\/h3>\n\n\n\n<p><\/p>\n\n\n\n<p>A f\u00f3rmula da linha Dercos Energy+ combina Aminexil, uma mol\u00e9cula patenteada que combate o endurecimento do col\u00e1geno ao redor da raiz do cabelo, com vitaminas do complexo B e outros nutrientes essenciais para fortalecer a fibra capilar. O uso cont\u00ednuo dos produtos promove cabelos mais resistentes, volumosos e saud\u00e1veis.<\/p>\n\n\n\n<h3 class=\"wp-block-heading\"><strong>Conhe\u00e7a os Produtos da Linha Dercos Energy+<\/strong><\/h3>\n\n\n\n<p><\/p>\n\n\n\n<h3 class=\"wp-block-heading\"><a href=\"https:\/\/www.panvel.com\/panvel\/shampoo-vichy-dercos-energy-400g\/p-99715\"><strong>1. Shampoo Energizante Dercos Energy+<\/strong><\/a><\/h3>\n\n\n\n<p><\/p>\n\n\n\n<p>Ideal para o uso di\u00e1rio, esse shampoo fortalece os fios desde a raiz, proporcionando mais resist\u00eancia e brilho. Ele limpa suavemente, ao mesmo tempo em que nutre o couro cabeludo e prepara os fios para receber outros tratamentos da linha. Dispon\u00edvel em <a href=\"https:\/\/www.panvel.com\/panvel\/shampoo-vichy-dercos-energy-200g\/p-99714\">200 ml<\/a> e em <a href=\"https:\/\/www.panvel.com\/panvel\/shampoo-vichy-dercos-energy-400g\/p-99715\">400ml<\/a>.<\/p>\n\n\n<div class=\"wp-block-image\">\n<figure class=\"aligncenter size-full\"><img decoding=\"async\" loading=\"lazy\" width=\"416\" height=\"470\" src=\"https:\/\/www.panvel.com\/blog\/wp-content\/uploads\/2025\/04\/shampooEnergy.jpg\" alt=\"\" class=\"wp-image-10160\" srcset=\"https:\/\/www.panvel.com\/blog\/wp-content\/uploads\/2025\/04\/shampooEnergy.jpg 416w, https:\/\/www.panvel.com\/blog\/wp-content\/uploads\/2025\/04\/shampooEnergy-266x300.jpg 266w\" sizes=\"(max-width: 416px) 100vw, 416px\" \/><\/figure><\/div>\n\n\n<h3 class=\"wp-block-heading\"><strong>2. <\/strong><a href=\"https:\/\/www.panvel.com\/panvel\/condicionador-antiqueda-vichy-dercos-energy-200ml\/p-96718\"><strong>Condicionador Fortificante Dercos Energy+<\/strong><\/a><\/h3>\n\n\n\n<p><\/p>\n\n\n\n<p>Com textura leve e a\u00e7\u00e3o desembara\u00e7ante, o condicionador ajuda a reduzir a quebra dos fios, garantindo cabelos mais macios e fortalecidos. Sua f\u00f3rmula age profundamente na fibra capilar, proporcionando mais vitalidade e movimento aos fios enfraquecidos.<\/p>\n\n\n<div class=\"wp-block-image\">\n<figure class=\"aligncenter size-full is-resized\"><img decoding=\"async\" loading=\"lazy\" src=\"https:\/\/www.panvel.com\/blog\/wp-content\/uploads\/2025\/04\/CondicionadorEnergy-2.jpg\" alt=\"\" class=\"wp-image-10163\" width=\"417\" height=\"432\" srcset=\"https:\/\/www.panvel.com\/blog\/wp-content\/uploads\/2025\/04\/CondicionadorEnergy-2.jpg 367w, https:\/\/www.panvel.com\/blog\/wp-content\/uploads\/2025\/04\/CondicionadorEnergy-2-290x300.jpg 290w\" sizes=\"(max-width: 417px) 100vw, 417px\" \/><\/figure><\/div>\n\n\n<h3 class=\"wp-block-heading\"><strong>3. <\/strong><a href=\"https:\/\/www.panvel.com\/panvel\/serum-capilar-antiqueda-vichy-dercos-energy-50ml\/p-99249\"><strong>S\u00e9rum Capilar Antiqueda Vichy Dercos Energy+ 50ml<\/strong><\/a><\/h3>\n\n\n\n<p><\/p>\n\n\n\n<p>Este poderoso s\u00e9rum antiquedas atua em cinco n\u00edveis do processo de perda capilar. Ajuda na ancoragem, aumenta a densidade e fortalece os fios. Reduz a queda de cabelo em seis semanas, deixando-os mais resistentes e volumosos.<\/p>\n\n\n<div class=\"wp-block-image\">\n<figure class=\"aligncenter size-full is-resized\"><img decoding=\"async\" loading=\"lazy\" src=\"https:\/\/www.panvel.com\/blog\/wp-content\/uploads\/2025\/04\/Serum.jpg\" alt=\"\" class=\"wp-image-10161\" width=\"417\" height=\"487\" srcset=\"https:\/\/www.panvel.com\/blog\/wp-content\/uploads\/2025\/04\/Serum.jpg 410w, https:\/\/www.panvel.com\/blog\/wp-content\/uploads\/2025\/04\/Serum-257x300.jpg 257w\" sizes=\"(max-width: 417px) 100vw, 417px\" \/><\/figure><\/div>\n\n\n<h3 class=\"wp-block-heading\"><strong>Para Quem \u00e9 Indicada a Linha Dercos Energy+?<\/strong><\/h3>\n\n\n\n<p><\/p>\n\n\n\n<p>A linha Dercos Energy \u00e9 ideal para pessoas que sofrem com queda de cabelo devido a fatores como estresse, mudan\u00e7as hormonais, envelhecimento ou at\u00e9 mesmo defici\u00eancias nutricionais. Tamb\u00e9m \u00e9 indicada para quem deseja fortalecer os fios e prevenir o afinamento capilar.<\/p>\n\n\n\n<h3 class=\"wp-block-heading\"><strong>Como incluir a Linha Dercos Energy+ na minha rotina?<\/strong><\/h3>\n\n\n\n<p><\/p>\n\n\n\n<p>Para melhores resultados, utilize o Shampoo Energizante diariamente, seguido do Condicionador Fortificante. Duas a tr\u00eas vezes por semana, aplique a M\u00e1scara Revitalizante para um tratamento mais intenso. O T\u00f4nico Aminexil Clinical 5 pode ser usado diariamente para refor\u00e7ar o combate \u00e0 queda e estimular o crescimento.<\/p>\n\n\n\n<p>Se voc\u00ea busca uma solu\u00e7\u00e3o eficaz para fortalecer os fios e combater a queda capilar, a linha Dercos Energy da Vichy \u00e9 uma excelente escolha. Com tecnologia avan\u00e7ada e ingredientes de alta performance, ela proporciona cabelos mais resistentes, volumosos e saud\u00e1veis desde a raiz. Experimente e sinta a diferen\u00e7a no seu cabelo!<\/p>\n\n\n\n<p><\/p>\n","protected":false},"excerpt":{"rendered":"<p>Linha Dercos Energy+ revitalizam o couro cabeludo, fortalece a fibra capilar e estimula o crescimento saud\u00e1vel.<\/p>\n","protected":false},"author":3,"featured_media":10170,"comment_status":"open","ping_status":"open","sticky":false,"template":"","format":"standard","meta":[],"categories":[11],"tags":[2769,2772,2771,2770,972,2710,2714,1283,2768],"sponsor":[2715],"acf":[],"yoast_head":"<!-- This site is optimized with the Yoast SEO plugin v20.7 - https:\/\/yoast.com\/wordpress\/plugins\/seo\/ -->\n<title>Conhe\u00e7a tr\u00eas produtos aliados no combate \u00e0 queda de cabelos<\/title>\n<meta name=\"description\" content=\"Linha Dercos Energy+ revitalizam o couro cabeludo, fortalece a fibra capilar e estimula o crescimento saud\u00e1vel. | Leia mais no Blog Panvel.\" \/>\n<meta name=\"robots\" content=\"index, follow, max-snippet:-1, max-image-preview:large, max-video-preview:-1\" \/>\n<link rel=\"canonical\" href=\"https:\/\/www.panvel.com\/blog\/dicas-de-beleza\/dercos-ajuda-no-combate-a-queda-capilar\/\" \/>\n<meta property=\"og:locale\" content=\"pt_BR\" \/>\n<meta property=\"og:type\" content=\"article\" \/>\n<meta property=\"og:title\" content=\"Conhe\u00e7a tr\u00eas produtos aliados no combate \u00e0 queda de cabelos\" \/>\n<meta property=\"og:description\" content=\"Linha Dercos Energy+ revitalizam o couro cabeludo, fortalece a fibra capilar e estimula o crescimento saud\u00e1vel. | Leia mais no Blog Panvel.\" \/>\n<meta property=\"og:url\" content=\"https:\/\/www.panvel.com\/blog\/dicas-de-beleza\/dercos-ajuda-no-combate-a-queda-capilar\/\" \/>\n<meta property=\"og:site_name\" content=\"Blog Bem Panvel\" \/>\n<meta property=\"article:published_time\" content=\"2025-04-23T14:21:07+00:00\" \/>\n<meta property=\"article:modified_time\" content=\"2025-04-23T14:21:08+00:00\" \/>\n<meta property=\"og:image\" content=\"https:\/\/www.panvel.com\/blog\/wp-content\/uploads\/2025\/04\/Blog-1024x496-banho.jpg\" \/>\n\t<meta property=\"og:image:width\" content=\"1024\" \/>\n\t<meta property=\"og:image:height\" content=\"496\" \/>\n\t<meta property=\"og:image:type\" content=\"image\/jpeg\" \/>\n<meta name=\"author\" content=\"Equipe Panvel\" \/>\n<meta name=\"twitter:card\" content=\"summary_large_image\" \/>\n<meta name=\"twitter:label1\" content=\"Escrito por\" \/>\n\t<meta name=\"twitter:data1\" content=\"Equipe Panvel\" \/>\n\t<meta name=\"twitter:label2\" content=\"Est. tempo de leitura\" \/>\n\t<meta name=\"twitter:data2\" content=\"4 minutos\" \/>\n<script type=\"application\/ld+json\" class=\"yoast-schema-graph\">{\"@context\":\"https:\/\/schema.org\",\"@graph\":[{\"@type\":\"Article\",\"@id\":\"https:\/\/www.panvel.com\/blog\/dicas-de-beleza\/dercos-ajuda-no-combate-a-queda-capilar\/#article\",\"isPartOf\":{\"@id\":\"https:\/\/www.panvel.com\/blog\/dicas-de-beleza\/dercos-ajuda-no-combate-a-queda-capilar\/\"},\"author\":{\"name\":\"Equipe Panvel\",\"@id\":\"https:\/\/www.panvel.com\/blog\/#\/schema\/person\/79f5c113f9621ed83897942f6e7501e3\"},\"headline\":\"Conhe\u00e7a tr\u00eas produtos aliados no combate \u00e0 queda de cabelos\",\"datePublished\":\"2025-04-23T14:21:07+00:00\",\"dateModified\":\"2025-04-23T14:21:08+00:00\",\"mainEntityOfPage\":{\"@id\":\"https:\/\/www.panvel.com\/blog\/dicas-de-beleza\/dercos-ajuda-no-combate-a-queda-capilar\/\"},\"wordCount\":509,\"commentCount\":0,\"publisher\":{\"@id\":\"https:\/\/www.panvel.com\/blog\/#organization\"},\"keywords\":[\"condicionador queda de cabelo\",\"l&#039;oreal\",\"lbd\",\"Linha Dercos Energy+\",\"loreal\",\"loreal beauty dermocosmetics\",\"parar queda de cabelo\",\"queda de cabelo\",\"shampoo queda de cabelo\"],\"articleSection\":[\"Rotina de Beleza\"],\"inLanguage\":\"pt-BR\",\"potentialAction\":[{\"@type\":\"CommentAction\",\"name\":\"Comment\",\"target\":[\"https:\/\/www.panvel.com\/blog\/dicas-de-beleza\/dercos-ajuda-no-combate-a-queda-capilar\/#respond\"]}]},{\"@type\":\"WebPage\",\"@id\":\"https:\/\/www.panvel.com\/blog\/dicas-de-beleza\/dercos-ajuda-no-combate-a-queda-capilar\/\",\"url\":\"https:\/\/www.panvel.com\/blog\/dicas-de-beleza\/dercos-ajuda-no-combate-a-queda-capilar\/\",\"name\":\"Conhe\u00e7a tr\u00eas produtos aliados no combate \u00e0 queda de cabelos\",\"isPartOf\":{\"@id\":\"https:\/\/www.panvel.com\/blog\/#website\"},\"datePublished\":\"2025-04-23T14:21:07+00:00\",\"dateModified\":\"2025-04-23T14:21:08+00:00\",\"description\":\"Linha Dercos Energy+ revitalizam o couro cabeludo, fortalece a fibra capilar e estimula o crescimento saud\u00e1vel. | Leia mais no Blog Panvel.\",\"breadcrumb\":{\"@id\":\"https:\/\/www.panvel.com\/blog\/dicas-de-beleza\/dercos-ajuda-no-combate-a-queda-capilar\/#breadcrumb\"},\"inLanguage\":\"pt-BR\",\"potentialAction\":[{\"@type\":\"ReadAction\",\"target\":[\"https:\/\/www.panvel.com\/blog\/dicas-de-beleza\/dercos-ajuda-no-combate-a-queda-capilar\/\"]}]},{\"@type\":\"BreadcrumbList\",\"@id\":\"https:\/\/www.panvel.com\/blog\/dicas-de-beleza\/dercos-ajuda-no-combate-a-queda-capilar\/#breadcrumb\",\"itemListElement\":[{\"@type\":\"ListItem\",\"position\":1,\"name\":\"Home\",\"item\":\"https:\/\/www.panvel.com\/blog\/\"},{\"@type\":\"ListItem\",\"position\":2,\"name\":\"Rotina de Beleza\",\"item\":\"https:\/\/www.panvel.com\/blog\/dicas-de-beleza\/\"},{\"@type\":\"ListItem\",\"position\":3,\"name\":\"Conhe\u00e7a tr\u00eas produtos aliados no combate \u00e0 queda de cabelos\"}]},{\"@type\":\"WebSite\",\"@id\":\"https:\/\/www.panvel.com\/blog\/#website\",\"url\":\"https:\/\/www.panvel.com\/blog\/\",\"name\":\"Blog Bem Panvel\",\"description\":\"Aqui voc\u00ea encontra conte\u00fados e dicas de sa\u00fade, beleza, bem-estar e muito mais.\",\"publisher\":{\"@id\":\"https:\/\/www.panvel.com\/blog\/#organization\"},\"potentialAction\":[{\"@type\":\"SearchAction\",\"target\":{\"@type\":\"EntryPoint\",\"urlTemplate\":\"https:\/\/www.panvel.com\/blog\/?s={search_term_string}\"},\"query-input\":\"required name=search_term_string\"}],\"inLanguage\":\"pt-BR\"},{\"@type\":\"Organization\",\"@id\":\"https:\/\/www.panvel.com\/blog\/#organization\",\"name\":\"Panvel Farm\u00e1cias\",\"url\":\"https:\/\/www.panvel.com\/blog\/\",\"logo\":{\"@type\":\"ImageObject\",\"inLanguage\":\"pt-BR\",\"@id\":\"https:\/\/www.panvel.com\/blog\/#\/schema\/logo\/image\/\",\"url\":\"https:\/\/www.panvel.com\/blog\/wp-content\/uploads\/2020\/10\/logo.png\",\"contentUrl\":\"https:\/\/www.panvel.com\/blog\/wp-content\/uploads\/2020\/10\/logo.png\",\"width\":402,\"height\":53,\"caption\":\"Panvel Farm\u00e1cias\"},\"image\":{\"@id\":\"https:\/\/www.panvel.com\/blog\/#\/schema\/logo\/image\/\"}},{\"@type\":\"Person\",\"@id\":\"https:\/\/www.panvel.com\/blog\/#\/schema\/person\/79f5c113f9621ed83897942f6e7501e3\",\"name\":\"Equipe Panvel\",\"image\":{\"@type\":\"ImageObject\",\"inLanguage\":\"pt-BR\",\"@id\":\"https:\/\/www.panvel.com\/blog\/#\/schema\/person\/image\/\",\"url\":\"https:\/\/www.panvel.com\/blog\/wp-content\/uploads\/2022\/09\/blog-panvel-1.jpg\",\"contentUrl\":\"https:\/\/www.panvel.com\/blog\/wp-content\/uploads\/2022\/09\/blog-panvel-1.jpg\",\"caption\":\"Equipe Panvel\"},\"description\":\"O Blog Bem Panvel conta com uma equipe formada por especialistas e traz para seus leitores conte\u00fados relevantes e de qualidade sobre sa\u00fade, beleza e bem-estar.\",\"url\":\"https:\/\/www.panvel.com\/blog\/author\/dimedmkt\/\"}]}<\/script>\n<!-- \/ Yoast SEO plugin. -->","yoast_head_json":{"title":"Conhe\u00e7a tr\u00eas produtos aliados no combate \u00e0 queda de cabelos","description":"Linha Dercos Energy+ revitalizam o couro cabeludo, fortalece a fibra capilar e estimula o crescimento saud\u00e1vel. | Leia mais no Blog Panvel.","robots":{"index":"index","follow":"follow","max-snippet":"max-snippet:-1","max-image-preview":"max-image-preview:large","max-video-preview":"max-video-preview:-1"},"canonical":"https:\/\/www.panvel.com\/blog\/dicas-de-beleza\/dercos-ajuda-no-combate-a-queda-capilar\/","og_locale":"pt_BR","og_type":"article","og_title":"Conhe\u00e7a tr\u00eas produtos aliados no combate \u00e0 queda de cabelos","og_description":"Linha Dercos Energy+ revitalizam o couro cabeludo, fortalece a fibra capilar e estimula o crescimento saud\u00e1vel. | Leia mais no Blog Panvel.","og_url":"https:\/\/www.panvel.com\/blog\/dicas-de-beleza\/dercos-ajuda-no-combate-a-queda-capilar\/","og_site_name":"Blog Bem Panvel","article_published_time":"2025-04-23T14:21:07+00:00","article_modified_time":"2025-04-23T14:21:08+00:00","og_image":[{"width":1024,"height":496,"url":"https:\/\/www.panvel.com\/blog\/wp-content\/uploads\/2025\/04\/Blog-1024x496-banho.jpg","type":"image\/jpeg"}],"author":"Equipe Panvel","twitter_card":"summary_large_image","twitter_misc":{"Escrito por":"Equipe Panvel","Est. tempo de leitura":"4 minutos"},"schema":{"@context":"https:\/\/schema.org","@graph":[{"@type":"Article","@id":"https:\/\/www.panvel.com\/blog\/dicas-de-beleza\/dercos-ajuda-no-combate-a-queda-capilar\/#article","isPartOf":{"@id":"https:\/\/www.panvel.com\/blog\/dicas-de-beleza\/dercos-ajuda-no-combate-a-queda-capilar\/"},"author":{"name":"Equipe Panvel","@id":"https:\/\/www.panvel.com\/blog\/#\/schema\/person\/79f5c113f9621ed83897942f6e7501e3"},"headline":"Conhe\u00e7a tr\u00eas produtos aliados no combate \u00e0 queda de cabelos","datePublished":"2025-04-23T14:21:07+00:00","dateModified":"2025-04-23T14:21:08+00:00","mainEntityOfPage":{"@id":"https:\/\/www.panvel.com\/blog\/dicas-de-beleza\/dercos-ajuda-no-combate-a-queda-capilar\/"},"wordCount":509,"commentCount":0,"publisher":{"@id":"https:\/\/www.panvel.com\/blog\/#organization"},"keywords":["condicionador queda de cabelo","l&#039;oreal","lbd","Linha Dercos Energy+","loreal","loreal beauty dermocosmetics","parar queda de cabelo","queda de cabelo","shampoo queda de cabelo"],"articleSection":["Rotina de Beleza"],"inLanguage":"pt-BR","potentialAction":[{"@type":"CommentAction","name":"Comment","target":["https:\/\/www.panvel.com\/blog\/dicas-de-beleza\/dercos-ajuda-no-combate-a-queda-capilar\/#respond"]}]},{"@type":"WebPage","@id":"https:\/\/www.panvel.com\/blog\/dicas-de-beleza\/dercos-ajuda-no-combate-a-queda-capilar\/","url":"https:\/\/www.panvel.com\/blog\/dicas-de-beleza\/dercos-ajuda-no-combate-a-queda-capilar\/","name":"Conhe\u00e7a tr\u00eas produtos aliados no combate \u00e0 queda de cabelos","isPartOf":{"@id":"https:\/\/www.panvel.com\/blog\/#website"},"datePublished":"2025-04-23T14:21:07+00:00","dateModified":"2025-04-23T14:21:08+00:00","description":"Linha Dercos Energy+ revitalizam o couro cabeludo, fortalece a fibra capilar e estimula o crescimento saud\u00e1vel. | Leia mais no Blog Panvel.","breadcrumb":{"@id":"https:\/\/www.panvel.com\/blog\/dicas-de-beleza\/dercos-ajuda-no-combate-a-queda-capilar\/#breadcrumb"},"inLanguage":"pt-BR","potentialAction":[{"@type":"ReadAction","target":["https:\/\/www.panvel.com\/blog\/dicas-de-beleza\/dercos-ajuda-no-combate-a-queda-capilar\/"]}]},{"@type":"BreadcrumbList","@id":"https:\/\/www.panvel.com\/blog\/dicas-de-beleza\/dercos-ajuda-no-combate-a-queda-capilar\/#breadcrumb","itemListElement":[{"@type":"ListItem","position":1,"name":"Home","item":"https:\/\/www.panvel.com\/blog\/"},{"@type":"ListItem","position":2,"name":"Rotina de Beleza","item":"https:\/\/www.panvel.com\/blog\/dicas-de-beleza\/"},{"@type":"ListItem","position":3,"name":"Conhe\u00e7a tr\u00eas produtos aliados no combate \u00e0 queda de cabelos"}]},{"@type":"WebSite","@id":"https:\/\/www.panvel.com\/blog\/#website","url":"https:\/\/www.panvel.com\/blog\/","name":"Blog Bem Panvel","description":"Aqui voc\u00ea encontra conte\u00fados e dicas de sa\u00fade, beleza, bem-estar e muito mais.","publisher":{"@id":"https:\/\/www.panvel.com\/blog\/#organization"},"potentialAction":[{"@type":"SearchAction","target":{"@type":"EntryPoint","urlTemplate":"https:\/\/www.panvel.com\/blog\/?s={search_term_string}"},"query-input":"required name=search_term_string"}],"inLanguage":"pt-BR"},{"@type":"Organization","@id":"https:\/\/www.panvel.com\/blog\/#organization","name":"Panvel Farm\u00e1cias","url":"https:\/\/www.panvel.com\/blog\/","logo":{"@type":"ImageObject","inLanguage":"pt-BR","@id":"https:\/\/www.panvel.com\/blog\/#\/schema\/logo\/image\/","url":"https:\/\/www.panvel.com\/blog\/wp-content\/uploads\/2020\/10\/logo.png","contentUrl":"https:\/\/www.panvel.com\/blog\/wp-content\/uploads\/2020\/10\/logo.png","width":402,"height":53,"caption":"Panvel Farm\u00e1cias"},"image":{"@id":"https:\/\/www.panvel.com\/blog\/#\/schema\/logo\/image\/"}},{"@type":"Person","@id":"https:\/\/www.panvel.com\/blog\/#\/schema\/person\/79f5c113f9621ed83897942f6e7501e3","name":"Equipe Panvel","image":{"@type":"ImageObject","inLanguage":"pt-BR","@id":"https:\/\/www.panvel.com\/blog\/#\/schema\/person\/image\/","url":"https:\/\/www.panvel.com\/blog\/wp-content\/uploads\/2022\/09\/blog-panvel-1.jpg","contentUrl":"https:\/\/www.panvel.com\/blog\/wp-content\/uploads\/2022\/09\/blog-panvel-1.jpg","caption":"Equipe Panvel"},"description":"O Blog Bem Panvel conta com uma equipe formada por especialistas e traz para seus leitores conte\u00fados relevantes e de qualidade sobre sa\u00fade, beleza e bem-estar.","url":"https:\/\/www.panvel.com\/blog\/author\/dimedmkt\/"}]}},"_links":{"self":[{"href":"https:\/\/www.panvel.com\/blog\/wp-json\/wp\/v2\/posts\/10159"}],"collection":[{"href":"https:\/\/www.panvel.com\/blog\/wp-json\/wp\/v2\/posts"}],"about":[{"href":"https:\/\/www.panvel.com\/blog\/wp-json\/wp\/v2\/types\/post"}],"author":[{"embeddable":true,"href":"https:\/\/www.panvel.com\/blog\/wp-json\/wp\/v2\/users\/3"}],"replies":[{"embeddable":true,"href":"https:\/\/www.panvel.com\/blog\/wp-json\/wp\/v2\/comments?post=10159"}],"version-history":[{"count":1,"href":"https:\/\/www.panvel.com\/blog\/wp-json\/wp\/v2\/posts\/10159\/revisions"}],"predecessor-version":[{"id":10165,"href":"https:\/\/www.panvel.com\/blog\/wp-json\/wp\/v2\/posts\/10159\/revisions\/10165"}],"wp:featuredmedia":[{"embeddable":true,"href":"https:\/\/www.panvel.com\/blog\/wp-json\/wp\/v2\/media\/10170"}],"wp:attachment":[{"href":"https:\/\/www.panvel.com\/blog\/wp-json\/wp\/v2\/media?parent=10159"}],"wp:term":[{"taxonomy":"category","embeddable":true,"href":"https:\/\/www.panvel.com\/blog\/wp-json\/wp\/v2\/categories?post=10159"},{"taxonomy":"post_tag","embeddable":true,"href":"https:\/\/www.panvel.com\/blog\/wp-json\/wp\/v2\/tags?post=10159"},{"taxonomy":"sponsor","embeddable":true,"href":"https:\/\/www.panvel.com\/blog\/wp-json\/wp\/v2\/sponsor?post=10159"}],"curies":[{"name":"wp","href":"https:\/\/api.w.org\/{rel}","templated":true}]}}