{"id":10096,"date":"2025-03-27T16:43:32","date_gmt":"2025-03-27T19:43:32","guid":{"rendered":"https:\/\/www.panvel.com\/blog\/?p=10096"},"modified":"2025-03-27T16:43:33","modified_gmt":"2025-03-27T19:43:33","slug":"descubra-a-fralda-noturna-correta-para-seu-bebe","status":"publish","type":"post","link":"https:\/\/www.panvel.com\/blog\/bebe-e-crianca\/descubra-a-fralda-noturna-correta-para-seu-bebe\/","title":{"rendered":"Rotina do beb\u00ea: como escolher a fralda noturna correta"},"content":{"rendered":"\n<p><\/p>\n\n\n\n<p>Uma boa noite de sono \u00e9 essencial para o desenvolvimento saud\u00e1vel do beb\u00ea e ajuda tamb\u00e9m no descanso dos pais. O desconforto causado por fraldas vazando ou \u00famidas \u00e9 um dos motivos pelos quais os beb\u00eas podem acordar no meio da noite. Por isso, escolher a fralda noturna certa pode fazer toda a diferen\u00e7a para garantir noites mais tranquilas e confort\u00e1veis - para a crian\u00e7a e para voc\u00ea.<\/p>\n\n\n\n<p>Mas o que levar em considera\u00e7\u00e3o na hora de escolher a melhor fralda para a noite? Conversamos com <a href=\"https:\/\/www.instagram.com\/pediatraflores\/\">a pediatra Andrieli Flores<\/a>, que trouxe dicas para ajudar nessa escolha. Veja a seguir:<\/p>\n\n\n\n<h3 class=\"wp-block-heading\"><strong>1. Aposte em fraldas com alta absor\u00e7\u00e3o<\/strong><\/h3>\n\n\n\n<p><\/p>\n\n\n\n<p>Durante o dia, os beb\u00eas costumam ser trocados com mais frequ\u00eancia, mas \u00e0 noite isso muda. Por isso, a fralda precisa ter uma capacidade de absor\u00e7\u00e3o maior para garantir que a pele do beb\u00ea fique sequinha por mais tempo.<\/p>\n\n\n\n<p>\u201cAs fraldas noturnas s\u00e3o desenvolvidas com camadas extras de gel e barreiras antivazamento, ajudando a manter a pele do beb\u00ea seca at\u00e9 de manh\u00e3\u201d, explica a pediatra Andrieli Flores. Isso evita que a crian\u00e7a desperte com desconforto, o que pode prejudicar o seu sono e, consequentemente, seu desenvolvimento.<\/p>\n\n\n\n<h3 class=\"wp-block-heading\"><strong>2. Escolha o tamanho ideal<\/strong><\/h3>\n\n\n\n<p><\/p>\n\n\n\n<p>O ajuste correto da fralda \u00e9 fundamental para evitar vazamentos e garantir o conforto do beb\u00ea. Se a fralda for muito apertada, pode causar marcas na pele e inc\u00f4modo durante a noite. J\u00e1 uma fralda muito grande pode permitir vazamentos pelas laterais.<\/p>\n\n\n\n<p>\u201cO ideal \u00e9 seguir a recomenda\u00e7\u00e3o de peso indicada na embalagem e observar se a fralda se ajusta bem ao corpo da crian\u00e7a, sem folgas na cintura e nas coxas\u201d, orienta Andrieli Flores. Al\u00e9m disso, muitos beb\u00eas crescem rapidamente, e o tamanho da fralda pode precisar ser ajustado antes do que os pais imaginam. Ou seja: um estoque de fraldas mal planejado ou desequilibrado por presentes do ch\u00e1 de fraldas pode representar preju\u00edzo. Se for realizar um ch\u00e1 de beb\u00ea, considere sugerir tamb\u00e9m presentes dur\u00e1veis, para evitar ter uma quantidade de fraldas maior do que a necessidade para o tamanho. Realize a troca do tamanho da fralda de acordo com o desenvolvimento do beb\u00ea, e n\u00e3o com o estoque de fraldas.<\/p>\n\n\n\n<h3 class=\"wp-block-heading\"><strong>3. Prefira materiais suaves e respir\u00e1veis<\/strong><\/h3>\n\n\n\n<p><\/p>\n\n\n\n<p>A pele do beb\u00ea \u00e9 delicada e pode sofrer irrita\u00e7\u00f5es facilmente. Por isso, \u00e9 importante escolher fraldas com toque macio e materiais que permitam a circula\u00e7\u00e3o do ar, evitando assaduras e alergias.<\/p>\n\n\n\n<p>\u201cD\u00ea prefer\u00eancia \u00e0s fraldas com toque suave e respir\u00e1veis, pois isso ajuda a manter a pele mais saud\u00e1vel e confort\u00e1vel durante a noite\u201d, destaca a pediatra. Se perceber que a pele do beb\u00ea est\u00e1 vermelha ou irritada ap\u00f3s o uso de uma determinada fralda, pode ser necess\u00e1rio testar outra op\u00e7\u00e3o com materiais mais gentis.<\/p>\n\n\n\n<h3 class=\"wp-block-heading\"><strong>4. Teste diferentes marcas at\u00e9 encontrar a melhor op\u00e7\u00e3o<\/strong><\/h3>\n\n\n\n<p><\/p>\n\n\n\n<p>Cada beb\u00ea tem um biotipo diferente, e nem todas as marcas de fraldas se ajustam da mesma forma ao corpo da crian\u00e7a. Algumas fraldas podem ser mais eficientes para determinados beb\u00eas do que para outros.<\/p>\n\n\n\n<p>\u201cNem sempre a fralda mais cara ser\u00e1 a melhor para o seu beb\u00ea. Vale testar diferentes op\u00e7\u00f5es at\u00e9 encontrar aquela que oferece o melhor ajuste e absor\u00e7\u00e3o para as necessidades da crian\u00e7a\u201d, sugere Andrieli Flores. Muitas vezes, as marcas oferecem embalagens menores, o que pode ser uma boa alternativa para testar antes de investir em pacotes grandes.<\/p>\n\n\n\n<h3 class=\"wp-block-heading\"><strong>5. Observe sinais de desconforto<\/strong><\/h3>\n\n\n\n<p><\/p>\n\n\n\n<p>Mesmo escolhendo uma fralda de boa qualidade, \u00e9 importante ficar atento aos sinais que o beb\u00ea d\u00e1 durante a noite. Se a crian\u00e7a acorda frequentemente molhada ou chorando sem um motivo aparente, pode ser um sinal de que a fralda n\u00e3o est\u00e1 segurando bem o xixi ou que est\u00e1 causando desconforto.<\/p>\n\n\n\n<p>\u201cSe a fralda vaza com frequ\u00eancia ou a crian\u00e7a acorda irritada, pode ser necess\u00e1rio testar uma nova marca, mudar o tamanho ou refor\u00e7ar os cuidados com a pele, como o uso de cremes preventivos contra assaduras\u201d, alerta a pediatra. Al\u00e9m disso, alguns beb\u00eas podem ter a pele mais sens\u00edvel e precisar de fraldas espec\u00edficas para evitar irrita\u00e7\u00f5es.<\/p>\n\n\n\n<p>Outra alternativa \u00e9 verificar se a fralda est\u00e1 sendo ajustada corretamente antes de colocar o beb\u00ea para dormir. Pequenos ajustes, como puxar bem as barreiras laterais e garantir que o fechamento esteja firme, podem fazer diferen\u00e7a na efic\u00e1cia da fralda.<\/p>\n\n\n\n<h3 class=\"wp-block-heading\"><strong>O sono do beb\u00ea come\u00e7a com o conforto<\/strong><\/h3>\n\n\n\n<p><\/p>\n\n\n\n<p>Escolher a fralda noturna correta \u00e9 um passo fundamental para garantir noites mais tranquilas e reparadoras para o beb\u00ea \u2013 e para toda a fam\u00edlia. Com essas dicas e um pouco de paci\u00eancia para testar diferentes op\u00e7\u00f5es, voc\u00ea pode encontrar a melhor solu\u00e7\u00e3o para que seu beb\u00ea durma bem e acorde feliz.<\/p>\n\n\n\n<p>E voc\u00ea, j\u00e1 encontrou a fralda noturna ideal para o seu beb\u00ea? Compartilhe sua experi\u00eancia nos coment\u00e1rios!<\/p>\n\n\n<div class=\"wp-block-image\">\n<figure class=\"alignleft size-large is-resized\"><img decoding=\"async\" loading=\"lazy\" src=\"https:\/\/www.panvel.com\/blog\/wp-content\/uploads\/2025\/03\/AndrieliFlores-e1743003995286-862x1024.jpg\" alt=\"\" class=\"wp-image-10099\" width=\"240\" height=\"284\" srcset=\"https:\/\/www.panvel.com\/blog\/wp-content\/uploads\/2025\/03\/AndrieliFlores-e1743003995286-862x1024.jpg 862w, https:\/\/www.panvel.com\/blog\/wp-content\/uploads\/2025\/03\/AndrieliFlores-e1743003995286-253x300.jpg 253w, https:\/\/www.panvel.com\/blog\/wp-content\/uploads\/2025\/03\/AndrieliFlores-e1743003995286-768x912.jpg 768w, https:\/\/www.panvel.com\/blog\/wp-content\/uploads\/2025\/03\/AndrieliFlores-e1743003995286.jpg 1132w\" sizes=\"(max-width: 240px) 100vw, 240px\" \/><\/figure><\/div>\n\n\n<h3 class=\"wp-block-heading\">Dra. Andrieli Flores<\/h3>\n\n\n\n<p><\/p>\n\n\n\n<p>M\u00e9dica pediatra, com vis\u00e3o integrativa e funcional. Cremers 42046. <\/p>\n","protected":false},"excerpt":{"rendered":"<p>Nem sempre a fralda mais cara \u00e9 a melhor para o seu beb\u00ea - confira seis dicas para garantir noites mais tranquilas e confort\u00e1veis<\/p>\n","protected":false},"author":3,"featured_media":10123,"comment_status":"open","ping_status":"open","sticky":false,"template":"","format":"standard","meta":[],"categories":[582],"tags":[2751,2753,2749,2750,2752],"sponsor":[],"acf":[],"yoast_head":"<!-- This site is optimized with the Yoast SEO plugin v20.7 - https:\/\/yoast.com\/wordpress\/plugins\/seo\/ -->\n<title>Rotina do beb\u00ea: como escolher a fralda noturna correta<\/title>\n<meta name=\"description\" content=\"Escolha a fralda ideal para garantir noites mais tranquilas e confort\u00e1veis para seu beb\u00ea. | Leia mais no Blog Panvel.\" \/>\n<meta name=\"robots\" content=\"index, follow, max-snippet:-1, max-image-preview:large, max-video-preview:-1\" \/>\n<link rel=\"canonical\" href=\"https:\/\/www.panvel.com\/blog\/bebe-e-crianca\/descubra-a-fralda-noturna-correta-para-seu-bebe\/\" \/>\n<meta property=\"og:locale\" content=\"pt_BR\" \/>\n<meta property=\"og:type\" content=\"article\" \/>\n<meta property=\"og:title\" content=\"Rotina do beb\u00ea: como escolher a fralda noturna correta\" \/>\n<meta property=\"og:description\" content=\"Escolha a fralda ideal para garantir noites mais tranquilas e confort\u00e1veis para seu beb\u00ea. | Leia mais no Blog Panvel.\" \/>\n<meta property=\"og:url\" content=\"https:\/\/www.panvel.com\/blog\/bebe-e-crianca\/descubra-a-fralda-noturna-correta-para-seu-bebe\/\" \/>\n<meta property=\"og:site_name\" content=\"Blog Bem Panvel\" \/>\n<meta property=\"article:published_time\" content=\"2025-03-27T19:43:32+00:00\" \/>\n<meta property=\"article:modified_time\" content=\"2025-03-27T19:43:33+00:00\" \/>\n<meta property=\"og:image\" content=\"https:\/\/www.panvel.com\/blog\/wp-content\/uploads\/2025\/03\/Blog-1024x496-crianca.jpg\" \/>\n\t<meta property=\"og:image:width\" content=\"1024\" \/>\n\t<meta property=\"og:image:height\" content=\"496\" \/>\n\t<meta property=\"og:image:type\" content=\"image\/jpeg\" \/>\n<meta name=\"author\" content=\"Equipe Panvel\" \/>\n<meta name=\"twitter:card\" content=\"summary_large_image\" \/>\n<meta name=\"twitter:label1\" content=\"Escrito por\" \/>\n\t<meta name=\"twitter:data1\" content=\"Equipe Panvel\" \/>\n\t<meta name=\"twitter:label2\" content=\"Est. tempo de leitura\" \/>\n\t<meta name=\"twitter:data2\" content=\"5 minutos\" \/>\n<script type=\"application\/ld+json\" class=\"yoast-schema-graph\">{\"@context\":\"https:\/\/schema.org\",\"@graph\":[{\"@type\":\"Article\",\"@id\":\"https:\/\/www.panvel.com\/blog\/bebe-e-crianca\/descubra-a-fralda-noturna-correta-para-seu-bebe\/#article\",\"isPartOf\":{\"@id\":\"https:\/\/www.panvel.com\/blog\/bebe-e-crianca\/descubra-a-fralda-noturna-correta-para-seu-bebe\/\"},\"author\":{\"name\":\"Equipe Panvel\",\"@id\":\"https:\/\/www.panvel.com\/blog\/#\/schema\/person\/79f5c113f9621ed83897942f6e7501e3\"},\"headline\":\"Rotina do beb\u00ea: como escolher a fralda noturna correta\",\"datePublished\":\"2025-03-27T19:43:32+00:00\",\"dateModified\":\"2025-03-27T19:43:33+00:00\",\"mainEntityOfPage\":{\"@id\":\"https:\/\/www.panvel.com\/blog\/bebe-e-crianca\/descubra-a-fralda-noturna-correta-para-seu-bebe\/\"},\"wordCount\":849,\"commentCount\":0,\"publisher\":{\"@id\":\"https:\/\/www.panvel.com\/blog\/#organization\"},\"keywords\":[\"como escolher fralda noturna\",\"fralda notruna beb\u00ea\",\"fraldas noturnas\",\"melhores fraldas noturnas\",\"notruna beb\u00ea\"],\"articleSection\":[\"Beb\u00ea e Crian\u00e7a\"],\"inLanguage\":\"pt-BR\",\"potentialAction\":[{\"@type\":\"CommentAction\",\"name\":\"Comment\",\"target\":[\"https:\/\/www.panvel.com\/blog\/bebe-e-crianca\/descubra-a-fralda-noturna-correta-para-seu-bebe\/#respond\"]}]},{\"@type\":\"WebPage\",\"@id\":\"https:\/\/www.panvel.com\/blog\/bebe-e-crianca\/descubra-a-fralda-noturna-correta-para-seu-bebe\/\",\"url\":\"https:\/\/www.panvel.com\/blog\/bebe-e-crianca\/descubra-a-fralda-noturna-correta-para-seu-bebe\/\",\"name\":\"Rotina do beb\u00ea: como escolher a fralda noturna correta\",\"isPartOf\":{\"@id\":\"https:\/\/www.panvel.com\/blog\/#website\"},\"datePublished\":\"2025-03-27T19:43:32+00:00\",\"dateModified\":\"2025-03-27T19:43:33+00:00\",\"description\":\"Escolha a fralda ideal para garantir noites mais tranquilas e confort\u00e1veis para seu beb\u00ea. | Leia mais no Blog Panvel.\",\"breadcrumb\":{\"@id\":\"https:\/\/www.panvel.com\/blog\/bebe-e-crianca\/descubra-a-fralda-noturna-correta-para-seu-bebe\/#breadcrumb\"},\"inLanguage\":\"pt-BR\",\"potentialAction\":[{\"@type\":\"ReadAction\",\"target\":[\"https:\/\/www.panvel.com\/blog\/bebe-e-crianca\/descubra-a-fralda-noturna-correta-para-seu-bebe\/\"]}]},{\"@type\":\"BreadcrumbList\",\"@id\":\"https:\/\/www.panvel.com\/blog\/bebe-e-crianca\/descubra-a-fralda-noturna-correta-para-seu-bebe\/#breadcrumb\",\"itemListElement\":[{\"@type\":\"ListItem\",\"position\":1,\"name\":\"Home\",\"item\":\"https:\/\/www.panvel.com\/blog\/\"},{\"@type\":\"ListItem\",\"position\":2,\"name\":\"Beb\u00ea e Crian\u00e7a\",\"item\":\"https:\/\/www.panvel.com\/blog\/bebe-e-crianca\/\"},{\"@type\":\"ListItem\",\"position\":3,\"name\":\"Rotina do beb\u00ea: como escolher a fralda noturna correta\"}]},{\"@type\":\"WebSite\",\"@id\":\"https:\/\/www.panvel.com\/blog\/#website\",\"url\":\"https:\/\/www.panvel.com\/blog\/\",\"name\":\"Blog Bem Panvel\",\"description\":\"Aqui voc\u00ea encontra conte\u00fados e dicas de sa\u00fade, beleza, bem-estar e muito mais.\",\"publisher\":{\"@id\":\"https:\/\/www.panvel.com\/blog\/#organization\"},\"potentialAction\":[{\"@type\":\"SearchAction\",\"target\":{\"@type\":\"EntryPoint\",\"urlTemplate\":\"https:\/\/www.panvel.com\/blog\/?s={search_term_string}\"},\"query-input\":\"required name=search_term_string\"}],\"inLanguage\":\"pt-BR\"},{\"@type\":\"Organization\",\"@id\":\"https:\/\/www.panvel.com\/blog\/#organization\",\"name\":\"Panvel Farm\u00e1cias\",\"url\":\"https:\/\/www.panvel.com\/blog\/\",\"logo\":{\"@type\":\"ImageObject\",\"inLanguage\":\"pt-BR\",\"@id\":\"https:\/\/www.panvel.com\/blog\/#\/schema\/logo\/image\/\",\"url\":\"https:\/\/www.panvel.com\/blog\/wp-content\/uploads\/2020\/10\/logo.png\",\"contentUrl\":\"https:\/\/www.panvel.com\/blog\/wp-content\/uploads\/2020\/10\/logo.png\",\"width\":402,\"height\":53,\"caption\":\"Panvel Farm\u00e1cias\"},\"image\":{\"@id\":\"https:\/\/www.panvel.com\/blog\/#\/schema\/logo\/image\/\"}},{\"@type\":\"Person\",\"@id\":\"https:\/\/www.panvel.com\/blog\/#\/schema\/person\/79f5c113f9621ed83897942f6e7501e3\",\"name\":\"Equipe Panvel\",\"image\":{\"@type\":\"ImageObject\",\"inLanguage\":\"pt-BR\",\"@id\":\"https:\/\/www.panvel.com\/blog\/#\/schema\/person\/image\/\",\"url\":\"https:\/\/www.panvel.com\/blog\/wp-content\/uploads\/2022\/09\/blog-panvel-1.jpg\",\"contentUrl\":\"https:\/\/www.panvel.com\/blog\/wp-content\/uploads\/2022\/09\/blog-panvel-1.jpg\",\"caption\":\"Equipe Panvel\"},\"description\":\"O Blog Bem Panvel conta com uma equipe formada por especialistas e traz para seus leitores conte\u00fados relevantes e de qualidade sobre sa\u00fade, beleza e bem-estar.\",\"url\":\"https:\/\/www.panvel.com\/blog\/author\/dimedmkt\/\"}]}<\/script>\n<!-- \/ Yoast SEO plugin. -->","yoast_head_json":{"title":"Rotina do beb\u00ea: como escolher a fralda noturna correta","description":"Escolha a fralda ideal para garantir noites mais tranquilas e confort\u00e1veis para seu beb\u00ea. | Leia mais no Blog Panvel.","robots":{"index":"index","follow":"follow","max-snippet":"max-snippet:-1","max-image-preview":"max-image-preview:large","max-video-preview":"max-video-preview:-1"},"canonical":"https:\/\/www.panvel.com\/blog\/bebe-e-crianca\/descubra-a-fralda-noturna-correta-para-seu-bebe\/","og_locale":"pt_BR","og_type":"article","og_title":"Rotina do beb\u00ea: como escolher a fralda noturna correta","og_description":"Escolha a fralda ideal para garantir noites mais tranquilas e confort\u00e1veis para seu beb\u00ea. | Leia mais no Blog Panvel.","og_url":"https:\/\/www.panvel.com\/blog\/bebe-e-crianca\/descubra-a-fralda-noturna-correta-para-seu-bebe\/","og_site_name":"Blog Bem Panvel","article_published_time":"2025-03-27T19:43:32+00:00","article_modified_time":"2025-03-27T19:43:33+00:00","og_image":[{"width":1024,"height":496,"url":"https:\/\/www.panvel.com\/blog\/wp-content\/uploads\/2025\/03\/Blog-1024x496-crianca.jpg","type":"image\/jpeg"}],"author":"Equipe Panvel","twitter_card":"summary_large_image","twitter_misc":{"Escrito por":"Equipe Panvel","Est. tempo de leitura":"5 minutos"},"schema":{"@context":"https:\/\/schema.org","@graph":[{"@type":"Article","@id":"https:\/\/www.panvel.com\/blog\/bebe-e-crianca\/descubra-a-fralda-noturna-correta-para-seu-bebe\/#article","isPartOf":{"@id":"https:\/\/www.panvel.com\/blog\/bebe-e-crianca\/descubra-a-fralda-noturna-correta-para-seu-bebe\/"},"author":{"name":"Equipe Panvel","@id":"https:\/\/www.panvel.com\/blog\/#\/schema\/person\/79f5c113f9621ed83897942f6e7501e3"},"headline":"Rotina do beb\u00ea: como escolher a fralda noturna correta","datePublished":"2025-03-27T19:43:32+00:00","dateModified":"2025-03-27T19:43:33+00:00","mainEntityOfPage":{"@id":"https:\/\/www.panvel.com\/blog\/bebe-e-crianca\/descubra-a-fralda-noturna-correta-para-seu-bebe\/"},"wordCount":849,"commentCount":0,"publisher":{"@id":"https:\/\/www.panvel.com\/blog\/#organization"},"keywords":["como escolher fralda noturna","fralda notruna beb\u00ea","fraldas noturnas","melhores fraldas noturnas","notruna beb\u00ea"],"articleSection":["Beb\u00ea e Crian\u00e7a"],"inLanguage":"pt-BR","potentialAction":[{"@type":"CommentAction","name":"Comment","target":["https:\/\/www.panvel.com\/blog\/bebe-e-crianca\/descubra-a-fralda-noturna-correta-para-seu-bebe\/#respond"]}]},{"@type":"WebPage","@id":"https:\/\/www.panvel.com\/blog\/bebe-e-crianca\/descubra-a-fralda-noturna-correta-para-seu-bebe\/","url":"https:\/\/www.panvel.com\/blog\/bebe-e-crianca\/descubra-a-fralda-noturna-correta-para-seu-bebe\/","name":"Rotina do beb\u00ea: como escolher a fralda noturna correta","isPartOf":{"@id":"https:\/\/www.panvel.com\/blog\/#website"},"datePublished":"2025-03-27T19:43:32+00:00","dateModified":"2025-03-27T19:43:33+00:00","description":"Escolha a fralda ideal para garantir noites mais tranquilas e confort\u00e1veis para seu beb\u00ea. | Leia mais no Blog Panvel.","breadcrumb":{"@id":"https:\/\/www.panvel.com\/blog\/bebe-e-crianca\/descubra-a-fralda-noturna-correta-para-seu-bebe\/#breadcrumb"},"inLanguage":"pt-BR","potentialAction":[{"@type":"ReadAction","target":["https:\/\/www.panvel.com\/blog\/bebe-e-crianca\/descubra-a-fralda-noturna-correta-para-seu-bebe\/"]}]},{"@type":"BreadcrumbList","@id":"https:\/\/www.panvel.com\/blog\/bebe-e-crianca\/descubra-a-fralda-noturna-correta-para-seu-bebe\/#breadcrumb","itemListElement":[{"@type":"ListItem","position":1,"name":"Home","item":"https:\/\/www.panvel.com\/blog\/"},{"@type":"ListItem","position":2,"name":"Beb\u00ea e Crian\u00e7a","item":"https:\/\/www.panvel.com\/blog\/bebe-e-crianca\/"},{"@type":"ListItem","position":3,"name":"Rotina do beb\u00ea: como escolher a fralda noturna correta"}]},{"@type":"WebSite","@id":"https:\/\/www.panvel.com\/blog\/#website","url":"https:\/\/www.panvel.com\/blog\/","name":"Blog Bem Panvel","description":"Aqui voc\u00ea encontra conte\u00fados e dicas de sa\u00fade, beleza, bem-estar e muito mais.","publisher":{"@id":"https:\/\/www.panvel.com\/blog\/#organization"},"potentialAction":[{"@type":"SearchAction","target":{"@type":"EntryPoint","urlTemplate":"https:\/\/www.panvel.com\/blog\/?s={search_term_string}"},"query-input":"required name=search_term_string"}],"inLanguage":"pt-BR"},{"@type":"Organization","@id":"https:\/\/www.panvel.com\/blog\/#organization","name":"Panvel Farm\u00e1cias","url":"https:\/\/www.panvel.com\/blog\/","logo":{"@type":"ImageObject","inLanguage":"pt-BR","@id":"https:\/\/www.panvel.com\/blog\/#\/schema\/logo\/image\/","url":"https:\/\/www.panvel.com\/blog\/wp-content\/uploads\/2020\/10\/logo.png","contentUrl":"https:\/\/www.panvel.com\/blog\/wp-content\/uploads\/2020\/10\/logo.png","width":402,"height":53,"caption":"Panvel Farm\u00e1cias"},"image":{"@id":"https:\/\/www.panvel.com\/blog\/#\/schema\/logo\/image\/"}},{"@type":"Person","@id":"https:\/\/www.panvel.com\/blog\/#\/schema\/person\/79f5c113f9621ed83897942f6e7501e3","name":"Equipe Panvel","image":{"@type":"ImageObject","inLanguage":"pt-BR","@id":"https:\/\/www.panvel.com\/blog\/#\/schema\/person\/image\/","url":"https:\/\/www.panvel.com\/blog\/wp-content\/uploads\/2022\/09\/blog-panvel-1.jpg","contentUrl":"https:\/\/www.panvel.com\/blog\/wp-content\/uploads\/2022\/09\/blog-panvel-1.jpg","caption":"Equipe Panvel"},"description":"O Blog Bem Panvel conta com uma equipe formada por especialistas e traz para seus leitores conte\u00fados relevantes e de qualidade sobre sa\u00fade, beleza e bem-estar.","url":"https:\/\/www.panvel.com\/blog\/author\/dimedmkt\/"}]}},"_links":{"self":[{"href":"https:\/\/www.panvel.com\/blog\/wp-json\/wp\/v2\/posts\/10096"}],"collection":[{"href":"https:\/\/www.panvel.com\/blog\/wp-json\/wp\/v2\/posts"}],"about":[{"href":"https:\/\/www.panvel.com\/blog\/wp-json\/wp\/v2\/types\/post"}],"author":[{"embeddable":true,"href":"https:\/\/www.panvel.com\/blog\/wp-json\/wp\/v2\/users\/3"}],"replies":[{"embeddable":true,"href":"https:\/\/www.panvel.com\/blog\/wp-json\/wp\/v2\/comments?post=10096"}],"version-history":[{"count":2,"href":"https:\/\/www.panvel.com\/blog\/wp-json\/wp\/v2\/posts\/10096\/revisions"}],"predecessor-version":[{"id":10100,"href":"https:\/\/www.panvel.com\/blog\/wp-json\/wp\/v2\/posts\/10096\/revisions\/10100"}],"wp:featuredmedia":[{"embeddable":true,"href":"https:\/\/www.panvel.com\/blog\/wp-json\/wp\/v2\/media\/10123"}],"wp:attachment":[{"href":"https:\/\/www.panvel.com\/blog\/wp-json\/wp\/v2\/media?parent=10096"}],"wp:term":[{"taxonomy":"category","embeddable":true,"href":"https:\/\/www.panvel.com\/blog\/wp-json\/wp\/v2\/categories?post=10096"},{"taxonomy":"post_tag","embeddable":true,"href":"https:\/\/www.panvel.com\/blog\/wp-json\/wp\/v2\/tags?post=10096"},{"taxonomy":"sponsor","embeddable":true,"href":"https:\/\/www.panvel.com\/blog\/wp-json\/wp\/v2\/sponsor?post=10096"}],"curies":[{"name":"wp","href":"https:\/\/api.w.org\/{rel}","templated":true}]}}